{"id":79732,"date":"2025-03-20T07:58:43","date_gmt":"2025-03-20T07:58:43","guid":{"rendered":"https:\/\/constantinianorder.net\/17esimo-anniversario-della-dipartita-di-s-a-r-il-principe-ferdinando-di-borbone-delle-due-sicilie\/"},"modified":"2026-04-03T13:53:38","modified_gmt":"2026-04-03T13:53:38","slug":"17eme-anniversaire-de-la-disparition-de-s-a-r-le-prince-ferdinand-de-bourbon-des-deux-siciles","status":"publish","type":"post","link":"https:\/\/constantinianorder.com\/fr\/17eme-anniversaire-de-la-disparition-de-s-a-r-le-prince-ferdinand-de-bourbon-des-deux-siciles\/","title":{"rendered":"17\u00c8ME ANNIVERSAIRE DE LA DISPARITION DE S.A.R. LE PRINCE FERDINAND DE BOURBON DES DEUX SICILES"},"content":{"rendered":"\n<p><strong>Rome, le 20 mars 2025<\/strong>&#8211; En occasion du 17\u00e8me anniversaire de la disparition de S.A.R. le Prince Ferdinand de Bourbon des Deux Siciles, XVIII Duc de Castro et LIII  Grand Ma\u00eetre des Ordres dynastiques, S.A.R. le Prince Charles de Bourbon des Deux Siciles,  Duc de Castro, Chef de la Maison Royale et Grand Ma\u00eetre, souhaite comm\u00e9morer la m\u00e9moire de son Auguste P\u00e8re en se souvenant, avec beaucoup d&rsquo;affection, de ses incontestables qualit\u00e9s humaines et de sa grande sensibilit\u00e9 d&rsquo;esprit. <\/p>\n","protected":false},"excerpt":{"rendered":"<p>Rome, le 20 mars 2025&#8211; En occasion du 17\u00e8me anniversaire de la disparition de S.A.R. le Prince Ferdinand de Bourbon des Deux Siciles, XVIII Duc de Castro et LIII Grand Ma\u00eetre des Ordres dynastiques, S.A.R. le Prince Charles de Bourbon des Deux Siciles, Duc de Castro, Chef de la Maison Royale et Grand Ma\u00eetre, souhaite [&hellip;]<\/p>\n","protected":false},"author":1,"featured_media":0,"comment_status":"closed","ping_status":"open","sticky":false,"template":"","format":"standard","meta":{"footnotes":""},"categories":[85],"tags":[],"class_list":["post-79732","post","type-post","status-publish","format-standard","hentry","category-communiques-du-grand-magistere"],"yoast_head":"<!-- This site is optimized with the Yoast SEO plugin v26.5 - https:\/\/yoast.com\/wordpress\/plugins\/seo\/ -->\n<title>17\u00c8ME ANNIVERSAIRE DE LA DISPARITION DE S.A.R. LE PRINCE FERDINAND DE BOURBON DES DEUX SICILES - Sacro Militare Ordine Costantiniano di San Giorgio<\/title>\n<meta name=\"robots\" content=\"index, follow, max-snippet:-1, max-image-preview:large, max-video-preview:-1\" \/>\n<link rel=\"canonical\" href=\"https:\/\/constantinianorder.com\/fr\/17eme-anniversaire-de-la-disparition-de-s-a-r-le-prince-ferdinand-de-bourbon-des-deux-siciles\/\" \/>\n<meta property=\"og:locale\" content=\"fr_FR\" \/>\n<meta property=\"og:type\" content=\"article\" \/>\n<meta property=\"og:title\" content=\"17\u00c8ME ANNIVERSAIRE DE LA DISPARITION DE S.A.R. LE PRINCE FERDINAND DE BOURBON DES DEUX SICILES - Sacro Militare Ordine Costantiniano di San Giorgio\" \/>\n<meta property=\"og:description\" content=\"Rome, le 20 mars 2025&#8211; En occasion du 17\u00e8me anniversaire de la disparition de S.A.R. le Prince Ferdinand de Bourbon des Deux Siciles, XVIII Duc de Castro et LIII Grand Ma\u00eetre des Ordres dynastiques, S.A.R. le Prince Charles de Bourbon des Deux Siciles, Duc de Castro, Chef de la Maison Royale et Grand Ma\u00eetre, souhaite [&hellip;]\" \/>\n<meta property=\"og:url\" content=\"https:\/\/constantinianorder.com\/fr\/17eme-anniversaire-de-la-disparition-de-s-a-r-le-prince-ferdinand-de-bourbon-des-deux-siciles\/\" \/>\n<meta property=\"og:site_name\" content=\"Sacro Militare Ordine Costantiniano di San Giorgio\" \/>\n<meta property=\"article:publisher\" content=\"https:\/\/www.facebook.com\/constantinianorder\" \/>\n<meta property=\"article:published_time\" content=\"2025-03-20T07:58:43+00:00\" \/>\n<meta property=\"article:modified_time\" content=\"2026-04-03T13:53:38+00:00\" \/>\n<meta name=\"author\" content=\"admin\" \/>\n<meta name=\"twitter:card\" content=\"summary_large_image\" \/>\n<meta name=\"twitter:label1\" content=\"\u00c9crit par\" \/>\n\t<meta name=\"twitter:data1\" content=\"admin\" \/>\n<script type=\"application\/ld+json\" class=\"yoast-schema-graph\">{\"@context\":\"https:\/\/schema.org\",\"@graph\":[{\"@type\":\"Article\",\"@id\":\"https:\/\/constantinianorder.com\/fr\/17eme-anniversaire-de-la-disparition-de-s-a-r-le-prince-ferdinand-de-bourbon-des-deux-siciles\/#article\",\"isPartOf\":{\"@id\":\"https:\/\/constantinianorder.com\/fr\/17eme-anniversaire-de-la-disparition-de-s-a-r-le-prince-ferdinand-de-bourbon-des-deux-siciles\/\"},\"author\":{\"name\":\"admin\",\"@id\":\"https:\/\/constantinianorder.com\/#\/schema\/person\/493f3b1475d575dcddda4ec923772c66\"},\"headline\":\"17\u00c8ME ANNIVERSAIRE DE LA DISPARITION DE S.A.R. LE PRINCE FERDINAND DE BOURBON DES DEUX SICILES\",\"datePublished\":\"2025-03-20T07:58:43+00:00\",\"dateModified\":\"2026-04-03T13:53:38+00:00\",\"mainEntityOfPage\":{\"@id\":\"https:\/\/constantinianorder.com\/fr\/17eme-anniversaire-de-la-disparition-de-s-a-r-le-prince-ferdinand-de-bourbon-des-deux-siciles\/\"},\"wordCount\":107,\"publisher\":{\"@id\":\"https:\/\/constantinianorder.com\/#organization\"},\"articleSection\":[\"Communiqu\u00e9s du Grand Magist\u00e8re\"],\"inLanguage\":\"fr-FR\"},{\"@type\":\"WebPage\",\"@id\":\"https:\/\/constantinianorder.com\/fr\/17eme-anniversaire-de-la-disparition-de-s-a-r-le-prince-ferdinand-de-bourbon-des-deux-siciles\/\",\"url\":\"https:\/\/constantinianorder.com\/fr\/17eme-anniversaire-de-la-disparition-de-s-a-r-le-prince-ferdinand-de-bourbon-des-deux-siciles\/\",\"name\":\"17\u00c8ME ANNIVERSAIRE DE LA DISPARITION DE S.A.R. LE PRINCE FERDINAND DE BOURBON DES DEUX SICILES - Sacro Militare Ordine Costantiniano di San Giorgio\",\"isPartOf\":{\"@id\":\"https:\/\/constantinianorder.com\/#website\"},\"datePublished\":\"2025-03-20T07:58:43+00:00\",\"dateModified\":\"2026-04-03T13:53:38+00:00\",\"breadcrumb\":{\"@id\":\"https:\/\/constantinianorder.com\/fr\/17eme-anniversaire-de-la-disparition-de-s-a-r-le-prince-ferdinand-de-bourbon-des-deux-siciles\/#breadcrumb\"},\"inLanguage\":\"fr-FR\",\"potentialAction\":[{\"@type\":\"ReadAction\",\"target\":[\"https:\/\/constantinianorder.com\/fr\/17eme-anniversaire-de-la-disparition-de-s-a-r-le-prince-ferdinand-de-bourbon-des-deux-siciles\/\"]}]},{\"@type\":\"BreadcrumbList\",\"@id\":\"https:\/\/constantinianorder.com\/fr\/17eme-anniversaire-de-la-disparition-de-s-a-r-le-prince-ferdinand-de-bourbon-des-deux-siciles\/#breadcrumb\",\"itemListElement\":[{\"@type\":\"ListItem\",\"position\":1,\"name\":\"Home\",\"item\":\"https:\/\/constantinianorder.com\/en\/\"},{\"@type\":\"ListItem\",\"position\":2,\"name\":\"17\u00c8ME ANNIVERSAIRE DE LA DISPARITION DE S.A.R. LE PRINCE FERDINAND DE BOURBON DES DEUX SICILES\"}]},{\"@type\":\"WebSite\",\"@id\":\"https:\/\/constantinianorder.com\/#website\",\"url\":\"https:\/\/constantinianorder.com\/\",\"name\":\"Sacro Militare Ordine Costantiniano di San Giorgio\",\"description\":\"Ordine Ufficiale\",\"publisher\":{\"@id\":\"https:\/\/constantinianorder.com\/#organization\"},\"potentialAction\":[{\"@type\":\"SearchAction\",\"target\":{\"@type\":\"EntryPoint\",\"urlTemplate\":\"https:\/\/constantinianorder.com\/?s={search_term_string}\"},\"query-input\":{\"@type\":\"PropertyValueSpecification\",\"valueRequired\":true,\"valueName\":\"search_term_string\"}}],\"inLanguage\":\"fr-FR\"},{\"@type\":\"Organization\",\"@id\":\"https:\/\/constantinianorder.com\/#organization\",\"name\":\"Sacro Militare Ordine Costantiniano di San Giorgio\",\"url\":\"https:\/\/constantinianorder.com\/\",\"logo\":{\"@type\":\"ImageObject\",\"inLanguage\":\"fr-FR\",\"@id\":\"https:\/\/constantinianorder.com\/#\/schema\/logo\/image\/\",\"url\":\"https:\/\/constantinianorder.com\/wp-content\/uploads\/2025\/10\/cropped-logo-costantiniano.png\",\"contentUrl\":\"https:\/\/constantinianorder.com\/wp-content\/uploads\/2025\/10\/cropped-logo-costantiniano.png\",\"width\":512,\"height\":512,\"caption\":\"Sacro Militare Ordine Costantiniano di San Giorgio\"},\"image\":{\"@id\":\"https:\/\/constantinianorder.com\/#\/schema\/logo\/image\/\"},\"sameAs\":[\"https:\/\/www.facebook.com\/constantinianorder\",\"https:\/\/www.instagram.com\/constantinianorder\/\",\"https:\/\/www.youtube.com\/@granmagisterodelsacromilit9375\"]},{\"@type\":\"Person\",\"@id\":\"https:\/\/constantinianorder.com\/#\/schema\/person\/493f3b1475d575dcddda4ec923772c66\",\"name\":\"admin\",\"sameAs\":[\"https:\/\/constantinianorder.com\"],\"url\":\"https:\/\/constantinianorder.com\/fr\/author\/domain_jlukbpo7\/\"}]}<\/script>\n<!-- \/ Yoast SEO plugin. -->","yoast_head_json":{"title":"17\u00c8ME ANNIVERSAIRE DE LA DISPARITION DE S.A.R. LE PRINCE FERDINAND DE BOURBON DES DEUX SICILES - Sacro Militare Ordine Costantiniano di San Giorgio","robots":{"index":"index","follow":"follow","max-snippet":"max-snippet:-1","max-image-preview":"max-image-preview:large","max-video-preview":"max-video-preview:-1"},"canonical":"https:\/\/constantinianorder.com\/fr\/17eme-anniversaire-de-la-disparition-de-s-a-r-le-prince-ferdinand-de-bourbon-des-deux-siciles\/","og_locale":"fr_FR","og_type":"article","og_title":"17\u00c8ME ANNIVERSAIRE DE LA DISPARITION DE S.A.R. LE PRINCE FERDINAND DE BOURBON DES DEUX SICILES - Sacro Militare Ordine Costantiniano di San Giorgio","og_description":"Rome, le 20 mars 2025&#8211; En occasion du 17\u00e8me anniversaire de la disparition de S.A.R. le Prince Ferdinand de Bourbon des Deux Siciles, XVIII Duc de Castro et LIII Grand Ma\u00eetre des Ordres dynastiques, S.A.R. le Prince Charles de Bourbon des Deux Siciles, Duc de Castro, Chef de la Maison Royale et Grand Ma\u00eetre, souhaite [&hellip;]","og_url":"https:\/\/constantinianorder.com\/fr\/17eme-anniversaire-de-la-disparition-de-s-a-r-le-prince-ferdinand-de-bourbon-des-deux-siciles\/","og_site_name":"Sacro Militare Ordine Costantiniano di San Giorgio","article_publisher":"https:\/\/www.facebook.com\/constantinianorder","article_published_time":"2025-03-20T07:58:43+00:00","article_modified_time":"2026-04-03T13:53:38+00:00","author":"admin","twitter_card":"summary_large_image","twitter_misc":{"\u00c9crit par":"admin"},"schema":{"@context":"https:\/\/schema.org","@graph":[{"@type":"Article","@id":"https:\/\/constantinianorder.com\/fr\/17eme-anniversaire-de-la-disparition-de-s-a-r-le-prince-ferdinand-de-bourbon-des-deux-siciles\/#article","isPartOf":{"@id":"https:\/\/constantinianorder.com\/fr\/17eme-anniversaire-de-la-disparition-de-s-a-r-le-prince-ferdinand-de-bourbon-des-deux-siciles\/"},"author":{"name":"admin","@id":"https:\/\/constantinianorder.com\/#\/schema\/person\/493f3b1475d575dcddda4ec923772c66"},"headline":"17\u00c8ME ANNIVERSAIRE DE LA DISPARITION DE S.A.R. LE PRINCE FERDINAND DE BOURBON DES DEUX SICILES","datePublished":"2025-03-20T07:58:43+00:00","dateModified":"2026-04-03T13:53:38+00:00","mainEntityOfPage":{"@id":"https:\/\/constantinianorder.com\/fr\/17eme-anniversaire-de-la-disparition-de-s-a-r-le-prince-ferdinand-de-bourbon-des-deux-siciles\/"},"wordCount":107,"publisher":{"@id":"https:\/\/constantinianorder.com\/#organization"},"articleSection":["Communiqu\u00e9s du Grand Magist\u00e8re"],"inLanguage":"fr-FR"},{"@type":"WebPage","@id":"https:\/\/constantinianorder.com\/fr\/17eme-anniversaire-de-la-disparition-de-s-a-r-le-prince-ferdinand-de-bourbon-des-deux-siciles\/","url":"https:\/\/constantinianorder.com\/fr\/17eme-anniversaire-de-la-disparition-de-s-a-r-le-prince-ferdinand-de-bourbon-des-deux-siciles\/","name":"17\u00c8ME ANNIVERSAIRE DE LA DISPARITION DE S.A.R. LE PRINCE FERDINAND DE BOURBON DES DEUX SICILES - Sacro Militare Ordine Costantiniano di San Giorgio","isPartOf":{"@id":"https:\/\/constantinianorder.com\/#website"},"datePublished":"2025-03-20T07:58:43+00:00","dateModified":"2026-04-03T13:53:38+00:00","breadcrumb":{"@id":"https:\/\/constantinianorder.com\/fr\/17eme-anniversaire-de-la-disparition-de-s-a-r-le-prince-ferdinand-de-bourbon-des-deux-siciles\/#breadcrumb"},"inLanguage":"fr-FR","potentialAction":[{"@type":"ReadAction","target":["https:\/\/constantinianorder.com\/fr\/17eme-anniversaire-de-la-disparition-de-s-a-r-le-prince-ferdinand-de-bourbon-des-deux-siciles\/"]}]},{"@type":"BreadcrumbList","@id":"https:\/\/constantinianorder.com\/fr\/17eme-anniversaire-de-la-disparition-de-s-a-r-le-prince-ferdinand-de-bourbon-des-deux-siciles\/#breadcrumb","itemListElement":[{"@type":"ListItem","position":1,"name":"Home","item":"https:\/\/constantinianorder.com\/en\/"},{"@type":"ListItem","position":2,"name":"17\u00c8ME ANNIVERSAIRE DE LA DISPARITION DE S.A.R. LE PRINCE FERDINAND DE BOURBON DES DEUX SICILES"}]},{"@type":"WebSite","@id":"https:\/\/constantinianorder.com\/#website","url":"https:\/\/constantinianorder.com\/","name":"Sacro Militare Ordine Costantiniano di San Giorgio","description":"Ordine Ufficiale","publisher":{"@id":"https:\/\/constantinianorder.com\/#organization"},"potentialAction":[{"@type":"SearchAction","target":{"@type":"EntryPoint","urlTemplate":"https:\/\/constantinianorder.com\/?s={search_term_string}"},"query-input":{"@type":"PropertyValueSpecification","valueRequired":true,"valueName":"search_term_string"}}],"inLanguage":"fr-FR"},{"@type":"Organization","@id":"https:\/\/constantinianorder.com\/#organization","name":"Sacro Militare Ordine Costantiniano di San Giorgio","url":"https:\/\/constantinianorder.com\/","logo":{"@type":"ImageObject","inLanguage":"fr-FR","@id":"https:\/\/constantinianorder.com\/#\/schema\/logo\/image\/","url":"https:\/\/constantinianorder.com\/wp-content\/uploads\/2025\/10\/cropped-logo-costantiniano.png","contentUrl":"https:\/\/constantinianorder.com\/wp-content\/uploads\/2025\/10\/cropped-logo-costantiniano.png","width":512,"height":512,"caption":"Sacro Militare Ordine Costantiniano di San Giorgio"},"image":{"@id":"https:\/\/constantinianorder.com\/#\/schema\/logo\/image\/"},"sameAs":["https:\/\/www.facebook.com\/constantinianorder","https:\/\/www.instagram.com\/constantinianorder\/","https:\/\/www.youtube.com\/@granmagisterodelsacromilit9375"]},{"@type":"Person","@id":"https:\/\/constantinianorder.com\/#\/schema\/person\/493f3b1475d575dcddda4ec923772c66","name":"admin","sameAs":["https:\/\/constantinianorder.com"],"url":"https:\/\/constantinianorder.com\/fr\/author\/domain_jlukbpo7\/"}]}},"_links":{"self":[{"href":"https:\/\/constantinianorder.com\/fr\/wp-json\/wp\/v2\/posts\/79732","targetHints":{"allow":["GET"]}}],"collection":[{"href":"https:\/\/constantinianorder.com\/fr\/wp-json\/wp\/v2\/posts"}],"about":[{"href":"https:\/\/constantinianorder.com\/fr\/wp-json\/wp\/v2\/types\/post"}],"author":[{"embeddable":true,"href":"https:\/\/constantinianorder.com\/fr\/wp-json\/wp\/v2\/users\/1"}],"replies":[{"embeddable":true,"href":"https:\/\/constantinianorder.com\/fr\/wp-json\/wp\/v2\/comments?post=79732"}],"version-history":[{"count":1,"href":"https:\/\/constantinianorder.com\/fr\/wp-json\/wp\/v2\/posts\/79732\/revisions"}],"predecessor-version":[{"id":92874,"href":"https:\/\/constantinianorder.com\/fr\/wp-json\/wp\/v2\/posts\/79732\/revisions\/92874"}],"wp:attachment":[{"href":"https:\/\/constantinianorder.com\/fr\/wp-json\/wp\/v2\/media?parent=79732"}],"wp:term":[{"taxonomy":"category","embeddable":true,"href":"https:\/\/constantinianorder.com\/fr\/wp-json\/wp\/v2\/categories?post=79732"},{"taxonomy":"post_tag","embeddable":true,"href":"https:\/\/constantinianorder.com\/fr\/wp-json\/wp\/v2\/tags?post=79732"}],"curies":[{"name":"wp","href":"https:\/\/api.w.org\/{rel}","templated":true}]}}