{"id":78114,"date":"2024-07-19T12:13:34","date_gmt":"2024-07-19T12:13:34","guid":{"rendered":"https:\/\/constantinianorder.net\/marche-e-umbria-santa-messa-di-suffragio\/"},"modified":"2025-10-20T17:10:19","modified_gmt":"2025-10-20T17:10:19","slug":"marche-et-umbria-sainte-messe-de-suffrage","status":"publish","type":"post","link":"https:\/\/constantinianorder.com\/fr\/marche-et-umbria-sainte-messe-de-suffrage\/","title":{"rendered":"MARCHE ET UMBRIA &#8211; SAINTE MESSE DE SUFFRAGE"},"content":{"rendered":"\n<p>Le samedi 25 mai, lors de la solennit\u00e9 de la Tr\u00e8s Sainte Trinit\u00e9, au sanctuaire consacr\u00e9 \u00e0 Saint Joseph de Copertino \u00e0 Osimo, une Sainte Messe a \u00e9t\u00e9 c\u00e9l\u00e9br\u00e9e par le Recteur P\u00e8re Franco Buonamano en suffrage des \u00e2mes de tous les fr\u00e8res d\u00e9funts, avec une mention sp\u00e9ciale pour S.E. l&rsquo;Ambassadeur Comte Giuseppe Balboni Acqua, Chevalier Grande Croix de Gr\u00e2ce, d\u00e9c\u00e9d\u00e9 le 25 d\u00e9cembre dernier.<\/p>\n\n\n\n<figure class=\"wp-block-image\"><img decoding=\"async\" src=\"https:\/\/constantinianorder.com\/wp-content\/uploads\/2024\/07\/1-1.jpg\" alt=\"\" class=\"wp-image-78024\"\/><\/figure>\n\n\n\n<p>Une repr\u00e9sentation de Chevalier de la D\u00e9l\u00e9gation, dirig\u00e9e par le Vicaire Comte Stefano Tuzi Gallo et le D\u00e9l\u00e9gu\u00e9 Noble Claudio Marciano di Scala, Nobile Patrizio di Scala, a assist\u00e9 \u00e0 la C\u00e9l\u00e9bration Eucharistique. A la fin de la Messe, le D\u00e9l\u00e9gu\u00e9 a prononc\u00e9 un discours comm\u00e9moratif touchant dans lequel il a rappel\u00e9 comment l&rsquo;engagement \u00e0 la charit\u00e9 chr\u00e9tienne, profess\u00e9 dans la vie par nos chers disparus, devrait constituer un exemple et un guide pour tous les membres de l&rsquo;Ordre. Enfin, prenant comme exemple l&rsquo;unit\u00e9 du Dieu Un et Trine qui agit dans la diversit\u00e9 de trois personnes, non pas en opposition mais en parfaite harmonie, le D\u00e9l\u00e9gu\u00e9 a invit\u00e9 tous les Chevaliers \u00e0 contribuer aux objectifs de l&rsquo;Ordre de mani\u00e8re unitaire mais en pr\u00e9servant leur propre identit\u00e9 dans la multiplicit\u00e9.<\/p>\n\n\n\n<figure class=\"wp-block-image\"><img decoding=\"async\" src=\"https:\/\/constantinianorder.com\/wp-content\/uploads\/2024\/07\/2-1.jpg\" alt=\"\" class=\"wp-image-78028\"\/><\/figure>\n\n\n\n<p>\u00c0 la messe, en plus des nombreux citoyens d\u2019Osimo, \u00e9taient \u00e9galement pr\u00e9sents le Marquis Giorgio Mummolo Pappalepore dei De Rossi, les Marquises Honorati and the Nobles Tomaino, qui ont renouvel\u00e9 leurs condol\u00e9ances \u00e0 Mme Balboni Acqua.<\/p>\n","protected":false},"excerpt":{"rendered":"<p>Le samedi 25 mai, lors de la solennit\u00e9 de la Tr\u00e8s Sainte Trinit\u00e9, au sanctuaire consacr\u00e9 \u00e0 Saint Joseph de Copertino \u00e0 Osimo, une Sainte Messe a \u00e9t\u00e9 c\u00e9l\u00e9br\u00e9e par le Recteur P\u00e8re Franco Buonamano en suffrage des \u00e2mes de tous les fr\u00e8res d\u00e9funts, avec une mention sp\u00e9ciale pour S.E. l&rsquo;Ambassadeur Comte Giuseppe Balboni Acqua, [&hellip;]<\/p>\n","protected":false},"author":1,"featured_media":92795,"comment_status":"closed","ping_status":"closed","sticky":false,"template":"","format":"standard","meta":{"footnotes":""},"categories":[189],"tags":[],"class_list":["post-78114","post","type-post","status-publish","format-standard","has-post-thumbnail","hentry","category-delegation-pour-les-marches-et-lombrie"],"yoast_head":"<!-- This site is optimized with the Yoast SEO plugin v26.5 - https:\/\/yoast.com\/wordpress\/plugins\/seo\/ -->\n<title>MARCHE ET UMBRIA - SAINTE MESSE DE SUFFRAGE - Sacro Militare Ordine Costantiniano di San Giorgio<\/title>\n<meta name=\"robots\" content=\"index, follow, max-snippet:-1, max-image-preview:large, max-video-preview:-1\" \/>\n<link rel=\"canonical\" href=\"https:\/\/constantinianorder.com\/marche-e-umbria-santa-messa-di-suffragio\/\" \/>\n<meta property=\"og:locale\" content=\"fr_FR\" \/>\n<meta property=\"og:type\" content=\"article\" \/>\n<meta property=\"og:title\" content=\"MARCHE ET UMBRIA - SAINTE MESSE DE SUFFRAGE - Sacro Militare Ordine Costantiniano di San Giorgio\" \/>\n<meta property=\"og:description\" content=\"Le samedi 25 mai, lors de la solennit\u00e9 de la Tr\u00e8s Sainte Trinit\u00e9, au sanctuaire consacr\u00e9 \u00e0 Saint Joseph de Copertino \u00e0 Osimo, une Sainte Messe a \u00e9t\u00e9 c\u00e9l\u00e9br\u00e9e par le Recteur P\u00e8re Franco Buonamano en suffrage des \u00e2mes de tous les fr\u00e8res d\u00e9funts, avec une mention sp\u00e9ciale pour S.E. l&rsquo;Ambassadeur Comte Giuseppe Balboni Acqua, [&hellip;]\" \/>\n<meta property=\"og:url\" content=\"https:\/\/constantinianorder.com\/marche-e-umbria-santa-messa-di-suffragio\/\" \/>\n<meta property=\"og:site_name\" content=\"Sacro Militare Ordine Costantiniano di San Giorgio\" \/>\n<meta property=\"article:publisher\" content=\"https:\/\/www.facebook.com\/constantinianorder\" \/>\n<meta property=\"article:published_time\" content=\"2024-07-19T12:13:34+00:00\" \/>\n<meta property=\"article:modified_time\" content=\"2025-10-20T17:10:19+00:00\" \/>\n<meta property=\"og:image\" content=\"https:\/\/constantinianorder.com\/wp-content\/uploads\/2024\/07\/1-1-1.webp\" \/>\n\t<meta property=\"og:image:width\" content=\"971\" \/>\n\t<meta property=\"og:image:height\" content=\"728\" \/>\n\t<meta property=\"og:image:type\" content=\"image\/jpeg\" \/>\n<meta name=\"author\" content=\"admin\" \/>\n<meta name=\"twitter:card\" content=\"summary_large_image\" \/>\n<meta name=\"twitter:label1\" content=\"\u00c9crit par\" \/>\n\t<meta name=\"twitter:data1\" content=\"admin\" \/>\n\t<meta name=\"twitter:label2\" content=\"Dur\u00e9e de lecture estim\u00e9e\" \/>\n\t<meta name=\"twitter:data2\" content=\"1 minute\" \/>\n<script type=\"application\/ld+json\" class=\"yoast-schema-graph\">{\"@context\":\"https:\/\/schema.org\",\"@graph\":[{\"@type\":\"Article\",\"@id\":\"https:\/\/constantinianorder.com\/marche-e-umbria-santa-messa-di-suffragio\/#article\",\"isPartOf\":{\"@id\":\"https:\/\/constantinianorder.com\/marche-e-umbria-santa-messa-di-suffragio\/\"},\"author\":{\"name\":\"admin\",\"@id\":\"https:\/\/constantinianorder.com\/#\/schema\/person\/493f3b1475d575dcddda4ec923772c66\"},\"headline\":\"MARCHE ET UMBRIA &#8211; SAINTE MESSE DE SUFFRAGE\",\"datePublished\":\"2024-07-19T12:13:34+00:00\",\"dateModified\":\"2025-10-20T17:10:19+00:00\",\"mainEntityOfPage\":{\"@id\":\"https:\/\/constantinianorder.com\/marche-e-umbria-santa-messa-di-suffragio\/\"},\"wordCount\":267,\"publisher\":{\"@id\":\"https:\/\/constantinianorder.com\/#organization\"},\"image\":{\"@id\":\"https:\/\/constantinianorder.com\/marche-e-umbria-santa-messa-di-suffragio\/#primaryimage\"},\"thumbnailUrl\":\"https:\/\/constantinianorder.com\/wp-content\/uploads\/2024\/07\/1-1-1.webp\",\"articleSection\":[\"D\u00e9l\u00e9gation pour les Marches et l\u2019Ombrie\"],\"inLanguage\":\"fr-FR\"},{\"@type\":\"WebPage\",\"@id\":\"https:\/\/constantinianorder.com\/marche-e-umbria-santa-messa-di-suffragio\/\",\"url\":\"https:\/\/constantinianorder.com\/marche-e-umbria-santa-messa-di-suffragio\/\",\"name\":\"MARCHE ET UMBRIA - SAINTE MESSE DE SUFFRAGE - Sacro Militare Ordine Costantiniano di San Giorgio\",\"isPartOf\":{\"@id\":\"https:\/\/constantinianorder.com\/#website\"},\"primaryImageOfPage\":{\"@id\":\"https:\/\/constantinianorder.com\/marche-e-umbria-santa-messa-di-suffragio\/#primaryimage\"},\"image\":{\"@id\":\"https:\/\/constantinianorder.com\/marche-e-umbria-santa-messa-di-suffragio\/#primaryimage\"},\"thumbnailUrl\":\"https:\/\/constantinianorder.com\/wp-content\/uploads\/2024\/07\/1-1-1.webp\",\"datePublished\":\"2024-07-19T12:13:34+00:00\",\"dateModified\":\"2025-10-20T17:10:19+00:00\",\"breadcrumb\":{\"@id\":\"https:\/\/constantinianorder.com\/marche-e-umbria-santa-messa-di-suffragio\/#breadcrumb\"},\"inLanguage\":\"fr-FR\",\"potentialAction\":[{\"@type\":\"ReadAction\",\"target\":[\"https:\/\/constantinianorder.com\/marche-e-umbria-santa-messa-di-suffragio\/\"]}]},{\"@type\":\"ImageObject\",\"inLanguage\":\"fr-FR\",\"@id\":\"https:\/\/constantinianorder.com\/marche-e-umbria-santa-messa-di-suffragio\/#primaryimage\",\"url\":\"https:\/\/constantinianorder.com\/wp-content\/uploads\/2024\/07\/1-1-1.webp\",\"contentUrl\":\"https:\/\/constantinianorder.com\/wp-content\/uploads\/2024\/07\/1-1-1.webp\",\"width\":971,\"height\":728},{\"@type\":\"BreadcrumbList\",\"@id\":\"https:\/\/constantinianorder.com\/marche-e-umbria-santa-messa-di-suffragio\/#breadcrumb\",\"itemListElement\":[{\"@type\":\"ListItem\",\"position\":1,\"name\":\"Home\",\"item\":\"https:\/\/constantinianorder.com\/en\/\"},{\"@type\":\"ListItem\",\"position\":2,\"name\":\"MARCHE ET UMBRIA &#8211; SAINTE MESSE DE SUFFRAGE\"}]},{\"@type\":\"WebSite\",\"@id\":\"https:\/\/constantinianorder.com\/#website\",\"url\":\"https:\/\/constantinianorder.com\/\",\"name\":\"Sacro Militare Ordine Costantiniano di San Giorgio\",\"description\":\"Ordine Ufficiale\",\"publisher\":{\"@id\":\"https:\/\/constantinianorder.com\/#organization\"},\"potentialAction\":[{\"@type\":\"SearchAction\",\"target\":{\"@type\":\"EntryPoint\",\"urlTemplate\":\"https:\/\/constantinianorder.com\/?s={search_term_string}\"},\"query-input\":{\"@type\":\"PropertyValueSpecification\",\"valueRequired\":true,\"valueName\":\"search_term_string\"}}],\"inLanguage\":\"fr-FR\"},{\"@type\":\"Organization\",\"@id\":\"https:\/\/constantinianorder.com\/#organization\",\"name\":\"Sacro Militare Ordine Costantiniano di San Giorgio\",\"url\":\"https:\/\/constantinianorder.com\/\",\"logo\":{\"@type\":\"ImageObject\",\"inLanguage\":\"fr-FR\",\"@id\":\"https:\/\/constantinianorder.com\/#\/schema\/logo\/image\/\",\"url\":\"https:\/\/constantinianorder.com\/wp-content\/uploads\/2025\/10\/cropped-logo-costantiniano.png\",\"contentUrl\":\"https:\/\/constantinianorder.com\/wp-content\/uploads\/2025\/10\/cropped-logo-costantiniano.png\",\"width\":512,\"height\":512,\"caption\":\"Sacro Militare Ordine Costantiniano di San Giorgio\"},\"image\":{\"@id\":\"https:\/\/constantinianorder.com\/#\/schema\/logo\/image\/\"},\"sameAs\":[\"https:\/\/www.facebook.com\/constantinianorder\",\"https:\/\/www.instagram.com\/constantinianorder\/\",\"https:\/\/www.youtube.com\/@granmagisterodelsacromilit9375\"]},{\"@type\":\"Person\",\"@id\":\"https:\/\/constantinianorder.com\/#\/schema\/person\/493f3b1475d575dcddda4ec923772c66\",\"name\":\"admin\",\"sameAs\":[\"https:\/\/constantinianorder.com\"],\"url\":\"https:\/\/constantinianorder.com\/fr\/author\/domain_jlukbpo7\/\"}]}<\/script>\n<!-- \/ Yoast SEO plugin. -->","yoast_head_json":{"title":"MARCHE ET UMBRIA - SAINTE MESSE DE SUFFRAGE - Sacro Militare Ordine Costantiniano di San Giorgio","robots":{"index":"index","follow":"follow","max-snippet":"max-snippet:-1","max-image-preview":"max-image-preview:large","max-video-preview":"max-video-preview:-1"},"canonical":"https:\/\/constantinianorder.com\/marche-e-umbria-santa-messa-di-suffragio\/","og_locale":"fr_FR","og_type":"article","og_title":"MARCHE ET UMBRIA - SAINTE MESSE DE SUFFRAGE - Sacro Militare Ordine Costantiniano di San Giorgio","og_description":"Le samedi 25 mai, lors de la solennit\u00e9 de la Tr\u00e8s Sainte Trinit\u00e9, au sanctuaire consacr\u00e9 \u00e0 Saint Joseph de Copertino \u00e0 Osimo, une Sainte Messe a \u00e9t\u00e9 c\u00e9l\u00e9br\u00e9e par le Recteur P\u00e8re Franco Buonamano en suffrage des \u00e2mes de tous les fr\u00e8res d\u00e9funts, avec une mention sp\u00e9ciale pour S.E. l&rsquo;Ambassadeur Comte Giuseppe Balboni Acqua, [&hellip;]","og_url":"https:\/\/constantinianorder.com\/marche-e-umbria-santa-messa-di-suffragio\/","og_site_name":"Sacro Militare Ordine Costantiniano di San Giorgio","article_publisher":"https:\/\/www.facebook.com\/constantinianorder","article_published_time":"2024-07-19T12:13:34+00:00","article_modified_time":"2025-10-20T17:10:19+00:00","og_image":[{"width":971,"height":728,"url":"https:\/\/constantinianorder.com\/wp-content\/uploads\/2024\/07\/1-1-1.webp","type":"image\/jpeg"}],"author":"admin","twitter_card":"summary_large_image","twitter_misc":{"\u00c9crit par":"admin","Dur\u00e9e de lecture estim\u00e9e":"1 minute"},"schema":{"@context":"https:\/\/schema.org","@graph":[{"@type":"Article","@id":"https:\/\/constantinianorder.com\/marche-e-umbria-santa-messa-di-suffragio\/#article","isPartOf":{"@id":"https:\/\/constantinianorder.com\/marche-e-umbria-santa-messa-di-suffragio\/"},"author":{"name":"admin","@id":"https:\/\/constantinianorder.com\/#\/schema\/person\/493f3b1475d575dcddda4ec923772c66"},"headline":"MARCHE ET UMBRIA &#8211; SAINTE MESSE DE SUFFRAGE","datePublished":"2024-07-19T12:13:34+00:00","dateModified":"2025-10-20T17:10:19+00:00","mainEntityOfPage":{"@id":"https:\/\/constantinianorder.com\/marche-e-umbria-santa-messa-di-suffragio\/"},"wordCount":267,"publisher":{"@id":"https:\/\/constantinianorder.com\/#organization"},"image":{"@id":"https:\/\/constantinianorder.com\/marche-e-umbria-santa-messa-di-suffragio\/#primaryimage"},"thumbnailUrl":"https:\/\/constantinianorder.com\/wp-content\/uploads\/2024\/07\/1-1-1.webp","articleSection":["D\u00e9l\u00e9gation pour les Marches et l\u2019Ombrie"],"inLanguage":"fr-FR"},{"@type":"WebPage","@id":"https:\/\/constantinianorder.com\/marche-e-umbria-santa-messa-di-suffragio\/","url":"https:\/\/constantinianorder.com\/marche-e-umbria-santa-messa-di-suffragio\/","name":"MARCHE ET UMBRIA - SAINTE MESSE DE SUFFRAGE - Sacro Militare Ordine Costantiniano di San Giorgio","isPartOf":{"@id":"https:\/\/constantinianorder.com\/#website"},"primaryImageOfPage":{"@id":"https:\/\/constantinianorder.com\/marche-e-umbria-santa-messa-di-suffragio\/#primaryimage"},"image":{"@id":"https:\/\/constantinianorder.com\/marche-e-umbria-santa-messa-di-suffragio\/#primaryimage"},"thumbnailUrl":"https:\/\/constantinianorder.com\/wp-content\/uploads\/2024\/07\/1-1-1.webp","datePublished":"2024-07-19T12:13:34+00:00","dateModified":"2025-10-20T17:10:19+00:00","breadcrumb":{"@id":"https:\/\/constantinianorder.com\/marche-e-umbria-santa-messa-di-suffragio\/#breadcrumb"},"inLanguage":"fr-FR","potentialAction":[{"@type":"ReadAction","target":["https:\/\/constantinianorder.com\/marche-e-umbria-santa-messa-di-suffragio\/"]}]},{"@type":"ImageObject","inLanguage":"fr-FR","@id":"https:\/\/constantinianorder.com\/marche-e-umbria-santa-messa-di-suffragio\/#primaryimage","url":"https:\/\/constantinianorder.com\/wp-content\/uploads\/2024\/07\/1-1-1.webp","contentUrl":"https:\/\/constantinianorder.com\/wp-content\/uploads\/2024\/07\/1-1-1.webp","width":971,"height":728},{"@type":"BreadcrumbList","@id":"https:\/\/constantinianorder.com\/marche-e-umbria-santa-messa-di-suffragio\/#breadcrumb","itemListElement":[{"@type":"ListItem","position":1,"name":"Home","item":"https:\/\/constantinianorder.com\/en\/"},{"@type":"ListItem","position":2,"name":"MARCHE ET UMBRIA &#8211; SAINTE MESSE DE SUFFRAGE"}]},{"@type":"WebSite","@id":"https:\/\/constantinianorder.com\/#website","url":"https:\/\/constantinianorder.com\/","name":"Sacro Militare Ordine Costantiniano di San Giorgio","description":"Ordine Ufficiale","publisher":{"@id":"https:\/\/constantinianorder.com\/#organization"},"potentialAction":[{"@type":"SearchAction","target":{"@type":"EntryPoint","urlTemplate":"https:\/\/constantinianorder.com\/?s={search_term_string}"},"query-input":{"@type":"PropertyValueSpecification","valueRequired":true,"valueName":"search_term_string"}}],"inLanguage":"fr-FR"},{"@type":"Organization","@id":"https:\/\/constantinianorder.com\/#organization","name":"Sacro Militare Ordine Costantiniano di San Giorgio","url":"https:\/\/constantinianorder.com\/","logo":{"@type":"ImageObject","inLanguage":"fr-FR","@id":"https:\/\/constantinianorder.com\/#\/schema\/logo\/image\/","url":"https:\/\/constantinianorder.com\/wp-content\/uploads\/2025\/10\/cropped-logo-costantiniano.png","contentUrl":"https:\/\/constantinianorder.com\/wp-content\/uploads\/2025\/10\/cropped-logo-costantiniano.png","width":512,"height":512,"caption":"Sacro Militare Ordine Costantiniano di San Giorgio"},"image":{"@id":"https:\/\/constantinianorder.com\/#\/schema\/logo\/image\/"},"sameAs":["https:\/\/www.facebook.com\/constantinianorder","https:\/\/www.instagram.com\/constantinianorder\/","https:\/\/www.youtube.com\/@granmagisterodelsacromilit9375"]},{"@type":"Person","@id":"https:\/\/constantinianorder.com\/#\/schema\/person\/493f3b1475d575dcddda4ec923772c66","name":"admin","sameAs":["https:\/\/constantinianorder.com"],"url":"https:\/\/constantinianorder.com\/fr\/author\/domain_jlukbpo7\/"}]}},"_links":{"self":[{"href":"https:\/\/constantinianorder.com\/fr\/wp-json\/wp\/v2\/posts\/78114","targetHints":{"allow":["GET"]}}],"collection":[{"href":"https:\/\/constantinianorder.com\/fr\/wp-json\/wp\/v2\/posts"}],"about":[{"href":"https:\/\/constantinianorder.com\/fr\/wp-json\/wp\/v2\/types\/post"}],"author":[{"embeddable":true,"href":"https:\/\/constantinianorder.com\/fr\/wp-json\/wp\/v2\/users\/1"}],"replies":[{"embeddable":true,"href":"https:\/\/constantinianorder.com\/fr\/wp-json\/wp\/v2\/comments?post=78114"}],"version-history":[{"count":1,"href":"https:\/\/constantinianorder.com\/fr\/wp-json\/wp\/v2\/posts\/78114\/revisions"}],"predecessor-version":[{"id":81919,"href":"https:\/\/constantinianorder.com\/fr\/wp-json\/wp\/v2\/posts\/78114\/revisions\/81919"}],"wp:featuredmedia":[{"embeddable":true,"href":"https:\/\/constantinianorder.com\/fr\/wp-json\/wp\/v2\/media\/92795"}],"wp:attachment":[{"href":"https:\/\/constantinianorder.com\/fr\/wp-json\/wp\/v2\/media?parent=78114"}],"wp:term":[{"taxonomy":"category","embeddable":true,"href":"https:\/\/constantinianorder.com\/fr\/wp-json\/wp\/v2\/categories?post=78114"},{"taxonomy":"post_tag","embeddable":true,"href":"https:\/\/constantinianorder.com\/fr\/wp-json\/wp\/v2\/tags?post=78114"}],"curies":[{"name":"wp","href":"https:\/\/api.w.org\/{rel}","templated":true}]}}