{"id":76633,"date":"2024-01-15T12:59:26","date_gmt":"2024-01-15T12:59:26","guid":{"rendered":"https:\/\/constantinianorder.net\/sicilia-iniziative-di-gennaio-2024-e-di-fine-dicembre-2023\/"},"modified":"2025-10-20T17:24:35","modified_gmt":"2025-10-20T17:24:35","slug":"sicile-activites-entre-decembre-2023-et-janvier-2024","status":"publish","type":"post","link":"https:\/\/constantinianorder.com\/fr\/sicile-activites-entre-decembre-2023-et-janvier-2024\/","title":{"rendered":"SICILE: ACTIVIT\u00c9S ENTRE D\u00c9CEMBRE 2023 ET JANVIER 2024"},"content":{"rendered":"\n<ul class=\"wp-block-gallery columns-3 is-cropped wp-block-gallery-1 is-layout-flex wp-block-gallery-is-layout-flex\"><li class=\"blocks-gallery-item\"><figure><img decoding=\"async\" src=\"https:\/\/constantinianorder.com\/wp-content\/uploads\/2024\/01\/briciole-a-Carini-1024x768.jpg\" alt=\"\" data-id=\"76531\" data-link=\"https:\/\/export.constantinianorder.net\/?attachment_id=76531\" class=\"wp-image-76531\"\/><\/figure><\/li><li class=\"blocks-gallery-item\"><figure><img decoding=\"async\" src=\"https:\/\/constantinianorder.com\/wp-content\/uploads\/2024\/01\/briciole-di-salute-per-il-Congo-1024x768.jpg\" alt=\"\" data-id=\"76535\" data-link=\"https:\/\/export.constantinianorder.net\/?attachment_id=76535\" class=\"wp-image-76535\"\/><\/figure><\/li><li class=\"blocks-gallery-item\"><figure><img decoding=\"async\" src=\"https:\/\/constantinianorder.com\/wp-content\/uploads\/2024\/01\/IMG_20240103_182444-1024x655.jpg\" alt=\"\" data-id=\"76539\" data-link=\"https:\/\/export.constantinianorder.net\/?attachment_id=76539\" class=\"wp-image-76539\"\/><\/figure><\/li><\/ul>\n\n\n\n<p>Pendant le mois de Janvier 2024, la D\u00e9l\u00e9gation Sicile a effectu\u00e9 ses traditionnelles donations au projet <em>Briciole di Salute<\/em> (lit. \u00ab\u00a0miettes de sant\u00e9\u00a0\u00bb) dans les villes de Carini, Alcamo et Palerme, o\u00f9 P\u00e8re Serge, cur\u00e9 de l&rsquo;\u00e9glise de S. Fran\u00e7ois di Paola, a re\u00e7u du lait en poudre destin\u00e9 \u00e0 l&rsquo;orphelinat de la mission des P\u00e8res Minimes en Congo.<\/p>\n\n\n\n<ul class=\"wp-block-gallery columns-3 is-cropped wp-block-gallery-2 is-layout-flex wp-block-gallery-is-layout-flex\"><li class=\"blocks-gallery-item\"><figure><img decoding=\"async\" src=\"https:\/\/constantinianorder.com\/wp-content\/uploads\/2024\/01\/briciole-a-Noto-1024x818.jpg\" alt=\"\" data-id=\"76543\" data-link=\"https:\/\/export.constantinianorder.net\/?attachment_id=76543\" class=\"wp-image-76543\"\/><\/figure><\/li><li class=\"blocks-gallery-item\"><figure><img decoding=\"async\" src=\"https:\/\/constantinianorder.com\/wp-content\/uploads\/2024\/01\/IMG20231205164934-1024x856.jpg\" alt=\"\" data-id=\"76547\" data-link=\"https:\/\/export.constantinianorder.net\/?attachment_id=76547\" class=\"wp-image-76547\"\/><\/figure><\/li><li class=\"blocks-gallery-item\"><figure><img decoding=\"async\" src=\"https:\/\/constantinianorder.com\/wp-content\/uploads\/2024\/01\/briciole-di-salute-a-S.-martino-dele-Scale-1-1024x768.jpg\" alt=\"\" data-id=\"76551\" data-link=\"https:\/\/export.constantinianorder.net\/?attachment_id=76551\" class=\"wp-image-76551\"\/><\/figure><\/li><li class=\"blocks-gallery-item\"><figure><img decoding=\"async\" src=\"https:\/\/constantinianorder.com\/wp-content\/uploads\/2024\/01\/briciole-di-slaute-a-Monreale-1024x768.jpg\" alt=\"\" data-id=\"76555\" data-link=\"https:\/\/export.constantinianorder.net\/?attachment_id=76555\" class=\"wp-image-76555\"\/><\/figure><\/li><li class=\"blocks-gallery-item\"><figure><img decoding=\"async\" src=\"https:\/\/constantinianorder.com\/wp-content\/uploads\/2024\/01\/briciole-di-salute-a-S.-Francesco-di-Paola-1024x535.jpg\" alt=\"\" data-id=\"76559\" data-link=\"https:\/\/export.constantinianorder.net\/?attachment_id=76559\" class=\"wp-image-76559\"\/><\/figure><\/li><li class=\"blocks-gallery-item\"><figure><img decoding=\"async\" src=\"https:\/\/constantinianorder.com\/wp-content\/uploads\/2024\/01\/briciole-di-salute-ad-Acireale-1-1024x768.jpg\" alt=\"\" data-id=\"76563\" data-link=\"https:\/\/export.constantinianorder.net\/?attachment_id=76563\" class=\"wp-image-76563\"\/><\/figure><\/li><\/ul>\n\n\n\n<p>Pendand le moi de D\u00e9cembre 2023, le projet <em>Briciole di Salute<\/em> a \u00e9t\u00e9 activ\u00e9 dans les villes: Arcireale, San Martino delle Scale, Monreale, Palerme (S. Fran\u00e7ois di Paola), Patti et Noto. Cette derni\u00e8re donation a \u00e9t\u00e9 r\u00e9alis\u00e9e en pr\u00e9sence de S.A.R. le Grand Pr\u00e9fet.<\/p>\n\n\n\n<ul class=\"wp-block-gallery columns-3 is-cropped wp-block-gallery-3 is-layout-flex wp-block-gallery-is-layout-flex\"><li class=\"blocks-gallery-item\"><figure><img decoding=\"async\" src=\"https:\/\/constantinianorder.com\/wp-content\/uploads\/2024\/01\/11-1024x452.jpg\" alt=\"\" data-id=\"76568\" data-link=\"https:\/\/export.constantinianorder.net\/?attachment_id=76568\" class=\"wp-image-76568\"\/><\/figure><\/li><li class=\"blocks-gallery-item\"><figure><img decoding=\"async\" src=\"https:\/\/constantinianorder.com\/wp-content\/uploads\/2024\/01\/7-1024x462.jpg\" alt=\"\" data-id=\"76572\" data-link=\"https:\/\/export.constantinianorder.net\/?attachment_id=76572\" class=\"wp-image-76572\"\/><\/figure><\/li><li class=\"blocks-gallery-item\"><figure><img decoding=\"async\" src=\"https:\/\/constantinianorder.com\/wp-content\/uploads\/2024\/01\/9-1024x768.jpg\" alt=\"\" data-id=\"76576\" data-link=\"https:\/\/export.constantinianorder.net\/?attachment_id=76576\" class=\"wp-image-76576\"\/><\/figure><\/li><\/ul>\n\n\n\n<p>Samedi le 6 Janvier, Mons. Salvatore Grimaldi a offici\u00e9 la Messe solennel pour l&rsquo;\u00c9piphanie dans la Basilique Costantinienne della Magione \u00e0 Palerme.<br>Ainsi que les enfants du cat\u00e9chisme, plusieurs Chevaliers ont particip\u00e9 a la c\u00e9l\u00e9bration: Papas Luigi Lucini, Commandeur de Gr\u00e2ce Eccl\u00e9siastique, Emanuele Mancini, colonel de l&rsquo;Arm\u00e9e Italienne et commandant de la Caserne Turba de Palerme, le Vice D\u00e9l\u00e9gu\u00e9 le Noble Antonio di Janni, le Noble Manlio Corselli, le Commandeur Gasperino Como, le Chevalier Officiel Claudio Ragusa, chancelier de la D\u00e9l\u00e9gation, les Chevaliers Fabio Marino, Giovanni Messina Spina, Giulio Pillitteri et la Dame Maria Antonia Spagnolo. Apr\u00e8s la c\u00e9l\u00e9bration, ces derniers Chevaliers ont distribu\u00e9 des chaussettes de l&rsquo;\u00c9piphanie aux enfants pr\u00e9sents. <\/p>\n\n\n\n<figure class=\"wp-block-image\"><img decoding=\"async\" src=\"https:\/\/constantinianorder.com\/wp-content\/uploads\/2024\/01\/premiazione-del-migliore-presepio-2-1024x683.jpg\" alt=\"\" class=\"wp-image-76580\"\/><\/figure>\n\n\n\n<p>Le 19 D\u00e9cembre, a \u00e9t\u00e9 organis\u00e9e une remise des prix pour la meilleure cr\u00e8che dans l&rsquo;\u00e9glise de la Tr\u00e8s sainte Vierge Marie des Agonisants \u00e0 Monreale. La gagnante a \u00e9t\u00e9 la Nativit\u00e9 de Sonia Lo Monaco pour sa complexit\u00e9 et sa beaut\u00e9.<\/p>\n\n\n\n<figure class=\"wp-block-image\"><img decoding=\"async\" src=\"https:\/\/constantinianorder.com\/wp-content\/uploads\/2024\/01\/IMG_20231229_163106-1024x768.jpg\" alt=\"\" class=\"wp-image-76584\"\/><\/figure>\n\n\n\n<p>Le 29 D\u00e9cembre, Mons. Thierry Laurent, membre de la Nonciature Apostolique de France, P\u00e8re Gabriel Sampr\u00e9 et P\u00e8re Mathisu de Warren ont visit\u00e9 la maison de retraite Benedetto Balsamo \u00e0 Monreal avec l&rsquo;archev\u00eaque S.E. Mons. Guglielmo Isacchi. Apr\u00e8s, ils se sont rendus \u00e0 l&rsquo;Abbaye de S. Martino delle Scale, accompagn\u00e9s du Vice D\u00e9l\u00e9gu\u00e9 Antonio di Janni. Le groupe a \u00e9t\u00e9 accuelli par le Tr\u00e8s R\u00e9v\u00e9rend P\u00e8re Abb\u00e9 Vittorio Rizzone.<\/p>\n\n\n\n<figure class=\"wp-block-image\"><img decoding=\"async\" src=\"https:\/\/constantinianorder.com\/wp-content\/uploads\/2024\/01\/7-S.-Messa-di-Natale-alla-Magione-2-1024x633.jpg\" alt=\"\" class=\"wp-image-76589\"\/><\/figure>\n\n\n\n<p>Le 22 D\u00e9cembre a \u00e9t\u00e9 c\u00e9lebr\u00e9e la Sainte Messe de No\u00ebl pour les Chevaliers de la D\u00e9l\u00e9gation Sicile dans la Basilique Constantinienne della Magione.<\/p>\n\n\n\n<p><\/p>\n\n\n\n<figure class=\"wp-block-image\"><img decoding=\"async\" src=\"https:\/\/constantinianorder.com\/wp-content\/uploads\/2024\/01\/IMG_20231221_192920-1024x661.jpg\" alt=\"\" class=\"wp-image-76593\"\/><\/figure>\n\n\n\n<p>Le 21 D\u00e9cembre dernier a \u00e9t\u00e9 c\u00e9lebr\u00e9e la Sainte Messe de No\u00ebl dans l&rsquo;\u00e9glise paroissiale Santa Gemma Galgani en Mazara del Vallo.<\/p>\n\n\n\n<figure class=\"wp-block-image\"><img decoding=\"async\" src=\"https:\/\/constantinianorder.com\/wp-content\/uploads\/2024\/01\/IMG_20231229_121900-1024x687.jpg\" alt=\"\" class=\"wp-image-76597\"\/><\/figure>\n\n\n\n<p>Le 29 D\u00e9cembre, la D\u00e9l\u00e9gation Sicile a organis\u00e9 le d\u00e9jeuner traditionnel pour les f\u00eates de No\u00ebl dans la maison de retraite Benedetto Balsamo en Monreale.<\/p>\n\n\n\n<p><\/p>\n\n\n\n<figure class=\"wp-block-image\"><img decoding=\"async\" src=\"https:\/\/constantinianorder.com\/wp-content\/uploads\/2024\/01\/patti-22122023-1024x614.jpg\" alt=\"\" class=\"wp-image-76601\"\/><\/figure>\n\n\n\n<p>Le 22 D\u00e9cembre, en parall\u00e8le au d\u00e9jeuner solidaire organis\u00e9 dans la Maison d&rsquo;accueil Dioc\u00e9saine \u00ab\u00a0<em>Sacra Famiglia<\/em>\u00a0\u00bb de Patti, les Chevaliers Tony Zarrillo et Antonino Smirloldo ont donn\u00e9 60 petits portions de <em>pandoro<\/em>.<\/p>\n\n\n\n<p><\/p>\n\n\n\n<figure class=\"wp-block-image\"><img decoding=\"async\" src=\"https:\/\/constantinianorder.com\/wp-content\/uploads\/2024\/01\/20231217_195150-1024x768.jpg\" alt=\"\" class=\"wp-image-76605\"\/><\/figure>\n\n\n\n<p>Les b\u00e9n\u00e9voles du projet <em>Briciole di Salute<\/em> ont collabor\u00e9 avec les scouts du Mouvement des Scouts adultes catholiques italiens (MASCI), communaut\u00e9 Don Cannizzo Enna 1. Don Sebastiano Rusignolo a offici\u00e9 un service religieux, termin\u00e9 avec la donation de jouets, mat\u00e9riel scolaire, v\u00eatements pour b\u00e9b\u00e9 et aliments pour des familles indigentes.<\/p>\n\n\n\n<figure class=\"wp-block-image\"><img decoding=\"async\" src=\"https:\/\/constantinianorder.com\/wp-content\/uploads\/2024\/01\/concerto-di-beneficenza-2-1024x462.jpg\" alt=\"\" class=\"wp-image-76609\"\/><\/figure>\n\n\n\n<p>Le 21 D\u00e9cembre, le ch\u0153ur Goethe a organis\u00e9 un concert de bienfaisance dans l&rsquo;\u00e9glise Constantinienne de la Tr\u00e8s sainte Vierge Marie des Agonisants \u00e0 Monreale. La recette a \u00e9t\u00e9 d\u00e9volue \u00e0 l&rsquo;Association <em>Joy for Children<\/em>. <\/p>\n","protected":false},"excerpt":{"rendered":"<p>Pendant le mois de Janvier 2024, la D\u00e9l\u00e9gation Sicile a effectu\u00e9 ses traditionnelles donations au projet Briciole di Salute (lit. \u00ab\u00a0miettes de sant\u00e9\u00a0\u00bb) dans les villes de Carini, Alcamo et Palerme, o\u00f9 P\u00e8re Serge, cur\u00e9 de l&rsquo;\u00e9glise de S. Fran\u00e7ois di Paola, a re\u00e7u du lait en poudre destin\u00e9 \u00e0 l&rsquo;orphelinat de la mission des [&hellip;]<\/p>\n","protected":false},"author":1,"featured_media":0,"comment_status":"closed","ping_status":"closed","sticky":false,"template":"","format":"standard","meta":{"footnotes":""},"categories":[177],"tags":[],"class_list":["post-76633","post","type-post","status-publish","format-standard","hentry","category-delegation-de-la-sicile"],"yoast_head":"<!-- This site is optimized with the Yoast SEO plugin v26.5 - https:\/\/yoast.com\/wordpress\/plugins\/seo\/ -->\n<title>SICILE: ACTIVIT\u00c9S ENTRE D\u00c9CEMBRE 2023 ET JANVIER 2024 - Sacro Militare Ordine Costantiniano di San Giorgio<\/title>\n<meta name=\"robots\" content=\"index, follow, max-snippet:-1, max-image-preview:large, max-video-preview:-1\" \/>\n<link rel=\"canonical\" href=\"https:\/\/constantinianorder.com\/sicilia-iniziative-di-gennaio-2024-e-di-fine-dicembre-2023\/\" \/>\n<meta property=\"og:locale\" content=\"fr_FR\" \/>\n<meta property=\"og:type\" content=\"article\" \/>\n<meta property=\"og:title\" content=\"SICILE: ACTIVIT\u00c9S ENTRE D\u00c9CEMBRE 2023 ET JANVIER 2024 - Sacro Militare Ordine Costantiniano di San Giorgio\" \/>\n<meta property=\"og:description\" content=\"Pendant le mois de Janvier 2024, la D\u00e9l\u00e9gation Sicile a effectu\u00e9 ses traditionnelles donations au projet Briciole di Salute (lit. \u00ab\u00a0miettes de sant\u00e9\u00a0\u00bb) dans les villes de Carini, Alcamo et Palerme, o\u00f9 P\u00e8re Serge, cur\u00e9 de l&rsquo;\u00e9glise de S. Fran\u00e7ois di Paola, a re\u00e7u du lait en poudre destin\u00e9 \u00e0 l&rsquo;orphelinat de la mission des [&hellip;]\" \/>\n<meta property=\"og:url\" content=\"https:\/\/constantinianorder.com\/sicilia-iniziative-di-gennaio-2024-e-di-fine-dicembre-2023\/\" \/>\n<meta property=\"og:site_name\" content=\"Sacro Militare Ordine Costantiniano di San Giorgio\" \/>\n<meta property=\"article:publisher\" content=\"https:\/\/www.facebook.com\/constantinianorder\" \/>\n<meta property=\"article:published_time\" content=\"2024-01-15T12:59:26+00:00\" \/>\n<meta property=\"article:modified_time\" content=\"2025-10-20T17:24:35+00:00\" \/>\n<meta name=\"author\" content=\"admin\" \/>\n<meta name=\"twitter:card\" content=\"summary_large_image\" \/>\n<meta name=\"twitter:label1\" content=\"\u00c9crit par\" \/>\n\t<meta name=\"twitter:data1\" content=\"admin\" \/>\n\t<meta name=\"twitter:label2\" content=\"Dur\u00e9e de lecture estim\u00e9e\" \/>\n\t<meta name=\"twitter:data2\" content=\"3 minutes\" \/>\n<script type=\"application\/ld+json\" class=\"yoast-schema-graph\">{\"@context\":\"https:\/\/schema.org\",\"@graph\":[{\"@type\":\"Article\",\"@id\":\"https:\/\/constantinianorder.com\/sicilia-iniziative-di-gennaio-2024-e-di-fine-dicembre-2023\/#article\",\"isPartOf\":{\"@id\":\"https:\/\/constantinianorder.com\/sicilia-iniziative-di-gennaio-2024-e-di-fine-dicembre-2023\/\"},\"author\":{\"name\":\"admin\",\"@id\":\"https:\/\/constantinianorder.com\/#\/schema\/person\/493f3b1475d575dcddda4ec923772c66\"},\"headline\":\"SICILE: ACTIVIT\u00c9S ENTRE D\u00c9CEMBRE 2023 ET JANVIER 2024\",\"datePublished\":\"2024-01-15T12:59:26+00:00\",\"dateModified\":\"2025-10-20T17:24:35+00:00\",\"mainEntityOfPage\":{\"@id\":\"https:\/\/constantinianorder.com\/sicilia-iniziative-di-gennaio-2024-e-di-fine-dicembre-2023\/\"},\"wordCount\":589,\"publisher\":{\"@id\":\"https:\/\/constantinianorder.com\/#organization\"},\"image\":{\"@id\":\"https:\/\/constantinianorder.com\/sicilia-iniziative-di-gennaio-2024-e-di-fine-dicembre-2023\/#primaryimage\"},\"thumbnailUrl\":\"https:\/\/constantinianorder.com\/wp-content\/uploads\/2024\/01\/briciole-a-Carini-1024x768.jpg\",\"articleSection\":[\"D\u00e9l\u00e9gation de la Sicile\"],\"inLanguage\":\"fr-FR\"},{\"@type\":\"WebPage\",\"@id\":\"https:\/\/constantinianorder.com\/sicilia-iniziative-di-gennaio-2024-e-di-fine-dicembre-2023\/\",\"url\":\"https:\/\/constantinianorder.com\/sicilia-iniziative-di-gennaio-2024-e-di-fine-dicembre-2023\/\",\"name\":\"SICILE: ACTIVIT\u00c9S ENTRE D\u00c9CEMBRE 2023 ET JANVIER 2024 - Sacro Militare Ordine Costantiniano di San Giorgio\",\"isPartOf\":{\"@id\":\"https:\/\/constantinianorder.com\/#website\"},\"primaryImageOfPage\":{\"@id\":\"https:\/\/constantinianorder.com\/sicilia-iniziative-di-gennaio-2024-e-di-fine-dicembre-2023\/#primaryimage\"},\"image\":{\"@id\":\"https:\/\/constantinianorder.com\/sicilia-iniziative-di-gennaio-2024-e-di-fine-dicembre-2023\/#primaryimage\"},\"thumbnailUrl\":\"https:\/\/constantinianorder.com\/wp-content\/uploads\/2024\/01\/briciole-a-Carini-1024x768.jpg\",\"datePublished\":\"2024-01-15T12:59:26+00:00\",\"dateModified\":\"2025-10-20T17:24:35+00:00\",\"breadcrumb\":{\"@id\":\"https:\/\/constantinianorder.com\/sicilia-iniziative-di-gennaio-2024-e-di-fine-dicembre-2023\/#breadcrumb\"},\"inLanguage\":\"fr-FR\",\"potentialAction\":[{\"@type\":\"ReadAction\",\"target\":[\"https:\/\/constantinianorder.com\/sicilia-iniziative-di-gennaio-2024-e-di-fine-dicembre-2023\/\"]}]},{\"@type\":\"ImageObject\",\"inLanguage\":\"fr-FR\",\"@id\":\"https:\/\/constantinianorder.com\/sicilia-iniziative-di-gennaio-2024-e-di-fine-dicembre-2023\/#primaryimage\",\"url\":\"https:\/\/constantinianorder.com\/wp-content\/uploads\/2024\/01\/briciole-a-Carini-1024x768.jpg\",\"contentUrl\":\"https:\/\/constantinianorder.com\/wp-content\/uploads\/2024\/01\/briciole-a-Carini-1024x768.jpg\"},{\"@type\":\"BreadcrumbList\",\"@id\":\"https:\/\/constantinianorder.com\/sicilia-iniziative-di-gennaio-2024-e-di-fine-dicembre-2023\/#breadcrumb\",\"itemListElement\":[{\"@type\":\"ListItem\",\"position\":1,\"name\":\"Home\",\"item\":\"https:\/\/constantinianorder.com\/en\/\"},{\"@type\":\"ListItem\",\"position\":2,\"name\":\"SICILE: ACTIVIT\u00c9S ENTRE D\u00c9CEMBRE 2023 ET JANVIER 2024\"}]},{\"@type\":\"WebSite\",\"@id\":\"https:\/\/constantinianorder.com\/#website\",\"url\":\"https:\/\/constantinianorder.com\/\",\"name\":\"Sacro Militare Ordine Costantiniano di San Giorgio\",\"description\":\"Ordine Ufficiale\",\"publisher\":{\"@id\":\"https:\/\/constantinianorder.com\/#organization\"},\"potentialAction\":[{\"@type\":\"SearchAction\",\"target\":{\"@type\":\"EntryPoint\",\"urlTemplate\":\"https:\/\/constantinianorder.com\/?s={search_term_string}\"},\"query-input\":{\"@type\":\"PropertyValueSpecification\",\"valueRequired\":true,\"valueName\":\"search_term_string\"}}],\"inLanguage\":\"fr-FR\"},{\"@type\":\"Organization\",\"@id\":\"https:\/\/constantinianorder.com\/#organization\",\"name\":\"Sacro Militare Ordine Costantiniano di San Giorgio\",\"url\":\"https:\/\/constantinianorder.com\/\",\"logo\":{\"@type\":\"ImageObject\",\"inLanguage\":\"fr-FR\",\"@id\":\"https:\/\/constantinianorder.com\/#\/schema\/logo\/image\/\",\"url\":\"https:\/\/constantinianorder.com\/wp-content\/uploads\/2025\/10\/cropped-logo-costantiniano.png\",\"contentUrl\":\"https:\/\/constantinianorder.com\/wp-content\/uploads\/2025\/10\/cropped-logo-costantiniano.png\",\"width\":512,\"height\":512,\"caption\":\"Sacro Militare Ordine Costantiniano di San Giorgio\"},\"image\":{\"@id\":\"https:\/\/constantinianorder.com\/#\/schema\/logo\/image\/\"},\"sameAs\":[\"https:\/\/www.facebook.com\/constantinianorder\",\"https:\/\/www.instagram.com\/constantinianorder\/\",\"https:\/\/www.youtube.com\/@granmagisterodelsacromilit9375\"]},{\"@type\":\"Person\",\"@id\":\"https:\/\/constantinianorder.com\/#\/schema\/person\/493f3b1475d575dcddda4ec923772c66\",\"name\":\"admin\",\"sameAs\":[\"https:\/\/constantinianorder.com\"],\"url\":\"https:\/\/constantinianorder.com\/fr\/author\/domain_jlukbpo7\/\"}]}<\/script>\n<!-- \/ Yoast SEO plugin. -->","yoast_head_json":{"title":"SICILE: ACTIVIT\u00c9S ENTRE D\u00c9CEMBRE 2023 ET JANVIER 2024 - Sacro Militare Ordine Costantiniano di San Giorgio","robots":{"index":"index","follow":"follow","max-snippet":"max-snippet:-1","max-image-preview":"max-image-preview:large","max-video-preview":"max-video-preview:-1"},"canonical":"https:\/\/constantinianorder.com\/sicilia-iniziative-di-gennaio-2024-e-di-fine-dicembre-2023\/","og_locale":"fr_FR","og_type":"article","og_title":"SICILE: ACTIVIT\u00c9S ENTRE D\u00c9CEMBRE 2023 ET JANVIER 2024 - Sacro Militare Ordine Costantiniano di San Giorgio","og_description":"Pendant le mois de Janvier 2024, la D\u00e9l\u00e9gation Sicile a effectu\u00e9 ses traditionnelles donations au projet Briciole di Salute (lit. \u00ab\u00a0miettes de sant\u00e9\u00a0\u00bb) dans les villes de Carini, Alcamo et Palerme, o\u00f9 P\u00e8re Serge, cur\u00e9 de l&rsquo;\u00e9glise de S. Fran\u00e7ois di Paola, a re\u00e7u du lait en poudre destin\u00e9 \u00e0 l&rsquo;orphelinat de la mission des [&hellip;]","og_url":"https:\/\/constantinianorder.com\/sicilia-iniziative-di-gennaio-2024-e-di-fine-dicembre-2023\/","og_site_name":"Sacro Militare Ordine Costantiniano di San Giorgio","article_publisher":"https:\/\/www.facebook.com\/constantinianorder","article_published_time":"2024-01-15T12:59:26+00:00","article_modified_time":"2025-10-20T17:24:35+00:00","author":"admin","twitter_card":"summary_large_image","twitter_misc":{"\u00c9crit par":"admin","Dur\u00e9e de lecture estim\u00e9e":"3 minutes"},"schema":{"@context":"https:\/\/schema.org","@graph":[{"@type":"Article","@id":"https:\/\/constantinianorder.com\/sicilia-iniziative-di-gennaio-2024-e-di-fine-dicembre-2023\/#article","isPartOf":{"@id":"https:\/\/constantinianorder.com\/sicilia-iniziative-di-gennaio-2024-e-di-fine-dicembre-2023\/"},"author":{"name":"admin","@id":"https:\/\/constantinianorder.com\/#\/schema\/person\/493f3b1475d575dcddda4ec923772c66"},"headline":"SICILE: ACTIVIT\u00c9S ENTRE D\u00c9CEMBRE 2023 ET JANVIER 2024","datePublished":"2024-01-15T12:59:26+00:00","dateModified":"2025-10-20T17:24:35+00:00","mainEntityOfPage":{"@id":"https:\/\/constantinianorder.com\/sicilia-iniziative-di-gennaio-2024-e-di-fine-dicembre-2023\/"},"wordCount":589,"publisher":{"@id":"https:\/\/constantinianorder.com\/#organization"},"image":{"@id":"https:\/\/constantinianorder.com\/sicilia-iniziative-di-gennaio-2024-e-di-fine-dicembre-2023\/#primaryimage"},"thumbnailUrl":"https:\/\/constantinianorder.com\/wp-content\/uploads\/2024\/01\/briciole-a-Carini-1024x768.jpg","articleSection":["D\u00e9l\u00e9gation de la Sicile"],"inLanguage":"fr-FR"},{"@type":"WebPage","@id":"https:\/\/constantinianorder.com\/sicilia-iniziative-di-gennaio-2024-e-di-fine-dicembre-2023\/","url":"https:\/\/constantinianorder.com\/sicilia-iniziative-di-gennaio-2024-e-di-fine-dicembre-2023\/","name":"SICILE: ACTIVIT\u00c9S ENTRE D\u00c9CEMBRE 2023 ET JANVIER 2024 - Sacro Militare Ordine Costantiniano di San Giorgio","isPartOf":{"@id":"https:\/\/constantinianorder.com\/#website"},"primaryImageOfPage":{"@id":"https:\/\/constantinianorder.com\/sicilia-iniziative-di-gennaio-2024-e-di-fine-dicembre-2023\/#primaryimage"},"image":{"@id":"https:\/\/constantinianorder.com\/sicilia-iniziative-di-gennaio-2024-e-di-fine-dicembre-2023\/#primaryimage"},"thumbnailUrl":"https:\/\/constantinianorder.com\/wp-content\/uploads\/2024\/01\/briciole-a-Carini-1024x768.jpg","datePublished":"2024-01-15T12:59:26+00:00","dateModified":"2025-10-20T17:24:35+00:00","breadcrumb":{"@id":"https:\/\/constantinianorder.com\/sicilia-iniziative-di-gennaio-2024-e-di-fine-dicembre-2023\/#breadcrumb"},"inLanguage":"fr-FR","potentialAction":[{"@type":"ReadAction","target":["https:\/\/constantinianorder.com\/sicilia-iniziative-di-gennaio-2024-e-di-fine-dicembre-2023\/"]}]},{"@type":"ImageObject","inLanguage":"fr-FR","@id":"https:\/\/constantinianorder.com\/sicilia-iniziative-di-gennaio-2024-e-di-fine-dicembre-2023\/#primaryimage","url":"https:\/\/constantinianorder.com\/wp-content\/uploads\/2024\/01\/briciole-a-Carini-1024x768.jpg","contentUrl":"https:\/\/constantinianorder.com\/wp-content\/uploads\/2024\/01\/briciole-a-Carini-1024x768.jpg"},{"@type":"BreadcrumbList","@id":"https:\/\/constantinianorder.com\/sicilia-iniziative-di-gennaio-2024-e-di-fine-dicembre-2023\/#breadcrumb","itemListElement":[{"@type":"ListItem","position":1,"name":"Home","item":"https:\/\/constantinianorder.com\/en\/"},{"@type":"ListItem","position":2,"name":"SICILE: ACTIVIT\u00c9S ENTRE D\u00c9CEMBRE 2023 ET JANVIER 2024"}]},{"@type":"WebSite","@id":"https:\/\/constantinianorder.com\/#website","url":"https:\/\/constantinianorder.com\/","name":"Sacro Militare Ordine Costantiniano di San Giorgio","description":"Ordine Ufficiale","publisher":{"@id":"https:\/\/constantinianorder.com\/#organization"},"potentialAction":[{"@type":"SearchAction","target":{"@type":"EntryPoint","urlTemplate":"https:\/\/constantinianorder.com\/?s={search_term_string}"},"query-input":{"@type":"PropertyValueSpecification","valueRequired":true,"valueName":"search_term_string"}}],"inLanguage":"fr-FR"},{"@type":"Organization","@id":"https:\/\/constantinianorder.com\/#organization","name":"Sacro Militare Ordine Costantiniano di San Giorgio","url":"https:\/\/constantinianorder.com\/","logo":{"@type":"ImageObject","inLanguage":"fr-FR","@id":"https:\/\/constantinianorder.com\/#\/schema\/logo\/image\/","url":"https:\/\/constantinianorder.com\/wp-content\/uploads\/2025\/10\/cropped-logo-costantiniano.png","contentUrl":"https:\/\/constantinianorder.com\/wp-content\/uploads\/2025\/10\/cropped-logo-costantiniano.png","width":512,"height":512,"caption":"Sacro Militare Ordine Costantiniano di San Giorgio"},"image":{"@id":"https:\/\/constantinianorder.com\/#\/schema\/logo\/image\/"},"sameAs":["https:\/\/www.facebook.com\/constantinianorder","https:\/\/www.instagram.com\/constantinianorder\/","https:\/\/www.youtube.com\/@granmagisterodelsacromilit9375"]},{"@type":"Person","@id":"https:\/\/constantinianorder.com\/#\/schema\/person\/493f3b1475d575dcddda4ec923772c66","name":"admin","sameAs":["https:\/\/constantinianorder.com"],"url":"https:\/\/constantinianorder.com\/fr\/author\/domain_jlukbpo7\/"}]}},"_links":{"self":[{"href":"https:\/\/constantinianorder.com\/fr\/wp-json\/wp\/v2\/posts\/76633","targetHints":{"allow":["GET"]}}],"collection":[{"href":"https:\/\/constantinianorder.com\/fr\/wp-json\/wp\/v2\/posts"}],"about":[{"href":"https:\/\/constantinianorder.com\/fr\/wp-json\/wp\/v2\/types\/post"}],"author":[{"embeddable":true,"href":"https:\/\/constantinianorder.com\/fr\/wp-json\/wp\/v2\/users\/1"}],"replies":[{"embeddable":true,"href":"https:\/\/constantinianorder.com\/fr\/wp-json\/wp\/v2\/comments?post=76633"}],"version-history":[{"count":1,"href":"https:\/\/constantinianorder.com\/fr\/wp-json\/wp\/v2\/posts\/76633\/revisions"}],"predecessor-version":[{"id":82211,"href":"https:\/\/constantinianorder.com\/fr\/wp-json\/wp\/v2\/posts\/76633\/revisions\/82211"}],"wp:attachment":[{"href":"https:\/\/constantinianorder.com\/fr\/wp-json\/wp\/v2\/media?parent=76633"}],"wp:term":[{"taxonomy":"category","embeddable":true,"href":"https:\/\/constantinianorder.com\/fr\/wp-json\/wp\/v2\/categories?post=76633"},{"taxonomy":"post_tag","embeddable":true,"href":"https:\/\/constantinianorder.com\/fr\/wp-json\/wp\/v2\/tags?post=76633"}],"curies":[{"name":"wp","href":"https:\/\/api.w.org\/{rel}","templated":true}]}}