{"id":75478,"date":"2021-07-30T11:34:19","date_gmt":"2021-07-30T11:34:19","guid":{"rendered":"https:\/\/constantinianorder.net\/scomparsa-del-cardinale-vanhoye\/"},"modified":"2025-10-21T17:30:50","modified_gmt":"2025-10-21T17:30:50","slug":"disparition-du-cardinal-vanhoye","status":"publish","type":"post","link":"https:\/\/constantinianorder.com\/fr\/disparition-du-cardinal-vanhoye\/","title":{"rendered":"DISPARITION DU CARDINAL VANHOYE"},"content":{"rendered":"<figure id=\"attachment_59981\" aria-describedby=\"caption-attachment-59981\" style=\"width: 207px\" class=\"wp-caption alignleft\"><img fetchpriority=\"high\" decoding=\"async\" src=\"https:\/\/constantinianorder.com\/wp-content\/uploads\/2021\/07\/Cardinale-Vanhoye-207x300.jpeg\" alt=\"\" width=\"207\" height=\"300\" \/><figcaption id=\"caption-attachment-59981\" class=\"wp-caption-text\">Son \u00c9minence R\u00e9v\u00e9rendissime le Cardinal Albert Vanhoye<\/figcaption><\/figure>\n<p><strong>Rome le 29 juillet 2021<\/strong> \u2013 Dieu a rapp\u00e9l\u00e9 S.E.R. le Cardinal Albert Vanhoye, Conseiller Eccl\u00e9siastique de la Maison Royale de Bourbon des Deux Siciles et ancien Grand Prieur de notre Ordre \u00e0 lui.<\/p>\n<p>Dans la foi au Christ Ressuscit\u00e9 et avec gratitude, Son Altesse Royale le Grand Ma\u00eetre avec Son \u00c9minence R\u00e9v\u00e9rendissime le Cardinal Martino, Grand Prieur, invitent tous les Chevaliers et les Dames, conjointement aux Excellences Prieurs et \u00e0 tous les Chevaliers Eccl\u00e9siastiques de s&rsquo;associer aux pri\u00e8res de suffrage pour son \u00e2me immortelle.<\/p>\n<p>Le Cardinal Albert Vanhoye, S.I., ancien Recteur de l&rsquo;Institut Biblique Pontifical et ancien S\u00e9cretair de la Commission Pontificale Commissione Biblique, est n\u00e9 le 24 juillet 1923 \u00e0 Hazebrouck, dans la Dioc\u00e8se de Lille, au Nord de la France, \u00e0 la fronti\u00e8re avec la Belgique.<\/p>\n<p>Entr\u00e9 dans la Compagnie de Jesus l&rsquo;11 septembre 1941 \u00e0 Le Vignau, a prononc\u00e9 ses premiers v\u0153ux le 15 novembre 1944 et a \u00e9t\u00e9 ordonn\u00e9 pr\u00eatre le 26 juillet 1954 \u00e0 Enghien, en Belgique, par Mgr Henri Dupont, \u00e9v\u00eaque auxiliaire de Lille. Il a obtenu une licence en lettres (Sorbonne, Paris : 1945-1946); la licence en Philosophie scolaire (Scolasticat SJ, Vals : 1947-1950) la licence en Th\u00e9ologie (Scolasticat SJ, Enghien, Belgique : 1951-1955) la licence en \u00c9criture Sainte (Institut Biblique Pontifical : 1958) et le doctorat en \u00c9criture Sainte (Institut Biblique Pontifical : 1961).<\/p>\n<p>Le sue pubblicazioni principali sono: La structure litt\u00e9raire de l&rsquo;\u00e9p\u00eetre aux H\u00e9breux, 1963, 21976; Situation du Christ. Ep\u00eetre aux H\u00e9breux 1-2, 1969; Pr\u00eatres anciens, Pr\u00eatre nouveau selon le N.T., 1980 (traduit en italien, espagnol et anglais); \u00ab\u00a0Commento alla Lettera ai Galati\u00a0\u00bb.<\/p>\n<p>Il a \u00e9galement particip\u00e9 activement \u00e0 la r\u00e9daction de documents qui ont prolong\u00e9 le travail du Conseil, tels que \u00ab\u00a0L&rsquo;interpr\u00e9tation de la Bible dans l&rsquo;\u00c9glise\u00a0\u00bb (1993) et \u00ab\u00a0Le Peuple Juif et ses saintes \u00c9critures dans la Bible chr\u00e9tienne\u00a0\u00bb (2001). Il a \u00e9galement exerc\u00e9 d&rsquo;autres activit\u00e9s pour l&rsquo;Institut Biblique Pontifical, telles que r\u00e9dacteur de Biblica pour le Nouveau Testament (1969-1984) ; r\u00e9dacteur en chef de Biblica (1978-1984) ; r\u00e9dacteur des \u00ab\u00a0Analecta Biblica\u00a0\u00bb (depuis 1980) ; doyen de la Facult\u00e9 Biblique (1969-1975) ; recteur de 1984 \u00e0 1990.<\/p>\n<p>Par Beno\u00eet XVI, cr\u00e9 et publi\u00e9 cardinal dans le Consistoire du 24 mars 2006, du titre de Santa Maria della Mercede et Sant&rsquo;Adriano a Villa Albani, Diaconie \u00e9lev\u00e9e pro hac vice au titre presbyt\u00e9ral.<\/p>\n<figure id=\"attachment_59977\" aria-describedby=\"caption-attachment-59977\" style=\"width: 300px\" class=\"wp-caption alignleft\"><img decoding=\"async\" class=\"size-medium wp-image-59977\" src=\"https:\/\/constantinianorder.com\/wp-content\/uploads\/2021\/07\/DSC06108-300x280.jpg\" alt=\"\" width=\"300\" height=\"280\" srcset=\"https:\/\/constantinianorder.com\/wp-content\/uploads\/2021\/07\/DSC06108-300x280.jpg 300w, https:\/\/constantinianorder.com\/wp-content\/uploads\/2021\/07\/DSC06108-1024x956.jpg 1024w, https:\/\/constantinianorder.com\/wp-content\/uploads\/2021\/07\/DSC06108-768x717.jpg 768w, https:\/\/constantinianorder.com\/wp-content\/uploads\/2021\/07\/DSC06108.jpg 1028w\" sizes=\"(max-width: 300px) 100vw, 300px\" \/><figcaption id=\"caption-attachment-59977\" class=\"wp-caption-text\">S.A.R. le Grand Ma\u00eetre avec le Cardinal Vanhoye<\/figcaption><\/figure>\n<p>Il est entr\u00e9 dans l&rsquo;Ordre Constantinien en mai 2008, avec le grade de Chevalier Bali Grand Croix de Justice et s&rsquo;est vu confier la t\u00e2che de guide spirituel de l&rsquo;ensemble de l&rsquo;Ordre, devenant ainsi Grand Prieur.<br \/>Il a occup\u00e9 cette fonction jusqu&rsquo;en 2010, date \u00e0 laquelle il a \u00e9t\u00e9 nomm\u00e9 conseiller eccl\u00e9siastique de la Maison royale de Bourbon Deux-Siciles.<\/p>\n<p>\u00a0<\/p>\n\n\n<p><\/p>\n","protected":false},"excerpt":{"rendered":"<p>Rome le 29 juillet 2021 \u2013 Dieu a rapp\u00e9l\u00e9 S.E.R. le Cardinal Albert Vanhoye, Conseiller Eccl\u00e9siastique de la Maison Royale de Bourbon des Deux Siciles et ancien Grand Prieur de notre Ordre \u00e0 lui. Dans la foi au Christ Ressuscit\u00e9 et avec gratitude, Son Altesse Royale le Grand Ma\u00eetre avec Son \u00c9minence R\u00e9v\u00e9rendissime le Cardinal [&hellip;]<\/p>\n","protected":false},"author":1,"featured_media":0,"comment_status":"closed","ping_status":"closed","sticky":false,"template":"","format":"standard","meta":{"footnotes":""},"categories":[85],"tags":[],"class_list":["post-75478","post","type-post","status-publish","format-standard","hentry","category-communiques-du-grand-magistere"],"yoast_head":"<!-- This site is optimized with the Yoast SEO plugin v26.5 - https:\/\/yoast.com\/wordpress\/plugins\/seo\/ -->\n<title>DISPARITION DU CARDINAL VANHOYE - Sacro Militare Ordine Costantiniano di San Giorgio<\/title>\n<meta name=\"robots\" content=\"index, follow, max-snippet:-1, max-image-preview:large, max-video-preview:-1\" \/>\n<link rel=\"canonical\" href=\"https:\/\/constantinianorder.com\/scomparsa-del-cardinale-vanhoye\/\" \/>\n<meta property=\"og:locale\" content=\"fr_FR\" \/>\n<meta property=\"og:type\" content=\"article\" \/>\n<meta property=\"og:title\" content=\"DISPARITION DU CARDINAL VANHOYE - Sacro Militare Ordine Costantiniano di San Giorgio\" \/>\n<meta property=\"og:description\" content=\"Rome le 29 juillet 2021 \u2013 Dieu a rapp\u00e9l\u00e9 S.E.R. le Cardinal Albert Vanhoye, Conseiller Eccl\u00e9siastique de la Maison Royale de Bourbon des Deux Siciles et ancien Grand Prieur de notre Ordre \u00e0 lui. Dans la foi au Christ Ressuscit\u00e9 et avec gratitude, Son Altesse Royale le Grand Ma\u00eetre avec Son \u00c9minence R\u00e9v\u00e9rendissime le Cardinal [&hellip;]\" \/>\n<meta property=\"og:url\" content=\"https:\/\/constantinianorder.com\/scomparsa-del-cardinale-vanhoye\/\" \/>\n<meta property=\"og:site_name\" content=\"Sacro Militare Ordine Costantiniano di San Giorgio\" \/>\n<meta property=\"article:publisher\" content=\"https:\/\/www.facebook.com\/constantinianorder\" \/>\n<meta property=\"article:published_time\" content=\"2021-07-30T11:34:19+00:00\" \/>\n<meta property=\"article:modified_time\" content=\"2025-10-21T17:30:50+00:00\" \/>\n<meta property=\"og:image\" content=\"https:\/\/constantinianorder.com\/wp-content\/uploads\/2021\/07\/Cardinale-Vanhoye-207x300.jpeg\" \/>\n<meta name=\"author\" content=\"admin\" \/>\n<meta name=\"twitter:card\" content=\"summary_large_image\" \/>\n<meta name=\"twitter:label1\" content=\"\u00c9crit par\" \/>\n\t<meta name=\"twitter:data1\" content=\"admin\" \/>\n\t<meta name=\"twitter:label2\" content=\"Dur\u00e9e de lecture estim\u00e9e\" \/>\n\t<meta name=\"twitter:data2\" content=\"2 minutes\" \/>\n<script type=\"application\/ld+json\" class=\"yoast-schema-graph\">{\"@context\":\"https:\/\/schema.org\",\"@graph\":[{\"@type\":\"Article\",\"@id\":\"https:\/\/constantinianorder.com\/scomparsa-del-cardinale-vanhoye\/#article\",\"isPartOf\":{\"@id\":\"https:\/\/constantinianorder.com\/scomparsa-del-cardinale-vanhoye\/\"},\"author\":{\"name\":\"admin\",\"@id\":\"https:\/\/constantinianorder.com\/#\/schema\/person\/493f3b1475d575dcddda4ec923772c66\"},\"headline\":\"DISPARITION DU CARDINAL VANHOYE\",\"datePublished\":\"2021-07-30T11:34:19+00:00\",\"dateModified\":\"2025-10-21T17:30:50+00:00\",\"mainEntityOfPage\":{\"@id\":\"https:\/\/constantinianorder.com\/scomparsa-del-cardinale-vanhoye\/\"},\"wordCount\":488,\"publisher\":{\"@id\":\"https:\/\/constantinianorder.com\/#organization\"},\"image\":{\"@id\":\"https:\/\/constantinianorder.com\/scomparsa-del-cardinale-vanhoye\/#primaryimage\"},\"thumbnailUrl\":\"https:\/\/constantinianorder.com\/wp-content\/uploads\/2021\/07\/Cardinale-Vanhoye-207x300.jpeg\",\"articleSection\":[\"Communiqu\u00e9s du Grand Magist\u00e8re\"],\"inLanguage\":\"fr-FR\"},{\"@type\":\"WebPage\",\"@id\":\"https:\/\/constantinianorder.com\/scomparsa-del-cardinale-vanhoye\/\",\"url\":\"https:\/\/constantinianorder.com\/scomparsa-del-cardinale-vanhoye\/\",\"name\":\"DISPARITION DU CARDINAL VANHOYE - Sacro Militare Ordine Costantiniano di San Giorgio\",\"isPartOf\":{\"@id\":\"https:\/\/constantinianorder.com\/#website\"},\"primaryImageOfPage\":{\"@id\":\"https:\/\/constantinianorder.com\/scomparsa-del-cardinale-vanhoye\/#primaryimage\"},\"image\":{\"@id\":\"https:\/\/constantinianorder.com\/scomparsa-del-cardinale-vanhoye\/#primaryimage\"},\"thumbnailUrl\":\"https:\/\/constantinianorder.com\/wp-content\/uploads\/2021\/07\/Cardinale-Vanhoye-207x300.jpeg\",\"datePublished\":\"2021-07-30T11:34:19+00:00\",\"dateModified\":\"2025-10-21T17:30:50+00:00\",\"breadcrumb\":{\"@id\":\"https:\/\/constantinianorder.com\/scomparsa-del-cardinale-vanhoye\/#breadcrumb\"},\"inLanguage\":\"fr-FR\",\"potentialAction\":[{\"@type\":\"ReadAction\",\"target\":[\"https:\/\/constantinianorder.com\/scomparsa-del-cardinale-vanhoye\/\"]}]},{\"@type\":\"ImageObject\",\"inLanguage\":\"fr-FR\",\"@id\":\"https:\/\/constantinianorder.com\/scomparsa-del-cardinale-vanhoye\/#primaryimage\",\"url\":\"https:\/\/constantinianorder.com\/wp-content\/uploads\/2021\/07\/Cardinale-Vanhoye-207x300.jpeg\",\"contentUrl\":\"https:\/\/constantinianorder.com\/wp-content\/uploads\/2021\/07\/Cardinale-Vanhoye-207x300.jpeg\"},{\"@type\":\"BreadcrumbList\",\"@id\":\"https:\/\/constantinianorder.com\/scomparsa-del-cardinale-vanhoye\/#breadcrumb\",\"itemListElement\":[{\"@type\":\"ListItem\",\"position\":1,\"name\":\"Home\",\"item\":\"https:\/\/constantinianorder.com\/en\/\"},{\"@type\":\"ListItem\",\"position\":2,\"name\":\"DISPARITION DU CARDINAL VANHOYE\"}]},{\"@type\":\"WebSite\",\"@id\":\"https:\/\/constantinianorder.com\/#website\",\"url\":\"https:\/\/constantinianorder.com\/\",\"name\":\"Sacro Militare Ordine Costantiniano di San Giorgio\",\"description\":\"Ordine Ufficiale\",\"publisher\":{\"@id\":\"https:\/\/constantinianorder.com\/#organization\"},\"potentialAction\":[{\"@type\":\"SearchAction\",\"target\":{\"@type\":\"EntryPoint\",\"urlTemplate\":\"https:\/\/constantinianorder.com\/?s={search_term_string}\"},\"query-input\":{\"@type\":\"PropertyValueSpecification\",\"valueRequired\":true,\"valueName\":\"search_term_string\"}}],\"inLanguage\":\"fr-FR\"},{\"@type\":\"Organization\",\"@id\":\"https:\/\/constantinianorder.com\/#organization\",\"name\":\"Sacro Militare Ordine Costantiniano di San Giorgio\",\"url\":\"https:\/\/constantinianorder.com\/\",\"logo\":{\"@type\":\"ImageObject\",\"inLanguage\":\"fr-FR\",\"@id\":\"https:\/\/constantinianorder.com\/#\/schema\/logo\/image\/\",\"url\":\"https:\/\/constantinianorder.com\/wp-content\/uploads\/2025\/10\/cropped-logo-costantiniano.png\",\"contentUrl\":\"https:\/\/constantinianorder.com\/wp-content\/uploads\/2025\/10\/cropped-logo-costantiniano.png\",\"width\":512,\"height\":512,\"caption\":\"Sacro Militare Ordine Costantiniano di San Giorgio\"},\"image\":{\"@id\":\"https:\/\/constantinianorder.com\/#\/schema\/logo\/image\/\"},\"sameAs\":[\"https:\/\/www.facebook.com\/constantinianorder\",\"https:\/\/www.instagram.com\/constantinianorder\/\",\"https:\/\/www.youtube.com\/@granmagisterodelsacromilit9375\"]},{\"@type\":\"Person\",\"@id\":\"https:\/\/constantinianorder.com\/#\/schema\/person\/493f3b1475d575dcddda4ec923772c66\",\"name\":\"admin\",\"sameAs\":[\"https:\/\/constantinianorder.com\"],\"url\":\"https:\/\/constantinianorder.com\/fr\/author\/domain_jlukbpo7\/\"}]}<\/script>\n<!-- \/ Yoast SEO plugin. -->","yoast_head_json":{"title":"DISPARITION DU CARDINAL VANHOYE - Sacro Militare Ordine Costantiniano di San Giorgio","robots":{"index":"index","follow":"follow","max-snippet":"max-snippet:-1","max-image-preview":"max-image-preview:large","max-video-preview":"max-video-preview:-1"},"canonical":"https:\/\/constantinianorder.com\/scomparsa-del-cardinale-vanhoye\/","og_locale":"fr_FR","og_type":"article","og_title":"DISPARITION DU CARDINAL VANHOYE - Sacro Militare Ordine Costantiniano di San Giorgio","og_description":"Rome le 29 juillet 2021 \u2013 Dieu a rapp\u00e9l\u00e9 S.E.R. le Cardinal Albert Vanhoye, Conseiller Eccl\u00e9siastique de la Maison Royale de Bourbon des Deux Siciles et ancien Grand Prieur de notre Ordre \u00e0 lui. Dans la foi au Christ Ressuscit\u00e9 et avec gratitude, Son Altesse Royale le Grand Ma\u00eetre avec Son \u00c9minence R\u00e9v\u00e9rendissime le Cardinal [&hellip;]","og_url":"https:\/\/constantinianorder.com\/scomparsa-del-cardinale-vanhoye\/","og_site_name":"Sacro Militare Ordine Costantiniano di San Giorgio","article_publisher":"https:\/\/www.facebook.com\/constantinianorder","article_published_time":"2021-07-30T11:34:19+00:00","article_modified_time":"2025-10-21T17:30:50+00:00","og_image":[{"url":"https:\/\/constantinianorder.com\/wp-content\/uploads\/2021\/07\/Cardinale-Vanhoye-207x300.jpeg","type":"","width":"","height":""}],"author":"admin","twitter_card":"summary_large_image","twitter_misc":{"\u00c9crit par":"admin","Dur\u00e9e de lecture estim\u00e9e":"2 minutes"},"schema":{"@context":"https:\/\/schema.org","@graph":[{"@type":"Article","@id":"https:\/\/constantinianorder.com\/scomparsa-del-cardinale-vanhoye\/#article","isPartOf":{"@id":"https:\/\/constantinianorder.com\/scomparsa-del-cardinale-vanhoye\/"},"author":{"name":"admin","@id":"https:\/\/constantinianorder.com\/#\/schema\/person\/493f3b1475d575dcddda4ec923772c66"},"headline":"DISPARITION DU CARDINAL VANHOYE","datePublished":"2021-07-30T11:34:19+00:00","dateModified":"2025-10-21T17:30:50+00:00","mainEntityOfPage":{"@id":"https:\/\/constantinianorder.com\/scomparsa-del-cardinale-vanhoye\/"},"wordCount":488,"publisher":{"@id":"https:\/\/constantinianorder.com\/#organization"},"image":{"@id":"https:\/\/constantinianorder.com\/scomparsa-del-cardinale-vanhoye\/#primaryimage"},"thumbnailUrl":"https:\/\/constantinianorder.com\/wp-content\/uploads\/2021\/07\/Cardinale-Vanhoye-207x300.jpeg","articleSection":["Communiqu\u00e9s du Grand Magist\u00e8re"],"inLanguage":"fr-FR"},{"@type":"WebPage","@id":"https:\/\/constantinianorder.com\/scomparsa-del-cardinale-vanhoye\/","url":"https:\/\/constantinianorder.com\/scomparsa-del-cardinale-vanhoye\/","name":"DISPARITION DU CARDINAL VANHOYE - Sacro Militare Ordine Costantiniano di San Giorgio","isPartOf":{"@id":"https:\/\/constantinianorder.com\/#website"},"primaryImageOfPage":{"@id":"https:\/\/constantinianorder.com\/scomparsa-del-cardinale-vanhoye\/#primaryimage"},"image":{"@id":"https:\/\/constantinianorder.com\/scomparsa-del-cardinale-vanhoye\/#primaryimage"},"thumbnailUrl":"https:\/\/constantinianorder.com\/wp-content\/uploads\/2021\/07\/Cardinale-Vanhoye-207x300.jpeg","datePublished":"2021-07-30T11:34:19+00:00","dateModified":"2025-10-21T17:30:50+00:00","breadcrumb":{"@id":"https:\/\/constantinianorder.com\/scomparsa-del-cardinale-vanhoye\/#breadcrumb"},"inLanguage":"fr-FR","potentialAction":[{"@type":"ReadAction","target":["https:\/\/constantinianorder.com\/scomparsa-del-cardinale-vanhoye\/"]}]},{"@type":"ImageObject","inLanguage":"fr-FR","@id":"https:\/\/constantinianorder.com\/scomparsa-del-cardinale-vanhoye\/#primaryimage","url":"https:\/\/constantinianorder.com\/wp-content\/uploads\/2021\/07\/Cardinale-Vanhoye-207x300.jpeg","contentUrl":"https:\/\/constantinianorder.com\/wp-content\/uploads\/2021\/07\/Cardinale-Vanhoye-207x300.jpeg"},{"@type":"BreadcrumbList","@id":"https:\/\/constantinianorder.com\/scomparsa-del-cardinale-vanhoye\/#breadcrumb","itemListElement":[{"@type":"ListItem","position":1,"name":"Home","item":"https:\/\/constantinianorder.com\/en\/"},{"@type":"ListItem","position":2,"name":"DISPARITION DU CARDINAL VANHOYE"}]},{"@type":"WebSite","@id":"https:\/\/constantinianorder.com\/#website","url":"https:\/\/constantinianorder.com\/","name":"Sacro Militare Ordine Costantiniano di San Giorgio","description":"Ordine Ufficiale","publisher":{"@id":"https:\/\/constantinianorder.com\/#organization"},"potentialAction":[{"@type":"SearchAction","target":{"@type":"EntryPoint","urlTemplate":"https:\/\/constantinianorder.com\/?s={search_term_string}"},"query-input":{"@type":"PropertyValueSpecification","valueRequired":true,"valueName":"search_term_string"}}],"inLanguage":"fr-FR"},{"@type":"Organization","@id":"https:\/\/constantinianorder.com\/#organization","name":"Sacro Militare Ordine Costantiniano di San Giorgio","url":"https:\/\/constantinianorder.com\/","logo":{"@type":"ImageObject","inLanguage":"fr-FR","@id":"https:\/\/constantinianorder.com\/#\/schema\/logo\/image\/","url":"https:\/\/constantinianorder.com\/wp-content\/uploads\/2025\/10\/cropped-logo-costantiniano.png","contentUrl":"https:\/\/constantinianorder.com\/wp-content\/uploads\/2025\/10\/cropped-logo-costantiniano.png","width":512,"height":512,"caption":"Sacro Militare Ordine Costantiniano di San Giorgio"},"image":{"@id":"https:\/\/constantinianorder.com\/#\/schema\/logo\/image\/"},"sameAs":["https:\/\/www.facebook.com\/constantinianorder","https:\/\/www.instagram.com\/constantinianorder\/","https:\/\/www.youtube.com\/@granmagisterodelsacromilit9375"]},{"@type":"Person","@id":"https:\/\/constantinianorder.com\/#\/schema\/person\/493f3b1475d575dcddda4ec923772c66","name":"admin","sameAs":["https:\/\/constantinianorder.com"],"url":"https:\/\/constantinianorder.com\/fr\/author\/domain_jlukbpo7\/"}]}},"_links":{"self":[{"href":"https:\/\/constantinianorder.com\/fr\/wp-json\/wp\/v2\/posts\/75478","targetHints":{"allow":["GET"]}}],"collection":[{"href":"https:\/\/constantinianorder.com\/fr\/wp-json\/wp\/v2\/posts"}],"about":[{"href":"https:\/\/constantinianorder.com\/fr\/wp-json\/wp\/v2\/types\/post"}],"author":[{"embeddable":true,"href":"https:\/\/constantinianorder.com\/fr\/wp-json\/wp\/v2\/users\/1"}],"replies":[{"embeddable":true,"href":"https:\/\/constantinianorder.com\/fr\/wp-json\/wp\/v2\/comments?post=75478"}],"version-history":[{"count":1,"href":"https:\/\/constantinianorder.com\/fr\/wp-json\/wp\/v2\/posts\/75478\/revisions"}],"predecessor-version":[{"id":89228,"href":"https:\/\/constantinianorder.com\/fr\/wp-json\/wp\/v2\/posts\/75478\/revisions\/89228"}],"wp:attachment":[{"href":"https:\/\/constantinianorder.com\/fr\/wp-json\/wp\/v2\/media?parent=75478"}],"wp:term":[{"taxonomy":"category","embeddable":true,"href":"https:\/\/constantinianorder.com\/fr\/wp-json\/wp\/v2\/categories?post=75478"},{"taxonomy":"post_tag","embeddable":true,"href":"https:\/\/constantinianorder.com\/fr\/wp-json\/wp\/v2\/tags?post=75478"}],"curies":[{"name":"wp","href":"https:\/\/api.w.org\/{rel}","templated":true}]}}