{"id":74894,"date":"2023-08-04T10:46:03","date_gmt":"2023-08-04T10:46:03","guid":{"rendered":"https:\/\/constantinianorder.net\/emilia-romagna-donazione-alla-caritas-di-cesena-sarsina\/"},"modified":"2025-10-21T08:30:56","modified_gmt":"2025-10-21T08:30:56","slug":"emilie-romagne-don-a-la-caritas-de-cesena-sarsina","status":"publish","type":"post","link":"https:\/\/constantinianorder.com\/fr\/emilie-romagne-don-a-la-caritas-de-cesena-sarsina\/","title":{"rendered":"\u00c9MILIE-ROMAGNE : DON \u00c0 LA CARITAS DE CESENA-SARSINA"},"content":{"rendered":"\n<div class=\"wp-block-image\"><figure class=\"aligncenter\"><img decoding=\"async\" src=\"https:\/\/constantinianorder.com\/wp-content\/uploads\/2023\/08\/vescovo.jpg\" alt=\"\" class=\"wp-image-74105\"\/><figcaption>Il Vescovo S. E. Monsignor Douglas Regattieri<\/figcaption><\/figure><\/div>\n\n\n\n<p><em>L&rsquo;Ordre Sacr\u00e9 et Militaire Costantinien de Saint-Georges, en accord avec la D\u00e9l\u00e9gation de l&rsquo;\u00c9milie-Romagne, guid\u00e9e par le D\u00e9l\u00e9gu\u00e9, Comte Gian Luca Mattioli Belmonte Cima et par le Vice D\u00e9l\u00e9gu\u00e9, Monsieur Pietro Coppelli, a fait un don \u00e0 la Caritas Dioc\u00e9saine de Cesena-Sarsina, qui a utilis\u00e9 les fonds pour aider la population touch\u00e9e par la r\u00e9cente inondation.  <\/em><\/p>\n\n\n\n<p><em>Les demandes d&rsquo;aide des familles qui ont tout perdu ont \u00e9t\u00e9 en effet nombreuses. Cette contribution t\u00e9moigne la proximit\u00e9 du Dioc\u00e8se de Cesena-Sarsina aux nombreuses personnes touch\u00e9es par cette trag\u00e9die.<\/em><\/p>\n\n\n\n<p><em>Le Directeur de la Caritas Dioc\u00e9saine, Diacre Ivan Bartoletti Stella a remerci\u00e9, l\u2019Ordre Costantinien et S.A.R. le Prince Charles de Bourbon des Deux Siciles, Grand Ma\u00eetre et Chef de la Maison Royale pour ce geste concret de solidarit\u00e9<\/em>, <em>\u00e9galement au nom de l&rsquo;\u00c9v\u00eaque S. E. Monseigneur Douglas Regattieri<\/em> <em>.<\/em><\/p>\n","protected":false},"excerpt":{"rendered":"<p>L&rsquo;Ordre Sacr\u00e9 et Militaire Costantinien de Saint-Georges, en accord avec la D\u00e9l\u00e9gation de l&rsquo;\u00c9milie-Romagne, guid\u00e9e par le D\u00e9l\u00e9gu\u00e9, Comte Gian Luca Mattioli Belmonte Cima et par le Vice D\u00e9l\u00e9gu\u00e9, Monsieur Pietro Coppelli, a fait un don \u00e0 la Caritas Dioc\u00e9saine de Cesena-Sarsina, qui a utilis\u00e9 les fonds pour aider la population touch\u00e9e par la r\u00e9cente [&hellip;]<\/p>\n","protected":false},"author":1,"featured_media":0,"comment_status":"closed","ping_status":"closed","sticky":false,"template":"","format":"standard","meta":{"footnotes":""},"categories":[172,29],"tags":[],"class_list":["post-74894","post","type-post","status-publish","format-standard","hentry","category-delegation-de-lemilie-romagne","category-non-categorise"],"yoast_head":"<!-- This site is optimized with the Yoast SEO plugin v26.5 - https:\/\/yoast.com\/wordpress\/plugins\/seo\/ -->\n<title>\u00c9MILIE-ROMAGNE : DON \u00c0 LA CARITAS DE CESENA-SARSINA - Sacro Militare Ordine Costantiniano di San Giorgio<\/title>\n<meta name=\"robots\" content=\"index, follow, max-snippet:-1, max-image-preview:large, max-video-preview:-1\" \/>\n<link rel=\"canonical\" href=\"https:\/\/constantinianorder.com\/emilia-romagna-donazione-alla-caritas-di-cesena-sarsina\/\" \/>\n<meta property=\"og:locale\" content=\"fr_FR\" \/>\n<meta property=\"og:type\" content=\"article\" \/>\n<meta property=\"og:title\" content=\"\u00c9MILIE-ROMAGNE : DON \u00c0 LA CARITAS DE CESENA-SARSINA - Sacro Militare Ordine Costantiniano di San Giorgio\" \/>\n<meta property=\"og:description\" content=\"L&rsquo;Ordre Sacr\u00e9 et Militaire Costantinien de Saint-Georges, en accord avec la D\u00e9l\u00e9gation de l&rsquo;\u00c9milie-Romagne, guid\u00e9e par le D\u00e9l\u00e9gu\u00e9, Comte Gian Luca Mattioli Belmonte Cima et par le Vice D\u00e9l\u00e9gu\u00e9, Monsieur Pietro Coppelli, a fait un don \u00e0 la Caritas Dioc\u00e9saine de Cesena-Sarsina, qui a utilis\u00e9 les fonds pour aider la population touch\u00e9e par la r\u00e9cente [&hellip;]\" \/>\n<meta property=\"og:url\" content=\"https:\/\/constantinianorder.com\/emilia-romagna-donazione-alla-caritas-di-cesena-sarsina\/\" \/>\n<meta property=\"og:site_name\" content=\"Sacro Militare Ordine Costantiniano di San Giorgio\" \/>\n<meta property=\"article:publisher\" content=\"https:\/\/www.facebook.com\/constantinianorder\" \/>\n<meta property=\"article:published_time\" content=\"2023-08-04T10:46:03+00:00\" \/>\n<meta property=\"article:modified_time\" content=\"2025-10-21T08:30:56+00:00\" \/>\n<meta property=\"og:image\" content=\"https:\/\/constantinianorder.com\/wp-content\/uploads\/2023\/08\/vescovo.webp\" \/>\n\t<meta property=\"og:image:width\" content=\"528\" \/>\n\t<meta property=\"og:image:height\" content=\"530\" \/>\n\t<meta property=\"og:image:type\" content=\"image\/webp\" \/>\n<meta name=\"author\" content=\"admin\" \/>\n<meta name=\"twitter:card\" content=\"summary_large_image\" \/>\n<meta name=\"twitter:label1\" content=\"\u00c9crit par\" \/>\n\t<meta name=\"twitter:data1\" content=\"admin\" \/>\n\t<meta name=\"twitter:label2\" content=\"Dur\u00e9e de lecture estim\u00e9e\" \/>\n\t<meta name=\"twitter:data2\" content=\"1 minute\" \/>\n<script type=\"application\/ld+json\" class=\"yoast-schema-graph\">{\"@context\":\"https:\/\/schema.org\",\"@graph\":[{\"@type\":\"Article\",\"@id\":\"https:\/\/constantinianorder.com\/emilia-romagna-donazione-alla-caritas-di-cesena-sarsina\/#article\",\"isPartOf\":{\"@id\":\"https:\/\/constantinianorder.com\/emilia-romagna-donazione-alla-caritas-di-cesena-sarsina\/\"},\"author\":{\"name\":\"admin\",\"@id\":\"https:\/\/constantinianorder.com\/#\/schema\/person\/493f3b1475d575dcddda4ec923772c66\"},\"headline\":\"\u00c9MILIE-ROMAGNE : DON \u00c0 LA CARITAS DE CESENA-SARSINA\",\"datePublished\":\"2023-08-04T10:46:03+00:00\",\"dateModified\":\"2025-10-21T08:30:56+00:00\",\"mainEntityOfPage\":{\"@id\":\"https:\/\/constantinianorder.com\/emilia-romagna-donazione-alla-caritas-di-cesena-sarsina\/\"},\"wordCount\":170,\"publisher\":{\"@id\":\"https:\/\/constantinianorder.com\/#organization\"},\"image\":{\"@id\":\"https:\/\/constantinianorder.com\/emilia-romagna-donazione-alla-caritas-di-cesena-sarsina\/#primaryimage\"},\"thumbnailUrl\":\"https:\/\/constantinianorder.com\/wp-content\/uploads\/2023\/08\/vescovo.jpg\",\"articleSection\":[\"D\u00e9l\u00e9gation de l\u2019Emilie-Romagne\",\"Non cat\u00e9goris\u00e9\"],\"inLanguage\":\"fr-FR\"},{\"@type\":\"WebPage\",\"@id\":\"https:\/\/constantinianorder.com\/emilia-romagna-donazione-alla-caritas-di-cesena-sarsina\/\",\"url\":\"https:\/\/constantinianorder.com\/emilia-romagna-donazione-alla-caritas-di-cesena-sarsina\/\",\"name\":\"\u00c9MILIE-ROMAGNE : DON \u00c0 LA CARITAS DE CESENA-SARSINA - Sacro Militare Ordine Costantiniano di San Giorgio\",\"isPartOf\":{\"@id\":\"https:\/\/constantinianorder.com\/#website\"},\"primaryImageOfPage\":{\"@id\":\"https:\/\/constantinianorder.com\/emilia-romagna-donazione-alla-caritas-di-cesena-sarsina\/#primaryimage\"},\"image\":{\"@id\":\"https:\/\/constantinianorder.com\/emilia-romagna-donazione-alla-caritas-di-cesena-sarsina\/#primaryimage\"},\"thumbnailUrl\":\"https:\/\/constantinianorder.com\/wp-content\/uploads\/2023\/08\/vescovo.jpg\",\"datePublished\":\"2023-08-04T10:46:03+00:00\",\"dateModified\":\"2025-10-21T08:30:56+00:00\",\"breadcrumb\":{\"@id\":\"https:\/\/constantinianorder.com\/emilia-romagna-donazione-alla-caritas-di-cesena-sarsina\/#breadcrumb\"},\"inLanguage\":\"fr-FR\",\"potentialAction\":[{\"@type\":\"ReadAction\",\"target\":[\"https:\/\/constantinianorder.com\/emilia-romagna-donazione-alla-caritas-di-cesena-sarsina\/\"]}]},{\"@type\":\"ImageObject\",\"inLanguage\":\"fr-FR\",\"@id\":\"https:\/\/constantinianorder.com\/emilia-romagna-donazione-alla-caritas-di-cesena-sarsina\/#primaryimage\",\"url\":\"https:\/\/constantinianorder.com\/wp-content\/uploads\/2023\/08\/vescovo.jpg\",\"contentUrl\":\"https:\/\/constantinianorder.com\/wp-content\/uploads\/2023\/08\/vescovo.jpg\"},{\"@type\":\"BreadcrumbList\",\"@id\":\"https:\/\/constantinianorder.com\/emilia-romagna-donazione-alla-caritas-di-cesena-sarsina\/#breadcrumb\",\"itemListElement\":[{\"@type\":\"ListItem\",\"position\":1,\"name\":\"Home\",\"item\":\"https:\/\/constantinianorder.com\/en\/\"},{\"@type\":\"ListItem\",\"position\":2,\"name\":\"\u00c9MILIE-ROMAGNE : DON \u00c0 LA CARITAS DE CESENA-SARSINA\"}]},{\"@type\":\"WebSite\",\"@id\":\"https:\/\/constantinianorder.com\/#website\",\"url\":\"https:\/\/constantinianorder.com\/\",\"name\":\"Sacro Militare Ordine Costantiniano di San Giorgio\",\"description\":\"Ordine Ufficiale\",\"publisher\":{\"@id\":\"https:\/\/constantinianorder.com\/#organization\"},\"potentialAction\":[{\"@type\":\"SearchAction\",\"target\":{\"@type\":\"EntryPoint\",\"urlTemplate\":\"https:\/\/constantinianorder.com\/?s={search_term_string}\"},\"query-input\":{\"@type\":\"PropertyValueSpecification\",\"valueRequired\":true,\"valueName\":\"search_term_string\"}}],\"inLanguage\":\"fr-FR\"},{\"@type\":\"Organization\",\"@id\":\"https:\/\/constantinianorder.com\/#organization\",\"name\":\"Sacro Militare Ordine Costantiniano di San Giorgio\",\"url\":\"https:\/\/constantinianorder.com\/\",\"logo\":{\"@type\":\"ImageObject\",\"inLanguage\":\"fr-FR\",\"@id\":\"https:\/\/constantinianorder.com\/#\/schema\/logo\/image\/\",\"url\":\"https:\/\/constantinianorder.com\/wp-content\/uploads\/2025\/10\/cropped-logo-costantiniano.png\",\"contentUrl\":\"https:\/\/constantinianorder.com\/wp-content\/uploads\/2025\/10\/cropped-logo-costantiniano.png\",\"width\":512,\"height\":512,\"caption\":\"Sacro Militare Ordine Costantiniano di San Giorgio\"},\"image\":{\"@id\":\"https:\/\/constantinianorder.com\/#\/schema\/logo\/image\/\"},\"sameAs\":[\"https:\/\/www.facebook.com\/constantinianorder\",\"https:\/\/www.instagram.com\/constantinianorder\/\",\"https:\/\/www.youtube.com\/@granmagisterodelsacromilit9375\"]},{\"@type\":\"Person\",\"@id\":\"https:\/\/constantinianorder.com\/#\/schema\/person\/493f3b1475d575dcddda4ec923772c66\",\"name\":\"admin\",\"sameAs\":[\"https:\/\/constantinianorder.com\"],\"url\":\"https:\/\/constantinianorder.com\/fr\/author\/domain_jlukbpo7\/\"}]}<\/script>\n<!-- \/ Yoast SEO plugin. -->","yoast_head_json":{"title":"\u00c9MILIE-ROMAGNE : DON \u00c0 LA CARITAS DE CESENA-SARSINA - Sacro Militare Ordine Costantiniano di San Giorgio","robots":{"index":"index","follow":"follow","max-snippet":"max-snippet:-1","max-image-preview":"max-image-preview:large","max-video-preview":"max-video-preview:-1"},"canonical":"https:\/\/constantinianorder.com\/emilia-romagna-donazione-alla-caritas-di-cesena-sarsina\/","og_locale":"fr_FR","og_type":"article","og_title":"\u00c9MILIE-ROMAGNE : DON \u00c0 LA CARITAS DE CESENA-SARSINA - Sacro Militare Ordine Costantiniano di San Giorgio","og_description":"L&rsquo;Ordre Sacr\u00e9 et Militaire Costantinien de Saint-Georges, en accord avec la D\u00e9l\u00e9gation de l&rsquo;\u00c9milie-Romagne, guid\u00e9e par le D\u00e9l\u00e9gu\u00e9, Comte Gian Luca Mattioli Belmonte Cima et par le Vice D\u00e9l\u00e9gu\u00e9, Monsieur Pietro Coppelli, a fait un don \u00e0 la Caritas Dioc\u00e9saine de Cesena-Sarsina, qui a utilis\u00e9 les fonds pour aider la population touch\u00e9e par la r\u00e9cente [&hellip;]","og_url":"https:\/\/constantinianorder.com\/emilia-romagna-donazione-alla-caritas-di-cesena-sarsina\/","og_site_name":"Sacro Militare Ordine Costantiniano di San Giorgio","article_publisher":"https:\/\/www.facebook.com\/constantinianorder","article_published_time":"2023-08-04T10:46:03+00:00","article_modified_time":"2025-10-21T08:30:56+00:00","og_image":[{"width":528,"height":530,"url":"https:\/\/constantinianorder.com\/wp-content\/uploads\/2023\/08\/vescovo.webp","type":"image\/webp"}],"author":"admin","twitter_card":"summary_large_image","twitter_misc":{"\u00c9crit par":"admin","Dur\u00e9e de lecture estim\u00e9e":"1 minute"},"schema":{"@context":"https:\/\/schema.org","@graph":[{"@type":"Article","@id":"https:\/\/constantinianorder.com\/emilia-romagna-donazione-alla-caritas-di-cesena-sarsina\/#article","isPartOf":{"@id":"https:\/\/constantinianorder.com\/emilia-romagna-donazione-alla-caritas-di-cesena-sarsina\/"},"author":{"name":"admin","@id":"https:\/\/constantinianorder.com\/#\/schema\/person\/493f3b1475d575dcddda4ec923772c66"},"headline":"\u00c9MILIE-ROMAGNE : DON \u00c0 LA CARITAS DE CESENA-SARSINA","datePublished":"2023-08-04T10:46:03+00:00","dateModified":"2025-10-21T08:30:56+00:00","mainEntityOfPage":{"@id":"https:\/\/constantinianorder.com\/emilia-romagna-donazione-alla-caritas-di-cesena-sarsina\/"},"wordCount":170,"publisher":{"@id":"https:\/\/constantinianorder.com\/#organization"},"image":{"@id":"https:\/\/constantinianorder.com\/emilia-romagna-donazione-alla-caritas-di-cesena-sarsina\/#primaryimage"},"thumbnailUrl":"https:\/\/constantinianorder.com\/wp-content\/uploads\/2023\/08\/vescovo.jpg","articleSection":["D\u00e9l\u00e9gation de l\u2019Emilie-Romagne","Non cat\u00e9goris\u00e9"],"inLanguage":"fr-FR"},{"@type":"WebPage","@id":"https:\/\/constantinianorder.com\/emilia-romagna-donazione-alla-caritas-di-cesena-sarsina\/","url":"https:\/\/constantinianorder.com\/emilia-romagna-donazione-alla-caritas-di-cesena-sarsina\/","name":"\u00c9MILIE-ROMAGNE : DON \u00c0 LA CARITAS DE CESENA-SARSINA - Sacro Militare Ordine Costantiniano di San Giorgio","isPartOf":{"@id":"https:\/\/constantinianorder.com\/#website"},"primaryImageOfPage":{"@id":"https:\/\/constantinianorder.com\/emilia-romagna-donazione-alla-caritas-di-cesena-sarsina\/#primaryimage"},"image":{"@id":"https:\/\/constantinianorder.com\/emilia-romagna-donazione-alla-caritas-di-cesena-sarsina\/#primaryimage"},"thumbnailUrl":"https:\/\/constantinianorder.com\/wp-content\/uploads\/2023\/08\/vescovo.jpg","datePublished":"2023-08-04T10:46:03+00:00","dateModified":"2025-10-21T08:30:56+00:00","breadcrumb":{"@id":"https:\/\/constantinianorder.com\/emilia-romagna-donazione-alla-caritas-di-cesena-sarsina\/#breadcrumb"},"inLanguage":"fr-FR","potentialAction":[{"@type":"ReadAction","target":["https:\/\/constantinianorder.com\/emilia-romagna-donazione-alla-caritas-di-cesena-sarsina\/"]}]},{"@type":"ImageObject","inLanguage":"fr-FR","@id":"https:\/\/constantinianorder.com\/emilia-romagna-donazione-alla-caritas-di-cesena-sarsina\/#primaryimage","url":"https:\/\/constantinianorder.com\/wp-content\/uploads\/2023\/08\/vescovo.jpg","contentUrl":"https:\/\/constantinianorder.com\/wp-content\/uploads\/2023\/08\/vescovo.jpg"},{"@type":"BreadcrumbList","@id":"https:\/\/constantinianorder.com\/emilia-romagna-donazione-alla-caritas-di-cesena-sarsina\/#breadcrumb","itemListElement":[{"@type":"ListItem","position":1,"name":"Home","item":"https:\/\/constantinianorder.com\/en\/"},{"@type":"ListItem","position":2,"name":"\u00c9MILIE-ROMAGNE : DON \u00c0 LA CARITAS DE CESENA-SARSINA"}]},{"@type":"WebSite","@id":"https:\/\/constantinianorder.com\/#website","url":"https:\/\/constantinianorder.com\/","name":"Sacro Militare Ordine Costantiniano di San Giorgio","description":"Ordine Ufficiale","publisher":{"@id":"https:\/\/constantinianorder.com\/#organization"},"potentialAction":[{"@type":"SearchAction","target":{"@type":"EntryPoint","urlTemplate":"https:\/\/constantinianorder.com\/?s={search_term_string}"},"query-input":{"@type":"PropertyValueSpecification","valueRequired":true,"valueName":"search_term_string"}}],"inLanguage":"fr-FR"},{"@type":"Organization","@id":"https:\/\/constantinianorder.com\/#organization","name":"Sacro Militare Ordine Costantiniano di San Giorgio","url":"https:\/\/constantinianorder.com\/","logo":{"@type":"ImageObject","inLanguage":"fr-FR","@id":"https:\/\/constantinianorder.com\/#\/schema\/logo\/image\/","url":"https:\/\/constantinianorder.com\/wp-content\/uploads\/2025\/10\/cropped-logo-costantiniano.png","contentUrl":"https:\/\/constantinianorder.com\/wp-content\/uploads\/2025\/10\/cropped-logo-costantiniano.png","width":512,"height":512,"caption":"Sacro Militare Ordine Costantiniano di San Giorgio"},"image":{"@id":"https:\/\/constantinianorder.com\/#\/schema\/logo\/image\/"},"sameAs":["https:\/\/www.facebook.com\/constantinianorder","https:\/\/www.instagram.com\/constantinianorder\/","https:\/\/www.youtube.com\/@granmagisterodelsacromilit9375"]},{"@type":"Person","@id":"https:\/\/constantinianorder.com\/#\/schema\/person\/493f3b1475d575dcddda4ec923772c66","name":"admin","sameAs":["https:\/\/constantinianorder.com"],"url":"https:\/\/constantinianorder.com\/fr\/author\/domain_jlukbpo7\/"}]}},"_links":{"self":[{"href":"https:\/\/constantinianorder.com\/fr\/wp-json\/wp\/v2\/posts\/74894","targetHints":{"allow":["GET"]}}],"collection":[{"href":"https:\/\/constantinianorder.com\/fr\/wp-json\/wp\/v2\/posts"}],"about":[{"href":"https:\/\/constantinianorder.com\/fr\/wp-json\/wp\/v2\/types\/post"}],"author":[{"embeddable":true,"href":"https:\/\/constantinianorder.com\/fr\/wp-json\/wp\/v2\/users\/1"}],"replies":[{"embeddable":true,"href":"https:\/\/constantinianorder.com\/fr\/wp-json\/wp\/v2\/comments?post=74894"}],"version-history":[{"count":1,"href":"https:\/\/constantinianorder.com\/fr\/wp-json\/wp\/v2\/posts\/74894\/revisions"}],"predecessor-version":[{"id":83503,"href":"https:\/\/constantinianorder.com\/fr\/wp-json\/wp\/v2\/posts\/74894\/revisions\/83503"}],"wp:attachment":[{"href":"https:\/\/constantinianorder.com\/fr\/wp-json\/wp\/v2\/media?parent=74894"}],"wp:term":[{"taxonomy":"category","embeddable":true,"href":"https:\/\/constantinianorder.com\/fr\/wp-json\/wp\/v2\/categories?post=74894"},{"taxonomy":"post_tag","embeddable":true,"href":"https:\/\/constantinianorder.com\/fr\/wp-json\/wp\/v2\/tags?post=74894"}],"curies":[{"name":"wp","href":"https:\/\/api.w.org\/{rel}","templated":true}]}}