{"id":74891,"date":"2023-08-30T15:47:35","date_gmt":"2023-08-30T15:47:35","guid":{"rendered":"https:\/\/constantinianorder.net\/sicilia-recenti-attivita-estive\/"},"modified":"2025-10-21T08:31:02","modified_gmt":"2025-10-21T08:31:02","slug":"sicile-recentes-activites-dete","status":"publish","type":"post","link":"https:\/\/constantinianorder.com\/fr\/sicile-recentes-activites-dete\/","title":{"rendered":"SICILE : R\u00c9CENTES ACTIVIT\u00c9S D&rsquo;\u00c9T\u00c9"},"content":{"rendered":"\n<figure class=\"wp-block-image\"><img decoding=\"async\" src=\"https:\/\/constantinianorder.com\/wp-content\/uploads\/2023\/08\/IMG-20230726-WA0006-1-1024x768.jpg\" alt=\"\" class=\"wp-image-74134\"\/><\/figure>\n\n\n\n<p>Le dimanche 23 juillet a \u00e9t\u00e9 c\u00e9l\u00e9br\u00e9e la f\u00eate de Saint Beno\u00eet dans l&rsquo;\u00e9glise de San Martino delle Scale.<br>S. E. Rev. Mons. Rosario Gisana a pr\u00e9sid\u00e9 la liturgie solennelle qui a \u00e9t\u00e9 conc\u00e9l\u00e9br\u00e9e par Rev. P\u00e8re Abb\u00e9 Vittorio Rizzone.<br>Avant le d\u00e9but de la c\u00e9l\u00e9bration P\u00e8re Vittorio Rizzone a remerci\u00e9 Mons. Gisana pour avoir accept\u00e9 l&rsquo;invitation \u00e0 c\u00e9l\u00e9brer cet important anniversaire pour la communaut\u00e9 de San Martino delle Scale. <br>Au terme de la c\u00e9l\u00e9bration, l&rsquo;Abb\u00e9 a communiqu\u00e9 le transfert du cur\u00e9 P\u00e8re\u00a0Francesco La Rocca \u00e0 Parme avec le mandat de Prieur du Monast\u00e8re de Saint Jean Ap\u00f4tre.<br>P\u00e8re Francesco a salu\u00e9 la communaut\u00e9 de la paroisse de Saint Martin et le Maire de Monreale Alberto Arcidiacono lui a souhait\u00e9 bonne chance pour sa mission. Le Comandant des Carabiniers et l&rsquo;Assesseur D&rsquo;Eliseo \u00e9taient \u00e9galement pr\u00e9sents \u00e0 la c\u00e9l\u00e9bration. <br>Les Chevaliers de l&rsquo;Ordre Costantinien, guid\u00e9s par le Vice D\u00e9l\u00e9gu\u00e9 de Sicile le Noble Chevalier de Grand Croix de Gr\u00e2ce Antonio di Janni, le Chancelier de la D\u00e9l\u00e9gation de Sicile le Chevalier Officier Claudio Ragusa, le Noble Chevalier de Gr\u00e2ce Manlio Corselli, le Commendateur Vincenzo Nuccio, le Chevalier Giovanni Impastato et les Dames Eugenia D&rsquo;Alessandro Ferro et Carmela Munda Corselli, ont particip\u00e9 \u00e0 la fonction.<br>Au terme de la c\u00e9l\u00e9bration eucharistique, le reliquaire de Saint Beno\u00eet a \u00e9t\u00e9 amen\u00e9 par la confr\u00e9rie des Fis de Saint Beno\u00eet pour les rues de Saint Martin. <\/p>\n\n\n\n<figure class=\"wp-block-image\"><img decoding=\"async\" src=\"https:\/\/constantinianorder.com\/wp-content\/uploads\/2023\/08\/capizzi-22072023-foto-3-1-1024x768.jpeg\" alt=\"\" class=\"wp-image-74138\"\/><\/figure>\n\n\n\n<p>Le samedi 22 juillet 2023, dans le cadre suggestif du sanctuaire de Saint George dans la ville de Capizzi il a eu, \u00e0 l&rsquo;occasion de la f\u00eate de Saint Jaques, une messe pontificale solennelle pr\u00e9sid\u00e9e par S.E. Rev. Mons. Giuseppe Sciacca.<br>L&rsquo;ancien Grand Prieur S.Em. Rev. Monsieur Cardinal Renato Martino a donn\u00e9 une medaille de la d\u00e9l\u00e9gation, souvenir de la visite \u00e0 Capizzi pour Saint Jaques, au banni\u00e8re de la confr\u00e9rie de Saint Jaques, banni\u00e8re aragonais gard\u00e9 dans l&rsquo;\u00e9glise m\u00e8re de Capizzi, qui d&rsquo;une c\u00f4t\u00e9 porte les effigies des armoiries des Bourbons, donn\u00e9 \u00e0 la ville par S.M. le Roi Ferdinand III de Bourbon. <br>Les autorit\u00e9s civiles, militaires, les Confr\u00e9ries Venerables et un groupe de Chevaliers Costantiniens \u00e9taient pr\u00e9sents: le Vice Prieur de Sicile Commendateur de Gr\u00e2ce Eccl\u00e9siastique P\u00e8re Antonio Cipriano, Archipr\u00eatre de Capizzi, P\u00e8re Gaetano Pulvirenti, Chevalier de Gr\u00e2ce Eccl\u00e9siastique, les Chevaliers Luca Longo et Tony Zarrillo.<\/p>\n\n\n\n<figure class=\"wp-block-image\"><img decoding=\"async\" src=\"https:\/\/constantinianorder.com\/wp-content\/uploads\/2023\/08\/IMG-6524-1-1024x729.jpg\" alt=\"\" class=\"wp-image-74142\"\/><\/figure>\n\n\n\n<p>Le 18 ao\u00fbt, les festivit\u00e9s en l&rsquo;honneur de la patronne titulaire ont commenc\u00e9 dans la basilique pontificale de Santa Maria dell&rsquo;Elemosina \u00e0 Biancavilla. Avant le rite eucharistique, une procession interne a eu lieu avec la translation de la Sainte Ic\u00f4ne de la Madone de sa chapelle au ma\u00eetre-autel.<br>Le Rev. P\u00e8re Antonio Cipriano, Comm. de Gr\u00e2ce Eccl\u00e9siastique et Prieur Vicaire de Sicile a pr\u00e9sid\u00e9 la c\u00e9l\u00e9bration. Les Chevaliers de Gr\u00e2ce Eccl\u00e9siastique Rev. P\u00e8re Agrippino Salerno et P\u00e8re Gaetano Pulvirenti,  Archipr\u00eatre de la Paroisse de Santa Lucia in Acicatena ont conc\u00e9l\u00e9br\u00e9 l&rsquo;\u00e9v\u00e9nement. Le Comm. Marcello Cantone, R\u00e9f\u00e9rent de l\u2019Ordre pour Noto et Nicosia, \u00e9tait pr\u00e9sent avec les Chevaliers Cosimo Costa, Luca Longo, Sebastiano Giaimi et Marino Luciano.<\/p>\n\n\n\n<figure class=\"wp-block-image\"><img decoding=\"async\" src=\"https:\/\/constantinianorder.com\/wp-content\/uploads\/2023\/08\/ordinazione-sacerdotale-ad-Alcamo-1-1024x768.jpg\" alt=\"\" class=\"wp-image-74146\"\/><\/figure>\n\n\n\n<p>Le samedi 5 ao\u00fbt, dans la basilique Santa Maria, \u00e9glise m\u00e8re d&rsquo;Alcamo, a \u00e9t\u00e9 c\u00e9l\u00e9br\u00e9e l&rsquo;ordination sacerdotale de P\u00e8re Giuseppe Maltese, membre de la congr\u00e9gation religieuse Don Orione, qui exercera son minist\u00e8re sacerdotal dans la Maison Don Orione en Albanie.<br>S. E. Rev. Mons. Giovanni d&rsquo;Ercole, \u00c9v\u00eaque \u00c9m\u00e9rite d&rsquo;Ascoli Piceno a pr\u00e9sid\u00e9 la liturgie solennelle. Un certain nombre de pr\u00eatres et de s\u00e9minaristes d&rsquo;Orione \u00e9taient pr\u00e9sents \u00e0 la liturgie avec le Clerg\u00e9 Alcamenien.<br>Le Pr\u00e9sident du Conseil Municipal d&rsquo;Alcamo et certains Conseillers \u00e9taient pr\u00e9sents parmi les autorit\u00e9s civiles avec des Chevaliers de la D\u00e9l\u00e9gation Sicile, guid\u00e9s par le R\u00e9f\u00e9rent pour la ville d&rsquo;Alcamo, le Noble Commendateur de Gr\u00e2ce Pier Francesco Mistretta Domina. Les Chevaliers \u00e9taient Antonio\u00a0Vitiello et Gaetano di Gaetano, les M\u00e9daill\u00e9s Lieutenant Vincenzo Baglio du Sixi\u00e8me R\u00e9giment Bersagliers et M. Giuseppe Messina.<\/p>\n","protected":false},"excerpt":{"rendered":"<p>Le dimanche 23 juillet a \u00e9t\u00e9 c\u00e9l\u00e9br\u00e9e la f\u00eate de Saint Beno\u00eet dans l&rsquo;\u00e9glise de San Martino delle Scale.S. E. Rev. Mons. Rosario Gisana a pr\u00e9sid\u00e9 la liturgie solennelle qui a \u00e9t\u00e9 conc\u00e9l\u00e9br\u00e9e par Rev. P\u00e8re Abb\u00e9 Vittorio Rizzone.Avant le d\u00e9but de la c\u00e9l\u00e9bration P\u00e8re Vittorio Rizzone a remerci\u00e9 Mons. Gisana pour avoir accept\u00e9 l&rsquo;invitation [&hellip;]<\/p>\n","protected":false},"author":1,"featured_media":0,"comment_status":"closed","ping_status":"closed","sticky":false,"template":"","format":"standard","meta":{"footnotes":""},"categories":[177],"tags":[],"class_list":["post-74891","post","type-post","status-publish","format-standard","hentry","category-delegation-de-la-sicile"],"yoast_head":"<!-- This site is optimized with the Yoast SEO plugin v26.5 - https:\/\/yoast.com\/wordpress\/plugins\/seo\/ -->\n<title>SICILE : R\u00c9CENTES ACTIVIT\u00c9S D&#039;\u00c9T\u00c9 - Sacro Militare Ordine Costantiniano di San Giorgio<\/title>\n<meta name=\"robots\" content=\"index, follow, max-snippet:-1, max-image-preview:large, max-video-preview:-1\" \/>\n<link rel=\"canonical\" href=\"https:\/\/constantinianorder.com\/sicilia-recenti-attivita-estive\/\" \/>\n<meta property=\"og:locale\" content=\"fr_FR\" \/>\n<meta property=\"og:type\" content=\"article\" \/>\n<meta property=\"og:title\" content=\"SICILE : R\u00c9CENTES ACTIVIT\u00c9S D&#039;\u00c9T\u00c9 - Sacro Militare Ordine Costantiniano di San Giorgio\" \/>\n<meta property=\"og:description\" content=\"Le dimanche 23 juillet a \u00e9t\u00e9 c\u00e9l\u00e9br\u00e9e la f\u00eate de Saint Beno\u00eet dans l&rsquo;\u00e9glise de San Martino delle Scale.S. E. Rev. Mons. Rosario Gisana a pr\u00e9sid\u00e9 la liturgie solennelle qui a \u00e9t\u00e9 conc\u00e9l\u00e9br\u00e9e par Rev. P\u00e8re Abb\u00e9 Vittorio Rizzone.Avant le d\u00e9but de la c\u00e9l\u00e9bration P\u00e8re Vittorio Rizzone a remerci\u00e9 Mons. Gisana pour avoir accept\u00e9 l&rsquo;invitation [&hellip;]\" \/>\n<meta property=\"og:url\" content=\"https:\/\/constantinianorder.com\/sicilia-recenti-attivita-estive\/\" \/>\n<meta property=\"og:site_name\" content=\"Sacro Militare Ordine Costantiniano di San Giorgio\" \/>\n<meta property=\"article:publisher\" content=\"https:\/\/www.facebook.com\/constantinianorder\" \/>\n<meta property=\"article:published_time\" content=\"2023-08-30T15:47:35+00:00\" \/>\n<meta property=\"article:modified_time\" content=\"2025-10-21T08:31:02+00:00\" \/>\n<meta property=\"og:image\" content=\"https:\/\/constantinianorder.com\/wp-content\/uploads\/2023\/08\/IMG-20230726-WA0006-1.webp\" \/>\n\t<meta property=\"og:image:width\" content=\"1920\" \/>\n\t<meta property=\"og:image:height\" content=\"1440\" \/>\n\t<meta property=\"og:image:type\" content=\"image\/webp\" \/>\n<meta name=\"author\" content=\"admin\" \/>\n<meta name=\"twitter:card\" content=\"summary_large_image\" \/>\n<meta name=\"twitter:label1\" content=\"\u00c9crit par\" \/>\n\t<meta name=\"twitter:data1\" content=\"admin\" \/>\n\t<meta name=\"twitter:label2\" content=\"Dur\u00e9e de lecture estim\u00e9e\" \/>\n\t<meta name=\"twitter:data2\" content=\"4 minutes\" \/>\n<script type=\"application\/ld+json\" class=\"yoast-schema-graph\">{\"@context\":\"https:\/\/schema.org\",\"@graph\":[{\"@type\":\"Article\",\"@id\":\"https:\/\/constantinianorder.com\/sicilia-recenti-attivita-estive\/#article\",\"isPartOf\":{\"@id\":\"https:\/\/constantinianorder.com\/sicilia-recenti-attivita-estive\/\"},\"author\":{\"name\":\"admin\",\"@id\":\"https:\/\/constantinianorder.com\/#\/schema\/person\/493f3b1475d575dcddda4ec923772c66\"},\"headline\":\"SICILE : R\u00c9CENTES ACTIVIT\u00c9S D&rsquo;\u00c9T\u00c9\",\"datePublished\":\"2023-08-30T15:47:35+00:00\",\"dateModified\":\"2025-10-21T08:31:02+00:00\",\"mainEntityOfPage\":{\"@id\":\"https:\/\/constantinianorder.com\/sicilia-recenti-attivita-estive\/\"},\"wordCount\":753,\"publisher\":{\"@id\":\"https:\/\/constantinianorder.com\/#organization\"},\"image\":{\"@id\":\"https:\/\/constantinianorder.com\/sicilia-recenti-attivita-estive\/#primaryimage\"},\"thumbnailUrl\":\"https:\/\/constantinianorder.com\/wp-content\/uploads\/2023\/08\/IMG-20230726-WA0006-1-1024x768.jpg\",\"articleSection\":[\"D\u00e9l\u00e9gation de la Sicile\"],\"inLanguage\":\"fr-FR\"},{\"@type\":\"WebPage\",\"@id\":\"https:\/\/constantinianorder.com\/sicilia-recenti-attivita-estive\/\",\"url\":\"https:\/\/constantinianorder.com\/sicilia-recenti-attivita-estive\/\",\"name\":\"SICILE : R\u00c9CENTES ACTIVIT\u00c9S D'\u00c9T\u00c9 - Sacro Militare Ordine Costantiniano di San Giorgio\",\"isPartOf\":{\"@id\":\"https:\/\/constantinianorder.com\/#website\"},\"primaryImageOfPage\":{\"@id\":\"https:\/\/constantinianorder.com\/sicilia-recenti-attivita-estive\/#primaryimage\"},\"image\":{\"@id\":\"https:\/\/constantinianorder.com\/sicilia-recenti-attivita-estive\/#primaryimage\"},\"thumbnailUrl\":\"https:\/\/constantinianorder.com\/wp-content\/uploads\/2023\/08\/IMG-20230726-WA0006-1-1024x768.jpg\",\"datePublished\":\"2023-08-30T15:47:35+00:00\",\"dateModified\":\"2025-10-21T08:31:02+00:00\",\"breadcrumb\":{\"@id\":\"https:\/\/constantinianorder.com\/sicilia-recenti-attivita-estive\/#breadcrumb\"},\"inLanguage\":\"fr-FR\",\"potentialAction\":[{\"@type\":\"ReadAction\",\"target\":[\"https:\/\/constantinianorder.com\/sicilia-recenti-attivita-estive\/\"]}]},{\"@type\":\"ImageObject\",\"inLanguage\":\"fr-FR\",\"@id\":\"https:\/\/constantinianorder.com\/sicilia-recenti-attivita-estive\/#primaryimage\",\"url\":\"https:\/\/constantinianorder.com\/wp-content\/uploads\/2023\/08\/IMG-20230726-WA0006-1-1024x768.jpg\",\"contentUrl\":\"https:\/\/constantinianorder.com\/wp-content\/uploads\/2023\/08\/IMG-20230726-WA0006-1-1024x768.jpg\"},{\"@type\":\"BreadcrumbList\",\"@id\":\"https:\/\/constantinianorder.com\/sicilia-recenti-attivita-estive\/#breadcrumb\",\"itemListElement\":[{\"@type\":\"ListItem\",\"position\":1,\"name\":\"Home\",\"item\":\"https:\/\/constantinianorder.com\/en\/\"},{\"@type\":\"ListItem\",\"position\":2,\"name\":\"SICILE : R\u00c9CENTES ACTIVIT\u00c9S D&#8217;\u00c9T\u00c9\"}]},{\"@type\":\"WebSite\",\"@id\":\"https:\/\/constantinianorder.com\/#website\",\"url\":\"https:\/\/constantinianorder.com\/\",\"name\":\"Sacro Militare Ordine Costantiniano di San Giorgio\",\"description\":\"Ordine Ufficiale\",\"publisher\":{\"@id\":\"https:\/\/constantinianorder.com\/#organization\"},\"potentialAction\":[{\"@type\":\"SearchAction\",\"target\":{\"@type\":\"EntryPoint\",\"urlTemplate\":\"https:\/\/constantinianorder.com\/?s={search_term_string}\"},\"query-input\":{\"@type\":\"PropertyValueSpecification\",\"valueRequired\":true,\"valueName\":\"search_term_string\"}}],\"inLanguage\":\"fr-FR\"},{\"@type\":\"Organization\",\"@id\":\"https:\/\/constantinianorder.com\/#organization\",\"name\":\"Sacro Militare Ordine Costantiniano di San Giorgio\",\"url\":\"https:\/\/constantinianorder.com\/\",\"logo\":{\"@type\":\"ImageObject\",\"inLanguage\":\"fr-FR\",\"@id\":\"https:\/\/constantinianorder.com\/#\/schema\/logo\/image\/\",\"url\":\"https:\/\/constantinianorder.com\/wp-content\/uploads\/2025\/10\/cropped-logo-costantiniano.png\",\"contentUrl\":\"https:\/\/constantinianorder.com\/wp-content\/uploads\/2025\/10\/cropped-logo-costantiniano.png\",\"width\":512,\"height\":512,\"caption\":\"Sacro Militare Ordine Costantiniano di San Giorgio\"},\"image\":{\"@id\":\"https:\/\/constantinianorder.com\/#\/schema\/logo\/image\/\"},\"sameAs\":[\"https:\/\/www.facebook.com\/constantinianorder\",\"https:\/\/www.instagram.com\/constantinianorder\/\",\"https:\/\/www.youtube.com\/@granmagisterodelsacromilit9375\"]},{\"@type\":\"Person\",\"@id\":\"https:\/\/constantinianorder.com\/#\/schema\/person\/493f3b1475d575dcddda4ec923772c66\",\"name\":\"admin\",\"sameAs\":[\"https:\/\/constantinianorder.com\"],\"url\":\"https:\/\/constantinianorder.com\/fr\/author\/domain_jlukbpo7\/\"}]}<\/script>\n<!-- \/ Yoast SEO plugin. -->","yoast_head_json":{"title":"SICILE : R\u00c9CENTES ACTIVIT\u00c9S D'\u00c9T\u00c9 - Sacro Militare Ordine Costantiniano di San Giorgio","robots":{"index":"index","follow":"follow","max-snippet":"max-snippet:-1","max-image-preview":"max-image-preview:large","max-video-preview":"max-video-preview:-1"},"canonical":"https:\/\/constantinianorder.com\/sicilia-recenti-attivita-estive\/","og_locale":"fr_FR","og_type":"article","og_title":"SICILE : R\u00c9CENTES ACTIVIT\u00c9S D'\u00c9T\u00c9 - Sacro Militare Ordine Costantiniano di San Giorgio","og_description":"Le dimanche 23 juillet a \u00e9t\u00e9 c\u00e9l\u00e9br\u00e9e la f\u00eate de Saint Beno\u00eet dans l&rsquo;\u00e9glise de San Martino delle Scale.S. E. Rev. Mons. Rosario Gisana a pr\u00e9sid\u00e9 la liturgie solennelle qui a \u00e9t\u00e9 conc\u00e9l\u00e9br\u00e9e par Rev. P\u00e8re Abb\u00e9 Vittorio Rizzone.Avant le d\u00e9but de la c\u00e9l\u00e9bration P\u00e8re Vittorio Rizzone a remerci\u00e9 Mons. Gisana pour avoir accept\u00e9 l&rsquo;invitation [&hellip;]","og_url":"https:\/\/constantinianorder.com\/sicilia-recenti-attivita-estive\/","og_site_name":"Sacro Militare Ordine Costantiniano di San Giorgio","article_publisher":"https:\/\/www.facebook.com\/constantinianorder","article_published_time":"2023-08-30T15:47:35+00:00","article_modified_time":"2025-10-21T08:31:02+00:00","og_image":[{"width":1920,"height":1440,"url":"https:\/\/constantinianorder.com\/wp-content\/uploads\/2023\/08\/IMG-20230726-WA0006-1.webp","type":"image\/webp"}],"author":"admin","twitter_card":"summary_large_image","twitter_misc":{"\u00c9crit par":"admin","Dur\u00e9e de lecture estim\u00e9e":"4 minutes"},"schema":{"@context":"https:\/\/schema.org","@graph":[{"@type":"Article","@id":"https:\/\/constantinianorder.com\/sicilia-recenti-attivita-estive\/#article","isPartOf":{"@id":"https:\/\/constantinianorder.com\/sicilia-recenti-attivita-estive\/"},"author":{"name":"admin","@id":"https:\/\/constantinianorder.com\/#\/schema\/person\/493f3b1475d575dcddda4ec923772c66"},"headline":"SICILE : R\u00c9CENTES ACTIVIT\u00c9S D&rsquo;\u00c9T\u00c9","datePublished":"2023-08-30T15:47:35+00:00","dateModified":"2025-10-21T08:31:02+00:00","mainEntityOfPage":{"@id":"https:\/\/constantinianorder.com\/sicilia-recenti-attivita-estive\/"},"wordCount":753,"publisher":{"@id":"https:\/\/constantinianorder.com\/#organization"},"image":{"@id":"https:\/\/constantinianorder.com\/sicilia-recenti-attivita-estive\/#primaryimage"},"thumbnailUrl":"https:\/\/constantinianorder.com\/wp-content\/uploads\/2023\/08\/IMG-20230726-WA0006-1-1024x768.jpg","articleSection":["D\u00e9l\u00e9gation de la Sicile"],"inLanguage":"fr-FR"},{"@type":"WebPage","@id":"https:\/\/constantinianorder.com\/sicilia-recenti-attivita-estive\/","url":"https:\/\/constantinianorder.com\/sicilia-recenti-attivita-estive\/","name":"SICILE : R\u00c9CENTES ACTIVIT\u00c9S D'\u00c9T\u00c9 - Sacro Militare Ordine Costantiniano di San Giorgio","isPartOf":{"@id":"https:\/\/constantinianorder.com\/#website"},"primaryImageOfPage":{"@id":"https:\/\/constantinianorder.com\/sicilia-recenti-attivita-estive\/#primaryimage"},"image":{"@id":"https:\/\/constantinianorder.com\/sicilia-recenti-attivita-estive\/#primaryimage"},"thumbnailUrl":"https:\/\/constantinianorder.com\/wp-content\/uploads\/2023\/08\/IMG-20230726-WA0006-1-1024x768.jpg","datePublished":"2023-08-30T15:47:35+00:00","dateModified":"2025-10-21T08:31:02+00:00","breadcrumb":{"@id":"https:\/\/constantinianorder.com\/sicilia-recenti-attivita-estive\/#breadcrumb"},"inLanguage":"fr-FR","potentialAction":[{"@type":"ReadAction","target":["https:\/\/constantinianorder.com\/sicilia-recenti-attivita-estive\/"]}]},{"@type":"ImageObject","inLanguage":"fr-FR","@id":"https:\/\/constantinianorder.com\/sicilia-recenti-attivita-estive\/#primaryimage","url":"https:\/\/constantinianorder.com\/wp-content\/uploads\/2023\/08\/IMG-20230726-WA0006-1-1024x768.jpg","contentUrl":"https:\/\/constantinianorder.com\/wp-content\/uploads\/2023\/08\/IMG-20230726-WA0006-1-1024x768.jpg"},{"@type":"BreadcrumbList","@id":"https:\/\/constantinianorder.com\/sicilia-recenti-attivita-estive\/#breadcrumb","itemListElement":[{"@type":"ListItem","position":1,"name":"Home","item":"https:\/\/constantinianorder.com\/en\/"},{"@type":"ListItem","position":2,"name":"SICILE : R\u00c9CENTES ACTIVIT\u00c9S D&#8217;\u00c9T\u00c9"}]},{"@type":"WebSite","@id":"https:\/\/constantinianorder.com\/#website","url":"https:\/\/constantinianorder.com\/","name":"Sacro Militare Ordine Costantiniano di San Giorgio","description":"Ordine Ufficiale","publisher":{"@id":"https:\/\/constantinianorder.com\/#organization"},"potentialAction":[{"@type":"SearchAction","target":{"@type":"EntryPoint","urlTemplate":"https:\/\/constantinianorder.com\/?s={search_term_string}"},"query-input":{"@type":"PropertyValueSpecification","valueRequired":true,"valueName":"search_term_string"}}],"inLanguage":"fr-FR"},{"@type":"Organization","@id":"https:\/\/constantinianorder.com\/#organization","name":"Sacro Militare Ordine Costantiniano di San Giorgio","url":"https:\/\/constantinianorder.com\/","logo":{"@type":"ImageObject","inLanguage":"fr-FR","@id":"https:\/\/constantinianorder.com\/#\/schema\/logo\/image\/","url":"https:\/\/constantinianorder.com\/wp-content\/uploads\/2025\/10\/cropped-logo-costantiniano.png","contentUrl":"https:\/\/constantinianorder.com\/wp-content\/uploads\/2025\/10\/cropped-logo-costantiniano.png","width":512,"height":512,"caption":"Sacro Militare Ordine Costantiniano di San Giorgio"},"image":{"@id":"https:\/\/constantinianorder.com\/#\/schema\/logo\/image\/"},"sameAs":["https:\/\/www.facebook.com\/constantinianorder","https:\/\/www.instagram.com\/constantinianorder\/","https:\/\/www.youtube.com\/@granmagisterodelsacromilit9375"]},{"@type":"Person","@id":"https:\/\/constantinianorder.com\/#\/schema\/person\/493f3b1475d575dcddda4ec923772c66","name":"admin","sameAs":["https:\/\/constantinianorder.com"],"url":"https:\/\/constantinianorder.com\/fr\/author\/domain_jlukbpo7\/"}]}},"_links":{"self":[{"href":"https:\/\/constantinianorder.com\/fr\/wp-json\/wp\/v2\/posts\/74891","targetHints":{"allow":["GET"]}}],"collection":[{"href":"https:\/\/constantinianorder.com\/fr\/wp-json\/wp\/v2\/posts"}],"about":[{"href":"https:\/\/constantinianorder.com\/fr\/wp-json\/wp\/v2\/types\/post"}],"author":[{"embeddable":true,"href":"https:\/\/constantinianorder.com\/fr\/wp-json\/wp\/v2\/users\/1"}],"replies":[{"embeddable":true,"href":"https:\/\/constantinianorder.com\/fr\/wp-json\/wp\/v2\/comments?post=74891"}],"version-history":[{"count":1,"href":"https:\/\/constantinianorder.com\/fr\/wp-json\/wp\/v2\/posts\/74891\/revisions"}],"predecessor-version":[{"id":83531,"href":"https:\/\/constantinianorder.com\/fr\/wp-json\/wp\/v2\/posts\/74891\/revisions\/83531"}],"wp:attachment":[{"href":"https:\/\/constantinianorder.com\/fr\/wp-json\/wp\/v2\/media?parent=74891"}],"wp:term":[{"taxonomy":"category","embeddable":true,"href":"https:\/\/constantinianorder.com\/fr\/wp-json\/wp\/v2\/categories?post=74891"},{"taxonomy":"post_tag","embeddable":true,"href":"https:\/\/constantinianorder.com\/fr\/wp-json\/wp\/v2\/tags?post=74891"}],"curies":[{"name":"wp","href":"https:\/\/api.w.org\/{rel}","templated":true}]}}