{"id":74859,"date":"2023-10-23T11:56:29","date_gmt":"2023-10-23T11:56:29","guid":{"rendered":"https:\/\/constantinianorder.net\/s-a-r-il-gran-maestro-incontra-s-e-marek-lisansky-ambasciatore-della-repubblica-slovacca-presso-la-santa-sede\/"},"modified":"2025-10-21T08:13:43","modified_gmt":"2025-10-21T08:13:43","slug":"s-a-r-le-grand-maitre-rencontre-s-e-marek-lisansky-ambassadeur-de-la-republique-slovaque-aupres-du-saint-siege","status":"publish","type":"post","link":"https:\/\/constantinianorder.com\/fr\/s-a-r-le-grand-maitre-rencontre-s-e-marek-lisansky-ambassadeur-de-la-republique-slovaque-aupres-du-saint-siege\/","title":{"rendered":"S.A.R. le Grand Ma\u00eetre rencontre S.E. Marek Lis\u00e1nsky, Ambassadeur de la R\u00e9publique Slovaque aupr\u00e8s du Saint Si\u00e8ge"},"content":{"rendered":"\n<figure class=\"wp-block-image\"><img decoding=\"async\" src=\"https:\/\/constantinianorder.com\/wp-content\/uploads\/2023\/10\/1-768x1024.jpeg\" alt=\"\" class=\"wp-image-74815\"\/><\/figure>\n\n\n\n<figure class=\"wp-block-image\"><img decoding=\"async\" src=\"https:\/\/constantinianorder.com\/wp-content\/uploads\/2023\/10\/3-768x1024.jpeg\" alt=\"\" class=\"wp-image-74823\"\/><\/figure>\n\n\n\n<figure class=\"wp-block-image\"><img decoding=\"async\" src=\"https:\/\/constantinianorder.com\/wp-content\/uploads\/2023\/10\/4-768x1024.jpeg\" alt=\"\" class=\"wp-image-74831\"\/><\/figure>\n\n\n\n<figure class=\"wp-block-image\"><img decoding=\"async\" src=\"https:\/\/constantinianorder.com\/wp-content\/uploads\/2023\/10\/2-768x1024.jpeg\" alt=\"\" class=\"wp-image-74819\"\/><\/figure>\n\n\n\n<p>S.A.R. le Prince Charles de Bourbon des Deux Siciles, Duc de Castro et Chef de la Maison Royale, pendant la journ\u00e9e de mercredi 18 octobre, a \u00e9t\u00e9 invit\u00e9 \u00e0 un petit d\u00e9jeuner priv\u00e9 par Son Excellence Marek Lis\u00e1nsky, Ambassadeur de la R\u00e9publique Slovaque aupr\u00e8s du Saint Si\u00e8ge, dans sa R\u00e9sidence.<br>S.E. Eduard d\u2019Habsbourg, Ambassadeur de Hongrie aupr\u00e8s du Saint Si\u00e8ge, S.E. Francesco Di Nitto, Ambassadeur  d&rsquo;Italie aupr\u00e8s du Saint Si\u00e8ge, S.E. Marcus Bergmann, Ambassadeur d\u2019Autriche aupr\u00e8s du Saint Si\u00e8ge et Monsieur Giampaolo Grazian, Secr\u00e9taire G\u00e9n\u00e9rale ont assist\u00e9. <br>L\u2019entretien a permis de se concentrer sur plusieurs th\u00e8mes, notamment les rapports d\u00e9j\u00e0 consolid\u00e9s entre l&rsquo;Ordre Costantinien, le Saint Si\u00e8ge et les pays repr\u00e9sent\u00e9s par les Ambassadeurs pr\u00e9sents. <\/p>\n","protected":false},"excerpt":{"rendered":"<p>S.A.R. le Prince Charles de Bourbon des Deux Siciles, Duc de Castro et Chef de la Maison Royale, pendant la journ\u00e9e de mercredi 18 octobre, a \u00e9t\u00e9 invit\u00e9 \u00e0 un petit d\u00e9jeuner priv\u00e9 par Son Excellence Marek Lis\u00e1nsky, Ambassadeur de la R\u00e9publique Slovaque aupr\u00e8s du Saint Si\u00e8ge, dans sa R\u00e9sidence.S.E. Eduard d\u2019Habsbourg, Ambassadeur de Hongrie [&hellip;]<\/p>\n","protected":false},"author":1,"featured_media":0,"comment_status":"closed","ping_status":"closed","sticky":false,"template":"","format":"standard","meta":{"footnotes":""},"categories":[85,62],"tags":[],"class_list":["post-74859","post","type-post","status-publish","format-standard","hentry","category-communiques-du-grand-magistere","category-delegazione-della-austria"],"yoast_head":"<!-- This site is optimized with the Yoast SEO plugin v26.5 - https:\/\/yoast.com\/wordpress\/plugins\/seo\/ -->\n<title>S.A.R. le Grand Ma\u00eetre rencontre S.E. Marek Lis\u00e1nsky, Ambassadeur de la R\u00e9publique Slovaque aupr\u00e8s du Saint Si\u00e8ge - Sacro Militare Ordine Costantiniano di San Giorgio<\/title>\n<meta name=\"robots\" content=\"index, follow, max-snippet:-1, max-image-preview:large, max-video-preview:-1\" \/>\n<link rel=\"canonical\" href=\"https:\/\/constantinianorder.com\/s-a-r-il-gran-maestro-incontra-s-e-marek-lisansky-ambasciatore-della-repubblica-slovacca-presso-la-santa-sede\/\" \/>\n<meta property=\"og:locale\" content=\"fr_FR\" \/>\n<meta property=\"og:type\" content=\"article\" \/>\n<meta property=\"og:title\" content=\"S.A.R. le Grand Ma\u00eetre rencontre S.E. Marek Lis\u00e1nsky, Ambassadeur de la R\u00e9publique Slovaque aupr\u00e8s du Saint Si\u00e8ge - Sacro Militare Ordine Costantiniano di San Giorgio\" \/>\n<meta property=\"og:description\" content=\"S.A.R. le Prince Charles de Bourbon des Deux Siciles, Duc de Castro et Chef de la Maison Royale, pendant la journ\u00e9e de mercredi 18 octobre, a \u00e9t\u00e9 invit\u00e9 \u00e0 un petit d\u00e9jeuner priv\u00e9 par Son Excellence Marek Lis\u00e1nsky, Ambassadeur de la R\u00e9publique Slovaque aupr\u00e8s du Saint Si\u00e8ge, dans sa R\u00e9sidence.S.E. Eduard d\u2019Habsbourg, Ambassadeur de Hongrie [&hellip;]\" \/>\n<meta property=\"og:url\" content=\"https:\/\/constantinianorder.com\/s-a-r-il-gran-maestro-incontra-s-e-marek-lisansky-ambasciatore-della-repubblica-slovacca-presso-la-santa-sede\/\" \/>\n<meta property=\"og:site_name\" content=\"Sacro Militare Ordine Costantiniano di San Giorgio\" \/>\n<meta property=\"article:publisher\" content=\"https:\/\/www.facebook.com\/constantinianorder\" \/>\n<meta property=\"article:published_time\" content=\"2023-10-23T11:56:29+00:00\" \/>\n<meta property=\"article:modified_time\" content=\"2025-10-21T08:13:43+00:00\" \/>\n<meta property=\"og:image\" content=\"https:\/\/constantinianorder.com\/wp-content\/uploads\/2023\/10\/1.webp\" \/>\n\t<meta property=\"og:image:width\" content=\"1440\" \/>\n\t<meta property=\"og:image:height\" content=\"1920\" \/>\n\t<meta property=\"og:image:type\" content=\"image\/webp\" \/>\n<meta name=\"author\" content=\"admin\" \/>\n<meta name=\"twitter:card\" content=\"summary_large_image\" \/>\n<meta name=\"twitter:label1\" content=\"\u00c9crit par\" \/>\n\t<meta name=\"twitter:data1\" content=\"admin\" \/>\n\t<meta name=\"twitter:label2\" content=\"Dur\u00e9e de lecture estim\u00e9e\" \/>\n\t<meta name=\"twitter:data2\" content=\"1 minute\" \/>\n<script type=\"application\/ld+json\" class=\"yoast-schema-graph\">{\"@context\":\"https:\/\/schema.org\",\"@graph\":[{\"@type\":\"Article\",\"@id\":\"https:\/\/constantinianorder.com\/s-a-r-il-gran-maestro-incontra-s-e-marek-lisansky-ambasciatore-della-repubblica-slovacca-presso-la-santa-sede\/#article\",\"isPartOf\":{\"@id\":\"https:\/\/constantinianorder.com\/s-a-r-il-gran-maestro-incontra-s-e-marek-lisansky-ambasciatore-della-repubblica-slovacca-presso-la-santa-sede\/\"},\"author\":{\"name\":\"admin\",\"@id\":\"https:\/\/constantinianorder.com\/#\/schema\/person\/493f3b1475d575dcddda4ec923772c66\"},\"headline\":\"S.A.R. le Grand Ma\u00eetre rencontre S.E. Marek Lis\u00e1nsky, Ambassadeur de la R\u00e9publique Slovaque aupr\u00e8s du Saint Si\u00e8ge\",\"datePublished\":\"2023-10-23T11:56:29+00:00\",\"dateModified\":\"2025-10-21T08:13:43+00:00\",\"mainEntityOfPage\":{\"@id\":\"https:\/\/constantinianorder.com\/s-a-r-il-gran-maestro-incontra-s-e-marek-lisansky-ambasciatore-della-repubblica-slovacca-presso-la-santa-sede\/\"},\"wordCount\":171,\"publisher\":{\"@id\":\"https:\/\/constantinianorder.com\/#organization\"},\"image\":{\"@id\":\"https:\/\/constantinianorder.com\/s-a-r-il-gran-maestro-incontra-s-e-marek-lisansky-ambasciatore-della-repubblica-slovacca-presso-la-santa-sede\/#primaryimage\"},\"thumbnailUrl\":\"https:\/\/constantinianorder.com\/wp-content\/uploads\/2023\/10\/1-768x1024.jpeg\",\"articleSection\":[\"Communiqu\u00e9s du Grand Magist\u00e8re\",\"Delegazione dell'Austria\"],\"inLanguage\":\"fr-FR\"},{\"@type\":\"WebPage\",\"@id\":\"https:\/\/constantinianorder.com\/s-a-r-il-gran-maestro-incontra-s-e-marek-lisansky-ambasciatore-della-repubblica-slovacca-presso-la-santa-sede\/\",\"url\":\"https:\/\/constantinianorder.com\/s-a-r-il-gran-maestro-incontra-s-e-marek-lisansky-ambasciatore-della-repubblica-slovacca-presso-la-santa-sede\/\",\"name\":\"S.A.R. le Grand Ma\u00eetre rencontre S.E. Marek Lis\u00e1nsky, Ambassadeur de la R\u00e9publique Slovaque aupr\u00e8s du Saint Si\u00e8ge - Sacro Militare Ordine Costantiniano di San Giorgio\",\"isPartOf\":{\"@id\":\"https:\/\/constantinianorder.com\/#website\"},\"primaryImageOfPage\":{\"@id\":\"https:\/\/constantinianorder.com\/s-a-r-il-gran-maestro-incontra-s-e-marek-lisansky-ambasciatore-della-repubblica-slovacca-presso-la-santa-sede\/#primaryimage\"},\"image\":{\"@id\":\"https:\/\/constantinianorder.com\/s-a-r-il-gran-maestro-incontra-s-e-marek-lisansky-ambasciatore-della-repubblica-slovacca-presso-la-santa-sede\/#primaryimage\"},\"thumbnailUrl\":\"https:\/\/constantinianorder.com\/wp-content\/uploads\/2023\/10\/1-768x1024.jpeg\",\"datePublished\":\"2023-10-23T11:56:29+00:00\",\"dateModified\":\"2025-10-21T08:13:43+00:00\",\"breadcrumb\":{\"@id\":\"https:\/\/constantinianorder.com\/s-a-r-il-gran-maestro-incontra-s-e-marek-lisansky-ambasciatore-della-repubblica-slovacca-presso-la-santa-sede\/#breadcrumb\"},\"inLanguage\":\"fr-FR\",\"potentialAction\":[{\"@type\":\"ReadAction\",\"target\":[\"https:\/\/constantinianorder.com\/s-a-r-il-gran-maestro-incontra-s-e-marek-lisansky-ambasciatore-della-repubblica-slovacca-presso-la-santa-sede\/\"]}]},{\"@type\":\"ImageObject\",\"inLanguage\":\"fr-FR\",\"@id\":\"https:\/\/constantinianorder.com\/s-a-r-il-gran-maestro-incontra-s-e-marek-lisansky-ambasciatore-della-repubblica-slovacca-presso-la-santa-sede\/#primaryimage\",\"url\":\"https:\/\/constantinianorder.com\/wp-content\/uploads\/2023\/10\/1-768x1024.jpeg\",\"contentUrl\":\"https:\/\/constantinianorder.com\/wp-content\/uploads\/2023\/10\/1-768x1024.jpeg\"},{\"@type\":\"BreadcrumbList\",\"@id\":\"https:\/\/constantinianorder.com\/s-a-r-il-gran-maestro-incontra-s-e-marek-lisansky-ambasciatore-della-repubblica-slovacca-presso-la-santa-sede\/#breadcrumb\",\"itemListElement\":[{\"@type\":\"ListItem\",\"position\":1,\"name\":\"Home\",\"item\":\"https:\/\/constantinianorder.com\/en\/\"},{\"@type\":\"ListItem\",\"position\":2,\"name\":\"S.A.R. le Grand Ma\u00eetre rencontre S.E. Marek Lis\u00e1nsky, Ambassadeur de la R\u00e9publique Slovaque aupr\u00e8s du Saint Si\u00e8ge\"}]},{\"@type\":\"WebSite\",\"@id\":\"https:\/\/constantinianorder.com\/#website\",\"url\":\"https:\/\/constantinianorder.com\/\",\"name\":\"Sacro Militare Ordine Costantiniano di San Giorgio\",\"description\":\"Ordine Ufficiale\",\"publisher\":{\"@id\":\"https:\/\/constantinianorder.com\/#organization\"},\"potentialAction\":[{\"@type\":\"SearchAction\",\"target\":{\"@type\":\"EntryPoint\",\"urlTemplate\":\"https:\/\/constantinianorder.com\/?s={search_term_string}\"},\"query-input\":{\"@type\":\"PropertyValueSpecification\",\"valueRequired\":true,\"valueName\":\"search_term_string\"}}],\"inLanguage\":\"fr-FR\"},{\"@type\":\"Organization\",\"@id\":\"https:\/\/constantinianorder.com\/#organization\",\"name\":\"Sacro Militare Ordine Costantiniano di San Giorgio\",\"url\":\"https:\/\/constantinianorder.com\/\",\"logo\":{\"@type\":\"ImageObject\",\"inLanguage\":\"fr-FR\",\"@id\":\"https:\/\/constantinianorder.com\/#\/schema\/logo\/image\/\",\"url\":\"https:\/\/constantinianorder.com\/wp-content\/uploads\/2025\/10\/cropped-logo-costantiniano.png\",\"contentUrl\":\"https:\/\/constantinianorder.com\/wp-content\/uploads\/2025\/10\/cropped-logo-costantiniano.png\",\"width\":512,\"height\":512,\"caption\":\"Sacro Militare Ordine Costantiniano di San Giorgio\"},\"image\":{\"@id\":\"https:\/\/constantinianorder.com\/#\/schema\/logo\/image\/\"},\"sameAs\":[\"https:\/\/www.facebook.com\/constantinianorder\",\"https:\/\/www.instagram.com\/constantinianorder\/\",\"https:\/\/www.youtube.com\/@granmagisterodelsacromilit9375\"]},{\"@type\":\"Person\",\"@id\":\"https:\/\/constantinianorder.com\/#\/schema\/person\/493f3b1475d575dcddda4ec923772c66\",\"name\":\"admin\",\"sameAs\":[\"https:\/\/constantinianorder.com\"],\"url\":\"https:\/\/constantinianorder.com\/fr\/author\/domain_jlukbpo7\/\"}]}<\/script>\n<!-- \/ Yoast SEO plugin. -->","yoast_head_json":{"title":"S.A.R. le Grand Ma\u00eetre rencontre S.E. Marek Lis\u00e1nsky, Ambassadeur de la R\u00e9publique Slovaque aupr\u00e8s du Saint Si\u00e8ge - Sacro Militare Ordine Costantiniano di San Giorgio","robots":{"index":"index","follow":"follow","max-snippet":"max-snippet:-1","max-image-preview":"max-image-preview:large","max-video-preview":"max-video-preview:-1"},"canonical":"https:\/\/constantinianorder.com\/s-a-r-il-gran-maestro-incontra-s-e-marek-lisansky-ambasciatore-della-repubblica-slovacca-presso-la-santa-sede\/","og_locale":"fr_FR","og_type":"article","og_title":"S.A.R. le Grand Ma\u00eetre rencontre S.E. Marek Lis\u00e1nsky, Ambassadeur de la R\u00e9publique Slovaque aupr\u00e8s du Saint Si\u00e8ge - Sacro Militare Ordine Costantiniano di San Giorgio","og_description":"S.A.R. le Prince Charles de Bourbon des Deux Siciles, Duc de Castro et Chef de la Maison Royale, pendant la journ\u00e9e de mercredi 18 octobre, a \u00e9t\u00e9 invit\u00e9 \u00e0 un petit d\u00e9jeuner priv\u00e9 par Son Excellence Marek Lis\u00e1nsky, Ambassadeur de la R\u00e9publique Slovaque aupr\u00e8s du Saint Si\u00e8ge, dans sa R\u00e9sidence.S.E. Eduard d\u2019Habsbourg, Ambassadeur de Hongrie [&hellip;]","og_url":"https:\/\/constantinianorder.com\/s-a-r-il-gran-maestro-incontra-s-e-marek-lisansky-ambasciatore-della-repubblica-slovacca-presso-la-santa-sede\/","og_site_name":"Sacro Militare Ordine Costantiniano di San Giorgio","article_publisher":"https:\/\/www.facebook.com\/constantinianorder","article_published_time":"2023-10-23T11:56:29+00:00","article_modified_time":"2025-10-21T08:13:43+00:00","og_image":[{"width":1440,"height":1920,"url":"https:\/\/constantinianorder.com\/wp-content\/uploads\/2023\/10\/1.webp","type":"image\/webp"}],"author":"admin","twitter_card":"summary_large_image","twitter_misc":{"\u00c9crit par":"admin","Dur\u00e9e de lecture estim\u00e9e":"1 minute"},"schema":{"@context":"https:\/\/schema.org","@graph":[{"@type":"Article","@id":"https:\/\/constantinianorder.com\/s-a-r-il-gran-maestro-incontra-s-e-marek-lisansky-ambasciatore-della-repubblica-slovacca-presso-la-santa-sede\/#article","isPartOf":{"@id":"https:\/\/constantinianorder.com\/s-a-r-il-gran-maestro-incontra-s-e-marek-lisansky-ambasciatore-della-repubblica-slovacca-presso-la-santa-sede\/"},"author":{"name":"admin","@id":"https:\/\/constantinianorder.com\/#\/schema\/person\/493f3b1475d575dcddda4ec923772c66"},"headline":"S.A.R. le Grand Ma\u00eetre rencontre S.E. Marek Lis\u00e1nsky, Ambassadeur de la R\u00e9publique Slovaque aupr\u00e8s du Saint Si\u00e8ge","datePublished":"2023-10-23T11:56:29+00:00","dateModified":"2025-10-21T08:13:43+00:00","mainEntityOfPage":{"@id":"https:\/\/constantinianorder.com\/s-a-r-il-gran-maestro-incontra-s-e-marek-lisansky-ambasciatore-della-repubblica-slovacca-presso-la-santa-sede\/"},"wordCount":171,"publisher":{"@id":"https:\/\/constantinianorder.com\/#organization"},"image":{"@id":"https:\/\/constantinianorder.com\/s-a-r-il-gran-maestro-incontra-s-e-marek-lisansky-ambasciatore-della-repubblica-slovacca-presso-la-santa-sede\/#primaryimage"},"thumbnailUrl":"https:\/\/constantinianorder.com\/wp-content\/uploads\/2023\/10\/1-768x1024.jpeg","articleSection":["Communiqu\u00e9s du Grand Magist\u00e8re","Delegazione dell'Austria"],"inLanguage":"fr-FR"},{"@type":"WebPage","@id":"https:\/\/constantinianorder.com\/s-a-r-il-gran-maestro-incontra-s-e-marek-lisansky-ambasciatore-della-repubblica-slovacca-presso-la-santa-sede\/","url":"https:\/\/constantinianorder.com\/s-a-r-il-gran-maestro-incontra-s-e-marek-lisansky-ambasciatore-della-repubblica-slovacca-presso-la-santa-sede\/","name":"S.A.R. le Grand Ma\u00eetre rencontre S.E. Marek Lis\u00e1nsky, Ambassadeur de la R\u00e9publique Slovaque aupr\u00e8s du Saint Si\u00e8ge - Sacro Militare Ordine Costantiniano di San Giorgio","isPartOf":{"@id":"https:\/\/constantinianorder.com\/#website"},"primaryImageOfPage":{"@id":"https:\/\/constantinianorder.com\/s-a-r-il-gran-maestro-incontra-s-e-marek-lisansky-ambasciatore-della-repubblica-slovacca-presso-la-santa-sede\/#primaryimage"},"image":{"@id":"https:\/\/constantinianorder.com\/s-a-r-il-gran-maestro-incontra-s-e-marek-lisansky-ambasciatore-della-repubblica-slovacca-presso-la-santa-sede\/#primaryimage"},"thumbnailUrl":"https:\/\/constantinianorder.com\/wp-content\/uploads\/2023\/10\/1-768x1024.jpeg","datePublished":"2023-10-23T11:56:29+00:00","dateModified":"2025-10-21T08:13:43+00:00","breadcrumb":{"@id":"https:\/\/constantinianorder.com\/s-a-r-il-gran-maestro-incontra-s-e-marek-lisansky-ambasciatore-della-repubblica-slovacca-presso-la-santa-sede\/#breadcrumb"},"inLanguage":"fr-FR","potentialAction":[{"@type":"ReadAction","target":["https:\/\/constantinianorder.com\/s-a-r-il-gran-maestro-incontra-s-e-marek-lisansky-ambasciatore-della-repubblica-slovacca-presso-la-santa-sede\/"]}]},{"@type":"ImageObject","inLanguage":"fr-FR","@id":"https:\/\/constantinianorder.com\/s-a-r-il-gran-maestro-incontra-s-e-marek-lisansky-ambasciatore-della-repubblica-slovacca-presso-la-santa-sede\/#primaryimage","url":"https:\/\/constantinianorder.com\/wp-content\/uploads\/2023\/10\/1-768x1024.jpeg","contentUrl":"https:\/\/constantinianorder.com\/wp-content\/uploads\/2023\/10\/1-768x1024.jpeg"},{"@type":"BreadcrumbList","@id":"https:\/\/constantinianorder.com\/s-a-r-il-gran-maestro-incontra-s-e-marek-lisansky-ambasciatore-della-repubblica-slovacca-presso-la-santa-sede\/#breadcrumb","itemListElement":[{"@type":"ListItem","position":1,"name":"Home","item":"https:\/\/constantinianorder.com\/en\/"},{"@type":"ListItem","position":2,"name":"S.A.R. le Grand Ma\u00eetre rencontre S.E. Marek Lis\u00e1nsky, Ambassadeur de la R\u00e9publique Slovaque aupr\u00e8s du Saint Si\u00e8ge"}]},{"@type":"WebSite","@id":"https:\/\/constantinianorder.com\/#website","url":"https:\/\/constantinianorder.com\/","name":"Sacro Militare Ordine Costantiniano di San Giorgio","description":"Ordine Ufficiale","publisher":{"@id":"https:\/\/constantinianorder.com\/#organization"},"potentialAction":[{"@type":"SearchAction","target":{"@type":"EntryPoint","urlTemplate":"https:\/\/constantinianorder.com\/?s={search_term_string}"},"query-input":{"@type":"PropertyValueSpecification","valueRequired":true,"valueName":"search_term_string"}}],"inLanguage":"fr-FR"},{"@type":"Organization","@id":"https:\/\/constantinianorder.com\/#organization","name":"Sacro Militare Ordine Costantiniano di San Giorgio","url":"https:\/\/constantinianorder.com\/","logo":{"@type":"ImageObject","inLanguage":"fr-FR","@id":"https:\/\/constantinianorder.com\/#\/schema\/logo\/image\/","url":"https:\/\/constantinianorder.com\/wp-content\/uploads\/2025\/10\/cropped-logo-costantiniano.png","contentUrl":"https:\/\/constantinianorder.com\/wp-content\/uploads\/2025\/10\/cropped-logo-costantiniano.png","width":512,"height":512,"caption":"Sacro Militare Ordine Costantiniano di San Giorgio"},"image":{"@id":"https:\/\/constantinianorder.com\/#\/schema\/logo\/image\/"},"sameAs":["https:\/\/www.facebook.com\/constantinianorder","https:\/\/www.instagram.com\/constantinianorder\/","https:\/\/www.youtube.com\/@granmagisterodelsacromilit9375"]},{"@type":"Person","@id":"https:\/\/constantinianorder.com\/#\/schema\/person\/493f3b1475d575dcddda4ec923772c66","name":"admin","sameAs":["https:\/\/constantinianorder.com"],"url":"https:\/\/constantinianorder.com\/fr\/author\/domain_jlukbpo7\/"}]}},"_links":{"self":[{"href":"https:\/\/constantinianorder.com\/fr\/wp-json\/wp\/v2\/posts\/74859","targetHints":{"allow":["GET"]}}],"collection":[{"href":"https:\/\/constantinianorder.com\/fr\/wp-json\/wp\/v2\/posts"}],"about":[{"href":"https:\/\/constantinianorder.com\/fr\/wp-json\/wp\/v2\/types\/post"}],"author":[{"embeddable":true,"href":"https:\/\/constantinianorder.com\/fr\/wp-json\/wp\/v2\/users\/1"}],"replies":[{"embeddable":true,"href":"https:\/\/constantinianorder.com\/fr\/wp-json\/wp\/v2\/comments?post=74859"}],"version-history":[{"count":1,"href":"https:\/\/constantinianorder.com\/fr\/wp-json\/wp\/v2\/posts\/74859\/revisions"}],"predecessor-version":[{"id":82525,"href":"https:\/\/constantinianorder.com\/fr\/wp-json\/wp\/v2\/posts\/74859\/revisions\/82525"}],"wp:attachment":[{"href":"https:\/\/constantinianorder.com\/fr\/wp-json\/wp\/v2\/media?parent=74859"}],"wp:term":[{"taxonomy":"category","embeddable":true,"href":"https:\/\/constantinianorder.com\/fr\/wp-json\/wp\/v2\/categories?post=74859"},{"taxonomy":"post_tag","embeddable":true,"href":"https:\/\/constantinianorder.com\/fr\/wp-json\/wp\/v2\/tags?post=74859"}],"curies":[{"name":"wp","href":"https:\/\/api.w.org\/{rel}","templated":true}]}}