{"id":74851,"date":"2023-10-23T12:55:04","date_gmt":"2023-10-23T12:55:04","guid":{"rendered":"https:\/\/constantinianorder.net\/incontro-tra-s-a-r-il-duca-di-castro-e-ling-milena-lerario-ad-di-airbus-italia\/"},"modified":"2025-10-21T08:13:40","modified_gmt":"2025-10-21T08:13:40","slug":"rencontre-entre-s-a-r-le-duc-de-castro-et-ling-milena-lerario-directrice-general-d-airbus-italia","status":"publish","type":"post","link":"https:\/\/constantinianorder.com\/fr\/rencontre-entre-s-a-r-le-duc-de-castro-et-ling-milena-lerario-directrice-general-d-airbus-italia\/","title":{"rendered":"RENCONTRE ENTRE S.A.R LE DUC DE CASTRO ET L&rsquo;ING. MILENA LERARIO, DIRECTRICE G\u00c9N\u00c9RAL D&rsquo; AIRBUS ITALIA"},"content":{"rendered":"\n<figure class=\"wp-block-image\"><img decoding=\"async\" src=\"https:\/\/constantinianorder.com\/wp-content\/uploads\/2023\/10\/1-1-768x1024.jpeg\" alt=\"\" class=\"wp-image-74837\"\/><\/figure>\n\n\n\n<figure class=\"wp-block-image\"><img decoding=\"async\" src=\"https:\/\/constantinianorder.com\/wp-content\/uploads\/2023\/10\/2-1-829x1024.jpeg\" alt=\"\" class=\"wp-image-74841\"\/><\/figure>\n\n\n\n<figure class=\"wp-block-image\"><img decoding=\"async\" src=\"https:\/\/constantinianorder.com\/wp-content\/uploads\/2023\/10\/3-2-1024x768.jpeg\" alt=\"\" class=\"wp-image-74845\"\/><\/figure>\n\n\n\n<p>Rome, le 18 octobre 2023 \u2013 Dans les locaux de la Chancellerie, S.A.R. le Prince Charles de Bourbon des Deux Siciles, Duc de Castro et Grand Ma\u00eetre, a re\u00e7u l\u2019Ing. Milena Lerario, Directrice G\u00e9n\u00e9rale d&rsquo;Airbus Italia.<br>Pendant l&rsquo;entretien cordial, ils ont discut\u00e9 de nombreux sujets, dont une possible collaboration entre l&rsquo;Ordre Costantinien et Airbus Italia, \u00e0 fin que beaucoup de femmes en \u00e9tat de n\u00e9cessit\u00e9, par des projets d\u00e9di\u00e9s, puissent b\u00e9n\u00e9ficier des outils de soutien. <br>\u00c0 la fin de la visite, S.A.R. le Grand Ma\u00eetre a consign\u00e9 \u00e0 l\u2019Ing. Lerario le dipl\u00f4me de nomination \u00e0 Dame Commendateur de M\u00e9rite de l\u2019Ordre et sa d\u00e9coration.<\/p>\n","protected":false},"excerpt":{"rendered":"<p>Rome, le 18 octobre 2023 \u2013 Dans les locaux de la Chancellerie, S.A.R. le Prince Charles de Bourbon des Deux Siciles, Duc de Castro et Grand Ma\u00eetre, a re\u00e7u l\u2019Ing. Milena Lerario, Directrice G\u00e9n\u00e9rale d&rsquo;Airbus Italia.Pendant l&rsquo;entretien cordial, ils ont discut\u00e9 de nombreux sujets, dont une possible collaboration entre l&rsquo;Ordre Costantinien et Airbus Italia, \u00e0 [&hellip;]<\/p>\n","protected":false},"author":1,"featured_media":0,"comment_status":"closed","ping_status":"closed","sticky":false,"template":"","format":"standard","meta":{"footnotes":""},"categories":[85,19],"tags":[],"class_list":["post-74851","post","type-post","status-publish","format-standard","hentry","category-communiques-du-grand-magistere","category-delegazione-di-roma-e-lazio"],"yoast_head":"<!-- This site is optimized with the Yoast SEO plugin v26.5 - https:\/\/yoast.com\/wordpress\/plugins\/seo\/ -->\n<title>RENCONTRE ENTRE S.A.R LE DUC DE CASTRO ET L&#039;ING. MILENA LERARIO, DIRECTRICE G\u00c9N\u00c9RAL D&#039; AIRBUS ITALIA - Sacro Militare Ordine Costantiniano di San Giorgio<\/title>\n<meta name=\"robots\" content=\"index, follow, max-snippet:-1, max-image-preview:large, max-video-preview:-1\" \/>\n<link rel=\"canonical\" href=\"https:\/\/constantinianorder.com\/incontro-tra-s-a-r-il-duca-di-castro-e-ling-milena-lerario-ad-di-airbus-italia\/\" \/>\n<meta property=\"og:locale\" content=\"fr_FR\" \/>\n<meta property=\"og:type\" content=\"article\" \/>\n<meta property=\"og:title\" content=\"RENCONTRE ENTRE S.A.R LE DUC DE CASTRO ET L&#039;ING. MILENA LERARIO, DIRECTRICE G\u00c9N\u00c9RAL D&#039; AIRBUS ITALIA - Sacro Militare Ordine Costantiniano di San Giorgio\" \/>\n<meta property=\"og:description\" content=\"Rome, le 18 octobre 2023 \u2013 Dans les locaux de la Chancellerie, S.A.R. le Prince Charles de Bourbon des Deux Siciles, Duc de Castro et Grand Ma\u00eetre, a re\u00e7u l\u2019Ing. Milena Lerario, Directrice G\u00e9n\u00e9rale d&rsquo;Airbus Italia.Pendant l&rsquo;entretien cordial, ils ont discut\u00e9 de nombreux sujets, dont une possible collaboration entre l&rsquo;Ordre Costantinien et Airbus Italia, \u00e0 [&hellip;]\" \/>\n<meta property=\"og:url\" content=\"https:\/\/constantinianorder.com\/incontro-tra-s-a-r-il-duca-di-castro-e-ling-milena-lerario-ad-di-airbus-italia\/\" \/>\n<meta property=\"og:site_name\" content=\"Sacro Militare Ordine Costantiniano di San Giorgio\" \/>\n<meta property=\"article:publisher\" content=\"https:\/\/www.facebook.com\/constantinianorder\" \/>\n<meta property=\"article:published_time\" content=\"2023-10-23T12:55:04+00:00\" \/>\n<meta property=\"article:modified_time\" content=\"2025-10-21T08:13:40+00:00\" \/>\n<meta property=\"og:image\" content=\"https:\/\/constantinianorder.com\/wp-content\/uploads\/2023\/10\/1-1.webp\" \/>\n\t<meta property=\"og:image:width\" content=\"1200\" \/>\n\t<meta property=\"og:image:height\" content=\"1600\" \/>\n\t<meta property=\"og:image:type\" content=\"image\/webp\" \/>\n<meta name=\"author\" content=\"admin\" \/>\n<meta name=\"twitter:card\" content=\"summary_large_image\" \/>\n<meta name=\"twitter:label1\" content=\"\u00c9crit par\" \/>\n\t<meta name=\"twitter:data1\" content=\"admin\" \/>\n\t<meta name=\"twitter:label2\" content=\"Dur\u00e9e de lecture estim\u00e9e\" \/>\n\t<meta name=\"twitter:data2\" content=\"1 minute\" \/>\n<script type=\"application\/ld+json\" class=\"yoast-schema-graph\">{\"@context\":\"https:\/\/schema.org\",\"@graph\":[{\"@type\":\"Article\",\"@id\":\"https:\/\/constantinianorder.com\/incontro-tra-s-a-r-il-duca-di-castro-e-ling-milena-lerario-ad-di-airbus-italia\/#article\",\"isPartOf\":{\"@id\":\"https:\/\/constantinianorder.com\/incontro-tra-s-a-r-il-duca-di-castro-e-ling-milena-lerario-ad-di-airbus-italia\/\"},\"author\":{\"name\":\"admin\",\"@id\":\"https:\/\/constantinianorder.com\/#\/schema\/person\/493f3b1475d575dcddda4ec923772c66\"},\"headline\":\"RENCONTRE ENTRE S.A.R LE DUC DE CASTRO ET L&rsquo;ING. MILENA LERARIO, DIRECTRICE G\u00c9N\u00c9RAL D&rsquo; AIRBUS ITALIA\",\"datePublished\":\"2023-10-23T12:55:04+00:00\",\"dateModified\":\"2025-10-21T08:13:40+00:00\",\"mainEntityOfPage\":{\"@id\":\"https:\/\/constantinianorder.com\/incontro-tra-s-a-r-il-duca-di-castro-e-ling-milena-lerario-ad-di-airbus-italia\/\"},\"wordCount\":141,\"publisher\":{\"@id\":\"https:\/\/constantinianorder.com\/#organization\"},\"image\":{\"@id\":\"https:\/\/constantinianorder.com\/incontro-tra-s-a-r-il-duca-di-castro-e-ling-milena-lerario-ad-di-airbus-italia\/#primaryimage\"},\"thumbnailUrl\":\"https:\/\/constantinianorder.com\/wp-content\/uploads\/2023\/10\/1-1-768x1024.jpeg\",\"articleSection\":[\"Communiqu\u00e9s du Grand Magist\u00e8re\",\"Delegazione di Roma e Lazio\"],\"inLanguage\":\"fr-FR\"},{\"@type\":\"WebPage\",\"@id\":\"https:\/\/constantinianorder.com\/incontro-tra-s-a-r-il-duca-di-castro-e-ling-milena-lerario-ad-di-airbus-italia\/\",\"url\":\"https:\/\/constantinianorder.com\/incontro-tra-s-a-r-il-duca-di-castro-e-ling-milena-lerario-ad-di-airbus-italia\/\",\"name\":\"RENCONTRE ENTRE S.A.R LE DUC DE CASTRO ET L'ING. MILENA LERARIO, DIRECTRICE G\u00c9N\u00c9RAL D' AIRBUS ITALIA - Sacro Militare Ordine Costantiniano di San Giorgio\",\"isPartOf\":{\"@id\":\"https:\/\/constantinianorder.com\/#website\"},\"primaryImageOfPage\":{\"@id\":\"https:\/\/constantinianorder.com\/incontro-tra-s-a-r-il-duca-di-castro-e-ling-milena-lerario-ad-di-airbus-italia\/#primaryimage\"},\"image\":{\"@id\":\"https:\/\/constantinianorder.com\/incontro-tra-s-a-r-il-duca-di-castro-e-ling-milena-lerario-ad-di-airbus-italia\/#primaryimage\"},\"thumbnailUrl\":\"https:\/\/constantinianorder.com\/wp-content\/uploads\/2023\/10\/1-1-768x1024.jpeg\",\"datePublished\":\"2023-10-23T12:55:04+00:00\",\"dateModified\":\"2025-10-21T08:13:40+00:00\",\"breadcrumb\":{\"@id\":\"https:\/\/constantinianorder.com\/incontro-tra-s-a-r-il-duca-di-castro-e-ling-milena-lerario-ad-di-airbus-italia\/#breadcrumb\"},\"inLanguage\":\"fr-FR\",\"potentialAction\":[{\"@type\":\"ReadAction\",\"target\":[\"https:\/\/constantinianorder.com\/incontro-tra-s-a-r-il-duca-di-castro-e-ling-milena-lerario-ad-di-airbus-italia\/\"]}]},{\"@type\":\"ImageObject\",\"inLanguage\":\"fr-FR\",\"@id\":\"https:\/\/constantinianorder.com\/incontro-tra-s-a-r-il-duca-di-castro-e-ling-milena-lerario-ad-di-airbus-italia\/#primaryimage\",\"url\":\"https:\/\/constantinianorder.com\/wp-content\/uploads\/2023\/10\/1-1-768x1024.jpeg\",\"contentUrl\":\"https:\/\/constantinianorder.com\/wp-content\/uploads\/2023\/10\/1-1-768x1024.jpeg\"},{\"@type\":\"BreadcrumbList\",\"@id\":\"https:\/\/constantinianorder.com\/incontro-tra-s-a-r-il-duca-di-castro-e-ling-milena-lerario-ad-di-airbus-italia\/#breadcrumb\",\"itemListElement\":[{\"@type\":\"ListItem\",\"position\":1,\"name\":\"Home\",\"item\":\"https:\/\/constantinianorder.com\/en\/\"},{\"@type\":\"ListItem\",\"position\":2,\"name\":\"RENCONTRE ENTRE S.A.R LE DUC DE CASTRO ET L&#8217;ING. MILENA LERARIO, DIRECTRICE G\u00c9N\u00c9RAL D&#8217; AIRBUS ITALIA\"}]},{\"@type\":\"WebSite\",\"@id\":\"https:\/\/constantinianorder.com\/#website\",\"url\":\"https:\/\/constantinianorder.com\/\",\"name\":\"Sacro Militare Ordine Costantiniano di San Giorgio\",\"description\":\"Ordine Ufficiale\",\"publisher\":{\"@id\":\"https:\/\/constantinianorder.com\/#organization\"},\"potentialAction\":[{\"@type\":\"SearchAction\",\"target\":{\"@type\":\"EntryPoint\",\"urlTemplate\":\"https:\/\/constantinianorder.com\/?s={search_term_string}\"},\"query-input\":{\"@type\":\"PropertyValueSpecification\",\"valueRequired\":true,\"valueName\":\"search_term_string\"}}],\"inLanguage\":\"fr-FR\"},{\"@type\":\"Organization\",\"@id\":\"https:\/\/constantinianorder.com\/#organization\",\"name\":\"Sacro Militare Ordine Costantiniano di San Giorgio\",\"url\":\"https:\/\/constantinianorder.com\/\",\"logo\":{\"@type\":\"ImageObject\",\"inLanguage\":\"fr-FR\",\"@id\":\"https:\/\/constantinianorder.com\/#\/schema\/logo\/image\/\",\"url\":\"https:\/\/constantinianorder.com\/wp-content\/uploads\/2025\/10\/cropped-logo-costantiniano.png\",\"contentUrl\":\"https:\/\/constantinianorder.com\/wp-content\/uploads\/2025\/10\/cropped-logo-costantiniano.png\",\"width\":512,\"height\":512,\"caption\":\"Sacro Militare Ordine Costantiniano di San Giorgio\"},\"image\":{\"@id\":\"https:\/\/constantinianorder.com\/#\/schema\/logo\/image\/\"},\"sameAs\":[\"https:\/\/www.facebook.com\/constantinianorder\",\"https:\/\/www.instagram.com\/constantinianorder\/\",\"https:\/\/www.youtube.com\/@granmagisterodelsacromilit9375\"]},{\"@type\":\"Person\",\"@id\":\"https:\/\/constantinianorder.com\/#\/schema\/person\/493f3b1475d575dcddda4ec923772c66\",\"name\":\"admin\",\"sameAs\":[\"https:\/\/constantinianorder.com\"],\"url\":\"https:\/\/constantinianorder.com\/fr\/author\/domain_jlukbpo7\/\"}]}<\/script>\n<!-- \/ Yoast SEO plugin. -->","yoast_head_json":{"title":"RENCONTRE ENTRE S.A.R LE DUC DE CASTRO ET L'ING. MILENA LERARIO, DIRECTRICE G\u00c9N\u00c9RAL D' AIRBUS ITALIA - Sacro Militare Ordine Costantiniano di San Giorgio","robots":{"index":"index","follow":"follow","max-snippet":"max-snippet:-1","max-image-preview":"max-image-preview:large","max-video-preview":"max-video-preview:-1"},"canonical":"https:\/\/constantinianorder.com\/incontro-tra-s-a-r-il-duca-di-castro-e-ling-milena-lerario-ad-di-airbus-italia\/","og_locale":"fr_FR","og_type":"article","og_title":"RENCONTRE ENTRE S.A.R LE DUC DE CASTRO ET L'ING. MILENA LERARIO, DIRECTRICE G\u00c9N\u00c9RAL D' AIRBUS ITALIA - Sacro Militare Ordine Costantiniano di San Giorgio","og_description":"Rome, le 18 octobre 2023 \u2013 Dans les locaux de la Chancellerie, S.A.R. le Prince Charles de Bourbon des Deux Siciles, Duc de Castro et Grand Ma\u00eetre, a re\u00e7u l\u2019Ing. Milena Lerario, Directrice G\u00e9n\u00e9rale d&rsquo;Airbus Italia.Pendant l&rsquo;entretien cordial, ils ont discut\u00e9 de nombreux sujets, dont une possible collaboration entre l&rsquo;Ordre Costantinien et Airbus Italia, \u00e0 [&hellip;]","og_url":"https:\/\/constantinianorder.com\/incontro-tra-s-a-r-il-duca-di-castro-e-ling-milena-lerario-ad-di-airbus-italia\/","og_site_name":"Sacro Militare Ordine Costantiniano di San Giorgio","article_publisher":"https:\/\/www.facebook.com\/constantinianorder","article_published_time":"2023-10-23T12:55:04+00:00","article_modified_time":"2025-10-21T08:13:40+00:00","og_image":[{"width":1200,"height":1600,"url":"https:\/\/constantinianorder.com\/wp-content\/uploads\/2023\/10\/1-1.webp","type":"image\/webp"}],"author":"admin","twitter_card":"summary_large_image","twitter_misc":{"\u00c9crit par":"admin","Dur\u00e9e de lecture estim\u00e9e":"1 minute"},"schema":{"@context":"https:\/\/schema.org","@graph":[{"@type":"Article","@id":"https:\/\/constantinianorder.com\/incontro-tra-s-a-r-il-duca-di-castro-e-ling-milena-lerario-ad-di-airbus-italia\/#article","isPartOf":{"@id":"https:\/\/constantinianorder.com\/incontro-tra-s-a-r-il-duca-di-castro-e-ling-milena-lerario-ad-di-airbus-italia\/"},"author":{"name":"admin","@id":"https:\/\/constantinianorder.com\/#\/schema\/person\/493f3b1475d575dcddda4ec923772c66"},"headline":"RENCONTRE ENTRE S.A.R LE DUC DE CASTRO ET L&rsquo;ING. MILENA LERARIO, DIRECTRICE G\u00c9N\u00c9RAL D&rsquo; AIRBUS ITALIA","datePublished":"2023-10-23T12:55:04+00:00","dateModified":"2025-10-21T08:13:40+00:00","mainEntityOfPage":{"@id":"https:\/\/constantinianorder.com\/incontro-tra-s-a-r-il-duca-di-castro-e-ling-milena-lerario-ad-di-airbus-italia\/"},"wordCount":141,"publisher":{"@id":"https:\/\/constantinianorder.com\/#organization"},"image":{"@id":"https:\/\/constantinianorder.com\/incontro-tra-s-a-r-il-duca-di-castro-e-ling-milena-lerario-ad-di-airbus-italia\/#primaryimage"},"thumbnailUrl":"https:\/\/constantinianorder.com\/wp-content\/uploads\/2023\/10\/1-1-768x1024.jpeg","articleSection":["Communiqu\u00e9s du Grand Magist\u00e8re","Delegazione di Roma e Lazio"],"inLanguage":"fr-FR"},{"@type":"WebPage","@id":"https:\/\/constantinianorder.com\/incontro-tra-s-a-r-il-duca-di-castro-e-ling-milena-lerario-ad-di-airbus-italia\/","url":"https:\/\/constantinianorder.com\/incontro-tra-s-a-r-il-duca-di-castro-e-ling-milena-lerario-ad-di-airbus-italia\/","name":"RENCONTRE ENTRE S.A.R LE DUC DE CASTRO ET L'ING. MILENA LERARIO, DIRECTRICE G\u00c9N\u00c9RAL D' AIRBUS ITALIA - Sacro Militare Ordine Costantiniano di San Giorgio","isPartOf":{"@id":"https:\/\/constantinianorder.com\/#website"},"primaryImageOfPage":{"@id":"https:\/\/constantinianorder.com\/incontro-tra-s-a-r-il-duca-di-castro-e-ling-milena-lerario-ad-di-airbus-italia\/#primaryimage"},"image":{"@id":"https:\/\/constantinianorder.com\/incontro-tra-s-a-r-il-duca-di-castro-e-ling-milena-lerario-ad-di-airbus-italia\/#primaryimage"},"thumbnailUrl":"https:\/\/constantinianorder.com\/wp-content\/uploads\/2023\/10\/1-1-768x1024.jpeg","datePublished":"2023-10-23T12:55:04+00:00","dateModified":"2025-10-21T08:13:40+00:00","breadcrumb":{"@id":"https:\/\/constantinianorder.com\/incontro-tra-s-a-r-il-duca-di-castro-e-ling-milena-lerario-ad-di-airbus-italia\/#breadcrumb"},"inLanguage":"fr-FR","potentialAction":[{"@type":"ReadAction","target":["https:\/\/constantinianorder.com\/incontro-tra-s-a-r-il-duca-di-castro-e-ling-milena-lerario-ad-di-airbus-italia\/"]}]},{"@type":"ImageObject","inLanguage":"fr-FR","@id":"https:\/\/constantinianorder.com\/incontro-tra-s-a-r-il-duca-di-castro-e-ling-milena-lerario-ad-di-airbus-italia\/#primaryimage","url":"https:\/\/constantinianorder.com\/wp-content\/uploads\/2023\/10\/1-1-768x1024.jpeg","contentUrl":"https:\/\/constantinianorder.com\/wp-content\/uploads\/2023\/10\/1-1-768x1024.jpeg"},{"@type":"BreadcrumbList","@id":"https:\/\/constantinianorder.com\/incontro-tra-s-a-r-il-duca-di-castro-e-ling-milena-lerario-ad-di-airbus-italia\/#breadcrumb","itemListElement":[{"@type":"ListItem","position":1,"name":"Home","item":"https:\/\/constantinianorder.com\/en\/"},{"@type":"ListItem","position":2,"name":"RENCONTRE ENTRE S.A.R LE DUC DE CASTRO ET L&#8217;ING. MILENA LERARIO, DIRECTRICE G\u00c9N\u00c9RAL D&#8217; AIRBUS ITALIA"}]},{"@type":"WebSite","@id":"https:\/\/constantinianorder.com\/#website","url":"https:\/\/constantinianorder.com\/","name":"Sacro Militare Ordine Costantiniano di San Giorgio","description":"Ordine Ufficiale","publisher":{"@id":"https:\/\/constantinianorder.com\/#organization"},"potentialAction":[{"@type":"SearchAction","target":{"@type":"EntryPoint","urlTemplate":"https:\/\/constantinianorder.com\/?s={search_term_string}"},"query-input":{"@type":"PropertyValueSpecification","valueRequired":true,"valueName":"search_term_string"}}],"inLanguage":"fr-FR"},{"@type":"Organization","@id":"https:\/\/constantinianorder.com\/#organization","name":"Sacro Militare Ordine Costantiniano di San Giorgio","url":"https:\/\/constantinianorder.com\/","logo":{"@type":"ImageObject","inLanguage":"fr-FR","@id":"https:\/\/constantinianorder.com\/#\/schema\/logo\/image\/","url":"https:\/\/constantinianorder.com\/wp-content\/uploads\/2025\/10\/cropped-logo-costantiniano.png","contentUrl":"https:\/\/constantinianorder.com\/wp-content\/uploads\/2025\/10\/cropped-logo-costantiniano.png","width":512,"height":512,"caption":"Sacro Militare Ordine Costantiniano di San Giorgio"},"image":{"@id":"https:\/\/constantinianorder.com\/#\/schema\/logo\/image\/"},"sameAs":["https:\/\/www.facebook.com\/constantinianorder","https:\/\/www.instagram.com\/constantinianorder\/","https:\/\/www.youtube.com\/@granmagisterodelsacromilit9375"]},{"@type":"Person","@id":"https:\/\/constantinianorder.com\/#\/schema\/person\/493f3b1475d575dcddda4ec923772c66","name":"admin","sameAs":["https:\/\/constantinianorder.com"],"url":"https:\/\/constantinianorder.com\/fr\/author\/domain_jlukbpo7\/"}]}},"_links":{"self":[{"href":"https:\/\/constantinianorder.com\/fr\/wp-json\/wp\/v2\/posts\/74851","targetHints":{"allow":["GET"]}}],"collection":[{"href":"https:\/\/constantinianorder.com\/fr\/wp-json\/wp\/v2\/posts"}],"about":[{"href":"https:\/\/constantinianorder.com\/fr\/wp-json\/wp\/v2\/types\/post"}],"author":[{"embeddable":true,"href":"https:\/\/constantinianorder.com\/fr\/wp-json\/wp\/v2\/users\/1"}],"replies":[{"embeddable":true,"href":"https:\/\/constantinianorder.com\/fr\/wp-json\/wp\/v2\/comments?post=74851"}],"version-history":[{"count":1,"href":"https:\/\/constantinianorder.com\/fr\/wp-json\/wp\/v2\/posts\/74851\/revisions"}],"predecessor-version":[{"id":82538,"href":"https:\/\/constantinianorder.com\/fr\/wp-json\/wp\/v2\/posts\/74851\/revisions\/82538"}],"wp:attachment":[{"href":"https:\/\/constantinianorder.com\/fr\/wp-json\/wp\/v2\/media?parent=74851"}],"wp:term":[{"taxonomy":"category","embeddable":true,"href":"https:\/\/constantinianorder.com\/fr\/wp-json\/wp\/v2\/categories?post=74851"},{"taxonomy":"post_tag","embeddable":true,"href":"https:\/\/constantinianorder.com\/fr\/wp-json\/wp\/v2\/tags?post=74851"}],"curies":[{"name":"wp","href":"https:\/\/api.w.org\/{rel}","templated":true}]}}