{"id":72754,"date":"2021-08-31T09:30:05","date_gmt":"2021-08-31T09:30:05","guid":{"rendered":"https:\/\/constantinianorder.net\/calabria-attivita-di-agosto-2\/"},"modified":"2025-10-21T17:31:28","modified_gmt":"2025-10-21T17:31:28","slug":"calabre-les-activites-de-aout","status":"publish","type":"post","link":"https:\/\/constantinianorder.com\/fr\/calabre-les-activites-de-aout\/","title":{"rendered":"CALABRE: LES ACTIVIT\u00c9S DE AO\u00dbT"},"content":{"rendered":"\n<figure class=\"wp-block-image\"><img fetchpriority=\"high\" decoding=\"async\" width=\"1024\" height=\"767\" src=\"https:\/\/constantinianorder.com\/wp-content\/uploads\/2021\/08\/amendolara-1024x767.jpg\" alt=\"\" class=\"wp-image-60199\" srcset=\"https:\/\/constantinianorder.com\/wp-content\/uploads\/2021\/08\/amendolara-1024x767.jpg 1024w, https:\/\/constantinianorder.com\/wp-content\/uploads\/2021\/08\/amendolara-300x225.jpg 300w, https:\/\/constantinianorder.com\/wp-content\/uploads\/2021\/08\/amendolara-768x575.jpg 768w, https:\/\/constantinianorder.com\/wp-content\/uploads\/2021\/08\/amendolara-1536x1150.jpg 1536w, https:\/\/constantinianorder.com\/wp-content\/uploads\/2021\/08\/amendolara.jpg 1600w\" sizes=\"(max-width: 1024px) 100vw, 1024px\" \/><\/figure>\n\n\n\n<p>Le mercredi 4 ao\u00fbt 2021, \u00e0 l&rsquo;occasion du 5\u00e8me centenaire de la fondation de l&rsquo;ensemble monastique de San Domenico (1521-2021), la D\u00e9l\u00e9gation de la Calabre a particip\u00e9 \u00e0 l&rsquo;\u00e9v\u00e9nement, sur invitation de l&rsquo;Administration de la Municipalit\u00e9 d&rsquo;Amendolara, un village historique et hospitalier de l&rsquo;Alto Jonio Cosentino.<br>La manif\u00e9station s&rsquo;est d\u00e9roul\u00e9e dans la place devant l&rsquo;\u00c9glise du Couvent Domenicain, o\u00f9, \u00e0 18h30, a eu lieu la c\u00e9l\u00e9bration de la Sainte Messe offici\u00e9e par S.E. R\u00e9v\u00e9rendissime Mons. Francesco Savino, \u00c9v\u00eaque du dioc\u00e8se de Cassano allo Ionio. L&rsquo;objectif principal de l&rsquo;\u00e9v\u00e9nement \u00e9tait la promotion de la structure monastique mais aussi la diffusion \u00e0 travers l&rsquo;hom\u00e9lie de l&rsquo;\u00c9v\u00eaque, de la parole \u00e9vang\u00e9lique contenue dans le Message \u00e9piscopale adress\u00e9 \u00e0 toute la communaut\u00e9 paroissiale d&rsquo;Amendolara, ainsi que la promotion historique-culturelle et artistique-architecturale des particularit\u00e9s identitaires li\u00e9es au site d\u00e9mique d&rsquo;Amendolara. La pr\u00e9sence de l&rsquo;Ordre, repr\u00e9sent\u00e9e par sept Chevaliers et une Dame de la D\u00e9l\u00e9gation calabraise, a voulu symboliser rituellement le t\u00e9moignage et l&rsquo;affirmation des Valeurs du Christianisme de l&rsquo;\u00c9glise Catholique Apostolique Romaine dans un moment de symbiose avec la population autochtone. La journ\u00e9e a commenc\u00e9 \u00e0 17 heures avec les annulations philat\u00e9lique et les cartes postales d\u00e9di\u00e9es par Poste Italiane, tandis qu&rsquo;apr\u00e8s le service liturgique, le moment historico-culturel a commenc\u00e9, au cours duquel a \u00e9t\u00e9 pr\u00e9sent\u00e9 le livre \u00ab\u00a0Complexe Monastique de Saint-Domingue\u00a0\u00bb d&rsquo;Antonio Gerundino ; le d\u00e9bat s&rsquo;est d\u00e9roul\u00e9 en pr\u00e9sence de l&rsquo;Avocat Antonello Ciminelli, Maire d&rsquo;Amendolara, de le Dr. Giacinto Grisolia, propri\u00e9taire du Complexe Monastique, et de le Dr. Aurelio Badolati, en tant que Vice D\u00e9l\u00e9gu\u00e9 de notre D\u00e9l\u00e9gation calabraise.<br>A la fin des rapports de la conf\u00e9rence, les personnalit\u00e9s qui ont donn\u00e9 vie au d\u00e9bat historico-culturel ont re\u00e7u une plaque comm\u00e9morative de la part de l&rsquo;Administration Municipale, apr\u00e8s quoi les pr\u00e9sents ont \u00e9t\u00e9 invit\u00e9s \u00e0 participer \u00e0 un moment convivial offert par le Dr. Grisolia, en tant qu&rsquo;h\u00f4te, au cours duquel des d\u00e9lices de l&rsquo;excellence gastronomique et vinicole de la r\u00e9gion ont \u00e9t\u00e9 propos\u00e9s.<\/p>\n\n\n\n<figure class=\"wp-block-image\"><img decoding=\"async\" width=\"1024\" height=\"768\" src=\"https:\/\/constantinianorder.com\/wp-content\/uploads\/2021\/08\/foto-donazione-16-agosto-1024x768.jpg\" alt=\"\" class=\"wp-image-60268\" srcset=\"https:\/\/constantinianorder.com\/wp-content\/uploads\/2021\/08\/foto-donazione-16-agosto-1024x768.jpg 1024w, https:\/\/constantinianorder.com\/wp-content\/uploads\/2021\/08\/foto-donazione-16-agosto-300x225.jpg 300w, https:\/\/constantinianorder.com\/wp-content\/uploads\/2021\/08\/foto-donazione-16-agosto-768x576.jpg 768w, https:\/\/constantinianorder.com\/wp-content\/uploads\/2021\/08\/foto-donazione-16-agosto-1536x1152.jpg 1536w, https:\/\/constantinianorder.com\/wp-content\/uploads\/2021\/08\/foto-donazione-16-agosto.jpg 1600w\" sizes=\"(max-width: 1024px) 100vw, 1024px\" \/><\/figure>\n\n\n\n<p>Le 16 ao\u00fbt, la D\u00e9l\u00e9gation calabraise a fait une donation de produits de premi\u00e8re n\u00e9cessit\u00e9, en Delianuova, \u00e0 l&rsquo;\u00c9glise de Maria SS Assunta du dioc\u00e8se d&rsquo;Oppido-Palmi. La paroisse est dirig\u00e9e par P\u00e8re Emanuele Lauzzi qui pr\u00e9side \u00e9galement la Maison Familiale \u00ab\u00a0Famiglia German\u00f2\u00a0\u00bb. Cette organisation a \u00e9t\u00e9 cr\u00e9\u00e9e il y a plus de 20 ans afin d&rsquo;aider les plus faibles et les plus d\u00e9munis. La Maison accueille particuli\u00e8rement les personnes malades de SIDA de prisons de toute l&rsquo;Italie.<\/p>\n\n\n\n<figure class=\"wp-block-image\"><img decoding=\"async\" width=\"994\" height=\"955\" src=\"https:\/\/constantinianorder.com\/wp-content\/uploads\/2021\/08\/Foto-gruppo-Cotronei.jpg\" alt=\"\" class=\"wp-image-60386\" srcset=\"https:\/\/constantinianorder.com\/wp-content\/uploads\/2021\/08\/Foto-gruppo-Cotronei.jpg 994w, https:\/\/constantinianorder.com\/wp-content\/uploads\/2021\/08\/Foto-gruppo-Cotronei-300x288.jpg 300w, https:\/\/constantinianorder.com\/wp-content\/uploads\/2021\/08\/Foto-gruppo-Cotronei-768x738.jpg 768w\" sizes=\"(max-width: 994px) 100vw, 994px\" \/><\/figure>\n\n\n\n<p>Sur les pentes de la Sila, la petite commune de Cotronei poss\u00e8de une charmante \u00e9glise, d\u00e9di\u00e9e \u00e0 San Nicola Vescovo, caract\u00e9ris\u00e9e par sa fa\u00e7ade en pierres apparentes. Ici, le Cur\u00e9 P\u00e8re Francesco Spadola, jeune pr\u00eatre engag\u00e9 \u00e9galement dans le domaine culturel, a accueilli le 23 ao\u00fbt un groupe de notre Sacr\u00e9e Milice. Comme l&rsquo;ann\u00e9e derni\u00e8re, les paroles de bienveillance pour l&rsquo;Ordre Constantinien de Saint Georges, prononc\u00e9es par le Cur\u00e9 de Cotronei au cours de l&rsquo;office liturgique c\u00e9l\u00e9br\u00e9 devant le Grand Officier Aurelio Badolati, Vice D\u00e9l\u00e9gu\u00e9 pour la Calabre, et les Chevaliers de Gr\u00e2ce Nicola et Antonio Oliverio, ce dernier repr\u00e9sentant la ville de Crotone, ont \u00e9t\u00e9 belles et importantes. Comme d&rsquo;habitude, la fonction religieuse a \u00e9t\u00e9 accompagn\u00e9e par une donation de produits alimentaires frais et de longue conservation et d&rsquo;articles de confort, destin\u00e9s aux n\u00e9c\u00e9ssiteux de toute la r\u00e9gion. Le groupe de l&rsquo;Ordre a \u00e9galement accueilli avec joie l&rsquo;invitation de P\u00e8re Francesco Spadola \u00e0 retourner \u00e0 Cotronei en automne, pour mener une r\u00e9union formative avec les tr\u00e8s jeunes du pays pour leur pr\u00e9senter les valeurs et les principes chr\u00e9tiens.<\/p>\n\n\n\n<figure class=\"wp-block-image\"><img loading=\"lazy\" decoding=\"async\" width=\"1024\" height=\"768\" src=\"https:\/\/constantinianorder.com\/wp-content\/uploads\/2021\/09\/IMG-20210902-WA0001-1024x768.jpg\" alt=\"\" class=\"wp-image-60419\" srcset=\"https:\/\/constantinianorder.com\/wp-content\/uploads\/2021\/09\/IMG-20210902-WA0001-1024x768.jpg 1024w, https:\/\/constantinianorder.com\/wp-content\/uploads\/2021\/09\/IMG-20210902-WA0001-300x225.jpg 300w, https:\/\/constantinianorder.com\/wp-content\/uploads\/2021\/09\/IMG-20210902-WA0001-768x576.jpg 768w, https:\/\/constantinianorder.com\/wp-content\/uploads\/2021\/09\/IMG-20210902-WA0001-1536x1152.jpg 1536w, https:\/\/constantinianorder.com\/wp-content\/uploads\/2021\/09\/IMG-20210902-WA0001.jpg 1600w\" sizes=\"(max-width: 1024px) 100vw, 1024px\" \/><\/figure>\n\n\n\n<p>Il n&rsquo;est pas seulement le patron de la Calabre, mais aussi co-patron du Royaume des Deux Siciles, avec la Vierge Immacul\u00e9e. San Francesco da Paola est certainement le phare de la foi des calabrais comme en t\u00e9moigne le fait que, bien que sa f\u00eate soit c\u00e9l\u00e9br\u00e9e le 2 avril, sa c\u00e9l\u00e9bration est \u00e9galement raviv\u00e9e \u00e0 d&rsquo;autres moments de l&rsquo;ann\u00e9e.<br>C&rsquo;est le cas de Trepid\u00f2, un hameau de la commune de Cotronei, ainsi qu&rsquo;un village touristique de montagne aux confins de la Sila Grande et de la Sila Piccola, qui accueille de nombreux visiteurs du sud d&rsquo;Italie et d&rsquo;ailleurs pendant toute l&rsquo;\u00e9t\u00e9. Cette ann\u00e9e encore, le v\u0153u de confier le village \u00e0 la protection du Saint calabrais a \u00e9t\u00e9 renouvel\u00e9. Un groupe de l&rsquo;Ordre a donc de nouveau particip\u00e9 \u00e0 la c\u00e9l\u00e9bration eucharistique solennelle, pr\u00e9sid\u00e9e par Fr\u00e8re Domenico Garofolo de la congr\u00e9gation missionnaire d&rsquo;Ardorini.<br>Dans le strict respect de la r\u00e9glementation anti-covidique, la chapelle Santa Maria delle Nevi de la paroisse de Sant&rsquo;Antonio a vu l&rsquo;exposition de la statue de San Francesco da Paola pendant la messe, \u00e0 laquelle ont assist\u00e9 les fid\u00e8les de tout le village et des communes voisines. Comme d&rsquo;habitude, une grande quantit\u00e9 des produits alimentaires frais et de longue conservation \u00e0 ensuite \u00e9t\u00e9 donn\u00e9 par les Chevaliers constantiniens. Ils \u00e9taient conduits par le Vice D\u00e9l\u00e9gu\u00e9 pour la Calabre, le Grand Officiel Aurelio Badolati &#8211; qui, au cours de la fonction, a apport\u00e9 un salut et un message de remerciement au nom de la D\u00e9l\u00e9gation &#8211; ainsi que par les Chevaliers Giuseppe Vena, Nicola Oliverio et Antonio Oliverio, repr\u00e9sentant de l&rsquo;Ordre Constantinien pour la ville de Crotone.<br>Les activit\u00e9s de l&rsquo;Ordre Sacr\u00e9 et Militaire Constantinien de Saint Georges ne se sont pas arr\u00eat\u00e9es pendant la p\u00e9riode estivale: au cours du mois d&rsquo;ao\u00fbt, des paquets de produits alimentaires frais et de longue conservation ont \u00e9t\u00e9 donn\u00e9s aux familles n\u00e9cessiteuses dans les diff\u00e9rents territoires de la r\u00e9gion, par l&rsquo;interm\u00e9diaire des paroisses et des associations de solidarit\u00e9, toujours dans le cadre de l&rsquo;un des trois piliers qui soutiennent la mission de notre Sacr\u00e9e Milice, celui des \u0153uvres de charit\u00e9.<\/p>\n","protected":false},"excerpt":{"rendered":"<p>Le mercredi 4 ao\u00fbt 2021, \u00e0 l&rsquo;occasion du 5\u00e8me centenaire de la fondation de l&rsquo;ensemble monastique de San Domenico (1521-2021), la D\u00e9l\u00e9gation de la Calabre a particip\u00e9 \u00e0 l&rsquo;\u00e9v\u00e9nement, sur invitation de l&rsquo;Administration de la Municipalit\u00e9 d&rsquo;Amendolara, un village historique et hospitalier de l&rsquo;Alto Jonio Cosentino.La manif\u00e9station s&rsquo;est d\u00e9roul\u00e9e dans la place devant l&rsquo;\u00c9glise du [&hellip;]<\/p>\n","protected":false},"author":1,"featured_media":0,"comment_status":"closed","ping_status":"closed","sticky":false,"template":"","format":"standard","meta":{"footnotes":""},"categories":[174],"tags":[],"class_list":["post-72754","post","type-post","status-publish","format-standard","hentry","category-delegation-de-la-calabre"],"yoast_head":"<!-- This site is optimized with the Yoast SEO plugin v26.5 - https:\/\/yoast.com\/wordpress\/plugins\/seo\/ -->\n<title>CALABRE: LES ACTIVIT\u00c9S DE AO\u00dbT - Sacro Militare Ordine Costantiniano di San Giorgio<\/title>\n<meta name=\"robots\" content=\"index, follow, max-snippet:-1, max-image-preview:large, max-video-preview:-1\" \/>\n<link rel=\"canonical\" href=\"https:\/\/constantinianorder.com\/calabria-attivita-di-agosto-2\/\" \/>\n<meta property=\"og:locale\" content=\"fr_FR\" \/>\n<meta property=\"og:type\" content=\"article\" \/>\n<meta property=\"og:title\" content=\"CALABRE: LES ACTIVIT\u00c9S DE AO\u00dbT - Sacro Militare Ordine Costantiniano di San Giorgio\" \/>\n<meta property=\"og:description\" content=\"Le mercredi 4 ao\u00fbt 2021, \u00e0 l&rsquo;occasion du 5\u00e8me centenaire de la fondation de l&rsquo;ensemble monastique de San Domenico (1521-2021), la D\u00e9l\u00e9gation de la Calabre a particip\u00e9 \u00e0 l&rsquo;\u00e9v\u00e9nement, sur invitation de l&rsquo;Administration de la Municipalit\u00e9 d&rsquo;Amendolara, un village historique et hospitalier de l&rsquo;Alto Jonio Cosentino.La manif\u00e9station s&rsquo;est d\u00e9roul\u00e9e dans la place devant l&rsquo;\u00c9glise du [&hellip;]\" \/>\n<meta property=\"og:url\" content=\"https:\/\/constantinianorder.com\/calabria-attivita-di-agosto-2\/\" \/>\n<meta property=\"og:site_name\" content=\"Sacro Militare Ordine Costantiniano di San Giorgio\" \/>\n<meta property=\"article:publisher\" content=\"https:\/\/www.facebook.com\/constantinianorder\" \/>\n<meta property=\"article:published_time\" content=\"2021-08-31T09:30:05+00:00\" \/>\n<meta property=\"article:modified_time\" content=\"2025-10-21T17:31:28+00:00\" \/>\n<meta property=\"og:image\" content=\"https:\/\/constantinianorder.com\/wp-content\/uploads\/2021\/08\/amendolara.jpg\" \/>\n\t<meta property=\"og:image:width\" content=\"1600\" \/>\n\t<meta property=\"og:image:height\" content=\"1198\" \/>\n\t<meta property=\"og:image:type\" content=\"image\/jpeg\" \/>\n<meta name=\"author\" content=\"admin\" \/>\n<meta name=\"twitter:card\" content=\"summary_large_image\" \/>\n<meta name=\"twitter:label1\" content=\"\u00c9crit par\" \/>\n\t<meta name=\"twitter:data1\" content=\"admin\" \/>\n\t<meta name=\"twitter:label2\" content=\"Dur\u00e9e de lecture estim\u00e9e\" \/>\n\t<meta name=\"twitter:data2\" content=\"5 minutes\" \/>\n<script type=\"application\/ld+json\" class=\"yoast-schema-graph\">{\"@context\":\"https:\/\/schema.org\",\"@graph\":[{\"@type\":\"Article\",\"@id\":\"https:\/\/constantinianorder.com\/calabria-attivita-di-agosto-2\/#article\",\"isPartOf\":{\"@id\":\"https:\/\/constantinianorder.com\/calabria-attivita-di-agosto-2\/\"},\"author\":{\"name\":\"admin\",\"@id\":\"https:\/\/constantinianorder.com\/#\/schema\/person\/493f3b1475d575dcddda4ec923772c66\"},\"headline\":\"CALABRE: LES ACTIVIT\u00c9S DE AO\u00dbT\",\"datePublished\":\"2021-08-31T09:30:05+00:00\",\"dateModified\":\"2025-10-21T17:31:28+00:00\",\"mainEntityOfPage\":{\"@id\":\"https:\/\/constantinianorder.com\/calabria-attivita-di-agosto-2\/\"},\"wordCount\":1092,\"publisher\":{\"@id\":\"https:\/\/constantinianorder.com\/#organization\"},\"image\":{\"@id\":\"https:\/\/constantinianorder.com\/calabria-attivita-di-agosto-2\/#primaryimage\"},\"thumbnailUrl\":\"https:\/\/constantinianorder.com\/wp-content\/uploads\/2021\/08\/amendolara-1024x767.jpg\",\"articleSection\":[\"D\u00e9l\u00e9gation de la Calabre\"],\"inLanguage\":\"fr-FR\"},{\"@type\":\"WebPage\",\"@id\":\"https:\/\/constantinianorder.com\/calabria-attivita-di-agosto-2\/\",\"url\":\"https:\/\/constantinianorder.com\/calabria-attivita-di-agosto-2\/\",\"name\":\"CALABRE: LES ACTIVIT\u00c9S DE AO\u00dbT - Sacro Militare Ordine Costantiniano di San Giorgio\",\"isPartOf\":{\"@id\":\"https:\/\/constantinianorder.com\/#website\"},\"primaryImageOfPage\":{\"@id\":\"https:\/\/constantinianorder.com\/calabria-attivita-di-agosto-2\/#primaryimage\"},\"image\":{\"@id\":\"https:\/\/constantinianorder.com\/calabria-attivita-di-agosto-2\/#primaryimage\"},\"thumbnailUrl\":\"https:\/\/constantinianorder.com\/wp-content\/uploads\/2021\/08\/amendolara-1024x767.jpg\",\"datePublished\":\"2021-08-31T09:30:05+00:00\",\"dateModified\":\"2025-10-21T17:31:28+00:00\",\"breadcrumb\":{\"@id\":\"https:\/\/constantinianorder.com\/calabria-attivita-di-agosto-2\/#breadcrumb\"},\"inLanguage\":\"fr-FR\",\"potentialAction\":[{\"@type\":\"ReadAction\",\"target\":[\"https:\/\/constantinianorder.com\/calabria-attivita-di-agosto-2\/\"]}]},{\"@type\":\"ImageObject\",\"inLanguage\":\"fr-FR\",\"@id\":\"https:\/\/constantinianorder.com\/calabria-attivita-di-agosto-2\/#primaryimage\",\"url\":\"https:\/\/constantinianorder.com\/wp-content\/uploads\/2021\/08\/amendolara-1024x767.jpg\",\"contentUrl\":\"https:\/\/constantinianorder.com\/wp-content\/uploads\/2021\/08\/amendolara-1024x767.jpg\"},{\"@type\":\"BreadcrumbList\",\"@id\":\"https:\/\/constantinianorder.com\/calabria-attivita-di-agosto-2\/#breadcrumb\",\"itemListElement\":[{\"@type\":\"ListItem\",\"position\":1,\"name\":\"Home\",\"item\":\"https:\/\/constantinianorder.com\/en\/\"},{\"@type\":\"ListItem\",\"position\":2,\"name\":\"CALABRE: LES ACTIVIT\u00c9S DE AO\u00dbT\"}]},{\"@type\":\"WebSite\",\"@id\":\"https:\/\/constantinianorder.com\/#website\",\"url\":\"https:\/\/constantinianorder.com\/\",\"name\":\"Sacro Militare Ordine Costantiniano di San Giorgio\",\"description\":\"Ordine Ufficiale\",\"publisher\":{\"@id\":\"https:\/\/constantinianorder.com\/#organization\"},\"potentialAction\":[{\"@type\":\"SearchAction\",\"target\":{\"@type\":\"EntryPoint\",\"urlTemplate\":\"https:\/\/constantinianorder.com\/?s={search_term_string}\"},\"query-input\":{\"@type\":\"PropertyValueSpecification\",\"valueRequired\":true,\"valueName\":\"search_term_string\"}}],\"inLanguage\":\"fr-FR\"},{\"@type\":\"Organization\",\"@id\":\"https:\/\/constantinianorder.com\/#organization\",\"name\":\"Sacro Militare Ordine Costantiniano di San Giorgio\",\"url\":\"https:\/\/constantinianorder.com\/\",\"logo\":{\"@type\":\"ImageObject\",\"inLanguage\":\"fr-FR\",\"@id\":\"https:\/\/constantinianorder.com\/#\/schema\/logo\/image\/\",\"url\":\"https:\/\/constantinianorder.com\/wp-content\/uploads\/2025\/10\/cropped-logo-costantiniano.png\",\"contentUrl\":\"https:\/\/constantinianorder.com\/wp-content\/uploads\/2025\/10\/cropped-logo-costantiniano.png\",\"width\":512,\"height\":512,\"caption\":\"Sacro Militare Ordine Costantiniano di San Giorgio\"},\"image\":{\"@id\":\"https:\/\/constantinianorder.com\/#\/schema\/logo\/image\/\"},\"sameAs\":[\"https:\/\/www.facebook.com\/constantinianorder\",\"https:\/\/www.instagram.com\/constantinianorder\/\",\"https:\/\/www.youtube.com\/@granmagisterodelsacromilit9375\"]},{\"@type\":\"Person\",\"@id\":\"https:\/\/constantinianorder.com\/#\/schema\/person\/493f3b1475d575dcddda4ec923772c66\",\"name\":\"admin\",\"sameAs\":[\"https:\/\/constantinianorder.com\"],\"url\":\"https:\/\/constantinianorder.com\/fr\/author\/domain_jlukbpo7\/\"}]}<\/script>\n<!-- \/ Yoast SEO plugin. -->","yoast_head_json":{"title":"CALABRE: LES ACTIVIT\u00c9S DE AO\u00dbT - Sacro Militare Ordine Costantiniano di San Giorgio","robots":{"index":"index","follow":"follow","max-snippet":"max-snippet:-1","max-image-preview":"max-image-preview:large","max-video-preview":"max-video-preview:-1"},"canonical":"https:\/\/constantinianorder.com\/calabria-attivita-di-agosto-2\/","og_locale":"fr_FR","og_type":"article","og_title":"CALABRE: LES ACTIVIT\u00c9S DE AO\u00dbT - Sacro Militare Ordine Costantiniano di San Giorgio","og_description":"Le mercredi 4 ao\u00fbt 2021, \u00e0 l&rsquo;occasion du 5\u00e8me centenaire de la fondation de l&rsquo;ensemble monastique de San Domenico (1521-2021), la D\u00e9l\u00e9gation de la Calabre a particip\u00e9 \u00e0 l&rsquo;\u00e9v\u00e9nement, sur invitation de l&rsquo;Administration de la Municipalit\u00e9 d&rsquo;Amendolara, un village historique et hospitalier de l&rsquo;Alto Jonio Cosentino.La manif\u00e9station s&rsquo;est d\u00e9roul\u00e9e dans la place devant l&rsquo;\u00c9glise du [&hellip;]","og_url":"https:\/\/constantinianorder.com\/calabria-attivita-di-agosto-2\/","og_site_name":"Sacro Militare Ordine Costantiniano di San Giorgio","article_publisher":"https:\/\/www.facebook.com\/constantinianorder","article_published_time":"2021-08-31T09:30:05+00:00","article_modified_time":"2025-10-21T17:31:28+00:00","og_image":[{"width":1600,"height":1198,"url":"https:\/\/constantinianorder.com\/wp-content\/uploads\/2021\/08\/amendolara.jpg","type":"image\/jpeg"}],"author":"admin","twitter_card":"summary_large_image","twitter_misc":{"\u00c9crit par":"admin","Dur\u00e9e de lecture estim\u00e9e":"5 minutes"},"schema":{"@context":"https:\/\/schema.org","@graph":[{"@type":"Article","@id":"https:\/\/constantinianorder.com\/calabria-attivita-di-agosto-2\/#article","isPartOf":{"@id":"https:\/\/constantinianorder.com\/calabria-attivita-di-agosto-2\/"},"author":{"name":"admin","@id":"https:\/\/constantinianorder.com\/#\/schema\/person\/493f3b1475d575dcddda4ec923772c66"},"headline":"CALABRE: LES ACTIVIT\u00c9S DE AO\u00dbT","datePublished":"2021-08-31T09:30:05+00:00","dateModified":"2025-10-21T17:31:28+00:00","mainEntityOfPage":{"@id":"https:\/\/constantinianorder.com\/calabria-attivita-di-agosto-2\/"},"wordCount":1092,"publisher":{"@id":"https:\/\/constantinianorder.com\/#organization"},"image":{"@id":"https:\/\/constantinianorder.com\/calabria-attivita-di-agosto-2\/#primaryimage"},"thumbnailUrl":"https:\/\/constantinianorder.com\/wp-content\/uploads\/2021\/08\/amendolara-1024x767.jpg","articleSection":["D\u00e9l\u00e9gation de la Calabre"],"inLanguage":"fr-FR"},{"@type":"WebPage","@id":"https:\/\/constantinianorder.com\/calabria-attivita-di-agosto-2\/","url":"https:\/\/constantinianorder.com\/calabria-attivita-di-agosto-2\/","name":"CALABRE: LES ACTIVIT\u00c9S DE AO\u00dbT - Sacro Militare Ordine Costantiniano di San Giorgio","isPartOf":{"@id":"https:\/\/constantinianorder.com\/#website"},"primaryImageOfPage":{"@id":"https:\/\/constantinianorder.com\/calabria-attivita-di-agosto-2\/#primaryimage"},"image":{"@id":"https:\/\/constantinianorder.com\/calabria-attivita-di-agosto-2\/#primaryimage"},"thumbnailUrl":"https:\/\/constantinianorder.com\/wp-content\/uploads\/2021\/08\/amendolara-1024x767.jpg","datePublished":"2021-08-31T09:30:05+00:00","dateModified":"2025-10-21T17:31:28+00:00","breadcrumb":{"@id":"https:\/\/constantinianorder.com\/calabria-attivita-di-agosto-2\/#breadcrumb"},"inLanguage":"fr-FR","potentialAction":[{"@type":"ReadAction","target":["https:\/\/constantinianorder.com\/calabria-attivita-di-agosto-2\/"]}]},{"@type":"ImageObject","inLanguage":"fr-FR","@id":"https:\/\/constantinianorder.com\/calabria-attivita-di-agosto-2\/#primaryimage","url":"https:\/\/constantinianorder.com\/wp-content\/uploads\/2021\/08\/amendolara-1024x767.jpg","contentUrl":"https:\/\/constantinianorder.com\/wp-content\/uploads\/2021\/08\/amendolara-1024x767.jpg"},{"@type":"BreadcrumbList","@id":"https:\/\/constantinianorder.com\/calabria-attivita-di-agosto-2\/#breadcrumb","itemListElement":[{"@type":"ListItem","position":1,"name":"Home","item":"https:\/\/constantinianorder.com\/en\/"},{"@type":"ListItem","position":2,"name":"CALABRE: LES ACTIVIT\u00c9S DE AO\u00dbT"}]},{"@type":"WebSite","@id":"https:\/\/constantinianorder.com\/#website","url":"https:\/\/constantinianorder.com\/","name":"Sacro Militare Ordine Costantiniano di San Giorgio","description":"Ordine Ufficiale","publisher":{"@id":"https:\/\/constantinianorder.com\/#organization"},"potentialAction":[{"@type":"SearchAction","target":{"@type":"EntryPoint","urlTemplate":"https:\/\/constantinianorder.com\/?s={search_term_string}"},"query-input":{"@type":"PropertyValueSpecification","valueRequired":true,"valueName":"search_term_string"}}],"inLanguage":"fr-FR"},{"@type":"Organization","@id":"https:\/\/constantinianorder.com\/#organization","name":"Sacro Militare Ordine Costantiniano di San Giorgio","url":"https:\/\/constantinianorder.com\/","logo":{"@type":"ImageObject","inLanguage":"fr-FR","@id":"https:\/\/constantinianorder.com\/#\/schema\/logo\/image\/","url":"https:\/\/constantinianorder.com\/wp-content\/uploads\/2025\/10\/cropped-logo-costantiniano.png","contentUrl":"https:\/\/constantinianorder.com\/wp-content\/uploads\/2025\/10\/cropped-logo-costantiniano.png","width":512,"height":512,"caption":"Sacro Militare Ordine Costantiniano di San Giorgio"},"image":{"@id":"https:\/\/constantinianorder.com\/#\/schema\/logo\/image\/"},"sameAs":["https:\/\/www.facebook.com\/constantinianorder","https:\/\/www.instagram.com\/constantinianorder\/","https:\/\/www.youtube.com\/@granmagisterodelsacromilit9375"]},{"@type":"Person","@id":"https:\/\/constantinianorder.com\/#\/schema\/person\/493f3b1475d575dcddda4ec923772c66","name":"admin","sameAs":["https:\/\/constantinianorder.com"],"url":"https:\/\/constantinianorder.com\/fr\/author\/domain_jlukbpo7\/"}]}},"_links":{"self":[{"href":"https:\/\/constantinianorder.com\/fr\/wp-json\/wp\/v2\/posts\/72754","targetHints":{"allow":["GET"]}}],"collection":[{"href":"https:\/\/constantinianorder.com\/fr\/wp-json\/wp\/v2\/posts"}],"about":[{"href":"https:\/\/constantinianorder.com\/fr\/wp-json\/wp\/v2\/types\/post"}],"author":[{"embeddable":true,"href":"https:\/\/constantinianorder.com\/fr\/wp-json\/wp\/v2\/users\/1"}],"replies":[{"embeddable":true,"href":"https:\/\/constantinianorder.com\/fr\/wp-json\/wp\/v2\/comments?post=72754"}],"version-history":[{"count":1,"href":"https:\/\/constantinianorder.com\/fr\/wp-json\/wp\/v2\/posts\/72754\/revisions"}],"predecessor-version":[{"id":89385,"href":"https:\/\/constantinianorder.com\/fr\/wp-json\/wp\/v2\/posts\/72754\/revisions\/89385"}],"wp:attachment":[{"href":"https:\/\/constantinianorder.com\/fr\/wp-json\/wp\/v2\/media?parent=72754"}],"wp:term":[{"taxonomy":"category","embeddable":true,"href":"https:\/\/constantinianorder.com\/fr\/wp-json\/wp\/v2\/categories?post=72754"},{"taxonomy":"post_tag","embeddable":true,"href":"https:\/\/constantinianorder.com\/fr\/wp-json\/wp\/v2\/tags?post=72754"}],"curies":[{"name":"wp","href":"https:\/\/api.w.org\/{rel}","templated":true}]}}