{"id":72393,"date":"2022-05-05T17:16:26","date_gmt":"2022-05-05T17:16:26","guid":{"rendered":"https:\/\/constantinianorder.net\/abruzzo-e-molise-festa-del-patrono-san-giorgio-e-precetto-pasquale\/"},"modified":"2025-10-21T16:25:05","modified_gmt":"2025-10-21T16:25:05","slug":"abruzzes-et-molise-fete-du-patron-saint-georges-et-precept-de-paques","status":"publish","type":"post","link":"https:\/\/constantinianorder.com\/fr\/abruzzes-et-molise-fete-du-patron-saint-georges-et-precept-de-paques\/","title":{"rendered":"ABRUZZES ET MOLISE: F\u00caTE DU PATRON SAINT GEORGES ET PRECEPT DE P\u00c2QUES"},"content":{"rendered":"\n<p>Le 24 avril 2022 la D\u00e9l\u00e9gation des Abruzzes et du Molise s&rsquo;est r\u00e9unie \u00e0 Tagliacozzo (AQ) \u00e0 l&rsquo;occasion de la f\u00eate du Saint Patron de notre Ordre, Saint Georges, et du Pr\u00e9cepte de P\u00e2ques. Les c\u00e9l\u00e9brations ont \u00e9t\u00e9 suivies par de nombreux fr\u00e8res accompagn\u00e9s par le D\u00e9l\u00e9gu\u00e9 et par l&rsquo;Aum\u00f4nier P\u00e8re Ennio Grossi, Chevalier de Gr\u00e2ce Eccl\u00e9siastique du dioc\u00e8se d&rsquo;Avezzano, les D\u00e9l\u00e9gations des Ordres de Malte et du Saint S\u00e9pulcre et de nombreux habitants de la r\u00e9gion de Marsica, pr\u00e9sents pour la procession de la Sainte Face, qui ont \u00e9t\u00e9 chaleureusement accueillis par le Maire, le Chevalier Vincenzo Giovagnorio, notre confr\u00e8re.<\/p>\n\n\n\n<figure class=\"wp-block-image\"><img decoding=\"async\" src=\"https:\/\/constantinianorder.com\/wp-content\/uploads\/2022\/05\/IMG_2504-1024x768.jpeg\" alt=\"\" class=\"wp-image-66028\"\/><\/figure>\n\n\n\n<figure class=\"wp-block-image\"><img decoding=\"async\" src=\"https:\/\/constantinianorder.com\/wp-content\/uploads\/2022\/05\/3-1024x768.jpeg\" alt=\"\" class=\"wp-image-66032\"\/><\/figure>\n\n\n\n\n\n<p>Apr\u00e8s la Sainte Messe, pr\u00e9sid\u00e9e par l&rsquo;Ev\u00eaque d&rsquo;Avezzano, S.E.R. Mons. Giovanni Massaro, et conc\u00e9l\u00e9br\u00e9e par les Cur\u00e9s de la r\u00e9gion de Marsica, tous les participants ont d\u00e9fil\u00e9 \u00e0 la procession dans les roues de la ville et, sur Piazza dell&rsquo;Obelisco, a eu lieu la b\u00e9n\u00e9diction par l&rsquo;\u00c9v\u00eaque d&rsquo;Avezzano avec l&rsquo;effigie de la Sainte Face. <\/p>\n\n\n\n<figure class=\"wp-block-image\"><img decoding=\"async\" src=\"https:\/\/constantinianorder.com\/wp-content\/uploads\/2022\/05\/4-1024x768.jpeg\" alt=\"\" class=\"wp-image-66020\"\/><\/figure>\n\n\n\n<p>Pour la r\u00e9gion de Marsica, la f\u00eate de la Sainte Face repr\u00e9sente un \u00e9v\u00e9nement d&rsquo;importance exceptionnelle qui se transmet depuis des si\u00e8cles. \u00c0 cette occasion, beaucoup de citoyens de Tagliacozzo et des villes de Marsica qui ont \u00e9migr\u00e9 dans de nombreuses parties du monde reviennent pour se souvenir de leur profond attachement aux lieux o\u00f9 leurs racines sont enterr\u00e9es. Enfin, S.E. l&rsquo;\u00c9v\u00eaque a salu\u00e9 les Chevaliers et les Dames pr\u00e9sents des trois prestigieux Ordres \u00c9questres, Constantinien, Malte et du Saint S\u00e9pulcre, en participant \u00e0 une belle photo de groupe. Les trois d\u00e9l\u00e9gations ont toujours \u00e9t\u00e9 tr\u00e8s unies et proches dans leurs activit\u00e9s d&rsquo;aide aux plus faibles et la m\u00eame participation de la chorale \u00e0 l&rsquo;\u00e9v\u00e9nement montre \u00e0 quel point ce lien est fort.<\/p>\n","protected":false},"excerpt":{"rendered":"<p>Le 24 avril 2022 la D\u00e9l\u00e9gation des Abruzzes et du Molise s&rsquo;est r\u00e9unie \u00e0 Tagliacozzo (AQ) \u00e0 l&rsquo;occasion de la f\u00eate du Saint Patron de notre Ordre, Saint Georges, et du Pr\u00e9cepte de P\u00e2ques. Les c\u00e9l\u00e9brations ont \u00e9t\u00e9 suivies par de nombreux fr\u00e8res accompagn\u00e9s par le D\u00e9l\u00e9gu\u00e9 et par l&rsquo;Aum\u00f4nier P\u00e8re Ennio Grossi, Chevalier de [&hellip;]<\/p>\n","protected":false},"author":1,"featured_media":0,"comment_status":"closed","ping_status":"closed","sticky":false,"template":"","format":"standard","meta":{"footnotes":""},"categories":[183],"tags":[],"class_list":["post-72393","post","type-post","status-publish","format-standard","hentry","category-delegation-des-abruzzes-et-molise"],"yoast_head":"<!-- This site is optimized with the Yoast SEO plugin v26.5 - https:\/\/yoast.com\/wordpress\/plugins\/seo\/ -->\n<title>ABRUZZES ET MOLISE: F\u00caTE DU PATRON SAINT GEORGES ET PRECEPT DE P\u00c2QUES - Sacro Militare Ordine Costantiniano di San Giorgio<\/title>\n<meta name=\"robots\" content=\"index, follow, max-snippet:-1, max-image-preview:large, max-video-preview:-1\" \/>\n<link rel=\"canonical\" href=\"https:\/\/constantinianorder.com\/abruzzo-e-molise-festa-del-patrono-san-giorgio-e-precetto-pasquale\/\" \/>\n<meta property=\"og:locale\" content=\"fr_FR\" \/>\n<meta property=\"og:type\" content=\"article\" \/>\n<meta property=\"og:title\" content=\"ABRUZZES ET MOLISE: F\u00caTE DU PATRON SAINT GEORGES ET PRECEPT DE P\u00c2QUES - Sacro Militare Ordine Costantiniano di San Giorgio\" \/>\n<meta property=\"og:description\" content=\"Le 24 avril 2022 la D\u00e9l\u00e9gation des Abruzzes et du Molise s&rsquo;est r\u00e9unie \u00e0 Tagliacozzo (AQ) \u00e0 l&rsquo;occasion de la f\u00eate du Saint Patron de notre Ordre, Saint Georges, et du Pr\u00e9cepte de P\u00e2ques. Les c\u00e9l\u00e9brations ont \u00e9t\u00e9 suivies par de nombreux fr\u00e8res accompagn\u00e9s par le D\u00e9l\u00e9gu\u00e9 et par l&rsquo;Aum\u00f4nier P\u00e8re Ennio Grossi, Chevalier de [&hellip;]\" \/>\n<meta property=\"og:url\" content=\"https:\/\/constantinianorder.com\/abruzzo-e-molise-festa-del-patrono-san-giorgio-e-precetto-pasquale\/\" \/>\n<meta property=\"og:site_name\" content=\"Sacro Militare Ordine Costantiniano di San Giorgio\" \/>\n<meta property=\"article:publisher\" content=\"https:\/\/www.facebook.com\/constantinianorder\" \/>\n<meta property=\"article:published_time\" content=\"2022-05-05T17:16:26+00:00\" \/>\n<meta property=\"article:modified_time\" content=\"2025-10-21T16:25:05+00:00\" \/>\n<meta property=\"og:image\" content=\"https:\/\/constantinianorder.com\/wp-content\/uploads\/2022\/05\/IMG_2504.webp\" \/>\n\t<meta property=\"og:image:width\" content=\"1920\" \/>\n\t<meta property=\"og:image:height\" content=\"1440\" \/>\n\t<meta property=\"og:image:type\" content=\"image\/webp\" \/>\n<meta name=\"author\" content=\"admin\" \/>\n<meta name=\"twitter:card\" content=\"summary_large_image\" \/>\n<meta name=\"twitter:label1\" content=\"\u00c9crit par\" \/>\n\t<meta name=\"twitter:data1\" content=\"admin\" \/>\n\t<meta name=\"twitter:label2\" content=\"Dur\u00e9e de lecture estim\u00e9e\" \/>\n\t<meta name=\"twitter:data2\" content=\"2 minutes\" \/>\n<script type=\"application\/ld+json\" class=\"yoast-schema-graph\">{\"@context\":\"https:\/\/schema.org\",\"@graph\":[{\"@type\":\"Article\",\"@id\":\"https:\/\/constantinianorder.com\/abruzzo-e-molise-festa-del-patrono-san-giorgio-e-precetto-pasquale\/#article\",\"isPartOf\":{\"@id\":\"https:\/\/constantinianorder.com\/abruzzo-e-molise-festa-del-patrono-san-giorgio-e-precetto-pasquale\/\"},\"author\":{\"name\":\"admin\",\"@id\":\"https:\/\/constantinianorder.com\/#\/schema\/person\/493f3b1475d575dcddda4ec923772c66\"},\"headline\":\"ABRUZZES ET MOLISE: F\u00caTE DU PATRON SAINT GEORGES ET PRECEPT DE P\u00c2QUES\",\"datePublished\":\"2022-05-05T17:16:26+00:00\",\"dateModified\":\"2025-10-21T16:25:05+00:00\",\"mainEntityOfPage\":{\"@id\":\"https:\/\/constantinianorder.com\/abruzzo-e-molise-festa-del-patrono-san-giorgio-e-precetto-pasquale\/\"},\"wordCount\":351,\"publisher\":{\"@id\":\"https:\/\/constantinianorder.com\/#organization\"},\"image\":{\"@id\":\"https:\/\/constantinianorder.com\/abruzzo-e-molise-festa-del-patrono-san-giorgio-e-precetto-pasquale\/#primaryimage\"},\"thumbnailUrl\":\"https:\/\/constantinianorder.com\/wp-content\/uploads\/2022\/05\/IMG_2504-1024x768.jpeg\",\"articleSection\":[\"D\u00e9l\u00e9gation des Abruzzes et Molise\"],\"inLanguage\":\"fr-FR\"},{\"@type\":\"WebPage\",\"@id\":\"https:\/\/constantinianorder.com\/abruzzo-e-molise-festa-del-patrono-san-giorgio-e-precetto-pasquale\/\",\"url\":\"https:\/\/constantinianorder.com\/abruzzo-e-molise-festa-del-patrono-san-giorgio-e-precetto-pasquale\/\",\"name\":\"ABRUZZES ET MOLISE: F\u00caTE DU PATRON SAINT GEORGES ET PRECEPT DE P\u00c2QUES - Sacro Militare Ordine Costantiniano di San Giorgio\",\"isPartOf\":{\"@id\":\"https:\/\/constantinianorder.com\/#website\"},\"primaryImageOfPage\":{\"@id\":\"https:\/\/constantinianorder.com\/abruzzo-e-molise-festa-del-patrono-san-giorgio-e-precetto-pasquale\/#primaryimage\"},\"image\":{\"@id\":\"https:\/\/constantinianorder.com\/abruzzo-e-molise-festa-del-patrono-san-giorgio-e-precetto-pasquale\/#primaryimage\"},\"thumbnailUrl\":\"https:\/\/constantinianorder.com\/wp-content\/uploads\/2022\/05\/IMG_2504-1024x768.jpeg\",\"datePublished\":\"2022-05-05T17:16:26+00:00\",\"dateModified\":\"2025-10-21T16:25:05+00:00\",\"breadcrumb\":{\"@id\":\"https:\/\/constantinianorder.com\/abruzzo-e-molise-festa-del-patrono-san-giorgio-e-precetto-pasquale\/#breadcrumb\"},\"inLanguage\":\"fr-FR\",\"potentialAction\":[{\"@type\":\"ReadAction\",\"target\":[\"https:\/\/constantinianorder.com\/abruzzo-e-molise-festa-del-patrono-san-giorgio-e-precetto-pasquale\/\"]}]},{\"@type\":\"ImageObject\",\"inLanguage\":\"fr-FR\",\"@id\":\"https:\/\/constantinianorder.com\/abruzzo-e-molise-festa-del-patrono-san-giorgio-e-precetto-pasquale\/#primaryimage\",\"url\":\"https:\/\/constantinianorder.com\/wp-content\/uploads\/2022\/05\/IMG_2504-1024x768.jpeg\",\"contentUrl\":\"https:\/\/constantinianorder.com\/wp-content\/uploads\/2022\/05\/IMG_2504-1024x768.jpeg\"},{\"@type\":\"BreadcrumbList\",\"@id\":\"https:\/\/constantinianorder.com\/abruzzo-e-molise-festa-del-patrono-san-giorgio-e-precetto-pasquale\/#breadcrumb\",\"itemListElement\":[{\"@type\":\"ListItem\",\"position\":1,\"name\":\"Home\",\"item\":\"https:\/\/constantinianorder.com\/en\/\"},{\"@type\":\"ListItem\",\"position\":2,\"name\":\"ABRUZZES ET MOLISE: F\u00caTE DU PATRON SAINT GEORGES ET PRECEPT DE P\u00c2QUES\"}]},{\"@type\":\"WebSite\",\"@id\":\"https:\/\/constantinianorder.com\/#website\",\"url\":\"https:\/\/constantinianorder.com\/\",\"name\":\"Sacro Militare Ordine Costantiniano di San Giorgio\",\"description\":\"Ordine Ufficiale\",\"publisher\":{\"@id\":\"https:\/\/constantinianorder.com\/#organization\"},\"potentialAction\":[{\"@type\":\"SearchAction\",\"target\":{\"@type\":\"EntryPoint\",\"urlTemplate\":\"https:\/\/constantinianorder.com\/?s={search_term_string}\"},\"query-input\":{\"@type\":\"PropertyValueSpecification\",\"valueRequired\":true,\"valueName\":\"search_term_string\"}}],\"inLanguage\":\"fr-FR\"},{\"@type\":\"Organization\",\"@id\":\"https:\/\/constantinianorder.com\/#organization\",\"name\":\"Sacro Militare Ordine Costantiniano di San Giorgio\",\"url\":\"https:\/\/constantinianorder.com\/\",\"logo\":{\"@type\":\"ImageObject\",\"inLanguage\":\"fr-FR\",\"@id\":\"https:\/\/constantinianorder.com\/#\/schema\/logo\/image\/\",\"url\":\"https:\/\/constantinianorder.com\/wp-content\/uploads\/2025\/10\/cropped-logo-costantiniano.png\",\"contentUrl\":\"https:\/\/constantinianorder.com\/wp-content\/uploads\/2025\/10\/cropped-logo-costantiniano.png\",\"width\":512,\"height\":512,\"caption\":\"Sacro Militare Ordine Costantiniano di San Giorgio\"},\"image\":{\"@id\":\"https:\/\/constantinianorder.com\/#\/schema\/logo\/image\/\"},\"sameAs\":[\"https:\/\/www.facebook.com\/constantinianorder\",\"https:\/\/www.instagram.com\/constantinianorder\/\",\"https:\/\/www.youtube.com\/@granmagisterodelsacromilit9375\"]},{\"@type\":\"Person\",\"@id\":\"https:\/\/constantinianorder.com\/#\/schema\/person\/493f3b1475d575dcddda4ec923772c66\",\"name\":\"admin\",\"sameAs\":[\"https:\/\/constantinianorder.com\"],\"url\":\"https:\/\/constantinianorder.com\/fr\/author\/domain_jlukbpo7\/\"}]}<\/script>\n<!-- \/ Yoast SEO plugin. -->","yoast_head_json":{"title":"ABRUZZES ET MOLISE: F\u00caTE DU PATRON SAINT GEORGES ET PRECEPT DE P\u00c2QUES - Sacro Militare Ordine Costantiniano di San Giorgio","robots":{"index":"index","follow":"follow","max-snippet":"max-snippet:-1","max-image-preview":"max-image-preview:large","max-video-preview":"max-video-preview:-1"},"canonical":"https:\/\/constantinianorder.com\/abruzzo-e-molise-festa-del-patrono-san-giorgio-e-precetto-pasquale\/","og_locale":"fr_FR","og_type":"article","og_title":"ABRUZZES ET MOLISE: F\u00caTE DU PATRON SAINT GEORGES ET PRECEPT DE P\u00c2QUES - Sacro Militare Ordine Costantiniano di San Giorgio","og_description":"Le 24 avril 2022 la D\u00e9l\u00e9gation des Abruzzes et du Molise s&rsquo;est r\u00e9unie \u00e0 Tagliacozzo (AQ) \u00e0 l&rsquo;occasion de la f\u00eate du Saint Patron de notre Ordre, Saint Georges, et du Pr\u00e9cepte de P\u00e2ques. Les c\u00e9l\u00e9brations ont \u00e9t\u00e9 suivies par de nombreux fr\u00e8res accompagn\u00e9s par le D\u00e9l\u00e9gu\u00e9 et par l&rsquo;Aum\u00f4nier P\u00e8re Ennio Grossi, Chevalier de [&hellip;]","og_url":"https:\/\/constantinianorder.com\/abruzzo-e-molise-festa-del-patrono-san-giorgio-e-precetto-pasquale\/","og_site_name":"Sacro Militare Ordine Costantiniano di San Giorgio","article_publisher":"https:\/\/www.facebook.com\/constantinianorder","article_published_time":"2022-05-05T17:16:26+00:00","article_modified_time":"2025-10-21T16:25:05+00:00","og_image":[{"width":1920,"height":1440,"url":"https:\/\/constantinianorder.com\/wp-content\/uploads\/2022\/05\/IMG_2504.webp","type":"image\/webp"}],"author":"admin","twitter_card":"summary_large_image","twitter_misc":{"\u00c9crit par":"admin","Dur\u00e9e de lecture estim\u00e9e":"2 minutes"},"schema":{"@context":"https:\/\/schema.org","@graph":[{"@type":"Article","@id":"https:\/\/constantinianorder.com\/abruzzo-e-molise-festa-del-patrono-san-giorgio-e-precetto-pasquale\/#article","isPartOf":{"@id":"https:\/\/constantinianorder.com\/abruzzo-e-molise-festa-del-patrono-san-giorgio-e-precetto-pasquale\/"},"author":{"name":"admin","@id":"https:\/\/constantinianorder.com\/#\/schema\/person\/493f3b1475d575dcddda4ec923772c66"},"headline":"ABRUZZES ET MOLISE: F\u00caTE DU PATRON SAINT GEORGES ET PRECEPT DE P\u00c2QUES","datePublished":"2022-05-05T17:16:26+00:00","dateModified":"2025-10-21T16:25:05+00:00","mainEntityOfPage":{"@id":"https:\/\/constantinianorder.com\/abruzzo-e-molise-festa-del-patrono-san-giorgio-e-precetto-pasquale\/"},"wordCount":351,"publisher":{"@id":"https:\/\/constantinianorder.com\/#organization"},"image":{"@id":"https:\/\/constantinianorder.com\/abruzzo-e-molise-festa-del-patrono-san-giorgio-e-precetto-pasquale\/#primaryimage"},"thumbnailUrl":"https:\/\/constantinianorder.com\/wp-content\/uploads\/2022\/05\/IMG_2504-1024x768.jpeg","articleSection":["D\u00e9l\u00e9gation des Abruzzes et Molise"],"inLanguage":"fr-FR"},{"@type":"WebPage","@id":"https:\/\/constantinianorder.com\/abruzzo-e-molise-festa-del-patrono-san-giorgio-e-precetto-pasquale\/","url":"https:\/\/constantinianorder.com\/abruzzo-e-molise-festa-del-patrono-san-giorgio-e-precetto-pasquale\/","name":"ABRUZZES ET MOLISE: F\u00caTE DU PATRON SAINT GEORGES ET PRECEPT DE P\u00c2QUES - Sacro Militare Ordine Costantiniano di San Giorgio","isPartOf":{"@id":"https:\/\/constantinianorder.com\/#website"},"primaryImageOfPage":{"@id":"https:\/\/constantinianorder.com\/abruzzo-e-molise-festa-del-patrono-san-giorgio-e-precetto-pasquale\/#primaryimage"},"image":{"@id":"https:\/\/constantinianorder.com\/abruzzo-e-molise-festa-del-patrono-san-giorgio-e-precetto-pasquale\/#primaryimage"},"thumbnailUrl":"https:\/\/constantinianorder.com\/wp-content\/uploads\/2022\/05\/IMG_2504-1024x768.jpeg","datePublished":"2022-05-05T17:16:26+00:00","dateModified":"2025-10-21T16:25:05+00:00","breadcrumb":{"@id":"https:\/\/constantinianorder.com\/abruzzo-e-molise-festa-del-patrono-san-giorgio-e-precetto-pasquale\/#breadcrumb"},"inLanguage":"fr-FR","potentialAction":[{"@type":"ReadAction","target":["https:\/\/constantinianorder.com\/abruzzo-e-molise-festa-del-patrono-san-giorgio-e-precetto-pasquale\/"]}]},{"@type":"ImageObject","inLanguage":"fr-FR","@id":"https:\/\/constantinianorder.com\/abruzzo-e-molise-festa-del-patrono-san-giorgio-e-precetto-pasquale\/#primaryimage","url":"https:\/\/constantinianorder.com\/wp-content\/uploads\/2022\/05\/IMG_2504-1024x768.jpeg","contentUrl":"https:\/\/constantinianorder.com\/wp-content\/uploads\/2022\/05\/IMG_2504-1024x768.jpeg"},{"@type":"BreadcrumbList","@id":"https:\/\/constantinianorder.com\/abruzzo-e-molise-festa-del-patrono-san-giorgio-e-precetto-pasquale\/#breadcrumb","itemListElement":[{"@type":"ListItem","position":1,"name":"Home","item":"https:\/\/constantinianorder.com\/en\/"},{"@type":"ListItem","position":2,"name":"ABRUZZES ET MOLISE: F\u00caTE DU PATRON SAINT GEORGES ET PRECEPT DE P\u00c2QUES"}]},{"@type":"WebSite","@id":"https:\/\/constantinianorder.com\/#website","url":"https:\/\/constantinianorder.com\/","name":"Sacro Militare Ordine Costantiniano di San Giorgio","description":"Ordine Ufficiale","publisher":{"@id":"https:\/\/constantinianorder.com\/#organization"},"potentialAction":[{"@type":"SearchAction","target":{"@type":"EntryPoint","urlTemplate":"https:\/\/constantinianorder.com\/?s={search_term_string}"},"query-input":{"@type":"PropertyValueSpecification","valueRequired":true,"valueName":"search_term_string"}}],"inLanguage":"fr-FR"},{"@type":"Organization","@id":"https:\/\/constantinianorder.com\/#organization","name":"Sacro Militare Ordine Costantiniano di San Giorgio","url":"https:\/\/constantinianorder.com\/","logo":{"@type":"ImageObject","inLanguage":"fr-FR","@id":"https:\/\/constantinianorder.com\/#\/schema\/logo\/image\/","url":"https:\/\/constantinianorder.com\/wp-content\/uploads\/2025\/10\/cropped-logo-costantiniano.png","contentUrl":"https:\/\/constantinianorder.com\/wp-content\/uploads\/2025\/10\/cropped-logo-costantiniano.png","width":512,"height":512,"caption":"Sacro Militare Ordine Costantiniano di San Giorgio"},"image":{"@id":"https:\/\/constantinianorder.com\/#\/schema\/logo\/image\/"},"sameAs":["https:\/\/www.facebook.com\/constantinianorder","https:\/\/www.instagram.com\/constantinianorder\/","https:\/\/www.youtube.com\/@granmagisterodelsacromilit9375"]},{"@type":"Person","@id":"https:\/\/constantinianorder.com\/#\/schema\/person\/493f3b1475d575dcddda4ec923772c66","name":"admin","sameAs":["https:\/\/constantinianorder.com"],"url":"https:\/\/constantinianorder.com\/fr\/author\/domain_jlukbpo7\/"}]}},"_links":{"self":[{"href":"https:\/\/constantinianorder.com\/fr\/wp-json\/wp\/v2\/posts\/72393","targetHints":{"allow":["GET"]}}],"collection":[{"href":"https:\/\/constantinianorder.com\/fr\/wp-json\/wp\/v2\/posts"}],"about":[{"href":"https:\/\/constantinianorder.com\/fr\/wp-json\/wp\/v2\/types\/post"}],"author":[{"embeddable":true,"href":"https:\/\/constantinianorder.com\/fr\/wp-json\/wp\/v2\/users\/1"}],"replies":[{"embeddable":true,"href":"https:\/\/constantinianorder.com\/fr\/wp-json\/wp\/v2\/comments?post=72393"}],"version-history":[{"count":1,"href":"https:\/\/constantinianorder.com\/fr\/wp-json\/wp\/v2\/posts\/72393\/revisions"}],"predecessor-version":[{"id":86995,"href":"https:\/\/constantinianorder.com\/fr\/wp-json\/wp\/v2\/posts\/72393\/revisions\/86995"}],"wp:attachment":[{"href":"https:\/\/constantinianorder.com\/fr\/wp-json\/wp\/v2\/media?parent=72393"}],"wp:term":[{"taxonomy":"category","embeddable":true,"href":"https:\/\/constantinianorder.com\/fr\/wp-json\/wp\/v2\/categories?post=72393"},{"taxonomy":"post_tag","embeddable":true,"href":"https:\/\/constantinianorder.com\/fr\/wp-json\/wp\/v2\/tags?post=72393"}],"curies":[{"name":"wp","href":"https:\/\/api.w.org\/{rel}","templated":true}]}}