{"id":72291,"date":"2023-05-09T11:38:36","date_gmt":"2023-05-09T11:38:36","guid":{"rendered":"https:\/\/constantinianorder.net\/emilia-romagna-eventi-a-piacenza-e-ferrara\/"},"modified":"2025-12-01T18:24:44","modified_gmt":"2025-12-01T18:24:44","slug":"emilie-romagne-evenements-a-plaisance-et-ferrare","status":"publish","type":"post","link":"https:\/\/constantinianorder.com\/fr\/emilie-romagne-evenements-a-plaisance-et-ferrare\/","title":{"rendered":"\u00c9MILIE-ROMAGNE: \u00c9V\u00c9NEMENTS \u00c0 PLAISANCE ET FERRARE"},"content":{"rendered":"\n<ul class=\"wp-block-gallery columns-3 is-cropped wp-block-gallery-1 is-layout-flex wp-block-gallery-is-layout-flex\"><li class=\"blocks-gallery-item\"><figure><img decoding=\"async\" src=\"https:\/\/constantinianorder.com\/wp-content\/uploads\/2023\/05\/PHOTO-2023-05-05-23-43-56-1024x478.jpg\" alt=\"\" data-id=\"72265\" data-link=\"https:\/\/export.constantinianorder.net\/?attachment_id=72265\" class=\"wp-image-72265\"\/><\/figure><\/li><li class=\"blocks-gallery-item\"><figure><img fetchpriority=\"high\" decoding=\"async\" width=\"648\" height=\"1024\" src=\"https:\/\/constantinianorder.com\/wp-content\/uploads\/2023\/05\/6acb893c-b3ed-40f8-a5d7-66f79194df23-648x1024.webp\" alt=\"\" data-id=\"72269\" data-link=\"https:\/\/export.constantinianorder.net\/?attachment_id=72269\" class=\"wp-image-72269\" srcset=\"https:\/\/constantinianorder.com\/wp-content\/uploads\/2023\/05\/6acb893c-b3ed-40f8-a5d7-66f79194df23-648x1024.webp 648w, https:\/\/constantinianorder.com\/wp-content\/uploads\/2023\/05\/6acb893c-b3ed-40f8-a5d7-66f79194df23-190x300.webp 190w, https:\/\/constantinianorder.com\/wp-content\/uploads\/2023\/05\/6acb893c-b3ed-40f8-a5d7-66f79194df23-768x1214.webp 768w, https:\/\/constantinianorder.com\/wp-content\/uploads\/2023\/05\/6acb893c-b3ed-40f8-a5d7-66f79194df23-972x1536.webp 972w, https:\/\/constantinianorder.com\/wp-content\/uploads\/2023\/05\/6acb893c-b3ed-40f8-a5d7-66f79194df23.webp 1215w\" sizes=\"(max-width: 648px) 100vw, 648px\" \/><\/figure><\/li><li class=\"blocks-gallery-item\"><figure><img decoding=\"async\" src=\"https:\/\/constantinianorder.com\/wp-content\/uploads\/2023\/05\/97f3d82f-62e9-4202-8d31-5e6b99721cea-635x1024.jpg\" alt=\"\" data-id=\"72273\" data-link=\"https:\/\/export.constantinianorder.net\/?attachment_id=72273\" class=\"wp-image-72273\"\/><\/figure><\/li><li class=\"blocks-gallery-item\"><figure><img decoding=\"async\" src=\"https:\/\/constantinianorder.com\/wp-content\/uploads\/2023\/05\/851de6a5-f94d-47a8-a532-52f178d9cb70-1-596x1024.jpg\" alt=\"\" data-id=\"72277\" data-link=\"https:\/\/export.constantinianorder.net\/?attachment_id=72277\" class=\"wp-image-72277\"\/><\/figure><\/li><li class=\"blocks-gallery-item\"><figure><img decoding=\"async\" src=\"https:\/\/constantinianorder.com\/wp-content\/uploads\/2023\/05\/b370a911-0a2f-4bf5-94b9-0d6a5170ae83.jpg\" alt=\"\" data-id=\"72281\" data-link=\"https:\/\/export.constantinianorder.net\/?attachment_id=72281\" class=\"wp-image-72281\"\/><\/figure><\/li><li class=\"blocks-gallery-item\"><figure><img decoding=\"async\" src=\"https:\/\/constantinianorder.com\/wp-content\/uploads\/2023\/05\/e09c76fb-ce87-437e-8198-64d0fd889c67.jpg\" alt=\"\" data-id=\"72285\" data-link=\"https:\/\/export.constantinianorder.net\/?attachment_id=72285\" class=\"wp-image-72285\"\/><\/figure><\/li><\/ul>\n\n\n\n<p>Le vendredi 5 mai, dans l&rsquo;Oratoire de San Dalmazio, les Chevaliers de la D\u00e9l\u00e9gation \u00c9milie-Romagne &#8211; Plaisance ont particip\u00e9 \u00e0 la Sainte Messe  pr\u00e9sid\u00e9e par le Vice Prieur de la D\u00e9l\u00e9gation, le R\u00e9v\u00e9rend P\u00e8re Stefano Antonelli. \u00c0 la fin de la c\u00e9r\u00e9monie Eucharistique, \u00e0 l&rsquo;occasion de la comm\u00e9moration liturgique de Saint Georges Martyr, patron de l&rsquo;Ordre, les dipl\u00f4mes ont \u00e9t\u00e9 remis aux nouveaux Chevaliers par le Vice D\u00e9l\u00e9gu\u00e9, le Chevalier Pietro Coppelli. P\u00e8re Stefano Antonelli a apport\u00e9 les salutations et la b\u00e9n\u00e9diction du Prieur de la D\u00e9l\u00e9gation, S.E. R\u00e9v\u00e9rendissime M. Gianni Ambrosio et a lu le message, adress\u00e9 \u00e0 tous les Chevaliers et les Dames, de S.E. R\u00e9v\u00e9rendissime le Cardinal Renato Raffaele Martino, Grand Prieur de l&rsquo;Ordre. Apr\u00e8s la lecture de la pri\u00e8re du Chevalier, le Prieur de la Confraternit\u00e9 du Saint-Esprit (qui s&rsquo;occupe de la conservation de l&rsquo;\u00e9glise de San Dalmazio) a pris la parole. <\/p>\n\n\n\n<p>L&rsquo;Arch. Zumbo a exprim\u00e9 ses compliments \u00e0 l&rsquo;Ordre Constantinien. La c\u00e9r\u00e9monie s&rsquo;est conclue avec un visite guid\u00e9e dans l&rsquo;\u00e9glise de San Dalmazio, en particulier de la magnifique sacristie et de la fascinante et tr\u00e8s ancienne crypte.<br><br><strong>Ferrare, le 26 avril 2023<\/strong> &#8211; Le Chevalier Davide Zamboni, en coordination avec le Repr\u00e9sentant, le Chevalier de Gr\u00e2ce Eccl\u00e9siastique, P\u00e8re Davide Benini, a livr\u00e9 une palette de produits de boulangerie, du chocolat et d&rsquo;autres produits alimentaires donn\u00e9s par la soci\u00e9t\u00e9 Red Line srl de Vigarano Mainarda (FE) <em>Wine Shop Grimaldi <\/em>en faveur des familles n\u00e9cessiteuses assist\u00e9es par le SAV de Ferrare.  Lors de la remise, outre les Chevaliers et les b\u00e9n\u00e9voles de la Repr\u00e9sentation, le b\u00e9n\u00e9voles du SAV, avec la Pr\u00e9sidente Alessandra Cescati Mazzanti et la famille Negrini, titulaire de soci\u00e9t\u00e9 donatrice, \u00e9taient pr\u00e9sents. <\/p>\n","protected":false},"excerpt":{"rendered":"<p>Le vendredi 5 mai, dans l&rsquo;Oratoire de San Dalmazio, les Chevaliers de la D\u00e9l\u00e9gation \u00c9milie-Romagne &#8211; Plaisance ont particip\u00e9 \u00e0 la Sainte Messe pr\u00e9sid\u00e9e par le Vice Prieur de la D\u00e9l\u00e9gation, le R\u00e9v\u00e9rend P\u00e8re Stefano Antonelli. \u00c0 la fin de la c\u00e9r\u00e9monie Eucharistique, \u00e0 l&rsquo;occasion de la comm\u00e9moration liturgique de Saint Georges Martyr, patron de [&hellip;]<\/p>\n","protected":false},"author":1,"featured_media":0,"comment_status":"closed","ping_status":"closed","sticky":false,"template":"","format":"standard","meta":{"footnotes":""},"categories":[172,29],"tags":[],"class_list":["post-72291","post","type-post","status-publish","format-standard","hentry","category-delegation-de-lemilie-romagne","category-non-categorise"],"yoast_head":"<!-- This site is optimized with the Yoast SEO plugin v26.5 - https:\/\/yoast.com\/wordpress\/plugins\/seo\/ -->\n<title>\u00c9MILIE-ROMAGNE: \u00c9V\u00c9NEMENTS \u00c0 PLAISANCE ET FERRARE - Sacro Militare Ordine Costantiniano di San Giorgio<\/title>\n<meta name=\"robots\" content=\"index, follow, max-snippet:-1, max-image-preview:large, max-video-preview:-1\" \/>\n<link rel=\"canonical\" href=\"https:\/\/constantinianorder.com\/fr\/emilie-romagne-evenements-a-plaisance-et-ferrare\/\" \/>\n<meta property=\"og:locale\" content=\"fr_FR\" \/>\n<meta property=\"og:type\" content=\"article\" \/>\n<meta property=\"og:title\" content=\"\u00c9MILIE-ROMAGNE: \u00c9V\u00c9NEMENTS \u00c0 PLAISANCE ET FERRARE - Sacro Militare Ordine Costantiniano di San Giorgio\" \/>\n<meta property=\"og:description\" content=\"Le vendredi 5 mai, dans l&rsquo;Oratoire de San Dalmazio, les Chevaliers de la D\u00e9l\u00e9gation \u00c9milie-Romagne &#8211; Plaisance ont particip\u00e9 \u00e0 la Sainte Messe pr\u00e9sid\u00e9e par le Vice Prieur de la D\u00e9l\u00e9gation, le R\u00e9v\u00e9rend P\u00e8re Stefano Antonelli. \u00c0 la fin de la c\u00e9r\u00e9monie Eucharistique, \u00e0 l&rsquo;occasion de la comm\u00e9moration liturgique de Saint Georges Martyr, patron de [&hellip;]\" \/>\n<meta property=\"og:url\" content=\"https:\/\/constantinianorder.com\/fr\/emilie-romagne-evenements-a-plaisance-et-ferrare\/\" \/>\n<meta property=\"og:site_name\" content=\"Sacro Militare Ordine Costantiniano di San Giorgio\" \/>\n<meta property=\"article:publisher\" content=\"https:\/\/www.facebook.com\/constantinianorder\" \/>\n<meta property=\"article:published_time\" content=\"2023-05-09T11:38:36+00:00\" \/>\n<meta property=\"article:modified_time\" content=\"2025-12-01T18:24:44+00:00\" \/>\n<meta property=\"og:image\" content=\"https:\/\/constantinianorder.com\/wp-content\/uploads\/2023\/05\/PHOTO-2023-05-05-23-43-56.webp\" \/>\n\t<meta property=\"og:image:width\" content=\"1920\" \/>\n\t<meta property=\"og:image:height\" content=\"897\" \/>\n\t<meta property=\"og:image:type\" content=\"image\/webp\" \/>\n<meta name=\"author\" content=\"admin\" \/>\n<meta name=\"twitter:card\" content=\"summary_large_image\" \/>\n<meta name=\"twitter:label1\" content=\"\u00c9crit par\" \/>\n\t<meta name=\"twitter:data1\" content=\"admin\" \/>\n\t<meta name=\"twitter:label2\" content=\"Dur\u00e9e de lecture estim\u00e9e\" \/>\n\t<meta name=\"twitter:data2\" content=\"2 minutes\" \/>\n<script type=\"application\/ld+json\" class=\"yoast-schema-graph\">{\"@context\":\"https:\/\/schema.org\",\"@graph\":[{\"@type\":\"Article\",\"@id\":\"https:\/\/constantinianorder.com\/fr\/emilie-romagne-evenements-a-plaisance-et-ferrare\/#article\",\"isPartOf\":{\"@id\":\"https:\/\/constantinianorder.com\/fr\/emilie-romagne-evenements-a-plaisance-et-ferrare\/\"},\"author\":{\"name\":\"admin\",\"@id\":\"https:\/\/constantinianorder.com\/#\/schema\/person\/493f3b1475d575dcddda4ec923772c66\"},\"headline\":\"\u00c9MILIE-ROMAGNE: \u00c9V\u00c9NEMENTS \u00c0 PLAISANCE ET FERRARE\",\"datePublished\":\"2023-05-09T11:38:36+00:00\",\"dateModified\":\"2025-12-01T18:24:44+00:00\",\"mainEntityOfPage\":{\"@id\":\"https:\/\/constantinianorder.com\/fr\/emilie-romagne-evenements-a-plaisance-et-ferrare\/\"},\"wordCount\":334,\"publisher\":{\"@id\":\"https:\/\/constantinianorder.com\/#organization\"},\"image\":{\"@id\":\"https:\/\/constantinianorder.com\/fr\/emilie-romagne-evenements-a-plaisance-et-ferrare\/#primaryimage\"},\"thumbnailUrl\":\"https:\/\/constantinianorder.com\/wp-content\/uploads\/2023\/05\/PHOTO-2023-05-05-23-43-56-1024x478.jpg\",\"articleSection\":[\"D\u00e9l\u00e9gation de l\u2019Emilie-Romagne\",\"Non cat\u00e9goris\u00e9\"],\"inLanguage\":\"fr-FR\"},{\"@type\":\"WebPage\",\"@id\":\"https:\/\/constantinianorder.com\/fr\/emilie-romagne-evenements-a-plaisance-et-ferrare\/\",\"url\":\"https:\/\/constantinianorder.com\/fr\/emilie-romagne-evenements-a-plaisance-et-ferrare\/\",\"name\":\"\u00c9MILIE-ROMAGNE: \u00c9V\u00c9NEMENTS \u00c0 PLAISANCE ET FERRARE - Sacro Militare Ordine Costantiniano di San Giorgio\",\"isPartOf\":{\"@id\":\"https:\/\/constantinianorder.com\/#website\"},\"primaryImageOfPage\":{\"@id\":\"https:\/\/constantinianorder.com\/fr\/emilie-romagne-evenements-a-plaisance-et-ferrare\/#primaryimage\"},\"image\":{\"@id\":\"https:\/\/constantinianorder.com\/fr\/emilie-romagne-evenements-a-plaisance-et-ferrare\/#primaryimage\"},\"thumbnailUrl\":\"https:\/\/constantinianorder.com\/wp-content\/uploads\/2023\/05\/PHOTO-2023-05-05-23-43-56-1024x478.jpg\",\"datePublished\":\"2023-05-09T11:38:36+00:00\",\"dateModified\":\"2025-12-01T18:24:44+00:00\",\"breadcrumb\":{\"@id\":\"https:\/\/constantinianorder.com\/fr\/emilie-romagne-evenements-a-plaisance-et-ferrare\/#breadcrumb\"},\"inLanguage\":\"fr-FR\",\"potentialAction\":[{\"@type\":\"ReadAction\",\"target\":[\"https:\/\/constantinianorder.com\/fr\/emilie-romagne-evenements-a-plaisance-et-ferrare\/\"]}]},{\"@type\":\"ImageObject\",\"inLanguage\":\"fr-FR\",\"@id\":\"https:\/\/constantinianorder.com\/fr\/emilie-romagne-evenements-a-plaisance-et-ferrare\/#primaryimage\",\"url\":\"https:\/\/constantinianorder.com\/wp-content\/uploads\/2023\/05\/PHOTO-2023-05-05-23-43-56-1024x478.jpg\",\"contentUrl\":\"https:\/\/constantinianorder.com\/wp-content\/uploads\/2023\/05\/PHOTO-2023-05-05-23-43-56-1024x478.jpg\"},{\"@type\":\"BreadcrumbList\",\"@id\":\"https:\/\/constantinianorder.com\/fr\/emilie-romagne-evenements-a-plaisance-et-ferrare\/#breadcrumb\",\"itemListElement\":[{\"@type\":\"ListItem\",\"position\":1,\"name\":\"Home\",\"item\":\"https:\/\/constantinianorder.com\/en\/\"},{\"@type\":\"ListItem\",\"position\":2,\"name\":\"\u00c9MILIE-ROMAGNE: \u00c9V\u00c9NEMENTS \u00c0 PLAISANCE ET FERRARE\"}]},{\"@type\":\"WebSite\",\"@id\":\"https:\/\/constantinianorder.com\/#website\",\"url\":\"https:\/\/constantinianorder.com\/\",\"name\":\"Sacro Militare Ordine Costantiniano di San Giorgio\",\"description\":\"Ordine Ufficiale\",\"publisher\":{\"@id\":\"https:\/\/constantinianorder.com\/#organization\"},\"potentialAction\":[{\"@type\":\"SearchAction\",\"target\":{\"@type\":\"EntryPoint\",\"urlTemplate\":\"https:\/\/constantinianorder.com\/?s={search_term_string}\"},\"query-input\":{\"@type\":\"PropertyValueSpecification\",\"valueRequired\":true,\"valueName\":\"search_term_string\"}}],\"inLanguage\":\"fr-FR\"},{\"@type\":\"Organization\",\"@id\":\"https:\/\/constantinianorder.com\/#organization\",\"name\":\"Sacro Militare Ordine Costantiniano di San Giorgio\",\"url\":\"https:\/\/constantinianorder.com\/\",\"logo\":{\"@type\":\"ImageObject\",\"inLanguage\":\"fr-FR\",\"@id\":\"https:\/\/constantinianorder.com\/#\/schema\/logo\/image\/\",\"url\":\"https:\/\/constantinianorder.com\/wp-content\/uploads\/2025\/10\/cropped-logo-costantiniano.png\",\"contentUrl\":\"https:\/\/constantinianorder.com\/wp-content\/uploads\/2025\/10\/cropped-logo-costantiniano.png\",\"width\":512,\"height\":512,\"caption\":\"Sacro Militare Ordine Costantiniano di San Giorgio\"},\"image\":{\"@id\":\"https:\/\/constantinianorder.com\/#\/schema\/logo\/image\/\"},\"sameAs\":[\"https:\/\/www.facebook.com\/constantinianorder\",\"https:\/\/www.instagram.com\/constantinianorder\/\",\"https:\/\/www.youtube.com\/@granmagisterodelsacromilit9375\"]},{\"@type\":\"Person\",\"@id\":\"https:\/\/constantinianorder.com\/#\/schema\/person\/493f3b1475d575dcddda4ec923772c66\",\"name\":\"admin\",\"sameAs\":[\"https:\/\/constantinianorder.com\"],\"url\":\"https:\/\/constantinianorder.com\/fr\/author\/domain_jlukbpo7\/\"}]}<\/script>\n<!-- \/ Yoast SEO plugin. -->","yoast_head_json":{"title":"\u00c9MILIE-ROMAGNE: \u00c9V\u00c9NEMENTS \u00c0 PLAISANCE ET FERRARE - Sacro Militare Ordine Costantiniano di San Giorgio","robots":{"index":"index","follow":"follow","max-snippet":"max-snippet:-1","max-image-preview":"max-image-preview:large","max-video-preview":"max-video-preview:-1"},"canonical":"https:\/\/constantinianorder.com\/fr\/emilie-romagne-evenements-a-plaisance-et-ferrare\/","og_locale":"fr_FR","og_type":"article","og_title":"\u00c9MILIE-ROMAGNE: \u00c9V\u00c9NEMENTS \u00c0 PLAISANCE ET FERRARE - Sacro Militare Ordine Costantiniano di San Giorgio","og_description":"Le vendredi 5 mai, dans l&rsquo;Oratoire de San Dalmazio, les Chevaliers de la D\u00e9l\u00e9gation \u00c9milie-Romagne &#8211; Plaisance ont particip\u00e9 \u00e0 la Sainte Messe pr\u00e9sid\u00e9e par le Vice Prieur de la D\u00e9l\u00e9gation, le R\u00e9v\u00e9rend P\u00e8re Stefano Antonelli. \u00c0 la fin de la c\u00e9r\u00e9monie Eucharistique, \u00e0 l&rsquo;occasion de la comm\u00e9moration liturgique de Saint Georges Martyr, patron de [&hellip;]","og_url":"https:\/\/constantinianorder.com\/fr\/emilie-romagne-evenements-a-plaisance-et-ferrare\/","og_site_name":"Sacro Militare Ordine Costantiniano di San Giorgio","article_publisher":"https:\/\/www.facebook.com\/constantinianorder","article_published_time":"2023-05-09T11:38:36+00:00","article_modified_time":"2025-12-01T18:24:44+00:00","og_image":[{"width":1920,"height":897,"url":"https:\/\/constantinianorder.com\/wp-content\/uploads\/2023\/05\/PHOTO-2023-05-05-23-43-56.webp","type":"image\/webp"}],"author":"admin","twitter_card":"summary_large_image","twitter_misc":{"\u00c9crit par":"admin","Dur\u00e9e de lecture estim\u00e9e":"2 minutes"},"schema":{"@context":"https:\/\/schema.org","@graph":[{"@type":"Article","@id":"https:\/\/constantinianorder.com\/fr\/emilie-romagne-evenements-a-plaisance-et-ferrare\/#article","isPartOf":{"@id":"https:\/\/constantinianorder.com\/fr\/emilie-romagne-evenements-a-plaisance-et-ferrare\/"},"author":{"name":"admin","@id":"https:\/\/constantinianorder.com\/#\/schema\/person\/493f3b1475d575dcddda4ec923772c66"},"headline":"\u00c9MILIE-ROMAGNE: \u00c9V\u00c9NEMENTS \u00c0 PLAISANCE ET FERRARE","datePublished":"2023-05-09T11:38:36+00:00","dateModified":"2025-12-01T18:24:44+00:00","mainEntityOfPage":{"@id":"https:\/\/constantinianorder.com\/fr\/emilie-romagne-evenements-a-plaisance-et-ferrare\/"},"wordCount":334,"publisher":{"@id":"https:\/\/constantinianorder.com\/#organization"},"image":{"@id":"https:\/\/constantinianorder.com\/fr\/emilie-romagne-evenements-a-plaisance-et-ferrare\/#primaryimage"},"thumbnailUrl":"https:\/\/constantinianorder.com\/wp-content\/uploads\/2023\/05\/PHOTO-2023-05-05-23-43-56-1024x478.jpg","articleSection":["D\u00e9l\u00e9gation de l\u2019Emilie-Romagne","Non cat\u00e9goris\u00e9"],"inLanguage":"fr-FR"},{"@type":"WebPage","@id":"https:\/\/constantinianorder.com\/fr\/emilie-romagne-evenements-a-plaisance-et-ferrare\/","url":"https:\/\/constantinianorder.com\/fr\/emilie-romagne-evenements-a-plaisance-et-ferrare\/","name":"\u00c9MILIE-ROMAGNE: \u00c9V\u00c9NEMENTS \u00c0 PLAISANCE ET FERRARE - Sacro Militare Ordine Costantiniano di San Giorgio","isPartOf":{"@id":"https:\/\/constantinianorder.com\/#website"},"primaryImageOfPage":{"@id":"https:\/\/constantinianorder.com\/fr\/emilie-romagne-evenements-a-plaisance-et-ferrare\/#primaryimage"},"image":{"@id":"https:\/\/constantinianorder.com\/fr\/emilie-romagne-evenements-a-plaisance-et-ferrare\/#primaryimage"},"thumbnailUrl":"https:\/\/constantinianorder.com\/wp-content\/uploads\/2023\/05\/PHOTO-2023-05-05-23-43-56-1024x478.jpg","datePublished":"2023-05-09T11:38:36+00:00","dateModified":"2025-12-01T18:24:44+00:00","breadcrumb":{"@id":"https:\/\/constantinianorder.com\/fr\/emilie-romagne-evenements-a-plaisance-et-ferrare\/#breadcrumb"},"inLanguage":"fr-FR","potentialAction":[{"@type":"ReadAction","target":["https:\/\/constantinianorder.com\/fr\/emilie-romagne-evenements-a-plaisance-et-ferrare\/"]}]},{"@type":"ImageObject","inLanguage":"fr-FR","@id":"https:\/\/constantinianorder.com\/fr\/emilie-romagne-evenements-a-plaisance-et-ferrare\/#primaryimage","url":"https:\/\/constantinianorder.com\/wp-content\/uploads\/2023\/05\/PHOTO-2023-05-05-23-43-56-1024x478.jpg","contentUrl":"https:\/\/constantinianorder.com\/wp-content\/uploads\/2023\/05\/PHOTO-2023-05-05-23-43-56-1024x478.jpg"},{"@type":"BreadcrumbList","@id":"https:\/\/constantinianorder.com\/fr\/emilie-romagne-evenements-a-plaisance-et-ferrare\/#breadcrumb","itemListElement":[{"@type":"ListItem","position":1,"name":"Home","item":"https:\/\/constantinianorder.com\/en\/"},{"@type":"ListItem","position":2,"name":"\u00c9MILIE-ROMAGNE: \u00c9V\u00c9NEMENTS \u00c0 PLAISANCE ET FERRARE"}]},{"@type":"WebSite","@id":"https:\/\/constantinianorder.com\/#website","url":"https:\/\/constantinianorder.com\/","name":"Sacro Militare Ordine Costantiniano di San Giorgio","description":"Ordine Ufficiale","publisher":{"@id":"https:\/\/constantinianorder.com\/#organization"},"potentialAction":[{"@type":"SearchAction","target":{"@type":"EntryPoint","urlTemplate":"https:\/\/constantinianorder.com\/?s={search_term_string}"},"query-input":{"@type":"PropertyValueSpecification","valueRequired":true,"valueName":"search_term_string"}}],"inLanguage":"fr-FR"},{"@type":"Organization","@id":"https:\/\/constantinianorder.com\/#organization","name":"Sacro Militare Ordine Costantiniano di San Giorgio","url":"https:\/\/constantinianorder.com\/","logo":{"@type":"ImageObject","inLanguage":"fr-FR","@id":"https:\/\/constantinianorder.com\/#\/schema\/logo\/image\/","url":"https:\/\/constantinianorder.com\/wp-content\/uploads\/2025\/10\/cropped-logo-costantiniano.png","contentUrl":"https:\/\/constantinianorder.com\/wp-content\/uploads\/2025\/10\/cropped-logo-costantiniano.png","width":512,"height":512,"caption":"Sacro Militare Ordine Costantiniano di San Giorgio"},"image":{"@id":"https:\/\/constantinianorder.com\/#\/schema\/logo\/image\/"},"sameAs":["https:\/\/www.facebook.com\/constantinianorder","https:\/\/www.instagram.com\/constantinianorder\/","https:\/\/www.youtube.com\/@granmagisterodelsacromilit9375"]},{"@type":"Person","@id":"https:\/\/constantinianorder.com\/#\/schema\/person\/493f3b1475d575dcddda4ec923772c66","name":"admin","sameAs":["https:\/\/constantinianorder.com"],"url":"https:\/\/constantinianorder.com\/fr\/author\/domain_jlukbpo7\/"}]}},"_links":{"self":[{"href":"https:\/\/constantinianorder.com\/fr\/wp-json\/wp\/v2\/posts\/72291","targetHints":{"allow":["GET"]}}],"collection":[{"href":"https:\/\/constantinianorder.com\/fr\/wp-json\/wp\/v2\/posts"}],"about":[{"href":"https:\/\/constantinianorder.com\/fr\/wp-json\/wp\/v2\/types\/post"}],"author":[{"embeddable":true,"href":"https:\/\/constantinianorder.com\/fr\/wp-json\/wp\/v2\/users\/1"}],"replies":[{"embeddable":true,"href":"https:\/\/constantinianorder.com\/fr\/wp-json\/wp\/v2\/comments?post=72291"}],"version-history":[{"count":2,"href":"https:\/\/constantinianorder.com\/fr\/wp-json\/wp\/v2\/posts\/72291\/revisions"}],"predecessor-version":[{"id":98527,"href":"https:\/\/constantinianorder.com\/fr\/wp-json\/wp\/v2\/posts\/72291\/revisions\/98527"}],"wp:attachment":[{"href":"https:\/\/constantinianorder.com\/fr\/wp-json\/wp\/v2\/media?parent=72291"}],"wp:term":[{"taxonomy":"category","embeddable":true,"href":"https:\/\/constantinianorder.com\/fr\/wp-json\/wp\/v2\/categories?post=72291"},{"taxonomy":"post_tag","embeddable":true,"href":"https:\/\/constantinianorder.com\/fr\/wp-json\/wp\/v2\/tags?post=72291"}],"curies":[{"name":"wp","href":"https:\/\/api.w.org\/{rel}","templated":true}]}}