{"id":71989,"date":"2023-04-26T10:57:24","date_gmt":"2023-04-26T10:57:24","guid":{"rendered":"https:\/\/constantinianorder.net\/le-donazioni-della-delegazione-toscana-nel-mese-di-aprile\/"},"modified":"2025-10-21T10:45:56","modified_gmt":"2025-10-21T10:45:56","slug":"les-donations-de-la-delegation-toscane-en-avril","status":"publish","type":"post","link":"https:\/\/constantinianorder.com\/fr\/les-donations-de-la-delegation-toscane-en-avril\/","title":{"rendered":"LES DONATIONS DE LA D\u00c9L\u00c9GATION TOSCANE EN AVRIL"},"content":{"rendered":"\n<ul class=\"wp-block-gallery columns-3 is-cropped wp-block-gallery-1 is-layout-flex wp-block-gallery-is-layout-flex\"><li class=\"blocks-gallery-item\"><figure><img decoding=\"async\" src=\"https:\/\/constantinianorder.com\/wp-content\/uploads\/2023\/04\/Prato-2-768x1024.jpg\" alt=\"\" data-id=\"71907\" data-link=\"https:\/\/export.constantinianorder.net\/?attachment_id=71907\" class=\"wp-image-71907\"\/><\/figure><\/li><li class=\"blocks-gallery-item\"><figure><img decoding=\"async\" src=\"https:\/\/constantinianorder.com\/wp-content\/uploads\/2023\/04\/Livorno-1-1024x768.jpg\" alt=\"\" data-id=\"71911\" data-link=\"https:\/\/export.constantinianorder.net\/?attachment_id=71911\" class=\"wp-image-71911\"\/><\/figure><\/li><li class=\"blocks-gallery-item\"><figure><img decoding=\"async\" src=\"https:\/\/constantinianorder.com\/wp-content\/uploads\/2023\/04\/Prato-1-1024x768.jpg\" alt=\"\" data-id=\"71915\" data-link=\"https:\/\/export.constantinianorder.net\/?attachment_id=71915\" class=\"wp-image-71915\"\/><\/figure><\/li><\/ul>\n\n\n\n<p>Le PPRCIV &#8211; ARCI Centre Alimentaire Solidale, ayant son si\u00e8ge \u00e0 Massa et \u00e0 Cozzile (PT), en la personne de son Pr\u00e9sident M. Ivano Lucchesi Annezzi, a mis \u00e0 disposition de la D\u00e9l\u00e9gation toscane une grande quantit\u00e9 de produits alimentaires pour enfants, comprenant du lait, des biscuits, des petits pots et des jus de fruits qui, avec la coop\u00e9ration du R\u00e9f\u00e9rent de Pistoia, le Chevalier Officiel Daniele Romanelli et des autres R\u00e9f\u00e9rents Provinciaux de Livourne, Pise et Prato, ont \u00e9t\u00e9 distribu\u00e9s \u00e0 deux Caritas paroissiales des Dioc\u00e8ses de Livourne et de Prato le vendredi 1er avril, \u00e0 l&rsquo;approche de la f\u00eate de P\u00e2ques.<\/p>\n\n\n\n<p>Livourne, Caritas de la Paroisse de Saint-Andrea.<br>Des produits alimentaires ont \u00e9t\u00e9 distribu\u00e9s par les R\u00e9f\u00e9rents Provinciaux de Livourne et de Pisa, les Chevaliers Officiels de M\u00e9rite Ezio Papa et Gianni Merola; la donation a \u00e9t\u00e9 re\u00e7ue par le Cur\u00e9 P\u00e8re Corner Benchea.<\/p>\n\n\n\n<p>Prato &#8211; Caritas de la Paroisse de Narnali.<br>Des produits alimentaires ont \u00e9t\u00e9 distribu\u00e9s par le R\u00e9f\u00e9rent Provincial, le Chevalier Officiel de M\u00e9rite Dino Greco, ainsi que le Chevalier de M\u00e9rite Giacomo Perrina et l&rsquo;ami de la D\u00e9l\u00e9gation Vincenzo Pizzicaroli; la donation a \u00e9t\u00e9 re\u00e7ue par le Cur\u00e9 P\u00e8re Luca Rosati.<\/p>\n","protected":false},"excerpt":{"rendered":"<p>Le PPRCIV &#8211; ARCI Centre Alimentaire Solidale, ayant son si\u00e8ge \u00e0 Massa et \u00e0 Cozzile (PT), en la personne de son Pr\u00e9sident M. Ivano Lucchesi Annezzi, a mis \u00e0 disposition de la D\u00e9l\u00e9gation toscane une grande quantit\u00e9 de produits alimentaires pour enfants, comprenant du lait, des biscuits, des petits pots et des jus de fruits [&hellip;]<\/p>\n","protected":false},"author":1,"featured_media":0,"comment_status":"closed","ping_status":"closed","sticky":false,"template":"","format":"standard","meta":{"footnotes":""},"categories":[181],"tags":[],"class_list":["post-71989","post","type-post","status-publish","format-standard","hentry","category-delegation-de-toscane"],"yoast_head":"<!-- This site is optimized with the Yoast SEO plugin v26.5 - https:\/\/yoast.com\/wordpress\/plugins\/seo\/ -->\n<title>LES DONATIONS DE LA D\u00c9L\u00c9GATION TOSCANE EN AVRIL - Sacro Militare Ordine Costantiniano di San Giorgio<\/title>\n<meta name=\"robots\" content=\"index, follow, max-snippet:-1, max-image-preview:large, max-video-preview:-1\" \/>\n<link rel=\"canonical\" href=\"https:\/\/constantinianorder.com\/le-donazioni-della-delegazione-toscana-nel-mese-di-aprile\/\" \/>\n<meta property=\"og:locale\" content=\"fr_FR\" \/>\n<meta property=\"og:type\" content=\"article\" \/>\n<meta property=\"og:title\" content=\"LES DONATIONS DE LA D\u00c9L\u00c9GATION TOSCANE EN AVRIL - Sacro Militare Ordine Costantiniano di San Giorgio\" \/>\n<meta property=\"og:description\" content=\"Le PPRCIV &#8211; ARCI Centre Alimentaire Solidale, ayant son si\u00e8ge \u00e0 Massa et \u00e0 Cozzile (PT), en la personne de son Pr\u00e9sident M. Ivano Lucchesi Annezzi, a mis \u00e0 disposition de la D\u00e9l\u00e9gation toscane une grande quantit\u00e9 de produits alimentaires pour enfants, comprenant du lait, des biscuits, des petits pots et des jus de fruits [&hellip;]\" \/>\n<meta property=\"og:url\" content=\"https:\/\/constantinianorder.com\/le-donazioni-della-delegazione-toscana-nel-mese-di-aprile\/\" \/>\n<meta property=\"og:site_name\" content=\"Sacro Militare Ordine Costantiniano di San Giorgio\" \/>\n<meta property=\"article:publisher\" content=\"https:\/\/www.facebook.com\/constantinianorder\" \/>\n<meta property=\"article:published_time\" content=\"2023-04-26T10:57:24+00:00\" \/>\n<meta property=\"article:modified_time\" content=\"2025-10-21T10:45:56+00:00\" \/>\n<meta property=\"og:image\" content=\"https:\/\/constantinianorder.com\/wp-content\/uploads\/2023\/04\/Prato-2.webp\" \/>\n\t<meta property=\"og:image:width\" content=\"1440\" \/>\n\t<meta property=\"og:image:height\" content=\"1920\" \/>\n\t<meta property=\"og:image:type\" content=\"image\/webp\" \/>\n<meta name=\"author\" content=\"admin\" \/>\n<meta name=\"twitter:card\" content=\"summary_large_image\" \/>\n<meta name=\"twitter:label1\" content=\"\u00c9crit par\" \/>\n\t<meta name=\"twitter:data1\" content=\"admin\" \/>\n\t<meta name=\"twitter:label2\" content=\"Dur\u00e9e de lecture estim\u00e9e\" \/>\n\t<meta name=\"twitter:data2\" content=\"1 minute\" \/>\n<script type=\"application\/ld+json\" class=\"yoast-schema-graph\">{\"@context\":\"https:\/\/schema.org\",\"@graph\":[{\"@type\":\"Article\",\"@id\":\"https:\/\/constantinianorder.com\/le-donazioni-della-delegazione-toscana-nel-mese-di-aprile\/#article\",\"isPartOf\":{\"@id\":\"https:\/\/constantinianorder.com\/le-donazioni-della-delegazione-toscana-nel-mese-di-aprile\/\"},\"author\":{\"name\":\"admin\",\"@id\":\"https:\/\/constantinianorder.com\/#\/schema\/person\/493f3b1475d575dcddda4ec923772c66\"},\"headline\":\"LES DONATIONS DE LA D\u00c9L\u00c9GATION TOSCANE EN AVRIL\",\"datePublished\":\"2023-04-26T10:57:24+00:00\",\"dateModified\":\"2025-10-21T10:45:56+00:00\",\"mainEntityOfPage\":{\"@id\":\"https:\/\/constantinianorder.com\/le-donazioni-della-delegazione-toscana-nel-mese-di-aprile\/\"},\"wordCount\":232,\"publisher\":{\"@id\":\"https:\/\/constantinianorder.com\/#organization\"},\"image\":{\"@id\":\"https:\/\/constantinianorder.com\/le-donazioni-della-delegazione-toscana-nel-mese-di-aprile\/#primaryimage\"},\"thumbnailUrl\":\"https:\/\/constantinianorder.com\/wp-content\/uploads\/2023\/04\/Prato-2-768x1024.jpg\",\"articleSection\":[\"D\u00e9l\u00e9gation de Toscane\"],\"inLanguage\":\"fr-FR\"},{\"@type\":\"WebPage\",\"@id\":\"https:\/\/constantinianorder.com\/le-donazioni-della-delegazione-toscana-nel-mese-di-aprile\/\",\"url\":\"https:\/\/constantinianorder.com\/le-donazioni-della-delegazione-toscana-nel-mese-di-aprile\/\",\"name\":\"LES DONATIONS DE LA D\u00c9L\u00c9GATION TOSCANE EN AVRIL - Sacro Militare Ordine Costantiniano di San Giorgio\",\"isPartOf\":{\"@id\":\"https:\/\/constantinianorder.com\/#website\"},\"primaryImageOfPage\":{\"@id\":\"https:\/\/constantinianorder.com\/le-donazioni-della-delegazione-toscana-nel-mese-di-aprile\/#primaryimage\"},\"image\":{\"@id\":\"https:\/\/constantinianorder.com\/le-donazioni-della-delegazione-toscana-nel-mese-di-aprile\/#primaryimage\"},\"thumbnailUrl\":\"https:\/\/constantinianorder.com\/wp-content\/uploads\/2023\/04\/Prato-2-768x1024.jpg\",\"datePublished\":\"2023-04-26T10:57:24+00:00\",\"dateModified\":\"2025-10-21T10:45:56+00:00\",\"breadcrumb\":{\"@id\":\"https:\/\/constantinianorder.com\/le-donazioni-della-delegazione-toscana-nel-mese-di-aprile\/#breadcrumb\"},\"inLanguage\":\"fr-FR\",\"potentialAction\":[{\"@type\":\"ReadAction\",\"target\":[\"https:\/\/constantinianorder.com\/le-donazioni-della-delegazione-toscana-nel-mese-di-aprile\/\"]}]},{\"@type\":\"ImageObject\",\"inLanguage\":\"fr-FR\",\"@id\":\"https:\/\/constantinianorder.com\/le-donazioni-della-delegazione-toscana-nel-mese-di-aprile\/#primaryimage\",\"url\":\"https:\/\/constantinianorder.com\/wp-content\/uploads\/2023\/04\/Prato-2-768x1024.jpg\",\"contentUrl\":\"https:\/\/constantinianorder.com\/wp-content\/uploads\/2023\/04\/Prato-2-768x1024.jpg\"},{\"@type\":\"BreadcrumbList\",\"@id\":\"https:\/\/constantinianorder.com\/le-donazioni-della-delegazione-toscana-nel-mese-di-aprile\/#breadcrumb\",\"itemListElement\":[{\"@type\":\"ListItem\",\"position\":1,\"name\":\"Home\",\"item\":\"https:\/\/constantinianorder.com\/en\/\"},{\"@type\":\"ListItem\",\"position\":2,\"name\":\"LES DONATIONS DE LA D\u00c9L\u00c9GATION TOSCANE EN AVRIL\"}]},{\"@type\":\"WebSite\",\"@id\":\"https:\/\/constantinianorder.com\/#website\",\"url\":\"https:\/\/constantinianorder.com\/\",\"name\":\"Sacro Militare Ordine Costantiniano di San Giorgio\",\"description\":\"Ordine Ufficiale\",\"publisher\":{\"@id\":\"https:\/\/constantinianorder.com\/#organization\"},\"potentialAction\":[{\"@type\":\"SearchAction\",\"target\":{\"@type\":\"EntryPoint\",\"urlTemplate\":\"https:\/\/constantinianorder.com\/?s={search_term_string}\"},\"query-input\":{\"@type\":\"PropertyValueSpecification\",\"valueRequired\":true,\"valueName\":\"search_term_string\"}}],\"inLanguage\":\"fr-FR\"},{\"@type\":\"Organization\",\"@id\":\"https:\/\/constantinianorder.com\/#organization\",\"name\":\"Sacro Militare Ordine Costantiniano di San Giorgio\",\"url\":\"https:\/\/constantinianorder.com\/\",\"logo\":{\"@type\":\"ImageObject\",\"inLanguage\":\"fr-FR\",\"@id\":\"https:\/\/constantinianorder.com\/#\/schema\/logo\/image\/\",\"url\":\"https:\/\/constantinianorder.com\/wp-content\/uploads\/2025\/10\/cropped-logo-costantiniano.png\",\"contentUrl\":\"https:\/\/constantinianorder.com\/wp-content\/uploads\/2025\/10\/cropped-logo-costantiniano.png\",\"width\":512,\"height\":512,\"caption\":\"Sacro Militare Ordine Costantiniano di San Giorgio\"},\"image\":{\"@id\":\"https:\/\/constantinianorder.com\/#\/schema\/logo\/image\/\"},\"sameAs\":[\"https:\/\/www.facebook.com\/constantinianorder\",\"https:\/\/www.instagram.com\/constantinianorder\/\",\"https:\/\/www.youtube.com\/@granmagisterodelsacromilit9375\"]},{\"@type\":\"Person\",\"@id\":\"https:\/\/constantinianorder.com\/#\/schema\/person\/493f3b1475d575dcddda4ec923772c66\",\"name\":\"admin\",\"sameAs\":[\"https:\/\/constantinianorder.com\"],\"url\":\"https:\/\/constantinianorder.com\/fr\/author\/domain_jlukbpo7\/\"}]}<\/script>\n<!-- \/ Yoast SEO plugin. -->","yoast_head_json":{"title":"LES DONATIONS DE LA D\u00c9L\u00c9GATION TOSCANE EN AVRIL - Sacro Militare Ordine Costantiniano di San Giorgio","robots":{"index":"index","follow":"follow","max-snippet":"max-snippet:-1","max-image-preview":"max-image-preview:large","max-video-preview":"max-video-preview:-1"},"canonical":"https:\/\/constantinianorder.com\/le-donazioni-della-delegazione-toscana-nel-mese-di-aprile\/","og_locale":"fr_FR","og_type":"article","og_title":"LES DONATIONS DE LA D\u00c9L\u00c9GATION TOSCANE EN AVRIL - Sacro Militare Ordine Costantiniano di San Giorgio","og_description":"Le PPRCIV &#8211; ARCI Centre Alimentaire Solidale, ayant son si\u00e8ge \u00e0 Massa et \u00e0 Cozzile (PT), en la personne de son Pr\u00e9sident M. Ivano Lucchesi Annezzi, a mis \u00e0 disposition de la D\u00e9l\u00e9gation toscane une grande quantit\u00e9 de produits alimentaires pour enfants, comprenant du lait, des biscuits, des petits pots et des jus de fruits [&hellip;]","og_url":"https:\/\/constantinianorder.com\/le-donazioni-della-delegazione-toscana-nel-mese-di-aprile\/","og_site_name":"Sacro Militare Ordine Costantiniano di San Giorgio","article_publisher":"https:\/\/www.facebook.com\/constantinianorder","article_published_time":"2023-04-26T10:57:24+00:00","article_modified_time":"2025-10-21T10:45:56+00:00","og_image":[{"width":1440,"height":1920,"url":"https:\/\/constantinianorder.com\/wp-content\/uploads\/2023\/04\/Prato-2.webp","type":"image\/webp"}],"author":"admin","twitter_card":"summary_large_image","twitter_misc":{"\u00c9crit par":"admin","Dur\u00e9e de lecture estim\u00e9e":"1 minute"},"schema":{"@context":"https:\/\/schema.org","@graph":[{"@type":"Article","@id":"https:\/\/constantinianorder.com\/le-donazioni-della-delegazione-toscana-nel-mese-di-aprile\/#article","isPartOf":{"@id":"https:\/\/constantinianorder.com\/le-donazioni-della-delegazione-toscana-nel-mese-di-aprile\/"},"author":{"name":"admin","@id":"https:\/\/constantinianorder.com\/#\/schema\/person\/493f3b1475d575dcddda4ec923772c66"},"headline":"LES DONATIONS DE LA D\u00c9L\u00c9GATION TOSCANE EN AVRIL","datePublished":"2023-04-26T10:57:24+00:00","dateModified":"2025-10-21T10:45:56+00:00","mainEntityOfPage":{"@id":"https:\/\/constantinianorder.com\/le-donazioni-della-delegazione-toscana-nel-mese-di-aprile\/"},"wordCount":232,"publisher":{"@id":"https:\/\/constantinianorder.com\/#organization"},"image":{"@id":"https:\/\/constantinianorder.com\/le-donazioni-della-delegazione-toscana-nel-mese-di-aprile\/#primaryimage"},"thumbnailUrl":"https:\/\/constantinianorder.com\/wp-content\/uploads\/2023\/04\/Prato-2-768x1024.jpg","articleSection":["D\u00e9l\u00e9gation de Toscane"],"inLanguage":"fr-FR"},{"@type":"WebPage","@id":"https:\/\/constantinianorder.com\/le-donazioni-della-delegazione-toscana-nel-mese-di-aprile\/","url":"https:\/\/constantinianorder.com\/le-donazioni-della-delegazione-toscana-nel-mese-di-aprile\/","name":"LES DONATIONS DE LA D\u00c9L\u00c9GATION TOSCANE EN AVRIL - Sacro Militare Ordine Costantiniano di San Giorgio","isPartOf":{"@id":"https:\/\/constantinianorder.com\/#website"},"primaryImageOfPage":{"@id":"https:\/\/constantinianorder.com\/le-donazioni-della-delegazione-toscana-nel-mese-di-aprile\/#primaryimage"},"image":{"@id":"https:\/\/constantinianorder.com\/le-donazioni-della-delegazione-toscana-nel-mese-di-aprile\/#primaryimage"},"thumbnailUrl":"https:\/\/constantinianorder.com\/wp-content\/uploads\/2023\/04\/Prato-2-768x1024.jpg","datePublished":"2023-04-26T10:57:24+00:00","dateModified":"2025-10-21T10:45:56+00:00","breadcrumb":{"@id":"https:\/\/constantinianorder.com\/le-donazioni-della-delegazione-toscana-nel-mese-di-aprile\/#breadcrumb"},"inLanguage":"fr-FR","potentialAction":[{"@type":"ReadAction","target":["https:\/\/constantinianorder.com\/le-donazioni-della-delegazione-toscana-nel-mese-di-aprile\/"]}]},{"@type":"ImageObject","inLanguage":"fr-FR","@id":"https:\/\/constantinianorder.com\/le-donazioni-della-delegazione-toscana-nel-mese-di-aprile\/#primaryimage","url":"https:\/\/constantinianorder.com\/wp-content\/uploads\/2023\/04\/Prato-2-768x1024.jpg","contentUrl":"https:\/\/constantinianorder.com\/wp-content\/uploads\/2023\/04\/Prato-2-768x1024.jpg"},{"@type":"BreadcrumbList","@id":"https:\/\/constantinianorder.com\/le-donazioni-della-delegazione-toscana-nel-mese-di-aprile\/#breadcrumb","itemListElement":[{"@type":"ListItem","position":1,"name":"Home","item":"https:\/\/constantinianorder.com\/en\/"},{"@type":"ListItem","position":2,"name":"LES DONATIONS DE LA D\u00c9L\u00c9GATION TOSCANE EN AVRIL"}]},{"@type":"WebSite","@id":"https:\/\/constantinianorder.com\/#website","url":"https:\/\/constantinianorder.com\/","name":"Sacro Militare Ordine Costantiniano di San Giorgio","description":"Ordine Ufficiale","publisher":{"@id":"https:\/\/constantinianorder.com\/#organization"},"potentialAction":[{"@type":"SearchAction","target":{"@type":"EntryPoint","urlTemplate":"https:\/\/constantinianorder.com\/?s={search_term_string}"},"query-input":{"@type":"PropertyValueSpecification","valueRequired":true,"valueName":"search_term_string"}}],"inLanguage":"fr-FR"},{"@type":"Organization","@id":"https:\/\/constantinianorder.com\/#organization","name":"Sacro Militare Ordine Costantiniano di San Giorgio","url":"https:\/\/constantinianorder.com\/","logo":{"@type":"ImageObject","inLanguage":"fr-FR","@id":"https:\/\/constantinianorder.com\/#\/schema\/logo\/image\/","url":"https:\/\/constantinianorder.com\/wp-content\/uploads\/2025\/10\/cropped-logo-costantiniano.png","contentUrl":"https:\/\/constantinianorder.com\/wp-content\/uploads\/2025\/10\/cropped-logo-costantiniano.png","width":512,"height":512,"caption":"Sacro Militare Ordine Costantiniano di San Giorgio"},"image":{"@id":"https:\/\/constantinianorder.com\/#\/schema\/logo\/image\/"},"sameAs":["https:\/\/www.facebook.com\/constantinianorder","https:\/\/www.instagram.com\/constantinianorder\/","https:\/\/www.youtube.com\/@granmagisterodelsacromilit9375"]},{"@type":"Person","@id":"https:\/\/constantinianorder.com\/#\/schema\/person\/493f3b1475d575dcddda4ec923772c66","name":"admin","sameAs":["https:\/\/constantinianorder.com"],"url":"https:\/\/constantinianorder.com\/fr\/author\/domain_jlukbpo7\/"}]}},"_links":{"self":[{"href":"https:\/\/constantinianorder.com\/fr\/wp-json\/wp\/v2\/posts\/71989","targetHints":{"allow":["GET"]}}],"collection":[{"href":"https:\/\/constantinianorder.com\/fr\/wp-json\/wp\/v2\/posts"}],"about":[{"href":"https:\/\/constantinianorder.com\/fr\/wp-json\/wp\/v2\/types\/post"}],"author":[{"embeddable":true,"href":"https:\/\/constantinianorder.com\/fr\/wp-json\/wp\/v2\/users\/1"}],"replies":[{"embeddable":true,"href":"https:\/\/constantinianorder.com\/fr\/wp-json\/wp\/v2\/comments?post=71989"}],"version-history":[{"count":1,"href":"https:\/\/constantinianorder.com\/fr\/wp-json\/wp\/v2\/posts\/71989\/revisions"}],"predecessor-version":[{"id":84064,"href":"https:\/\/constantinianorder.com\/fr\/wp-json\/wp\/v2\/posts\/71989\/revisions\/84064"}],"wp:attachment":[{"href":"https:\/\/constantinianorder.com\/fr\/wp-json\/wp\/v2\/media?parent=71989"}],"wp:term":[{"taxonomy":"category","embeddable":true,"href":"https:\/\/constantinianorder.com\/fr\/wp-json\/wp\/v2\/categories?post=71989"},{"taxonomy":"post_tag","embeddable":true,"href":"https:\/\/constantinianorder.com\/fr\/wp-json\/wp\/v2\/tags?post=71989"}],"curies":[{"name":"wp","href":"https:\/\/api.w.org\/{rel}","templated":true}]}}