{"id":71719,"date":"2023-04-03T17:25:13","date_gmt":"2023-04-03T17:25:13","guid":{"rendered":"https:\/\/constantinianorder.net\/usa-visita-di-s-e-il-gran-cancelliere-alla-delegazione-americana\/"},"modified":"2025-10-21T10:45:09","modified_gmt":"2025-10-21T10:45:09","slug":"usa-visite-de-s-e-le-grand-chancelier-a-la-delegation-americaine","status":"publish","type":"post","link":"https:\/\/constantinianorder.com\/fr\/usa-visite-de-s-e-le-grand-chancelier-a-la-delegation-americaine\/","title":{"rendered":"USA: Visite de S.E. le Grand Chancelier \u00e0 la D\u00e9l\u00e9gation am\u00e9ricaine"},"content":{"rendered":"\n<ul class=\"wp-block-gallery columns-3 is-cropped wp-block-gallery-1 is-layout-flex wp-block-gallery-is-layout-flex\"><li class=\"blocks-gallery-item\"><figure><img decoding=\"async\" src=\"https:\/\/constantinianorder.com\/wp-content\/uploads\/2023\/04\/WhatsApp-Image-2023-03-28-at-14.36.47-1024x683.jpeg\" alt=\"\" data-id=\"71507\" data-link=\"https:\/\/export.constantinianorder.net\/?attachment_id=71507\" class=\"wp-image-71507\"\/><\/figure><\/li><li class=\"blocks-gallery-item\"><figure><img decoding=\"async\" src=\"https:\/\/constantinianorder.com\/wp-content\/uploads\/2023\/04\/Benemerenti.jpg\" alt=\"\" data-id=\"71511\" data-link=\"https:\/\/export.constantinianorder.net\/?attachment_id=71511\" class=\"wp-image-71511\"\/><\/figure><\/li><li class=\"blocks-gallery-item\"><figure><img decoding=\"async\" src=\"https:\/\/constantinianorder.com\/wp-content\/uploads\/2023\/04\/Foto-di-gruppo-768x1024.jpg\" alt=\"\" data-id=\"71515\" data-link=\"https:\/\/export.constantinianorder.net\/?attachment_id=71515\" class=\"wp-image-71515\"\/><\/figure><\/li><li class=\"blocks-gallery-item\"><figure><img decoding=\"async\" src=\"https:\/\/constantinianorder.com\/wp-content\/uploads\/2023\/04\/WhatsApp-Image-2023-03-28-at-14.36.47-2-1024x768.jpeg\" alt=\"\" data-id=\"71519\" data-link=\"https:\/\/export.constantinianorder.net\/?attachment_id=71519\" class=\"wp-image-71519\"\/><\/figure><\/li><li class=\"blocks-gallery-item\"><figure><img decoding=\"async\" src=\"https:\/\/constantinianorder.com\/wp-content\/uploads\/2023\/04\/WhatsApp-Image-2023-03-28-at-14.36.47-1-1024x683.jpeg\" alt=\"\" data-id=\"71523\" data-link=\"https:\/\/export.constantinianorder.net\/?attachment_id=71523\" class=\"wp-image-71523\"\/><\/figure><\/li><\/ul>\n\n\n\n<p>Le 26 mars 2023, la D\u00e9l\u00e9gation am\u00e9ricaine a \u00e9t\u00e9 honor\u00e9e de recevoir la visite du Grand Chancelier le S.E. Francesco, Prince Ruspoli, accompagn\u00e9 par son \u00e9pouse, S.E. la Princesse Angelica Ruspoli.<br>La Messe solennelle de suffrage \u00e0 l&rsquo;\u00e2me du r\u00e9grett\u00e9 Grand Ma\u00eetre, S.A.R. le Prince Ferdinand de Bourbon des Deux Siciles, \u00e0 l&rsquo;occasion du 15\u00e8me anniversaire de sa mort, a \u00e9t\u00e9 c\u00e9lebr\u00e9e dans l&rsquo;\u00e9glise domenicaine de Saint Vincent Ferrer \u00e0 New York, en pr\u00e9sence de nombreux Chevaliers et de Dames.<br>Apr\u00e8s la Messe, les Chevaliers et les Dames, ainsi que le D\u00e9l\u00e9gu\u00e9 de la D\u00e9l\u00e9gation am\u00e9ricaine des Ordres Dynastiques de la Maison Royale de Savoie, et le Co-Hospitalier de la Ville de New York pour l&rsquo;Ordre Souverain Militaire de Malte et d&rsquo;autres amis, ont partecip\u00e9 au \u00ab\u00a0D\u00e9jeuner Constantinien\u00a0\u00bb.<br>Trois s\u0153urs des S\u0153urs Dominicaines de Marie, M\u00e8re de l&rsquo;Eucharistie, une congr\u00e9gation religieuse fond\u00e9e en 1997 qui compte aujourd&rsquo;hui plus de 150 s\u0153urs, \u00e9taient \u00e9gal\u00e9ment pr\u00e9sentes pour la Messe et le D\u00e9jouner. Les religieuses ont re\u00e7u une premi\u00e8re contribution de 5.000 dollars par la D\u00e9l\u00e9gation.<br>Au cours du d\u00e9jeuner, la Medaille de bronze de M\u00e9rite de l&rsquo;Ordre a \u00e9t\u00e9 remise au Professeur Gaetano Cipolla, qui promoit la culture historique des Deux Siciles aux \u00c9tats-Unis depuis plus de 50 ans, en particulier par l&rsquo;\u00e9tude de la langue sicilienne \u00e0 travers la fondation \u00ab\u00a0Arba Sicula\u00a0\u00bb.<br>Enfin, le Gran Chancelier a pu saluer les Chevaliers et les Dames pr\u00e9sents, en d\u00e9mostrant la proximit\u00e9 de S.A.R. le Grand Ma\u00eetre, les autres Grandes Charges des Ordres et de la Grande Chancellerie.<\/p>\n","protected":false},"excerpt":{"rendered":"<p>Le 26 mars 2023, la D\u00e9l\u00e9gation am\u00e9ricaine a \u00e9t\u00e9 honor\u00e9e de recevoir la visite du Grand Chancelier le S.E. Francesco, Prince Ruspoli, accompagn\u00e9 par son \u00e9pouse, S.E. la Princesse Angelica Ruspoli.La Messe solennelle de suffrage \u00e0 l&rsquo;\u00e2me du r\u00e9grett\u00e9 Grand Ma\u00eetre, S.A.R. le Prince Ferdinand de Bourbon des Deux Siciles, \u00e0 l&rsquo;occasion du 15\u00e8me anniversaire [&hellip;]<\/p>\n","protected":false},"author":1,"featured_media":0,"comment_status":"closed","ping_status":"closed","sticky":false,"template":"","format":"standard","meta":{"footnotes":""},"categories":[167],"tags":[],"class_list":["post-71719","post","type-post","status-publish","format-standard","hentry","category-delegation-des-etats-unis-damerique"],"yoast_head":"<!-- This site is optimized with the Yoast SEO plugin v26.5 - https:\/\/yoast.com\/wordpress\/plugins\/seo\/ -->\n<title>USA: Visite de S.E. le Grand Chancelier \u00e0 la D\u00e9l\u00e9gation am\u00e9ricaine - Sacro Militare Ordine Costantiniano di San Giorgio<\/title>\n<meta name=\"robots\" content=\"index, follow, max-snippet:-1, max-image-preview:large, max-video-preview:-1\" \/>\n<link rel=\"canonical\" href=\"https:\/\/constantinianorder.com\/usa-visita-di-s-e-il-gran-cancelliere-alla-delegazione-americana\/\" \/>\n<meta property=\"og:locale\" content=\"fr_FR\" \/>\n<meta property=\"og:type\" content=\"article\" \/>\n<meta property=\"og:title\" content=\"USA: Visite de S.E. le Grand Chancelier \u00e0 la D\u00e9l\u00e9gation am\u00e9ricaine - Sacro Militare Ordine Costantiniano di San Giorgio\" \/>\n<meta property=\"og:description\" content=\"Le 26 mars 2023, la D\u00e9l\u00e9gation am\u00e9ricaine a \u00e9t\u00e9 honor\u00e9e de recevoir la visite du Grand Chancelier le S.E. Francesco, Prince Ruspoli, accompagn\u00e9 par son \u00e9pouse, S.E. la Princesse Angelica Ruspoli.La Messe solennelle de suffrage \u00e0 l&rsquo;\u00e2me du r\u00e9grett\u00e9 Grand Ma\u00eetre, S.A.R. le Prince Ferdinand de Bourbon des Deux Siciles, \u00e0 l&rsquo;occasion du 15\u00e8me anniversaire [&hellip;]\" \/>\n<meta property=\"og:url\" content=\"https:\/\/constantinianorder.com\/usa-visita-di-s-e-il-gran-cancelliere-alla-delegazione-americana\/\" \/>\n<meta property=\"og:site_name\" content=\"Sacro Militare Ordine Costantiniano di San Giorgio\" \/>\n<meta property=\"article:publisher\" content=\"https:\/\/www.facebook.com\/constantinianorder\" \/>\n<meta property=\"article:published_time\" content=\"2023-04-03T17:25:13+00:00\" \/>\n<meta property=\"article:modified_time\" content=\"2025-10-21T10:45:09+00:00\" \/>\n<meta property=\"og:image\" content=\"https:\/\/constantinianorder.com\/wp-content\/uploads\/2023\/04\/WhatsApp-Image-2023-03-28-at-14.36.47.webp\" \/>\n\t<meta property=\"og:image:width\" content=\"1920\" \/>\n\t<meta property=\"og:image:height\" content=\"1281\" \/>\n\t<meta property=\"og:image:type\" content=\"image\/webp\" \/>\n<meta name=\"author\" content=\"admin\" \/>\n<meta name=\"twitter:card\" content=\"summary_large_image\" \/>\n<meta name=\"twitter:label1\" content=\"\u00c9crit par\" \/>\n\t<meta name=\"twitter:data1\" content=\"admin\" \/>\n\t<meta name=\"twitter:label2\" content=\"Dur\u00e9e de lecture estim\u00e9e\" \/>\n\t<meta name=\"twitter:data2\" content=\"1 minute\" \/>\n<script type=\"application\/ld+json\" class=\"yoast-schema-graph\">{\"@context\":\"https:\/\/schema.org\",\"@graph\":[{\"@type\":\"Article\",\"@id\":\"https:\/\/constantinianorder.com\/usa-visita-di-s-e-il-gran-cancelliere-alla-delegazione-americana\/#article\",\"isPartOf\":{\"@id\":\"https:\/\/constantinianorder.com\/usa-visita-di-s-e-il-gran-cancelliere-alla-delegazione-americana\/\"},\"author\":{\"name\":\"admin\",\"@id\":\"https:\/\/constantinianorder.com\/#\/schema\/person\/493f3b1475d575dcddda4ec923772c66\"},\"headline\":\"USA: Visite de S.E. le Grand Chancelier \u00e0 la D\u00e9l\u00e9gation am\u00e9ricaine\",\"datePublished\":\"2023-04-03T17:25:13+00:00\",\"dateModified\":\"2025-10-21T10:45:09+00:00\",\"mainEntityOfPage\":{\"@id\":\"https:\/\/constantinianorder.com\/usa-visita-di-s-e-il-gran-cancelliere-alla-delegazione-americana\/\"},\"wordCount\":307,\"publisher\":{\"@id\":\"https:\/\/constantinianorder.com\/#organization\"},\"image\":{\"@id\":\"https:\/\/constantinianorder.com\/usa-visita-di-s-e-il-gran-cancelliere-alla-delegazione-americana\/#primaryimage\"},\"thumbnailUrl\":\"https:\/\/constantinianorder.com\/wp-content\/uploads\/2023\/04\/WhatsApp-Image-2023-03-28-at-14.36.47-1024x683.jpeg\",\"articleSection\":[\"D\u00e9l\u00e9gation des \u00c9tats-Unis d\u2019Am\u00e9rique\"],\"inLanguage\":\"fr-FR\"},{\"@type\":\"WebPage\",\"@id\":\"https:\/\/constantinianorder.com\/usa-visita-di-s-e-il-gran-cancelliere-alla-delegazione-americana\/\",\"url\":\"https:\/\/constantinianorder.com\/usa-visita-di-s-e-il-gran-cancelliere-alla-delegazione-americana\/\",\"name\":\"USA: Visite de S.E. le Grand Chancelier \u00e0 la D\u00e9l\u00e9gation am\u00e9ricaine - Sacro Militare Ordine Costantiniano di San Giorgio\",\"isPartOf\":{\"@id\":\"https:\/\/constantinianorder.com\/#website\"},\"primaryImageOfPage\":{\"@id\":\"https:\/\/constantinianorder.com\/usa-visita-di-s-e-il-gran-cancelliere-alla-delegazione-americana\/#primaryimage\"},\"image\":{\"@id\":\"https:\/\/constantinianorder.com\/usa-visita-di-s-e-il-gran-cancelliere-alla-delegazione-americana\/#primaryimage\"},\"thumbnailUrl\":\"https:\/\/constantinianorder.com\/wp-content\/uploads\/2023\/04\/WhatsApp-Image-2023-03-28-at-14.36.47-1024x683.jpeg\",\"datePublished\":\"2023-04-03T17:25:13+00:00\",\"dateModified\":\"2025-10-21T10:45:09+00:00\",\"breadcrumb\":{\"@id\":\"https:\/\/constantinianorder.com\/usa-visita-di-s-e-il-gran-cancelliere-alla-delegazione-americana\/#breadcrumb\"},\"inLanguage\":\"fr-FR\",\"potentialAction\":[{\"@type\":\"ReadAction\",\"target\":[\"https:\/\/constantinianorder.com\/usa-visita-di-s-e-il-gran-cancelliere-alla-delegazione-americana\/\"]}]},{\"@type\":\"ImageObject\",\"inLanguage\":\"fr-FR\",\"@id\":\"https:\/\/constantinianorder.com\/usa-visita-di-s-e-il-gran-cancelliere-alla-delegazione-americana\/#primaryimage\",\"url\":\"https:\/\/constantinianorder.com\/wp-content\/uploads\/2023\/04\/WhatsApp-Image-2023-03-28-at-14.36.47-1024x683.jpeg\",\"contentUrl\":\"https:\/\/constantinianorder.com\/wp-content\/uploads\/2023\/04\/WhatsApp-Image-2023-03-28-at-14.36.47-1024x683.jpeg\"},{\"@type\":\"BreadcrumbList\",\"@id\":\"https:\/\/constantinianorder.com\/usa-visita-di-s-e-il-gran-cancelliere-alla-delegazione-americana\/#breadcrumb\",\"itemListElement\":[{\"@type\":\"ListItem\",\"position\":1,\"name\":\"Home\",\"item\":\"https:\/\/constantinianorder.com\/en\/\"},{\"@type\":\"ListItem\",\"position\":2,\"name\":\"USA: Visite de S.E. le Grand Chancelier \u00e0 la D\u00e9l\u00e9gation am\u00e9ricaine\"}]},{\"@type\":\"WebSite\",\"@id\":\"https:\/\/constantinianorder.com\/#website\",\"url\":\"https:\/\/constantinianorder.com\/\",\"name\":\"Sacro Militare Ordine Costantiniano di San Giorgio\",\"description\":\"Ordine Ufficiale\",\"publisher\":{\"@id\":\"https:\/\/constantinianorder.com\/#organization\"},\"potentialAction\":[{\"@type\":\"SearchAction\",\"target\":{\"@type\":\"EntryPoint\",\"urlTemplate\":\"https:\/\/constantinianorder.com\/?s={search_term_string}\"},\"query-input\":{\"@type\":\"PropertyValueSpecification\",\"valueRequired\":true,\"valueName\":\"search_term_string\"}}],\"inLanguage\":\"fr-FR\"},{\"@type\":\"Organization\",\"@id\":\"https:\/\/constantinianorder.com\/#organization\",\"name\":\"Sacro Militare Ordine Costantiniano di San Giorgio\",\"url\":\"https:\/\/constantinianorder.com\/\",\"logo\":{\"@type\":\"ImageObject\",\"inLanguage\":\"fr-FR\",\"@id\":\"https:\/\/constantinianorder.com\/#\/schema\/logo\/image\/\",\"url\":\"https:\/\/constantinianorder.com\/wp-content\/uploads\/2025\/10\/cropped-logo-costantiniano.png\",\"contentUrl\":\"https:\/\/constantinianorder.com\/wp-content\/uploads\/2025\/10\/cropped-logo-costantiniano.png\",\"width\":512,\"height\":512,\"caption\":\"Sacro Militare Ordine Costantiniano di San Giorgio\"},\"image\":{\"@id\":\"https:\/\/constantinianorder.com\/#\/schema\/logo\/image\/\"},\"sameAs\":[\"https:\/\/www.facebook.com\/constantinianorder\",\"https:\/\/www.instagram.com\/constantinianorder\/\",\"https:\/\/www.youtube.com\/@granmagisterodelsacromilit9375\"]},{\"@type\":\"Person\",\"@id\":\"https:\/\/constantinianorder.com\/#\/schema\/person\/493f3b1475d575dcddda4ec923772c66\",\"name\":\"admin\",\"sameAs\":[\"https:\/\/constantinianorder.com\"],\"url\":\"https:\/\/constantinianorder.com\/fr\/author\/domain_jlukbpo7\/\"}]}<\/script>\n<!-- \/ Yoast SEO plugin. -->","yoast_head_json":{"title":"USA: Visite de S.E. le Grand Chancelier \u00e0 la D\u00e9l\u00e9gation am\u00e9ricaine - Sacro Militare Ordine Costantiniano di San Giorgio","robots":{"index":"index","follow":"follow","max-snippet":"max-snippet:-1","max-image-preview":"max-image-preview:large","max-video-preview":"max-video-preview:-1"},"canonical":"https:\/\/constantinianorder.com\/usa-visita-di-s-e-il-gran-cancelliere-alla-delegazione-americana\/","og_locale":"fr_FR","og_type":"article","og_title":"USA: Visite de S.E. le Grand Chancelier \u00e0 la D\u00e9l\u00e9gation am\u00e9ricaine - Sacro Militare Ordine Costantiniano di San Giorgio","og_description":"Le 26 mars 2023, la D\u00e9l\u00e9gation am\u00e9ricaine a \u00e9t\u00e9 honor\u00e9e de recevoir la visite du Grand Chancelier le S.E. Francesco, Prince Ruspoli, accompagn\u00e9 par son \u00e9pouse, S.E. la Princesse Angelica Ruspoli.La Messe solennelle de suffrage \u00e0 l&rsquo;\u00e2me du r\u00e9grett\u00e9 Grand Ma\u00eetre, S.A.R. le Prince Ferdinand de Bourbon des Deux Siciles, \u00e0 l&rsquo;occasion du 15\u00e8me anniversaire [&hellip;]","og_url":"https:\/\/constantinianorder.com\/usa-visita-di-s-e-il-gran-cancelliere-alla-delegazione-americana\/","og_site_name":"Sacro Militare Ordine Costantiniano di San Giorgio","article_publisher":"https:\/\/www.facebook.com\/constantinianorder","article_published_time":"2023-04-03T17:25:13+00:00","article_modified_time":"2025-10-21T10:45:09+00:00","og_image":[{"width":1920,"height":1281,"url":"https:\/\/constantinianorder.com\/wp-content\/uploads\/2023\/04\/WhatsApp-Image-2023-03-28-at-14.36.47.webp","type":"image\/webp"}],"author":"admin","twitter_card":"summary_large_image","twitter_misc":{"\u00c9crit par":"admin","Dur\u00e9e de lecture estim\u00e9e":"1 minute"},"schema":{"@context":"https:\/\/schema.org","@graph":[{"@type":"Article","@id":"https:\/\/constantinianorder.com\/usa-visita-di-s-e-il-gran-cancelliere-alla-delegazione-americana\/#article","isPartOf":{"@id":"https:\/\/constantinianorder.com\/usa-visita-di-s-e-il-gran-cancelliere-alla-delegazione-americana\/"},"author":{"name":"admin","@id":"https:\/\/constantinianorder.com\/#\/schema\/person\/493f3b1475d575dcddda4ec923772c66"},"headline":"USA: Visite de S.E. le Grand Chancelier \u00e0 la D\u00e9l\u00e9gation am\u00e9ricaine","datePublished":"2023-04-03T17:25:13+00:00","dateModified":"2025-10-21T10:45:09+00:00","mainEntityOfPage":{"@id":"https:\/\/constantinianorder.com\/usa-visita-di-s-e-il-gran-cancelliere-alla-delegazione-americana\/"},"wordCount":307,"publisher":{"@id":"https:\/\/constantinianorder.com\/#organization"},"image":{"@id":"https:\/\/constantinianorder.com\/usa-visita-di-s-e-il-gran-cancelliere-alla-delegazione-americana\/#primaryimage"},"thumbnailUrl":"https:\/\/constantinianorder.com\/wp-content\/uploads\/2023\/04\/WhatsApp-Image-2023-03-28-at-14.36.47-1024x683.jpeg","articleSection":["D\u00e9l\u00e9gation des \u00c9tats-Unis d\u2019Am\u00e9rique"],"inLanguage":"fr-FR"},{"@type":"WebPage","@id":"https:\/\/constantinianorder.com\/usa-visita-di-s-e-il-gran-cancelliere-alla-delegazione-americana\/","url":"https:\/\/constantinianorder.com\/usa-visita-di-s-e-il-gran-cancelliere-alla-delegazione-americana\/","name":"USA: Visite de S.E. le Grand Chancelier \u00e0 la D\u00e9l\u00e9gation am\u00e9ricaine - Sacro Militare Ordine Costantiniano di San Giorgio","isPartOf":{"@id":"https:\/\/constantinianorder.com\/#website"},"primaryImageOfPage":{"@id":"https:\/\/constantinianorder.com\/usa-visita-di-s-e-il-gran-cancelliere-alla-delegazione-americana\/#primaryimage"},"image":{"@id":"https:\/\/constantinianorder.com\/usa-visita-di-s-e-il-gran-cancelliere-alla-delegazione-americana\/#primaryimage"},"thumbnailUrl":"https:\/\/constantinianorder.com\/wp-content\/uploads\/2023\/04\/WhatsApp-Image-2023-03-28-at-14.36.47-1024x683.jpeg","datePublished":"2023-04-03T17:25:13+00:00","dateModified":"2025-10-21T10:45:09+00:00","breadcrumb":{"@id":"https:\/\/constantinianorder.com\/usa-visita-di-s-e-il-gran-cancelliere-alla-delegazione-americana\/#breadcrumb"},"inLanguage":"fr-FR","potentialAction":[{"@type":"ReadAction","target":["https:\/\/constantinianorder.com\/usa-visita-di-s-e-il-gran-cancelliere-alla-delegazione-americana\/"]}]},{"@type":"ImageObject","inLanguage":"fr-FR","@id":"https:\/\/constantinianorder.com\/usa-visita-di-s-e-il-gran-cancelliere-alla-delegazione-americana\/#primaryimage","url":"https:\/\/constantinianorder.com\/wp-content\/uploads\/2023\/04\/WhatsApp-Image-2023-03-28-at-14.36.47-1024x683.jpeg","contentUrl":"https:\/\/constantinianorder.com\/wp-content\/uploads\/2023\/04\/WhatsApp-Image-2023-03-28-at-14.36.47-1024x683.jpeg"},{"@type":"BreadcrumbList","@id":"https:\/\/constantinianorder.com\/usa-visita-di-s-e-il-gran-cancelliere-alla-delegazione-americana\/#breadcrumb","itemListElement":[{"@type":"ListItem","position":1,"name":"Home","item":"https:\/\/constantinianorder.com\/en\/"},{"@type":"ListItem","position":2,"name":"USA: Visite de S.E. le Grand Chancelier \u00e0 la D\u00e9l\u00e9gation am\u00e9ricaine"}]},{"@type":"WebSite","@id":"https:\/\/constantinianorder.com\/#website","url":"https:\/\/constantinianorder.com\/","name":"Sacro Militare Ordine Costantiniano di San Giorgio","description":"Ordine Ufficiale","publisher":{"@id":"https:\/\/constantinianorder.com\/#organization"},"potentialAction":[{"@type":"SearchAction","target":{"@type":"EntryPoint","urlTemplate":"https:\/\/constantinianorder.com\/?s={search_term_string}"},"query-input":{"@type":"PropertyValueSpecification","valueRequired":true,"valueName":"search_term_string"}}],"inLanguage":"fr-FR"},{"@type":"Organization","@id":"https:\/\/constantinianorder.com\/#organization","name":"Sacro Militare Ordine Costantiniano di San Giorgio","url":"https:\/\/constantinianorder.com\/","logo":{"@type":"ImageObject","inLanguage":"fr-FR","@id":"https:\/\/constantinianorder.com\/#\/schema\/logo\/image\/","url":"https:\/\/constantinianorder.com\/wp-content\/uploads\/2025\/10\/cropped-logo-costantiniano.png","contentUrl":"https:\/\/constantinianorder.com\/wp-content\/uploads\/2025\/10\/cropped-logo-costantiniano.png","width":512,"height":512,"caption":"Sacro Militare Ordine Costantiniano di San Giorgio"},"image":{"@id":"https:\/\/constantinianorder.com\/#\/schema\/logo\/image\/"},"sameAs":["https:\/\/www.facebook.com\/constantinianorder","https:\/\/www.instagram.com\/constantinianorder\/","https:\/\/www.youtube.com\/@granmagisterodelsacromilit9375"]},{"@type":"Person","@id":"https:\/\/constantinianorder.com\/#\/schema\/person\/493f3b1475d575dcddda4ec923772c66","name":"admin","sameAs":["https:\/\/constantinianorder.com"],"url":"https:\/\/constantinianorder.com\/fr\/author\/domain_jlukbpo7\/"}]}},"_links":{"self":[{"href":"https:\/\/constantinianorder.com\/fr\/wp-json\/wp\/v2\/posts\/71719","targetHints":{"allow":["GET"]}}],"collection":[{"href":"https:\/\/constantinianorder.com\/fr\/wp-json\/wp\/v2\/posts"}],"about":[{"href":"https:\/\/constantinianorder.com\/fr\/wp-json\/wp\/v2\/types\/post"}],"author":[{"embeddable":true,"href":"https:\/\/constantinianorder.com\/fr\/wp-json\/wp\/v2\/users\/1"}],"replies":[{"embeddable":true,"href":"https:\/\/constantinianorder.com\/fr\/wp-json\/wp\/v2\/comments?post=71719"}],"version-history":[{"count":1,"href":"https:\/\/constantinianorder.com\/fr\/wp-json\/wp\/v2\/posts\/71719\/revisions"}],"predecessor-version":[{"id":83852,"href":"https:\/\/constantinianorder.com\/fr\/wp-json\/wp\/v2\/posts\/71719\/revisions\/83852"}],"wp:attachment":[{"href":"https:\/\/constantinianorder.com\/fr\/wp-json\/wp\/v2\/media?parent=71719"}],"wp:term":[{"taxonomy":"category","embeddable":true,"href":"https:\/\/constantinianorder.com\/fr\/wp-json\/wp\/v2\/categories?post=71719"},{"taxonomy":"post_tag","embeddable":true,"href":"https:\/\/constantinianorder.com\/fr\/wp-json\/wp\/v2\/tags?post=71719"}],"curies":[{"name":"wp","href":"https:\/\/api.w.org\/{rel}","templated":true}]}}