{"id":71076,"date":"2023-02-23T14:58:23","date_gmt":"2023-02-23T14:58:23","guid":{"rendered":"https:\/\/constantinianorder.net\/il-compleanno-solidale-del-principe-carlo-di-borbone-delle-due-sicilie-2\/"},"modified":"2025-10-21T12:04:36","modified_gmt":"2025-10-21T12:04:36","slug":"lanniversaire-de-solidarite-du-prince-charles-de-bourbon-des-deux-siciles","status":"publish","type":"post","link":"https:\/\/constantinianorder.com\/fr\/lanniversaire-de-solidarite-du-prince-charles-de-bourbon-des-deux-siciles\/","title":{"rendered":"L&rsquo;anniversaire de solidarit\u00e9 du Prince Charles de Bourbon des Deux Siciles"},"content":{"rendered":"\n<div class=\"wp-block-image\"><figure class=\"aligncenter\"><img decoding=\"async\" src=\"https:\/\/constantinianorder.com\/wp-content\/uploads\/2023\/02\/1-1024x768.jpg\" alt=\"\" class=\"wp-image-70967\"\/><\/figure><\/div>\n\n\n\n<div class=\"wp-block-image\"><figure class=\"aligncenter\"><img decoding=\"async\" src=\"https:\/\/constantinianorder.com\/wp-content\/uploads\/2023\/02\/6-1024x768.jpg\" alt=\"\" class=\"wp-image-70971\"\/><\/figure><\/div>\n\n\n\n<figure class=\"wp-block-image\"><img decoding=\"async\" src=\"https:\/\/constantinianorder.com\/wp-content\/uploads\/2023\/02\/7-1024x768.jpg\" alt=\"\" class=\"wp-image-70975\"\/><\/figure>\n\n\n\n<p>Une journ\u00e9e pleine de solidarit\u00e9 pour <strong>S.A.R. le Prince Charles de Bourbon des Deux Siciles, Duc de Castro et Gran Ma\u00eetre de la Maison Royale de Bourbon des Deux Siciles<\/strong>. Le 24 f\u00e9vrier, le Duc de Castro c\u00e9l\u00e9brera son 60\u00e8me anniversaire et il a d\u00e9cid\u00e9 de f\u00eater ce jour sp\u00e9cial avec un geste de solidarit\u00e9 en faveur des personnes en difficult\u00e9.<\/p>\n\n\n\n<p>Gr\u00e2ce \u00e0 l&rsquo;Ordre Sacr\u00e9 et Militaire Constantinien de Saint-Georges, qui a fait appel \u00e0 quelques-unes de ses d\u00e9l\u00e9gations italiennes, dont la Lombardie, les Pouilles, Rome et le Latium et le Triveneto, une donation de produits alimentaires a \u00e9t\u00e9 faite \u00e0 l&rsquo;Aum\u00f4nerie du Vatican en pr\u00e9sence de <strong>Son \u00c9minence R\u00e9v\u00e9rendissime le Cardinal Konrad Krajewski<\/strong> et de <strong>S.A.R. la Princesse B\u00e9atrice de Bourbon des Deux Siciles, Grand<\/strong> <strong>Pr\u00e9fet.<\/strong><\/p>\n\n\n\n<p>Toujours attentif aux probl\u00e8mes sociaux, le Prince Charles a exprim\u00e9 son d\u00e9sir d&rsquo;apporter sa propre contribution avec cette donation qui, grace \u00e0 la mediation de l&rsquo;Aum\u00f4nerie du Vatican, arrivera aux plus d\u00e9favoris\u00e9s.<\/p>\n","protected":false},"excerpt":{"rendered":"<p>Une journ\u00e9e pleine de solidarit\u00e9 pour S.A.R. le Prince Charles de Bourbon des Deux Siciles, Duc de Castro et Gran Ma\u00eetre de la Maison Royale de Bourbon des Deux Siciles. Le 24 f\u00e9vrier, le Duc de Castro c\u00e9l\u00e9brera son 60\u00e8me anniversaire et il a d\u00e9cid\u00e9 de f\u00eater ce jour sp\u00e9cial avec un geste de solidarit\u00e9 [&hellip;]<\/p>\n","protected":false},"author":1,"featured_media":0,"comment_status":"closed","ping_status":"closed","sticky":false,"template":"","format":"standard","meta":{"footnotes":""},"categories":[85,132],"tags":[],"class_list":["post-71076","post","type-post","status-publish","format-standard","hentry","category-communiques-du-grand-magistere","category-delegazione-puglia-e-basilicata"],"yoast_head":"<!-- This site is optimized with the Yoast SEO plugin v26.5 - https:\/\/yoast.com\/wordpress\/plugins\/seo\/ -->\n<title>L&#039;anniversaire de solidarit\u00e9 du Prince Charles de Bourbon des Deux Siciles - Sacro Militare Ordine Costantiniano di San Giorgio<\/title>\n<meta name=\"robots\" content=\"index, follow, max-snippet:-1, max-image-preview:large, max-video-preview:-1\" \/>\n<link rel=\"canonical\" href=\"https:\/\/constantinianorder.com\/il-compleanno-solidale-del-principe-carlo-di-borbone-delle-due-sicilie-2\/\" \/>\n<meta property=\"og:locale\" content=\"fr_FR\" \/>\n<meta property=\"og:type\" content=\"article\" \/>\n<meta property=\"og:title\" content=\"L&#039;anniversaire de solidarit\u00e9 du Prince Charles de Bourbon des Deux Siciles - Sacro Militare Ordine Costantiniano di San Giorgio\" \/>\n<meta property=\"og:description\" content=\"Une journ\u00e9e pleine de solidarit\u00e9 pour S.A.R. le Prince Charles de Bourbon des Deux Siciles, Duc de Castro et Gran Ma\u00eetre de la Maison Royale de Bourbon des Deux Siciles. Le 24 f\u00e9vrier, le Duc de Castro c\u00e9l\u00e9brera son 60\u00e8me anniversaire et il a d\u00e9cid\u00e9 de f\u00eater ce jour sp\u00e9cial avec un geste de solidarit\u00e9 [&hellip;]\" \/>\n<meta property=\"og:url\" content=\"https:\/\/constantinianorder.com\/il-compleanno-solidale-del-principe-carlo-di-borbone-delle-due-sicilie-2\/\" \/>\n<meta property=\"og:site_name\" content=\"Sacro Militare Ordine Costantiniano di San Giorgio\" \/>\n<meta property=\"article:publisher\" content=\"https:\/\/www.facebook.com\/constantinianorder\" \/>\n<meta property=\"article:published_time\" content=\"2023-02-23T14:58:23+00:00\" \/>\n<meta property=\"article:modified_time\" content=\"2025-10-21T12:04:36+00:00\" \/>\n<meta property=\"og:image\" content=\"https:\/\/constantinianorder.com\/wp-content\/uploads\/2023\/02\/1-scaled-1.webp\" \/>\n\t<meta property=\"og:image:width\" content=\"1920\" \/>\n\t<meta property=\"og:image:height\" content=\"1440\" \/>\n\t<meta property=\"og:image:type\" content=\"image\/webp\" \/>\n<meta name=\"author\" content=\"admin\" \/>\n<meta name=\"twitter:card\" content=\"summary_large_image\" \/>\n<meta name=\"twitter:label1\" content=\"\u00c9crit par\" \/>\n\t<meta name=\"twitter:data1\" content=\"admin\" \/>\n\t<meta name=\"twitter:label2\" content=\"Dur\u00e9e de lecture estim\u00e9e\" \/>\n\t<meta name=\"twitter:data2\" content=\"1 minute\" \/>\n<script type=\"application\/ld+json\" class=\"yoast-schema-graph\">{\"@context\":\"https:\/\/schema.org\",\"@graph\":[{\"@type\":\"Article\",\"@id\":\"https:\/\/constantinianorder.com\/il-compleanno-solidale-del-principe-carlo-di-borbone-delle-due-sicilie-2\/#article\",\"isPartOf\":{\"@id\":\"https:\/\/constantinianorder.com\/il-compleanno-solidale-del-principe-carlo-di-borbone-delle-due-sicilie-2\/\"},\"author\":{\"name\":\"admin\",\"@id\":\"https:\/\/constantinianorder.com\/#\/schema\/person\/493f3b1475d575dcddda4ec923772c66\"},\"headline\":\"L&rsquo;anniversaire de solidarit\u00e9 du Prince Charles de Bourbon des Deux Siciles\",\"datePublished\":\"2023-02-23T14:58:23+00:00\",\"dateModified\":\"2025-10-21T12:04:36+00:00\",\"mainEntityOfPage\":{\"@id\":\"https:\/\/constantinianorder.com\/il-compleanno-solidale-del-principe-carlo-di-borbone-delle-due-sicilie-2\/\"},\"wordCount\":196,\"publisher\":{\"@id\":\"https:\/\/constantinianorder.com\/#organization\"},\"image\":{\"@id\":\"https:\/\/constantinianorder.com\/il-compleanno-solidale-del-principe-carlo-di-borbone-delle-due-sicilie-2\/#primaryimage\"},\"thumbnailUrl\":\"https:\/\/constantinianorder.com\/wp-content\/uploads\/2023\/02\/1-1024x768.jpg\",\"articleSection\":[\"Communiqu\u00e9s du Grand Magist\u00e8re\",\"Delegazione Puglia e Basilicata\"],\"inLanguage\":\"fr-FR\"},{\"@type\":\"WebPage\",\"@id\":\"https:\/\/constantinianorder.com\/il-compleanno-solidale-del-principe-carlo-di-borbone-delle-due-sicilie-2\/\",\"url\":\"https:\/\/constantinianorder.com\/il-compleanno-solidale-del-principe-carlo-di-borbone-delle-due-sicilie-2\/\",\"name\":\"L'anniversaire de solidarit\u00e9 du Prince Charles de Bourbon des Deux Siciles - Sacro Militare Ordine Costantiniano di San Giorgio\",\"isPartOf\":{\"@id\":\"https:\/\/constantinianorder.com\/#website\"},\"primaryImageOfPage\":{\"@id\":\"https:\/\/constantinianorder.com\/il-compleanno-solidale-del-principe-carlo-di-borbone-delle-due-sicilie-2\/#primaryimage\"},\"image\":{\"@id\":\"https:\/\/constantinianorder.com\/il-compleanno-solidale-del-principe-carlo-di-borbone-delle-due-sicilie-2\/#primaryimage\"},\"thumbnailUrl\":\"https:\/\/constantinianorder.com\/wp-content\/uploads\/2023\/02\/1-1024x768.jpg\",\"datePublished\":\"2023-02-23T14:58:23+00:00\",\"dateModified\":\"2025-10-21T12:04:36+00:00\",\"breadcrumb\":{\"@id\":\"https:\/\/constantinianorder.com\/il-compleanno-solidale-del-principe-carlo-di-borbone-delle-due-sicilie-2\/#breadcrumb\"},\"inLanguage\":\"fr-FR\",\"potentialAction\":[{\"@type\":\"ReadAction\",\"target\":[\"https:\/\/constantinianorder.com\/il-compleanno-solidale-del-principe-carlo-di-borbone-delle-due-sicilie-2\/\"]}]},{\"@type\":\"ImageObject\",\"inLanguage\":\"fr-FR\",\"@id\":\"https:\/\/constantinianorder.com\/il-compleanno-solidale-del-principe-carlo-di-borbone-delle-due-sicilie-2\/#primaryimage\",\"url\":\"https:\/\/constantinianorder.com\/wp-content\/uploads\/2023\/02\/1-1024x768.jpg\",\"contentUrl\":\"https:\/\/constantinianorder.com\/wp-content\/uploads\/2023\/02\/1-1024x768.jpg\"},{\"@type\":\"BreadcrumbList\",\"@id\":\"https:\/\/constantinianorder.com\/il-compleanno-solidale-del-principe-carlo-di-borbone-delle-due-sicilie-2\/#breadcrumb\",\"itemListElement\":[{\"@type\":\"ListItem\",\"position\":1,\"name\":\"Home\",\"item\":\"https:\/\/constantinianorder.com\/en\/\"},{\"@type\":\"ListItem\",\"position\":2,\"name\":\"L&#8217;anniversaire de solidarit\u00e9 du Prince Charles de Bourbon des Deux Siciles\"}]},{\"@type\":\"WebSite\",\"@id\":\"https:\/\/constantinianorder.com\/#website\",\"url\":\"https:\/\/constantinianorder.com\/\",\"name\":\"Sacro Militare Ordine Costantiniano di San Giorgio\",\"description\":\"Ordine Ufficiale\",\"publisher\":{\"@id\":\"https:\/\/constantinianorder.com\/#organization\"},\"potentialAction\":[{\"@type\":\"SearchAction\",\"target\":{\"@type\":\"EntryPoint\",\"urlTemplate\":\"https:\/\/constantinianorder.com\/?s={search_term_string}\"},\"query-input\":{\"@type\":\"PropertyValueSpecification\",\"valueRequired\":true,\"valueName\":\"search_term_string\"}}],\"inLanguage\":\"fr-FR\"},{\"@type\":\"Organization\",\"@id\":\"https:\/\/constantinianorder.com\/#organization\",\"name\":\"Sacro Militare Ordine Costantiniano di San Giorgio\",\"url\":\"https:\/\/constantinianorder.com\/\",\"logo\":{\"@type\":\"ImageObject\",\"inLanguage\":\"fr-FR\",\"@id\":\"https:\/\/constantinianorder.com\/#\/schema\/logo\/image\/\",\"url\":\"https:\/\/constantinianorder.com\/wp-content\/uploads\/2025\/10\/cropped-logo-costantiniano.png\",\"contentUrl\":\"https:\/\/constantinianorder.com\/wp-content\/uploads\/2025\/10\/cropped-logo-costantiniano.png\",\"width\":512,\"height\":512,\"caption\":\"Sacro Militare Ordine Costantiniano di San Giorgio\"},\"image\":{\"@id\":\"https:\/\/constantinianorder.com\/#\/schema\/logo\/image\/\"},\"sameAs\":[\"https:\/\/www.facebook.com\/constantinianorder\",\"https:\/\/www.instagram.com\/constantinianorder\/\",\"https:\/\/www.youtube.com\/@granmagisterodelsacromilit9375\"]},{\"@type\":\"Person\",\"@id\":\"https:\/\/constantinianorder.com\/#\/schema\/person\/493f3b1475d575dcddda4ec923772c66\",\"name\":\"admin\",\"sameAs\":[\"https:\/\/constantinianorder.com\"],\"url\":\"https:\/\/constantinianorder.com\/fr\/author\/domain_jlukbpo7\/\"}]}<\/script>\n<!-- \/ Yoast SEO plugin. -->","yoast_head_json":{"title":"L'anniversaire de solidarit\u00e9 du Prince Charles de Bourbon des Deux Siciles - Sacro Militare Ordine Costantiniano di San Giorgio","robots":{"index":"index","follow":"follow","max-snippet":"max-snippet:-1","max-image-preview":"max-image-preview:large","max-video-preview":"max-video-preview:-1"},"canonical":"https:\/\/constantinianorder.com\/il-compleanno-solidale-del-principe-carlo-di-borbone-delle-due-sicilie-2\/","og_locale":"fr_FR","og_type":"article","og_title":"L'anniversaire de solidarit\u00e9 du Prince Charles de Bourbon des Deux Siciles - Sacro Militare Ordine Costantiniano di San Giorgio","og_description":"Une journ\u00e9e pleine de solidarit\u00e9 pour S.A.R. le Prince Charles de Bourbon des Deux Siciles, Duc de Castro et Gran Ma\u00eetre de la Maison Royale de Bourbon des Deux Siciles. Le 24 f\u00e9vrier, le Duc de Castro c\u00e9l\u00e9brera son 60\u00e8me anniversaire et il a d\u00e9cid\u00e9 de f\u00eater ce jour sp\u00e9cial avec un geste de solidarit\u00e9 [&hellip;]","og_url":"https:\/\/constantinianorder.com\/il-compleanno-solidale-del-principe-carlo-di-borbone-delle-due-sicilie-2\/","og_site_name":"Sacro Militare Ordine Costantiniano di San Giorgio","article_publisher":"https:\/\/www.facebook.com\/constantinianorder","article_published_time":"2023-02-23T14:58:23+00:00","article_modified_time":"2025-10-21T12:04:36+00:00","og_image":[{"width":1920,"height":1440,"url":"https:\/\/constantinianorder.com\/wp-content\/uploads\/2023\/02\/1-scaled-1.webp","type":"image\/webp"}],"author":"admin","twitter_card":"summary_large_image","twitter_misc":{"\u00c9crit par":"admin","Dur\u00e9e de lecture estim\u00e9e":"1 minute"},"schema":{"@context":"https:\/\/schema.org","@graph":[{"@type":"Article","@id":"https:\/\/constantinianorder.com\/il-compleanno-solidale-del-principe-carlo-di-borbone-delle-due-sicilie-2\/#article","isPartOf":{"@id":"https:\/\/constantinianorder.com\/il-compleanno-solidale-del-principe-carlo-di-borbone-delle-due-sicilie-2\/"},"author":{"name":"admin","@id":"https:\/\/constantinianorder.com\/#\/schema\/person\/493f3b1475d575dcddda4ec923772c66"},"headline":"L&rsquo;anniversaire de solidarit\u00e9 du Prince Charles de Bourbon des Deux Siciles","datePublished":"2023-02-23T14:58:23+00:00","dateModified":"2025-10-21T12:04:36+00:00","mainEntityOfPage":{"@id":"https:\/\/constantinianorder.com\/il-compleanno-solidale-del-principe-carlo-di-borbone-delle-due-sicilie-2\/"},"wordCount":196,"publisher":{"@id":"https:\/\/constantinianorder.com\/#organization"},"image":{"@id":"https:\/\/constantinianorder.com\/il-compleanno-solidale-del-principe-carlo-di-borbone-delle-due-sicilie-2\/#primaryimage"},"thumbnailUrl":"https:\/\/constantinianorder.com\/wp-content\/uploads\/2023\/02\/1-1024x768.jpg","articleSection":["Communiqu\u00e9s du Grand Magist\u00e8re","Delegazione Puglia e Basilicata"],"inLanguage":"fr-FR"},{"@type":"WebPage","@id":"https:\/\/constantinianorder.com\/il-compleanno-solidale-del-principe-carlo-di-borbone-delle-due-sicilie-2\/","url":"https:\/\/constantinianorder.com\/il-compleanno-solidale-del-principe-carlo-di-borbone-delle-due-sicilie-2\/","name":"L'anniversaire de solidarit\u00e9 du Prince Charles de Bourbon des Deux Siciles - Sacro Militare Ordine Costantiniano di San Giorgio","isPartOf":{"@id":"https:\/\/constantinianorder.com\/#website"},"primaryImageOfPage":{"@id":"https:\/\/constantinianorder.com\/il-compleanno-solidale-del-principe-carlo-di-borbone-delle-due-sicilie-2\/#primaryimage"},"image":{"@id":"https:\/\/constantinianorder.com\/il-compleanno-solidale-del-principe-carlo-di-borbone-delle-due-sicilie-2\/#primaryimage"},"thumbnailUrl":"https:\/\/constantinianorder.com\/wp-content\/uploads\/2023\/02\/1-1024x768.jpg","datePublished":"2023-02-23T14:58:23+00:00","dateModified":"2025-10-21T12:04:36+00:00","breadcrumb":{"@id":"https:\/\/constantinianorder.com\/il-compleanno-solidale-del-principe-carlo-di-borbone-delle-due-sicilie-2\/#breadcrumb"},"inLanguage":"fr-FR","potentialAction":[{"@type":"ReadAction","target":["https:\/\/constantinianorder.com\/il-compleanno-solidale-del-principe-carlo-di-borbone-delle-due-sicilie-2\/"]}]},{"@type":"ImageObject","inLanguage":"fr-FR","@id":"https:\/\/constantinianorder.com\/il-compleanno-solidale-del-principe-carlo-di-borbone-delle-due-sicilie-2\/#primaryimage","url":"https:\/\/constantinianorder.com\/wp-content\/uploads\/2023\/02\/1-1024x768.jpg","contentUrl":"https:\/\/constantinianorder.com\/wp-content\/uploads\/2023\/02\/1-1024x768.jpg"},{"@type":"BreadcrumbList","@id":"https:\/\/constantinianorder.com\/il-compleanno-solidale-del-principe-carlo-di-borbone-delle-due-sicilie-2\/#breadcrumb","itemListElement":[{"@type":"ListItem","position":1,"name":"Home","item":"https:\/\/constantinianorder.com\/en\/"},{"@type":"ListItem","position":2,"name":"L&#8217;anniversaire de solidarit\u00e9 du Prince Charles de Bourbon des Deux Siciles"}]},{"@type":"WebSite","@id":"https:\/\/constantinianorder.com\/#website","url":"https:\/\/constantinianorder.com\/","name":"Sacro Militare Ordine Costantiniano di San Giorgio","description":"Ordine Ufficiale","publisher":{"@id":"https:\/\/constantinianorder.com\/#organization"},"potentialAction":[{"@type":"SearchAction","target":{"@type":"EntryPoint","urlTemplate":"https:\/\/constantinianorder.com\/?s={search_term_string}"},"query-input":{"@type":"PropertyValueSpecification","valueRequired":true,"valueName":"search_term_string"}}],"inLanguage":"fr-FR"},{"@type":"Organization","@id":"https:\/\/constantinianorder.com\/#organization","name":"Sacro Militare Ordine Costantiniano di San Giorgio","url":"https:\/\/constantinianorder.com\/","logo":{"@type":"ImageObject","inLanguage":"fr-FR","@id":"https:\/\/constantinianorder.com\/#\/schema\/logo\/image\/","url":"https:\/\/constantinianorder.com\/wp-content\/uploads\/2025\/10\/cropped-logo-costantiniano.png","contentUrl":"https:\/\/constantinianorder.com\/wp-content\/uploads\/2025\/10\/cropped-logo-costantiniano.png","width":512,"height":512,"caption":"Sacro Militare Ordine Costantiniano di San Giorgio"},"image":{"@id":"https:\/\/constantinianorder.com\/#\/schema\/logo\/image\/"},"sameAs":["https:\/\/www.facebook.com\/constantinianorder","https:\/\/www.instagram.com\/constantinianorder\/","https:\/\/www.youtube.com\/@granmagisterodelsacromilit9375"]},{"@type":"Person","@id":"https:\/\/constantinianorder.com\/#\/schema\/person\/493f3b1475d575dcddda4ec923772c66","name":"admin","sameAs":["https:\/\/constantinianorder.com"],"url":"https:\/\/constantinianorder.com\/fr\/author\/domain_jlukbpo7\/"}]}},"_links":{"self":[{"href":"https:\/\/constantinianorder.com\/fr\/wp-json\/wp\/v2\/posts\/71076","targetHints":{"allow":["GET"]}}],"collection":[{"href":"https:\/\/constantinianorder.com\/fr\/wp-json\/wp\/v2\/posts"}],"about":[{"href":"https:\/\/constantinianorder.com\/fr\/wp-json\/wp\/v2\/types\/post"}],"author":[{"embeddable":true,"href":"https:\/\/constantinianorder.com\/fr\/wp-json\/wp\/v2\/users\/1"}],"replies":[{"embeddable":true,"href":"https:\/\/constantinianorder.com\/fr\/wp-json\/wp\/v2\/comments?post=71076"}],"version-history":[{"count":1,"href":"https:\/\/constantinianorder.com\/fr\/wp-json\/wp\/v2\/posts\/71076\/revisions"}],"predecessor-version":[{"id":85085,"href":"https:\/\/constantinianorder.com\/fr\/wp-json\/wp\/v2\/posts\/71076\/revisions\/85085"}],"wp:attachment":[{"href":"https:\/\/constantinianorder.com\/fr\/wp-json\/wp\/v2\/media?parent=71076"}],"wp:term":[{"taxonomy":"category","embeddable":true,"href":"https:\/\/constantinianorder.com\/fr\/wp-json\/wp\/v2\/categories?post=71076"},{"taxonomy":"post_tag","embeddable":true,"href":"https:\/\/constantinianorder.com\/fr\/wp-json\/wp\/v2\/tags?post=71076"}],"curies":[{"name":"wp","href":"https:\/\/api.w.org\/{rel}","templated":true}]}}