{"id":70883,"date":"2023-02-22T11:37:51","date_gmt":"2023-02-22T10:37:51","guid":{"rendered":"https:\/\/constantinianorder.net\/?p=70883"},"modified":"2025-10-21T12:04:27","modified_gmt":"2025-10-21T12:04:27","slug":"france-sainte-messe-du-13-fevrier-a-paris-en-presence-de-s-a-r-le-duc-de-castro","status":"publish","type":"post","link":"https:\/\/constantinianorder.com\/fr\/france-sainte-messe-du-13-fevrier-a-paris-en-presence-de-s-a-r-le-duc-de-castro\/","title":{"rendered":"France: Sainte Messe du 13 f\u00e9vrier \u00e0 Paris en pr\u00e9sence de S.A.R. le Duc de Castro"},"content":{"rendered":"\n<ul class=\"wp-block-gallery columns-3 is-cropped wp-block-gallery-1 is-layout-flex wp-block-gallery-is-layout-flex\"><li class=\"blocks-gallery-item\"><figure><img decoding=\"async\" src=\"https:\/\/constantinianorder.com\/wp-content\/uploads\/2023\/02\/IMG_4407-731x1024.jpeg\" alt=\"\" data-id=\"70884\" data-link=\"https:\/\/export.constantinianorder.net\/?attachment_id=70884&amp;lang=fr\" class=\"wp-image-70884\"\/><\/figure><\/li><li class=\"blocks-gallery-item\"><figure><img decoding=\"async\" src=\"https:\/\/constantinianorder.com\/wp-content\/uploads\/2023\/02\/WhatsApp-Image-2023-02-21-at-16.17.39-1024x730.jpeg\" alt=\"\" data-id=\"70888\" data-link=\"https:\/\/export.constantinianorder.net\/?attachment_id=70888&amp;lang=fr\" class=\"wp-image-70888\"\/><\/figure><\/li><li class=\"blocks-gallery-item\"><figure><img decoding=\"async\" src=\"https:\/\/constantinianorder.com\/wp-content\/uploads\/2023\/02\/IMG_4398-1-1024x768.jpeg\" alt=\"\" data-id=\"70900\" data-link=\"https:\/\/export.constantinianorder.net\/?attachment_id=70900&amp;lang=fr\" class=\"wp-image-70900\"\/><\/figure><\/li><li class=\"blocks-gallery-item\"><figure><img decoding=\"async\" src=\"https:\/\/constantinianorder.com\/wp-content\/uploads\/2023\/02\/WhatsApp-Image-2023-02-21-at-16.17.38-1-1024x806.jpeg\" alt=\"\" data-id=\"70904\" data-link=\"https:\/\/export.constantinianorder.net\/?attachment_id=70904&amp;lang=fr\" class=\"wp-image-70904\"\/><\/figure><\/li><\/ul>\n\n\n\n<p>Le 13 f\u00e9vrier 2023, la D\u00e9l\u00e9gation fran\u00e7aise de l\u2019Ordre Sacr\u00e9 et Militaire Constantinien de Saint Georges s\u2019est r\u00e9unie en son si\u00e8ge, \u00e0 l\u2019\u00e9glise Saint Roch \u00e0 Paris en pr\u00e9sence du Grand Ma\u00eetre de l\u2019Ordre, S.A.R. le Prince Charles de Bourbon des Deux Siciles, Duc de Castro, et de Son Excellence, Monseigneur Luc RAVEL, Archev\u00eaque de Strasbourg et Prieur de la d\u00e9l\u00e9gation.<br> Ma\u00eetre Charles-Hubert OLIVIER, le Vice-D\u00e9l\u00e9gu\u00e9 de l\u2019Ordre pour la France, a pu exposer les r\u00e9alisations de l\u2019ann\u00e9e \u00e9coul\u00e9e, en particulier les excellents r\u00e9sultats de la Bourse \u00ab Saint-Georges \u00bb et le soutien de la paroisse de Bondy.<br> Le Vice-D\u00e9l\u00e9gu\u00e9 de l\u2019Ordre en France, entour\u00e9 de son bureau, a fix\u00e9 les objectifs et le cap pour l\u2019ann\u00e9e 2023.<br> La messe qui a suivi, pr\u00e9sid\u00e9e par Son Excellence Monseigneur RAVEL, en pr\u00e9sence de Monseigneur Thierry Laurent, Aum\u00f4nier de la d\u00e9l\u00e9gation et cur\u00e9 de l\u2019\u00e9glise Saint Roch et de L\u2019abb\u00e9 Yves Genouville, cur\u00e9 de la paroisse Saint-Symphorien \u00e0 Versailles et chevalier eccl\u00e9siastique de notre Ordre, a r\u00e9uni l\u2019ensemble des membres et de leurs invit\u00e9s.<br> La soir\u00e9e s\u2019est prolong\u00e9e par un cocktail qui a permis, comme de coutume, de se retrouver et d\u2019\u00e9changer avec les membres dans un climat particuli\u00e8rement agr\u00e9able et fraternel autour du Grand Ma\u00eetre de l\u2019Ordre.<\/p>\n","protected":false},"excerpt":{"rendered":"<p>Le 13 f\u00e9vrier 2023, la D\u00e9l\u00e9gation fran\u00e7aise de l\u2019Ordre Sacr\u00e9 et Militaire Constantinien de Saint Georges s\u2019est r\u00e9unie en son si\u00e8ge, \u00e0 l\u2019\u00e9glise Saint Roch \u00e0 Paris en pr\u00e9sence du Grand Ma\u00eetre de l\u2019Ordre, S.A.R. le Prince Charles de Bourbon des Deux Siciles, Duc de Castro, et de Son Excellence, Monseigneur Luc RAVEL, Archev\u00eaque de [&hellip;]<\/p>\n","protected":false},"author":1,"featured_media":0,"comment_status":"closed","ping_status":"open","sticky":false,"template":"","format":"standard","meta":{"footnotes":""},"categories":[157],"tags":[],"class_list":["post-70883","post","type-post","status-publish","format-standard","hentry","category-delegation-de-france"],"yoast_head":"<!-- This site is optimized with the Yoast SEO plugin v26.5 - https:\/\/yoast.com\/wordpress\/plugins\/seo\/ -->\n<title>France: Sainte Messe du 13 f\u00e9vrier \u00e0 Paris en pr\u00e9sence de S.A.R. le Duc de Castro - Sacro Militare Ordine Costantiniano di San Giorgio<\/title>\n<meta name=\"robots\" content=\"index, follow, max-snippet:-1, max-image-preview:large, max-video-preview:-1\" \/>\n<link rel=\"canonical\" href=\"https:\/\/constantinianorder.com\/francia-santa-messa-del-13-febbraio-a-parigi-alla-presenza-di-s-a-r-il-duca-di-castro\/\" \/>\n<meta property=\"og:locale\" content=\"fr_FR\" \/>\n<meta property=\"og:type\" content=\"article\" \/>\n<meta property=\"og:title\" content=\"France: Sainte Messe du 13 f\u00e9vrier \u00e0 Paris en pr\u00e9sence de S.A.R. le Duc de Castro - Sacro Militare Ordine Costantiniano di San Giorgio\" \/>\n<meta property=\"og:description\" content=\"Le 13 f\u00e9vrier 2023, la D\u00e9l\u00e9gation fran\u00e7aise de l\u2019Ordre Sacr\u00e9 et Militaire Constantinien de Saint Georges s\u2019est r\u00e9unie en son si\u00e8ge, \u00e0 l\u2019\u00e9glise Saint Roch \u00e0 Paris en pr\u00e9sence du Grand Ma\u00eetre de l\u2019Ordre, S.A.R. le Prince Charles de Bourbon des Deux Siciles, Duc de Castro, et de Son Excellence, Monseigneur Luc RAVEL, Archev\u00eaque de [&hellip;]\" \/>\n<meta property=\"og:url\" content=\"https:\/\/constantinianorder.com\/francia-santa-messa-del-13-febbraio-a-parigi-alla-presenza-di-s-a-r-il-duca-di-castro\/\" \/>\n<meta property=\"og:site_name\" content=\"Sacro Militare Ordine Costantiniano di San Giorgio\" \/>\n<meta property=\"article:publisher\" content=\"https:\/\/www.facebook.com\/constantinianorder\" \/>\n<meta property=\"article:published_time\" content=\"2023-02-22T10:37:51+00:00\" \/>\n<meta property=\"article:modified_time\" content=\"2025-10-21T12:04:27+00:00\" \/>\n<meta property=\"og:image\" content=\"https:\/\/constantinianorder.com\/wp-content\/uploads\/2023\/02\/IMG_4407-scaled-1.webp\" \/>\n\t<meta property=\"og:image:width\" content=\"1370\" \/>\n\t<meta property=\"og:image:height\" content=\"1920\" \/>\n\t<meta property=\"og:image:type\" content=\"image\/webp\" \/>\n<meta name=\"author\" content=\"admin\" \/>\n<meta name=\"twitter:card\" content=\"summary_large_image\" \/>\n<meta name=\"twitter:label1\" content=\"\u00c9crit par\" \/>\n\t<meta name=\"twitter:data1\" content=\"admin\" \/>\n\t<meta name=\"twitter:label2\" content=\"Dur\u00e9e de lecture estim\u00e9e\" \/>\n\t<meta name=\"twitter:data2\" content=\"1 minute\" \/>\n<script type=\"application\/ld+json\" class=\"yoast-schema-graph\">{\"@context\":\"https:\/\/schema.org\",\"@graph\":[{\"@type\":\"Article\",\"@id\":\"https:\/\/constantinianorder.com\/francia-santa-messa-del-13-febbraio-a-parigi-alla-presenza-di-s-a-r-il-duca-di-castro\/#article\",\"isPartOf\":{\"@id\":\"https:\/\/constantinianorder.com\/francia-santa-messa-del-13-febbraio-a-parigi-alla-presenza-di-s-a-r-il-duca-di-castro\/\"},\"author\":{\"name\":\"admin\",\"@id\":\"https:\/\/constantinianorder.com\/#\/schema\/person\/493f3b1475d575dcddda4ec923772c66\"},\"headline\":\"France: Sainte Messe du 13 f\u00e9vrier \u00e0 Paris en pr\u00e9sence de S.A.R. le Duc de Castro\",\"datePublished\":\"2023-02-22T10:37:51+00:00\",\"dateModified\":\"2025-10-21T12:04:27+00:00\",\"mainEntityOfPage\":{\"@id\":\"https:\/\/constantinianorder.com\/francia-santa-messa-del-13-febbraio-a-parigi-alla-presenza-di-s-a-r-il-duca-di-castro\/\"},\"wordCount\":267,\"publisher\":{\"@id\":\"https:\/\/constantinianorder.com\/#organization\"},\"image\":{\"@id\":\"https:\/\/constantinianorder.com\/francia-santa-messa-del-13-febbraio-a-parigi-alla-presenza-di-s-a-r-il-duca-di-castro\/#primaryimage\"},\"thumbnailUrl\":\"https:\/\/constantinianorder.com\/wp-content\/uploads\/2023\/02\/IMG_4407-731x1024.jpeg\",\"articleSection\":[\"D\u00e9l\u00e9gation de France\"],\"inLanguage\":\"fr-FR\"},{\"@type\":\"WebPage\",\"@id\":\"https:\/\/constantinianorder.com\/francia-santa-messa-del-13-febbraio-a-parigi-alla-presenza-di-s-a-r-il-duca-di-castro\/\",\"url\":\"https:\/\/constantinianorder.com\/francia-santa-messa-del-13-febbraio-a-parigi-alla-presenza-di-s-a-r-il-duca-di-castro\/\",\"name\":\"France: Sainte Messe du 13 f\u00e9vrier \u00e0 Paris en pr\u00e9sence de S.A.R. le Duc de Castro - Sacro Militare Ordine Costantiniano di San Giorgio\",\"isPartOf\":{\"@id\":\"https:\/\/constantinianorder.com\/#website\"},\"primaryImageOfPage\":{\"@id\":\"https:\/\/constantinianorder.com\/francia-santa-messa-del-13-febbraio-a-parigi-alla-presenza-di-s-a-r-il-duca-di-castro\/#primaryimage\"},\"image\":{\"@id\":\"https:\/\/constantinianorder.com\/francia-santa-messa-del-13-febbraio-a-parigi-alla-presenza-di-s-a-r-il-duca-di-castro\/#primaryimage\"},\"thumbnailUrl\":\"https:\/\/constantinianorder.com\/wp-content\/uploads\/2023\/02\/IMG_4407-731x1024.jpeg\",\"datePublished\":\"2023-02-22T10:37:51+00:00\",\"dateModified\":\"2025-10-21T12:04:27+00:00\",\"breadcrumb\":{\"@id\":\"https:\/\/constantinianorder.com\/francia-santa-messa-del-13-febbraio-a-parigi-alla-presenza-di-s-a-r-il-duca-di-castro\/#breadcrumb\"},\"inLanguage\":\"fr-FR\",\"potentialAction\":[{\"@type\":\"ReadAction\",\"target\":[\"https:\/\/constantinianorder.com\/francia-santa-messa-del-13-febbraio-a-parigi-alla-presenza-di-s-a-r-il-duca-di-castro\/\"]}]},{\"@type\":\"ImageObject\",\"inLanguage\":\"fr-FR\",\"@id\":\"https:\/\/constantinianorder.com\/francia-santa-messa-del-13-febbraio-a-parigi-alla-presenza-di-s-a-r-il-duca-di-castro\/#primaryimage\",\"url\":\"https:\/\/constantinianorder.com\/wp-content\/uploads\/2023\/02\/IMG_4407-731x1024.jpeg\",\"contentUrl\":\"https:\/\/constantinianorder.com\/wp-content\/uploads\/2023\/02\/IMG_4407-731x1024.jpeg\"},{\"@type\":\"BreadcrumbList\",\"@id\":\"https:\/\/constantinianorder.com\/francia-santa-messa-del-13-febbraio-a-parigi-alla-presenza-di-s-a-r-il-duca-di-castro\/#breadcrumb\",\"itemListElement\":[{\"@type\":\"ListItem\",\"position\":1,\"name\":\"Home\",\"item\":\"https:\/\/constantinianorder.com\/en\/\"},{\"@type\":\"ListItem\",\"position\":2,\"name\":\"France: Sainte Messe du 13 f\u00e9vrier \u00e0 Paris en pr\u00e9sence de S.A.R. le Duc de Castro\"}]},{\"@type\":\"WebSite\",\"@id\":\"https:\/\/constantinianorder.com\/#website\",\"url\":\"https:\/\/constantinianorder.com\/\",\"name\":\"Sacro Militare Ordine Costantiniano di San Giorgio\",\"description\":\"Ordine Ufficiale\",\"publisher\":{\"@id\":\"https:\/\/constantinianorder.com\/#organization\"},\"potentialAction\":[{\"@type\":\"SearchAction\",\"target\":{\"@type\":\"EntryPoint\",\"urlTemplate\":\"https:\/\/constantinianorder.com\/?s={search_term_string}\"},\"query-input\":{\"@type\":\"PropertyValueSpecification\",\"valueRequired\":true,\"valueName\":\"search_term_string\"}}],\"inLanguage\":\"fr-FR\"},{\"@type\":\"Organization\",\"@id\":\"https:\/\/constantinianorder.com\/#organization\",\"name\":\"Sacro Militare Ordine Costantiniano di San Giorgio\",\"url\":\"https:\/\/constantinianorder.com\/\",\"logo\":{\"@type\":\"ImageObject\",\"inLanguage\":\"fr-FR\",\"@id\":\"https:\/\/constantinianorder.com\/#\/schema\/logo\/image\/\",\"url\":\"https:\/\/constantinianorder.com\/wp-content\/uploads\/2025\/10\/cropped-logo-costantiniano.png\",\"contentUrl\":\"https:\/\/constantinianorder.com\/wp-content\/uploads\/2025\/10\/cropped-logo-costantiniano.png\",\"width\":512,\"height\":512,\"caption\":\"Sacro Militare Ordine Costantiniano di San Giorgio\"},\"image\":{\"@id\":\"https:\/\/constantinianorder.com\/#\/schema\/logo\/image\/\"},\"sameAs\":[\"https:\/\/www.facebook.com\/constantinianorder\",\"https:\/\/www.instagram.com\/constantinianorder\/\",\"https:\/\/www.youtube.com\/@granmagisterodelsacromilit9375\"]},{\"@type\":\"Person\",\"@id\":\"https:\/\/constantinianorder.com\/#\/schema\/person\/493f3b1475d575dcddda4ec923772c66\",\"name\":\"admin\",\"sameAs\":[\"https:\/\/constantinianorder.com\"],\"url\":\"https:\/\/constantinianorder.com\/fr\/author\/domain_jlukbpo7\/\"}]}<\/script>\n<!-- \/ Yoast SEO plugin. -->","yoast_head_json":{"title":"France: Sainte Messe du 13 f\u00e9vrier \u00e0 Paris en pr\u00e9sence de S.A.R. le Duc de Castro - Sacro Militare Ordine Costantiniano di San Giorgio","robots":{"index":"index","follow":"follow","max-snippet":"max-snippet:-1","max-image-preview":"max-image-preview:large","max-video-preview":"max-video-preview:-1"},"canonical":"https:\/\/constantinianorder.com\/francia-santa-messa-del-13-febbraio-a-parigi-alla-presenza-di-s-a-r-il-duca-di-castro\/","og_locale":"fr_FR","og_type":"article","og_title":"France: Sainte Messe du 13 f\u00e9vrier \u00e0 Paris en pr\u00e9sence de S.A.R. le Duc de Castro - Sacro Militare Ordine Costantiniano di San Giorgio","og_description":"Le 13 f\u00e9vrier 2023, la D\u00e9l\u00e9gation fran\u00e7aise de l\u2019Ordre Sacr\u00e9 et Militaire Constantinien de Saint Georges s\u2019est r\u00e9unie en son si\u00e8ge, \u00e0 l\u2019\u00e9glise Saint Roch \u00e0 Paris en pr\u00e9sence du Grand Ma\u00eetre de l\u2019Ordre, S.A.R. le Prince Charles de Bourbon des Deux Siciles, Duc de Castro, et de Son Excellence, Monseigneur Luc RAVEL, Archev\u00eaque de [&hellip;]","og_url":"https:\/\/constantinianorder.com\/francia-santa-messa-del-13-febbraio-a-parigi-alla-presenza-di-s-a-r-il-duca-di-castro\/","og_site_name":"Sacro Militare Ordine Costantiniano di San Giorgio","article_publisher":"https:\/\/www.facebook.com\/constantinianorder","article_published_time":"2023-02-22T10:37:51+00:00","article_modified_time":"2025-10-21T12:04:27+00:00","og_image":[{"width":1370,"height":1920,"url":"https:\/\/constantinianorder.com\/wp-content\/uploads\/2023\/02\/IMG_4407-scaled-1.webp","type":"image\/webp"}],"author":"admin","twitter_card":"summary_large_image","twitter_misc":{"\u00c9crit par":"admin","Dur\u00e9e de lecture estim\u00e9e":"1 minute"},"schema":{"@context":"https:\/\/schema.org","@graph":[{"@type":"Article","@id":"https:\/\/constantinianorder.com\/francia-santa-messa-del-13-febbraio-a-parigi-alla-presenza-di-s-a-r-il-duca-di-castro\/#article","isPartOf":{"@id":"https:\/\/constantinianorder.com\/francia-santa-messa-del-13-febbraio-a-parigi-alla-presenza-di-s-a-r-il-duca-di-castro\/"},"author":{"name":"admin","@id":"https:\/\/constantinianorder.com\/#\/schema\/person\/493f3b1475d575dcddda4ec923772c66"},"headline":"France: Sainte Messe du 13 f\u00e9vrier \u00e0 Paris en pr\u00e9sence de S.A.R. le Duc de Castro","datePublished":"2023-02-22T10:37:51+00:00","dateModified":"2025-10-21T12:04:27+00:00","mainEntityOfPage":{"@id":"https:\/\/constantinianorder.com\/francia-santa-messa-del-13-febbraio-a-parigi-alla-presenza-di-s-a-r-il-duca-di-castro\/"},"wordCount":267,"publisher":{"@id":"https:\/\/constantinianorder.com\/#organization"},"image":{"@id":"https:\/\/constantinianorder.com\/francia-santa-messa-del-13-febbraio-a-parigi-alla-presenza-di-s-a-r-il-duca-di-castro\/#primaryimage"},"thumbnailUrl":"https:\/\/constantinianorder.com\/wp-content\/uploads\/2023\/02\/IMG_4407-731x1024.jpeg","articleSection":["D\u00e9l\u00e9gation de France"],"inLanguage":"fr-FR"},{"@type":"WebPage","@id":"https:\/\/constantinianorder.com\/francia-santa-messa-del-13-febbraio-a-parigi-alla-presenza-di-s-a-r-il-duca-di-castro\/","url":"https:\/\/constantinianorder.com\/francia-santa-messa-del-13-febbraio-a-parigi-alla-presenza-di-s-a-r-il-duca-di-castro\/","name":"France: Sainte Messe du 13 f\u00e9vrier \u00e0 Paris en pr\u00e9sence de S.A.R. le Duc de Castro - Sacro Militare Ordine Costantiniano di San Giorgio","isPartOf":{"@id":"https:\/\/constantinianorder.com\/#website"},"primaryImageOfPage":{"@id":"https:\/\/constantinianorder.com\/francia-santa-messa-del-13-febbraio-a-parigi-alla-presenza-di-s-a-r-il-duca-di-castro\/#primaryimage"},"image":{"@id":"https:\/\/constantinianorder.com\/francia-santa-messa-del-13-febbraio-a-parigi-alla-presenza-di-s-a-r-il-duca-di-castro\/#primaryimage"},"thumbnailUrl":"https:\/\/constantinianorder.com\/wp-content\/uploads\/2023\/02\/IMG_4407-731x1024.jpeg","datePublished":"2023-02-22T10:37:51+00:00","dateModified":"2025-10-21T12:04:27+00:00","breadcrumb":{"@id":"https:\/\/constantinianorder.com\/francia-santa-messa-del-13-febbraio-a-parigi-alla-presenza-di-s-a-r-il-duca-di-castro\/#breadcrumb"},"inLanguage":"fr-FR","potentialAction":[{"@type":"ReadAction","target":["https:\/\/constantinianorder.com\/francia-santa-messa-del-13-febbraio-a-parigi-alla-presenza-di-s-a-r-il-duca-di-castro\/"]}]},{"@type":"ImageObject","inLanguage":"fr-FR","@id":"https:\/\/constantinianorder.com\/francia-santa-messa-del-13-febbraio-a-parigi-alla-presenza-di-s-a-r-il-duca-di-castro\/#primaryimage","url":"https:\/\/constantinianorder.com\/wp-content\/uploads\/2023\/02\/IMG_4407-731x1024.jpeg","contentUrl":"https:\/\/constantinianorder.com\/wp-content\/uploads\/2023\/02\/IMG_4407-731x1024.jpeg"},{"@type":"BreadcrumbList","@id":"https:\/\/constantinianorder.com\/francia-santa-messa-del-13-febbraio-a-parigi-alla-presenza-di-s-a-r-il-duca-di-castro\/#breadcrumb","itemListElement":[{"@type":"ListItem","position":1,"name":"Home","item":"https:\/\/constantinianorder.com\/en\/"},{"@type":"ListItem","position":2,"name":"France: Sainte Messe du 13 f\u00e9vrier \u00e0 Paris en pr\u00e9sence de S.A.R. le Duc de Castro"}]},{"@type":"WebSite","@id":"https:\/\/constantinianorder.com\/#website","url":"https:\/\/constantinianorder.com\/","name":"Sacro Militare Ordine Costantiniano di San Giorgio","description":"Ordine Ufficiale","publisher":{"@id":"https:\/\/constantinianorder.com\/#organization"},"potentialAction":[{"@type":"SearchAction","target":{"@type":"EntryPoint","urlTemplate":"https:\/\/constantinianorder.com\/?s={search_term_string}"},"query-input":{"@type":"PropertyValueSpecification","valueRequired":true,"valueName":"search_term_string"}}],"inLanguage":"fr-FR"},{"@type":"Organization","@id":"https:\/\/constantinianorder.com\/#organization","name":"Sacro Militare Ordine Costantiniano di San Giorgio","url":"https:\/\/constantinianorder.com\/","logo":{"@type":"ImageObject","inLanguage":"fr-FR","@id":"https:\/\/constantinianorder.com\/#\/schema\/logo\/image\/","url":"https:\/\/constantinianorder.com\/wp-content\/uploads\/2025\/10\/cropped-logo-costantiniano.png","contentUrl":"https:\/\/constantinianorder.com\/wp-content\/uploads\/2025\/10\/cropped-logo-costantiniano.png","width":512,"height":512,"caption":"Sacro Militare Ordine Costantiniano di San Giorgio"},"image":{"@id":"https:\/\/constantinianorder.com\/#\/schema\/logo\/image\/"},"sameAs":["https:\/\/www.facebook.com\/constantinianorder","https:\/\/www.instagram.com\/constantinianorder\/","https:\/\/www.youtube.com\/@granmagisterodelsacromilit9375"]},{"@type":"Person","@id":"https:\/\/constantinianorder.com\/#\/schema\/person\/493f3b1475d575dcddda4ec923772c66","name":"admin","sameAs":["https:\/\/constantinianorder.com"],"url":"https:\/\/constantinianorder.com\/fr\/author\/domain_jlukbpo7\/"}]}},"_links":{"self":[{"href":"https:\/\/constantinianorder.com\/fr\/wp-json\/wp\/v2\/posts\/70883","targetHints":{"allow":["GET"]}}],"collection":[{"href":"https:\/\/constantinianorder.com\/fr\/wp-json\/wp\/v2\/posts"}],"about":[{"href":"https:\/\/constantinianorder.com\/fr\/wp-json\/wp\/v2\/types\/post"}],"author":[{"embeddable":true,"href":"https:\/\/constantinianorder.com\/fr\/wp-json\/wp\/v2\/users\/1"}],"replies":[{"embeddable":true,"href":"https:\/\/constantinianorder.com\/fr\/wp-json\/wp\/v2\/comments?post=70883"}],"version-history":[{"count":1,"href":"https:\/\/constantinianorder.com\/fr\/wp-json\/wp\/v2\/posts\/70883\/revisions"}],"predecessor-version":[{"id":85064,"href":"https:\/\/constantinianorder.com\/fr\/wp-json\/wp\/v2\/posts\/70883\/revisions\/85064"}],"wp:attachment":[{"href":"https:\/\/constantinianorder.com\/fr\/wp-json\/wp\/v2\/media?parent=70883"}],"wp:term":[{"taxonomy":"category","embeddable":true,"href":"https:\/\/constantinianorder.com\/fr\/wp-json\/wp\/v2\/categories?post=70883"},{"taxonomy":"post_tag","embeddable":true,"href":"https:\/\/constantinianorder.com\/fr\/wp-json\/wp\/v2\/tags?post=70883"}],"curies":[{"name":"wp","href":"https:\/\/api.w.org\/{rel}","templated":true}]}}