{"id":66809,"date":"2022-06-24T10:07:12","date_gmt":"2022-06-24T10:07:12","guid":{"rendered":"https:\/\/constantinianorder.net\/southern-east-asia-events-on-june-22-and-21\/"},"modified":"2025-10-21T16:26:12","modified_gmt":"2025-10-21T16:26:12","slug":"asie-du-sud-est-evenements-du-22-et-du-21-juin","status":"publish","type":"post","link":"https:\/\/constantinianorder.com\/fr\/asie-du-sud-est-evenements-du-22-et-du-21-juin\/","title":{"rendered":"ASIE DU SUD-EST : EVENEMENTS DU 22 ET DU 21 JUIN"},"content":{"rendered":"\n<div class=\"wp-block-image\"><figure class=\"aligncenter\"><img decoding=\"async\" src=\"https:\/\/constantinianorder.com\/wp-content\/uploads\/2022\/06\/WhatsApp-Image-2022-06-22-at-14.08.24-794x1024.jpeg\" alt=\"\" class=\"wp-image-66787\"\/><\/figure><\/div>\n\n\n\n<div class=\"wp-block-image\"><figure class=\"aligncenter\"><img decoding=\"async\" src=\"https:\/\/constantinianorder.com\/wp-content\/uploads\/2022\/06\/WhatsApp-Image-2022-06-22-at-14.08.46-1024x576.jpeg\" alt=\"\" class=\"wp-image-66791\"\/><\/figure><\/div>\n\n\n\n<div class=\"wp-block-image\"><figure class=\"aligncenter\"><img decoding=\"async\" src=\"https:\/\/constantinianorder.com\/wp-content\/uploads\/2022\/06\/WhatsApp-Image-2022-06-22-at-17.30.00-768x1024.jpeg\" alt=\"\" class=\"wp-image-66795\"\/><\/figure><\/div>\n\n\n\n<p><strong>Bangkok 21-22 juin 2022<\/strong>\u2013 Depuis 40 ans en France, le 21 juin n&rsquo;est pas seulement le jour le plus long de l&rsquo;ann\u00e9e mais aussi la c\u00e9l\u00e9bration de la F\u00eate de la Musique (cr\u00e9\u00e9e en 1982).<br> A l&rsquo;invitation de la Chambre de commerce franco-tha\u00eflandaise, le Vice-D\u00e9l\u00e9gu\u00e9 a pu profiter de la joyeuse tradition fran\u00e7aise amen\u00e9e avec succ\u00e8s \u00e0 Bangkok, au restaurant Blue Parrot avec piscine et jardin, gr\u00e2ce \u00e0 plusieurs sponsors. Le 22 juin, le Vice D\u00e9l\u00e9gu\u00e9 a particip\u00e9 \u00e0 un \u00e9v\u00e9nement \u00e0 l&rsquo;Alliance Fran\u00e7aise de Bangkok, organis\u00e9 en partenariat avec l&rsquo;Ambassade de France en Tha\u00eflande. Au programme, une projection documentaire et une rencontre avec des scientifiques.<br> Le documentaire \u00ab La Fabrique des Pand\u00e9mies \u00bb a \u00e9t\u00e9 r\u00e9alis\u00e9 par Marie-Monique Robin : les 40 derni\u00e8res ann\u00e9es ont \u00e9t\u00e9 marqu\u00e9es par un grand nombre de zoonoses, c&rsquo;est-\u00e0-dire de maladies infectieuses transmises \u00e0 l&rsquo;homme par les animaux (Dengue, Chikungunya, COVID-19, Sida, Ebola, pour n&rsquo;en citer que quelques-unes).<br> Dans ce documentaire, la premi\u00e8re actrice fran\u00e7aise Juliette Binoche cherche \u00e0 comprendre les causes de cette \u00ab\u00a0\u00e9pid\u00e9mie de pand\u00e9mies\u00a0\u00bb. Elle rencontre des scientifiques du monde entier pour comprendre les liens entre la sant\u00e9 humaine et la sant\u00e9 des \u00e9cosyst\u00e8mes. Une s\u00e9ance d&rsquo;\u00e9changes et de questions-r\u00e9ponses s&rsquo;en est suivie, avec notamment l&rsquo;occasion de rencontrer les co-auteurs de \u00ab Biodiversit\u00e9 et sant\u00e9 : les liens entre le vivant, les \u00e9cosyst\u00e8mes et les soci\u00e9t\u00e9s \u00bb, publi\u00e9 par l&rsquo;Iste, collection \u00c9cologie, Mme Claire Lajaunie et M. Serge Morand. Serge Morand est \u00e9cologiste de la sant\u00e9 de terrain et \u00e9cologiste de l&rsquo;\u00e9volution. Il est directeur de recherche au CNRS et m\u00e8ne des recherches dans les zones rurales d&rsquo;Asie du Sud-Est sur les effets des changements d&rsquo;occupation des sols et de la biodiversit\u00e9 sur la transmission des maladies infectieuses, principalement des maladies zoonotiques. Claire Lajaunie, chercheuse \u00e0 l&rsquo;INSERM (Institut national de la sant\u00e9 et de la recherche m\u00e9dicale), \u00e9tudie les liens entre biodiversit\u00e9 et sant\u00e9 \u00e0 travers des approches qui associent droit de l&rsquo;environnement, gouvernance et enjeux \u00e9thiques associ\u00e9s.<\/p>\n\n\n\n<div class=\"wp-block-image\"><figure class=\"aligncenter\"><img decoding=\"async\" src=\"https:\/\/constantinianorder.com\/wp-content\/uploads\/2022\/06\/WhatsApp-Image-2022-06-22-at-17.38.20-1024x768.jpeg\" alt=\"\" class=\"wp-image-66799\"\/><\/figure><\/div>\n\n\n\n<div class=\"wp-block-image\"><figure class=\"aligncenter\"><img decoding=\"async\" src=\"https:\/\/constantinianorder.com\/wp-content\/uploads\/2022\/06\/WhatsApp-Image-2022-06-22-at-17.30.39-1024x768.jpeg\" alt=\"\" class=\"wp-image-66803\"\/><\/figure><\/div>\n","protected":false},"excerpt":{"rendered":"<p>Bangkok 21-22 juin 2022\u2013 Depuis 40 ans en France, le 21 juin n&rsquo;est pas seulement le jour le plus long de l&rsquo;ann\u00e9e mais aussi la c\u00e9l\u00e9bration de la F\u00eate de la Musique (cr\u00e9\u00e9e en 1982). A l&rsquo;invitation de la Chambre de commerce franco-tha\u00eflandaise, le Vice-D\u00e9l\u00e9gu\u00e9 a pu profiter de la joyeuse tradition fran\u00e7aise amen\u00e9e avec [&hellip;]<\/p>\n","protected":false},"author":1,"featured_media":0,"comment_status":"closed","ping_status":"closed","sticky":false,"template":"","format":"standard","meta":{"footnotes":""},"categories":[162],"tags":[],"class_list":["post-66809","post","type-post","status-publish","format-standard","hentry","category-delegation-de-lasie-du-sud-est"],"yoast_head":"<!-- This site is optimized with the Yoast SEO plugin v26.5 - https:\/\/yoast.com\/wordpress\/plugins\/seo\/ -->\n<title>ASIE DU SUD-EST : EVENEMENTS DU 22 ET DU 21 JUIN - Sacro Militare Ordine Costantiniano di San Giorgio<\/title>\n<meta name=\"robots\" content=\"index, follow, max-snippet:-1, max-image-preview:large, max-video-preview:-1\" \/>\n<link rel=\"canonical\" href=\"https:\/\/constantinianorder.com\/sud-est-asiatico-eventi-del-22-e-21-giugno\/\" \/>\n<meta property=\"og:locale\" content=\"fr_FR\" \/>\n<meta property=\"og:type\" content=\"article\" \/>\n<meta property=\"og:title\" content=\"ASIE DU SUD-EST : EVENEMENTS DU 22 ET DU 21 JUIN - Sacro Militare Ordine Costantiniano di San Giorgio\" \/>\n<meta property=\"og:description\" content=\"Bangkok 21-22 juin 2022\u2013 Depuis 40 ans en France, le 21 juin n&rsquo;est pas seulement le jour le plus long de l&rsquo;ann\u00e9e mais aussi la c\u00e9l\u00e9bration de la F\u00eate de la Musique (cr\u00e9\u00e9e en 1982). A l&rsquo;invitation de la Chambre de commerce franco-tha\u00eflandaise, le Vice-D\u00e9l\u00e9gu\u00e9 a pu profiter de la joyeuse tradition fran\u00e7aise amen\u00e9e avec [&hellip;]\" \/>\n<meta property=\"og:url\" content=\"https:\/\/constantinianorder.com\/sud-est-asiatico-eventi-del-22-e-21-giugno\/\" \/>\n<meta property=\"og:site_name\" content=\"Sacro Militare Ordine Costantiniano di San Giorgio\" \/>\n<meta property=\"article:publisher\" content=\"https:\/\/www.facebook.com\/constantinianorder\" \/>\n<meta property=\"article:published_time\" content=\"2022-06-24T10:07:12+00:00\" \/>\n<meta property=\"article:modified_time\" content=\"2025-10-21T16:26:12+00:00\" \/>\n<meta name=\"author\" content=\"admin\" \/>\n<meta name=\"twitter:card\" content=\"summary_large_image\" \/>\n<meta name=\"twitter:label1\" content=\"\u00c9crit par\" \/>\n\t<meta name=\"twitter:data1\" content=\"admin\" \/>\n\t<meta name=\"twitter:label2\" content=\"Dur\u00e9e de lecture estim\u00e9e\" \/>\n\t<meta name=\"twitter:data2\" content=\"2 minutes\" \/>\n<script type=\"application\/ld+json\" class=\"yoast-schema-graph\">{\"@context\":\"https:\/\/schema.org\",\"@graph\":[{\"@type\":\"Article\",\"@id\":\"https:\/\/constantinianorder.com\/sud-est-asiatico-eventi-del-22-e-21-giugno\/#article\",\"isPartOf\":{\"@id\":\"https:\/\/constantinianorder.com\/sud-est-asiatico-eventi-del-22-e-21-giugno\/\"},\"author\":{\"name\":\"admin\",\"@id\":\"https:\/\/constantinianorder.com\/#\/schema\/person\/493f3b1475d575dcddda4ec923772c66\"},\"headline\":\"ASIE DU SUD-EST : EVENEMENTS DU 22 ET DU 21 JUIN\",\"datePublished\":\"2022-06-24T10:07:12+00:00\",\"dateModified\":\"2025-10-21T16:26:12+00:00\",\"mainEntityOfPage\":{\"@id\":\"https:\/\/constantinianorder.com\/sud-est-asiatico-eventi-del-22-e-21-giugno\/\"},\"wordCount\":368,\"publisher\":{\"@id\":\"https:\/\/constantinianorder.com\/#organization\"},\"image\":{\"@id\":\"https:\/\/constantinianorder.com\/sud-est-asiatico-eventi-del-22-e-21-giugno\/#primaryimage\"},\"thumbnailUrl\":\"https:\/\/constantinianorder.com\/wp-content\/uploads\/2022\/06\/WhatsApp-Image-2022-06-22-at-14.08.24-794x1024.jpeg\",\"articleSection\":[\"D\u00e9l\u00e9gation de l\u2019Asie du Sud-Est\"],\"inLanguage\":\"fr-FR\"},{\"@type\":\"WebPage\",\"@id\":\"https:\/\/constantinianorder.com\/sud-est-asiatico-eventi-del-22-e-21-giugno\/\",\"url\":\"https:\/\/constantinianorder.com\/sud-est-asiatico-eventi-del-22-e-21-giugno\/\",\"name\":\"ASIE DU SUD-EST : EVENEMENTS DU 22 ET DU 21 JUIN - Sacro Militare Ordine Costantiniano di San Giorgio\",\"isPartOf\":{\"@id\":\"https:\/\/constantinianorder.com\/#website\"},\"primaryImageOfPage\":{\"@id\":\"https:\/\/constantinianorder.com\/sud-est-asiatico-eventi-del-22-e-21-giugno\/#primaryimage\"},\"image\":{\"@id\":\"https:\/\/constantinianorder.com\/sud-est-asiatico-eventi-del-22-e-21-giugno\/#primaryimage\"},\"thumbnailUrl\":\"https:\/\/constantinianorder.com\/wp-content\/uploads\/2022\/06\/WhatsApp-Image-2022-06-22-at-14.08.24-794x1024.jpeg\",\"datePublished\":\"2022-06-24T10:07:12+00:00\",\"dateModified\":\"2025-10-21T16:26:12+00:00\",\"breadcrumb\":{\"@id\":\"https:\/\/constantinianorder.com\/sud-est-asiatico-eventi-del-22-e-21-giugno\/#breadcrumb\"},\"inLanguage\":\"fr-FR\",\"potentialAction\":[{\"@type\":\"ReadAction\",\"target\":[\"https:\/\/constantinianorder.com\/sud-est-asiatico-eventi-del-22-e-21-giugno\/\"]}]},{\"@type\":\"ImageObject\",\"inLanguage\":\"fr-FR\",\"@id\":\"https:\/\/constantinianorder.com\/sud-est-asiatico-eventi-del-22-e-21-giugno\/#primaryimage\",\"url\":\"https:\/\/constantinianorder.com\/wp-content\/uploads\/2022\/06\/WhatsApp-Image-2022-06-22-at-14.08.24-794x1024.jpeg\",\"contentUrl\":\"https:\/\/constantinianorder.com\/wp-content\/uploads\/2022\/06\/WhatsApp-Image-2022-06-22-at-14.08.24-794x1024.jpeg\"},{\"@type\":\"BreadcrumbList\",\"@id\":\"https:\/\/constantinianorder.com\/sud-est-asiatico-eventi-del-22-e-21-giugno\/#breadcrumb\",\"itemListElement\":[{\"@type\":\"ListItem\",\"position\":1,\"name\":\"Home\",\"item\":\"https:\/\/constantinianorder.com\/en\/\"},{\"@type\":\"ListItem\",\"position\":2,\"name\":\"ASIE DU SUD-EST : EVENEMENTS DU 22 ET DU 21 JUIN\"}]},{\"@type\":\"WebSite\",\"@id\":\"https:\/\/constantinianorder.com\/#website\",\"url\":\"https:\/\/constantinianorder.com\/\",\"name\":\"Sacro Militare Ordine Costantiniano di San Giorgio\",\"description\":\"Ordine Ufficiale\",\"publisher\":{\"@id\":\"https:\/\/constantinianorder.com\/#organization\"},\"potentialAction\":[{\"@type\":\"SearchAction\",\"target\":{\"@type\":\"EntryPoint\",\"urlTemplate\":\"https:\/\/constantinianorder.com\/?s={search_term_string}\"},\"query-input\":{\"@type\":\"PropertyValueSpecification\",\"valueRequired\":true,\"valueName\":\"search_term_string\"}}],\"inLanguage\":\"fr-FR\"},{\"@type\":\"Organization\",\"@id\":\"https:\/\/constantinianorder.com\/#organization\",\"name\":\"Sacro Militare Ordine Costantiniano di San Giorgio\",\"url\":\"https:\/\/constantinianorder.com\/\",\"logo\":{\"@type\":\"ImageObject\",\"inLanguage\":\"fr-FR\",\"@id\":\"https:\/\/constantinianorder.com\/#\/schema\/logo\/image\/\",\"url\":\"https:\/\/constantinianorder.com\/wp-content\/uploads\/2025\/10\/cropped-logo-costantiniano.png\",\"contentUrl\":\"https:\/\/constantinianorder.com\/wp-content\/uploads\/2025\/10\/cropped-logo-costantiniano.png\",\"width\":512,\"height\":512,\"caption\":\"Sacro Militare Ordine Costantiniano di San Giorgio\"},\"image\":{\"@id\":\"https:\/\/constantinianorder.com\/#\/schema\/logo\/image\/\"},\"sameAs\":[\"https:\/\/www.facebook.com\/constantinianorder\",\"https:\/\/www.instagram.com\/constantinianorder\/\",\"https:\/\/www.youtube.com\/@granmagisterodelsacromilit9375\"]},{\"@type\":\"Person\",\"@id\":\"https:\/\/constantinianorder.com\/#\/schema\/person\/493f3b1475d575dcddda4ec923772c66\",\"name\":\"admin\",\"sameAs\":[\"https:\/\/constantinianorder.com\"],\"url\":\"https:\/\/constantinianorder.com\/fr\/author\/domain_jlukbpo7\/\"}]}<\/script>\n<!-- \/ Yoast SEO plugin. -->","yoast_head_json":{"title":"ASIE DU SUD-EST : EVENEMENTS DU 22 ET DU 21 JUIN - Sacro Militare Ordine Costantiniano di San Giorgio","robots":{"index":"index","follow":"follow","max-snippet":"max-snippet:-1","max-image-preview":"max-image-preview:large","max-video-preview":"max-video-preview:-1"},"canonical":"https:\/\/constantinianorder.com\/sud-est-asiatico-eventi-del-22-e-21-giugno\/","og_locale":"fr_FR","og_type":"article","og_title":"ASIE DU SUD-EST : EVENEMENTS DU 22 ET DU 21 JUIN - Sacro Militare Ordine Costantiniano di San Giorgio","og_description":"Bangkok 21-22 juin 2022\u2013 Depuis 40 ans en France, le 21 juin n&rsquo;est pas seulement le jour le plus long de l&rsquo;ann\u00e9e mais aussi la c\u00e9l\u00e9bration de la F\u00eate de la Musique (cr\u00e9\u00e9e en 1982). A l&rsquo;invitation de la Chambre de commerce franco-tha\u00eflandaise, le Vice-D\u00e9l\u00e9gu\u00e9 a pu profiter de la joyeuse tradition fran\u00e7aise amen\u00e9e avec [&hellip;]","og_url":"https:\/\/constantinianorder.com\/sud-est-asiatico-eventi-del-22-e-21-giugno\/","og_site_name":"Sacro Militare Ordine Costantiniano di San Giorgio","article_publisher":"https:\/\/www.facebook.com\/constantinianorder","article_published_time":"2022-06-24T10:07:12+00:00","article_modified_time":"2025-10-21T16:26:12+00:00","author":"admin","twitter_card":"summary_large_image","twitter_misc":{"\u00c9crit par":"admin","Dur\u00e9e de lecture estim\u00e9e":"2 minutes"},"schema":{"@context":"https:\/\/schema.org","@graph":[{"@type":"Article","@id":"https:\/\/constantinianorder.com\/sud-est-asiatico-eventi-del-22-e-21-giugno\/#article","isPartOf":{"@id":"https:\/\/constantinianorder.com\/sud-est-asiatico-eventi-del-22-e-21-giugno\/"},"author":{"name":"admin","@id":"https:\/\/constantinianorder.com\/#\/schema\/person\/493f3b1475d575dcddda4ec923772c66"},"headline":"ASIE DU SUD-EST : EVENEMENTS DU 22 ET DU 21 JUIN","datePublished":"2022-06-24T10:07:12+00:00","dateModified":"2025-10-21T16:26:12+00:00","mainEntityOfPage":{"@id":"https:\/\/constantinianorder.com\/sud-est-asiatico-eventi-del-22-e-21-giugno\/"},"wordCount":368,"publisher":{"@id":"https:\/\/constantinianorder.com\/#organization"},"image":{"@id":"https:\/\/constantinianorder.com\/sud-est-asiatico-eventi-del-22-e-21-giugno\/#primaryimage"},"thumbnailUrl":"https:\/\/constantinianorder.com\/wp-content\/uploads\/2022\/06\/WhatsApp-Image-2022-06-22-at-14.08.24-794x1024.jpeg","articleSection":["D\u00e9l\u00e9gation de l\u2019Asie du Sud-Est"],"inLanguage":"fr-FR"},{"@type":"WebPage","@id":"https:\/\/constantinianorder.com\/sud-est-asiatico-eventi-del-22-e-21-giugno\/","url":"https:\/\/constantinianorder.com\/sud-est-asiatico-eventi-del-22-e-21-giugno\/","name":"ASIE DU SUD-EST : EVENEMENTS DU 22 ET DU 21 JUIN - Sacro Militare Ordine Costantiniano di San Giorgio","isPartOf":{"@id":"https:\/\/constantinianorder.com\/#website"},"primaryImageOfPage":{"@id":"https:\/\/constantinianorder.com\/sud-est-asiatico-eventi-del-22-e-21-giugno\/#primaryimage"},"image":{"@id":"https:\/\/constantinianorder.com\/sud-est-asiatico-eventi-del-22-e-21-giugno\/#primaryimage"},"thumbnailUrl":"https:\/\/constantinianorder.com\/wp-content\/uploads\/2022\/06\/WhatsApp-Image-2022-06-22-at-14.08.24-794x1024.jpeg","datePublished":"2022-06-24T10:07:12+00:00","dateModified":"2025-10-21T16:26:12+00:00","breadcrumb":{"@id":"https:\/\/constantinianorder.com\/sud-est-asiatico-eventi-del-22-e-21-giugno\/#breadcrumb"},"inLanguage":"fr-FR","potentialAction":[{"@type":"ReadAction","target":["https:\/\/constantinianorder.com\/sud-est-asiatico-eventi-del-22-e-21-giugno\/"]}]},{"@type":"ImageObject","inLanguage":"fr-FR","@id":"https:\/\/constantinianorder.com\/sud-est-asiatico-eventi-del-22-e-21-giugno\/#primaryimage","url":"https:\/\/constantinianorder.com\/wp-content\/uploads\/2022\/06\/WhatsApp-Image-2022-06-22-at-14.08.24-794x1024.jpeg","contentUrl":"https:\/\/constantinianorder.com\/wp-content\/uploads\/2022\/06\/WhatsApp-Image-2022-06-22-at-14.08.24-794x1024.jpeg"},{"@type":"BreadcrumbList","@id":"https:\/\/constantinianorder.com\/sud-est-asiatico-eventi-del-22-e-21-giugno\/#breadcrumb","itemListElement":[{"@type":"ListItem","position":1,"name":"Home","item":"https:\/\/constantinianorder.com\/en\/"},{"@type":"ListItem","position":2,"name":"ASIE DU SUD-EST : EVENEMENTS DU 22 ET DU 21 JUIN"}]},{"@type":"WebSite","@id":"https:\/\/constantinianorder.com\/#website","url":"https:\/\/constantinianorder.com\/","name":"Sacro Militare Ordine Costantiniano di San Giorgio","description":"Ordine Ufficiale","publisher":{"@id":"https:\/\/constantinianorder.com\/#organization"},"potentialAction":[{"@type":"SearchAction","target":{"@type":"EntryPoint","urlTemplate":"https:\/\/constantinianorder.com\/?s={search_term_string}"},"query-input":{"@type":"PropertyValueSpecification","valueRequired":true,"valueName":"search_term_string"}}],"inLanguage":"fr-FR"},{"@type":"Organization","@id":"https:\/\/constantinianorder.com\/#organization","name":"Sacro Militare Ordine Costantiniano di San Giorgio","url":"https:\/\/constantinianorder.com\/","logo":{"@type":"ImageObject","inLanguage":"fr-FR","@id":"https:\/\/constantinianorder.com\/#\/schema\/logo\/image\/","url":"https:\/\/constantinianorder.com\/wp-content\/uploads\/2025\/10\/cropped-logo-costantiniano.png","contentUrl":"https:\/\/constantinianorder.com\/wp-content\/uploads\/2025\/10\/cropped-logo-costantiniano.png","width":512,"height":512,"caption":"Sacro Militare Ordine Costantiniano di San Giorgio"},"image":{"@id":"https:\/\/constantinianorder.com\/#\/schema\/logo\/image\/"},"sameAs":["https:\/\/www.facebook.com\/constantinianorder","https:\/\/www.instagram.com\/constantinianorder\/","https:\/\/www.youtube.com\/@granmagisterodelsacromilit9375"]},{"@type":"Person","@id":"https:\/\/constantinianorder.com\/#\/schema\/person\/493f3b1475d575dcddda4ec923772c66","name":"admin","sameAs":["https:\/\/constantinianorder.com"],"url":"https:\/\/constantinianorder.com\/fr\/author\/domain_jlukbpo7\/"}]}},"_links":{"self":[{"href":"https:\/\/constantinianorder.com\/fr\/wp-json\/wp\/v2\/posts\/66809","targetHints":{"allow":["GET"]}}],"collection":[{"href":"https:\/\/constantinianorder.com\/fr\/wp-json\/wp\/v2\/posts"}],"about":[{"href":"https:\/\/constantinianorder.com\/fr\/wp-json\/wp\/v2\/types\/post"}],"author":[{"embeddable":true,"href":"https:\/\/constantinianorder.com\/fr\/wp-json\/wp\/v2\/users\/1"}],"replies":[{"embeddable":true,"href":"https:\/\/constantinianorder.com\/fr\/wp-json\/wp\/v2\/comments?post=66809"}],"version-history":[{"count":1,"href":"https:\/\/constantinianorder.com\/fr\/wp-json\/wp\/v2\/posts\/66809\/revisions"}],"predecessor-version":[{"id":87222,"href":"https:\/\/constantinianorder.com\/fr\/wp-json\/wp\/v2\/posts\/66809\/revisions\/87222"}],"wp:attachment":[{"href":"https:\/\/constantinianorder.com\/fr\/wp-json\/wp\/v2\/media?parent=66809"}],"wp:term":[{"taxonomy":"category","embeddable":true,"href":"https:\/\/constantinianorder.com\/fr\/wp-json\/wp\/v2\/categories?post=66809"},{"taxonomy":"post_tag","embeddable":true,"href":"https:\/\/constantinianorder.com\/fr\/wp-json\/wp\/v2\/tags?post=66809"}],"curies":[{"name":"wp","href":"https:\/\/api.w.org\/{rel}","templated":true}]}}