{"id":66487,"date":"2022-06-07T10:44:17","date_gmt":"2022-06-07T10:44:17","guid":{"rendered":"https:\/\/constantinianorder.net\/calabria-iniziative-di-giugno\/"},"modified":"2025-10-21T16:25:49","modified_gmt":"2025-10-21T16:25:49","slug":"calabre-les-initiatives-de-juin","status":"publish","type":"post","link":"https:\/\/constantinianorder.com\/fr\/calabre-les-initiatives-de-juin\/","title":{"rendered":"CALABRE: LES INITIATIVES DE JUIN"},"content":{"rendered":"\n<figure class=\"wp-block-image\"><img decoding=\"async\" src=\"https:\/\/constantinianorder.com\/wp-content\/uploads\/2022\/06\/b34d6895-7fa7-45c2-b835-15c54c631193-768x1024.jpg\" alt=\"\" class=\"wp-image-66481\"\/><\/figure>\n\n\n\n<p>Le vendredi 3 juin, la D\u00e9l\u00e9gation de Calabre a fait don de nourriture aux S\u0153urs de la Divine Volont\u00e9, qui depuis environ 30 ans ont cr\u00e9\u00e9 une communaut\u00e9 \u00e0 Polistena (RC) qui se consacre principalement \u00e0 aider les personnes dans le besoin.<\/p>\n","protected":false},"excerpt":{"rendered":"<p>Le vendredi 3 juin, la D\u00e9l\u00e9gation de Calabre a fait don de nourriture aux S\u0153urs de la Divine Volont\u00e9, qui depuis environ 30 ans ont cr\u00e9\u00e9 une communaut\u00e9 \u00e0 Polistena (RC) qui se consacre principalement \u00e0 aider les personnes dans le besoin.<\/p>\n","protected":false},"author":1,"featured_media":0,"comment_status":"closed","ping_status":"closed","sticky":false,"template":"","format":"standard","meta":{"footnotes":""},"categories":[174],"tags":[],"class_list":["post-66487","post","type-post","status-publish","format-standard","hentry","category-delegation-de-la-calabre"],"yoast_head":"<!-- This site is optimized with the Yoast SEO plugin v26.5 - https:\/\/yoast.com\/wordpress\/plugins\/seo\/ -->\n<title>CALABRE: LES INITIATIVES DE JUIN - Sacro Militare Ordine Costantiniano di San Giorgio<\/title>\n<meta name=\"robots\" content=\"index, follow, max-snippet:-1, max-image-preview:large, max-video-preview:-1\" \/>\n<link rel=\"canonical\" href=\"https:\/\/constantinianorder.com\/calabria-iniziative-di-giugno\/\" \/>\n<meta property=\"og:locale\" content=\"fr_FR\" \/>\n<meta property=\"og:type\" content=\"article\" \/>\n<meta property=\"og:title\" content=\"CALABRE: LES INITIATIVES DE JUIN - Sacro Militare Ordine Costantiniano di San Giorgio\" \/>\n<meta property=\"og:description\" content=\"Le vendredi 3 juin, la D\u00e9l\u00e9gation de Calabre a fait don de nourriture aux S\u0153urs de la Divine Volont\u00e9, qui depuis environ 30 ans ont cr\u00e9\u00e9 une communaut\u00e9 \u00e0 Polistena (RC) qui se consacre principalement \u00e0 aider les personnes dans le besoin.\" \/>\n<meta property=\"og:url\" content=\"https:\/\/constantinianorder.com\/calabria-iniziative-di-giugno\/\" \/>\n<meta property=\"og:site_name\" content=\"Sacro Militare Ordine Costantiniano di San Giorgio\" \/>\n<meta property=\"article:publisher\" content=\"https:\/\/www.facebook.com\/constantinianorder\" \/>\n<meta property=\"article:published_time\" content=\"2022-06-07T10:44:17+00:00\" \/>\n<meta property=\"article:modified_time\" content=\"2025-10-21T16:25:49+00:00\" \/>\n<meta property=\"og:image\" content=\"https:\/\/constantinianorder.com\/wp-content\/uploads\/2022\/06\/b34d6895-7fa7-45c2-b835-15c54c631193.webp\" \/>\n\t<meta property=\"og:image:width\" content=\"1200\" \/>\n\t<meta property=\"og:image:height\" content=\"1600\" \/>\n\t<meta property=\"og:image:type\" content=\"image\/webp\" \/>\n<meta name=\"author\" content=\"admin\" \/>\n<meta name=\"twitter:card\" content=\"summary_large_image\" \/>\n<meta name=\"twitter:label1\" content=\"\u00c9crit par\" \/>\n\t<meta name=\"twitter:data1\" content=\"admin\" \/>\n<script type=\"application\/ld+json\" class=\"yoast-schema-graph\">{\"@context\":\"https:\/\/schema.org\",\"@graph\":[{\"@type\":\"Article\",\"@id\":\"https:\/\/constantinianorder.com\/calabria-iniziative-di-giugno\/#article\",\"isPartOf\":{\"@id\":\"https:\/\/constantinianorder.com\/calabria-iniziative-di-giugno\/\"},\"author\":{\"name\":\"admin\",\"@id\":\"https:\/\/constantinianorder.com\/#\/schema\/person\/493f3b1475d575dcddda4ec923772c66\"},\"headline\":\"CALABRE: LES INITIATIVES DE JUIN\",\"datePublished\":\"2022-06-07T10:44:17+00:00\",\"dateModified\":\"2025-10-21T16:25:49+00:00\",\"mainEntityOfPage\":{\"@id\":\"https:\/\/constantinianorder.com\/calabria-iniziative-di-giugno\/\"},\"wordCount\":46,\"publisher\":{\"@id\":\"https:\/\/constantinianorder.com\/#organization\"},\"image\":{\"@id\":\"https:\/\/constantinianorder.com\/calabria-iniziative-di-giugno\/#primaryimage\"},\"thumbnailUrl\":\"https:\/\/constantinianorder.com\/wp-content\/uploads\/2022\/06\/b34d6895-7fa7-45c2-b835-15c54c631193-768x1024.jpg\",\"articleSection\":[\"D\u00e9l\u00e9gation de la Calabre\"],\"inLanguage\":\"fr-FR\"},{\"@type\":\"WebPage\",\"@id\":\"https:\/\/constantinianorder.com\/calabria-iniziative-di-giugno\/\",\"url\":\"https:\/\/constantinianorder.com\/calabria-iniziative-di-giugno\/\",\"name\":\"CALABRE: LES INITIATIVES DE JUIN - Sacro Militare Ordine Costantiniano di San Giorgio\",\"isPartOf\":{\"@id\":\"https:\/\/constantinianorder.com\/#website\"},\"primaryImageOfPage\":{\"@id\":\"https:\/\/constantinianorder.com\/calabria-iniziative-di-giugno\/#primaryimage\"},\"image\":{\"@id\":\"https:\/\/constantinianorder.com\/calabria-iniziative-di-giugno\/#primaryimage\"},\"thumbnailUrl\":\"https:\/\/constantinianorder.com\/wp-content\/uploads\/2022\/06\/b34d6895-7fa7-45c2-b835-15c54c631193-768x1024.jpg\",\"datePublished\":\"2022-06-07T10:44:17+00:00\",\"dateModified\":\"2025-10-21T16:25:49+00:00\",\"breadcrumb\":{\"@id\":\"https:\/\/constantinianorder.com\/calabria-iniziative-di-giugno\/#breadcrumb\"},\"inLanguage\":\"fr-FR\",\"potentialAction\":[{\"@type\":\"ReadAction\",\"target\":[\"https:\/\/constantinianorder.com\/calabria-iniziative-di-giugno\/\"]}]},{\"@type\":\"ImageObject\",\"inLanguage\":\"fr-FR\",\"@id\":\"https:\/\/constantinianorder.com\/calabria-iniziative-di-giugno\/#primaryimage\",\"url\":\"https:\/\/constantinianorder.com\/wp-content\/uploads\/2022\/06\/b34d6895-7fa7-45c2-b835-15c54c631193-768x1024.jpg\",\"contentUrl\":\"https:\/\/constantinianorder.com\/wp-content\/uploads\/2022\/06\/b34d6895-7fa7-45c2-b835-15c54c631193-768x1024.jpg\"},{\"@type\":\"BreadcrumbList\",\"@id\":\"https:\/\/constantinianorder.com\/calabria-iniziative-di-giugno\/#breadcrumb\",\"itemListElement\":[{\"@type\":\"ListItem\",\"position\":1,\"name\":\"Home\",\"item\":\"https:\/\/constantinianorder.com\/en\/\"},{\"@type\":\"ListItem\",\"position\":2,\"name\":\"CALABRE: LES INITIATIVES DE JUIN\"}]},{\"@type\":\"WebSite\",\"@id\":\"https:\/\/constantinianorder.com\/#website\",\"url\":\"https:\/\/constantinianorder.com\/\",\"name\":\"Sacro Militare Ordine Costantiniano di San Giorgio\",\"description\":\"Ordine Ufficiale\",\"publisher\":{\"@id\":\"https:\/\/constantinianorder.com\/#organization\"},\"potentialAction\":[{\"@type\":\"SearchAction\",\"target\":{\"@type\":\"EntryPoint\",\"urlTemplate\":\"https:\/\/constantinianorder.com\/?s={search_term_string}\"},\"query-input\":{\"@type\":\"PropertyValueSpecification\",\"valueRequired\":true,\"valueName\":\"search_term_string\"}}],\"inLanguage\":\"fr-FR\"},{\"@type\":\"Organization\",\"@id\":\"https:\/\/constantinianorder.com\/#organization\",\"name\":\"Sacro Militare Ordine Costantiniano di San Giorgio\",\"url\":\"https:\/\/constantinianorder.com\/\",\"logo\":{\"@type\":\"ImageObject\",\"inLanguage\":\"fr-FR\",\"@id\":\"https:\/\/constantinianorder.com\/#\/schema\/logo\/image\/\",\"url\":\"https:\/\/constantinianorder.com\/wp-content\/uploads\/2025\/10\/cropped-logo-costantiniano.png\",\"contentUrl\":\"https:\/\/constantinianorder.com\/wp-content\/uploads\/2025\/10\/cropped-logo-costantiniano.png\",\"width\":512,\"height\":512,\"caption\":\"Sacro Militare Ordine Costantiniano di San Giorgio\"},\"image\":{\"@id\":\"https:\/\/constantinianorder.com\/#\/schema\/logo\/image\/\"},\"sameAs\":[\"https:\/\/www.facebook.com\/constantinianorder\",\"https:\/\/www.instagram.com\/constantinianorder\/\",\"https:\/\/www.youtube.com\/@granmagisterodelsacromilit9375\"]},{\"@type\":\"Person\",\"@id\":\"https:\/\/constantinianorder.com\/#\/schema\/person\/493f3b1475d575dcddda4ec923772c66\",\"name\":\"admin\",\"sameAs\":[\"https:\/\/constantinianorder.com\"],\"url\":\"https:\/\/constantinianorder.com\/fr\/author\/domain_jlukbpo7\/\"}]}<\/script>\n<!-- \/ Yoast SEO plugin. -->","yoast_head_json":{"title":"CALABRE: LES INITIATIVES DE JUIN - Sacro Militare Ordine Costantiniano di San Giorgio","robots":{"index":"index","follow":"follow","max-snippet":"max-snippet:-1","max-image-preview":"max-image-preview:large","max-video-preview":"max-video-preview:-1"},"canonical":"https:\/\/constantinianorder.com\/calabria-iniziative-di-giugno\/","og_locale":"fr_FR","og_type":"article","og_title":"CALABRE: LES INITIATIVES DE JUIN - Sacro Militare Ordine Costantiniano di San Giorgio","og_description":"Le vendredi 3 juin, la D\u00e9l\u00e9gation de Calabre a fait don de nourriture aux S\u0153urs de la Divine Volont\u00e9, qui depuis environ 30 ans ont cr\u00e9\u00e9 une communaut\u00e9 \u00e0 Polistena (RC) qui se consacre principalement \u00e0 aider les personnes dans le besoin.","og_url":"https:\/\/constantinianorder.com\/calabria-iniziative-di-giugno\/","og_site_name":"Sacro Militare Ordine Costantiniano di San Giorgio","article_publisher":"https:\/\/www.facebook.com\/constantinianorder","article_published_time":"2022-06-07T10:44:17+00:00","article_modified_time":"2025-10-21T16:25:49+00:00","og_image":[{"width":1200,"height":1600,"url":"https:\/\/constantinianorder.com\/wp-content\/uploads\/2022\/06\/b34d6895-7fa7-45c2-b835-15c54c631193.webp","type":"image\/webp"}],"author":"admin","twitter_card":"summary_large_image","twitter_misc":{"\u00c9crit par":"admin"},"schema":{"@context":"https:\/\/schema.org","@graph":[{"@type":"Article","@id":"https:\/\/constantinianorder.com\/calabria-iniziative-di-giugno\/#article","isPartOf":{"@id":"https:\/\/constantinianorder.com\/calabria-iniziative-di-giugno\/"},"author":{"name":"admin","@id":"https:\/\/constantinianorder.com\/#\/schema\/person\/493f3b1475d575dcddda4ec923772c66"},"headline":"CALABRE: LES INITIATIVES DE JUIN","datePublished":"2022-06-07T10:44:17+00:00","dateModified":"2025-10-21T16:25:49+00:00","mainEntityOfPage":{"@id":"https:\/\/constantinianorder.com\/calabria-iniziative-di-giugno\/"},"wordCount":46,"publisher":{"@id":"https:\/\/constantinianorder.com\/#organization"},"image":{"@id":"https:\/\/constantinianorder.com\/calabria-iniziative-di-giugno\/#primaryimage"},"thumbnailUrl":"https:\/\/constantinianorder.com\/wp-content\/uploads\/2022\/06\/b34d6895-7fa7-45c2-b835-15c54c631193-768x1024.jpg","articleSection":["D\u00e9l\u00e9gation de la Calabre"],"inLanguage":"fr-FR"},{"@type":"WebPage","@id":"https:\/\/constantinianorder.com\/calabria-iniziative-di-giugno\/","url":"https:\/\/constantinianorder.com\/calabria-iniziative-di-giugno\/","name":"CALABRE: LES INITIATIVES DE JUIN - Sacro Militare Ordine Costantiniano di San Giorgio","isPartOf":{"@id":"https:\/\/constantinianorder.com\/#website"},"primaryImageOfPage":{"@id":"https:\/\/constantinianorder.com\/calabria-iniziative-di-giugno\/#primaryimage"},"image":{"@id":"https:\/\/constantinianorder.com\/calabria-iniziative-di-giugno\/#primaryimage"},"thumbnailUrl":"https:\/\/constantinianorder.com\/wp-content\/uploads\/2022\/06\/b34d6895-7fa7-45c2-b835-15c54c631193-768x1024.jpg","datePublished":"2022-06-07T10:44:17+00:00","dateModified":"2025-10-21T16:25:49+00:00","breadcrumb":{"@id":"https:\/\/constantinianorder.com\/calabria-iniziative-di-giugno\/#breadcrumb"},"inLanguage":"fr-FR","potentialAction":[{"@type":"ReadAction","target":["https:\/\/constantinianorder.com\/calabria-iniziative-di-giugno\/"]}]},{"@type":"ImageObject","inLanguage":"fr-FR","@id":"https:\/\/constantinianorder.com\/calabria-iniziative-di-giugno\/#primaryimage","url":"https:\/\/constantinianorder.com\/wp-content\/uploads\/2022\/06\/b34d6895-7fa7-45c2-b835-15c54c631193-768x1024.jpg","contentUrl":"https:\/\/constantinianorder.com\/wp-content\/uploads\/2022\/06\/b34d6895-7fa7-45c2-b835-15c54c631193-768x1024.jpg"},{"@type":"BreadcrumbList","@id":"https:\/\/constantinianorder.com\/calabria-iniziative-di-giugno\/#breadcrumb","itemListElement":[{"@type":"ListItem","position":1,"name":"Home","item":"https:\/\/constantinianorder.com\/en\/"},{"@type":"ListItem","position":2,"name":"CALABRE: LES INITIATIVES DE JUIN"}]},{"@type":"WebSite","@id":"https:\/\/constantinianorder.com\/#website","url":"https:\/\/constantinianorder.com\/","name":"Sacro Militare Ordine Costantiniano di San Giorgio","description":"Ordine Ufficiale","publisher":{"@id":"https:\/\/constantinianorder.com\/#organization"},"potentialAction":[{"@type":"SearchAction","target":{"@type":"EntryPoint","urlTemplate":"https:\/\/constantinianorder.com\/?s={search_term_string}"},"query-input":{"@type":"PropertyValueSpecification","valueRequired":true,"valueName":"search_term_string"}}],"inLanguage":"fr-FR"},{"@type":"Organization","@id":"https:\/\/constantinianorder.com\/#organization","name":"Sacro Militare Ordine Costantiniano di San Giorgio","url":"https:\/\/constantinianorder.com\/","logo":{"@type":"ImageObject","inLanguage":"fr-FR","@id":"https:\/\/constantinianorder.com\/#\/schema\/logo\/image\/","url":"https:\/\/constantinianorder.com\/wp-content\/uploads\/2025\/10\/cropped-logo-costantiniano.png","contentUrl":"https:\/\/constantinianorder.com\/wp-content\/uploads\/2025\/10\/cropped-logo-costantiniano.png","width":512,"height":512,"caption":"Sacro Militare Ordine Costantiniano di San Giorgio"},"image":{"@id":"https:\/\/constantinianorder.com\/#\/schema\/logo\/image\/"},"sameAs":["https:\/\/www.facebook.com\/constantinianorder","https:\/\/www.instagram.com\/constantinianorder\/","https:\/\/www.youtube.com\/@granmagisterodelsacromilit9375"]},{"@type":"Person","@id":"https:\/\/constantinianorder.com\/#\/schema\/person\/493f3b1475d575dcddda4ec923772c66","name":"admin","sameAs":["https:\/\/constantinianorder.com"],"url":"https:\/\/constantinianorder.com\/fr\/author\/domain_jlukbpo7\/"}]}},"_links":{"self":[{"href":"https:\/\/constantinianorder.com\/fr\/wp-json\/wp\/v2\/posts\/66487","targetHints":{"allow":["GET"]}}],"collection":[{"href":"https:\/\/constantinianorder.com\/fr\/wp-json\/wp\/v2\/posts"}],"about":[{"href":"https:\/\/constantinianorder.com\/fr\/wp-json\/wp\/v2\/types\/post"}],"author":[{"embeddable":true,"href":"https:\/\/constantinianorder.com\/fr\/wp-json\/wp\/v2\/users\/1"}],"replies":[{"embeddable":true,"href":"https:\/\/constantinianorder.com\/fr\/wp-json\/wp\/v2\/comments?post=66487"}],"version-history":[{"count":1,"href":"https:\/\/constantinianorder.com\/fr\/wp-json\/wp\/v2\/posts\/66487\/revisions"}],"predecessor-version":[{"id":87133,"href":"https:\/\/constantinianorder.com\/fr\/wp-json\/wp\/v2\/posts\/66487\/revisions\/87133"}],"wp:attachment":[{"href":"https:\/\/constantinianorder.com\/fr\/wp-json\/wp\/v2\/media?parent=66487"}],"wp:term":[{"taxonomy":"category","embeddable":true,"href":"https:\/\/constantinianorder.com\/fr\/wp-json\/wp\/v2\/categories?post=66487"},{"taxonomy":"post_tag","embeddable":true,"href":"https:\/\/constantinianorder.com\/fr\/wp-json\/wp\/v2\/tags?post=66487"}],"curies":[{"name":"wp","href":"https:\/\/api.w.org\/{rel}","templated":true}]}}