{"id":62957,"date":"2021-10-29T18:17:13","date_gmt":"2021-10-29T18:17:13","guid":{"rendered":"https:\/\/constantinianorder.net\/conferimento-onorificenze-al-generale-luciano-portolano-segretario-generale-della-difesa\/"},"modified":"2025-10-21T17:16:00","modified_gmt":"2025-10-21T17:16:00","slug":"ceremonie-de-remise-des-decorations-au-general-luciano-portolano-secretaire-general-de-la-defense","status":"publish","type":"post","link":"https:\/\/constantinianorder.com\/fr\/ceremonie-de-remise-des-decorations-au-general-luciano-portolano-secretaire-general-de-la-defense\/","title":{"rendered":"C\u00c9R\u00c9MONIE DE REMISE DES D\u00c9CORATIONS AU G\u00c9N\u00c9RAL LUCIANO PORTOLANO &#8211; SECR\u00c9TAIRE G\u00c9N\u00c9RAL DE LA D\u00c9FENSE"},"content":{"rendered":"\n<figure class=\"wp-block-image\"><img decoding=\"async\" src=\"https:\/\/constantinianorder.com\/wp-content\/uploads\/2021\/11\/WhatsApp-Image-2021-11-18-at-16.28.54-1024x668.jpeg\" alt=\"\" class=\"wp-image-61537\"\/><\/figure>\n\n\n\n<figure class=\"wp-block-image\"><img decoding=\"async\" src=\"https:\/\/constantinianorder.com\/wp-content\/uploads\/2021\/11\/WhatsApp-Image-2021-11-18-at-16.28.54-1-1024x668.jpeg\" alt=\"\" class=\"wp-image-61541\"\/><\/figure>\n\n\n\n<figure class=\"wp-block-image\"><img decoding=\"async\" src=\"https:\/\/constantinianorder.com\/wp-content\/uploads\/2021\/11\/WhatsApp-Image-2021-11-18-at-16.28.54-2-1024x668.jpeg\" alt=\"\" class=\"wp-image-61545\"\/><\/figure>\n\n\n\n<figure class=\"wp-block-image\"><img decoding=\"async\" src=\"https:\/\/constantinianorder.com\/wp-content\/uploads\/2021\/11\/WhatsApp-Image-2021-11-18-at-16.28.54-3-1024x668.jpeg\" alt=\"\" class=\"wp-image-61549\"\/><\/figure>\n\n\n\n<figure class=\"wp-block-image\"><img decoding=\"async\" src=\"https:\/\/constantinianorder.com\/wp-content\/uploads\/2021\/11\/WhatsApp-Image-2021-11-18-at-16.28.54-4-1024x668.jpeg\" alt=\"\" class=\"wp-image-61553\"\/><\/figure>\n\n\n\n<p><strong>Rome, le 22 octobre 2021 <\/strong>&#8211; S.A.R. le Grand Ma\u00eetre, accompagn\u00e9 de S.E. le Prince Don Francesco Ruspoli, a rencontr\u00e9 le nouveau Secr\u00e9taire g\u00e9n\u00e9ral de la D\u00e9fense et Directeur national de l&rsquo;Armement, le G\u00e9n\u00e9ral du corps d&rsquo;arm\u00e9e Luciano Portolano, qui a re\u00e7u les d\u00e9corations de Chevalier Grand-Croix de M\u00e9rite.<\/p>\n\n\n\n<p> Au cours de sa longue et prestigieuse carri\u00e8re, le G\u00e9n\u00e9ral Portolano a particip\u00e9 \u00e0 de multiples op\u00e9rations et missions dans lesquelles les forces arm\u00e9es italiennes ont contribu\u00e9 \u00e0 la stabilit\u00e9, \u00e0 la s\u00e9curit\u00e9 et \u00e0 la paix internationales, et \u00e0 prot\u00e9ger et sauvegarder les int\u00e9r\u00eats nationaux vitaux et strat\u00e9giques.<\/p>\n","protected":false},"excerpt":{"rendered":"<p>Rome, le 22 octobre 2021 &#8211; S.A.R. le Grand Ma\u00eetre, accompagn\u00e9 de S.E. le Prince Don Francesco Ruspoli, a rencontr\u00e9 le nouveau Secr\u00e9taire g\u00e9n\u00e9ral de la D\u00e9fense et Directeur national de l&rsquo;Armement, le G\u00e9n\u00e9ral du corps d&rsquo;arm\u00e9e Luciano Portolano, qui a re\u00e7u les d\u00e9corations de Chevalier Grand-Croix de M\u00e9rite. Au cours de sa longue et [&hellip;]<\/p>\n","protected":false},"author":1,"featured_media":0,"comment_status":"closed","ping_status":"closed","sticky":false,"template":"","format":"standard","meta":{"footnotes":""},"categories":[85],"tags":[],"class_list":["post-62957","post","type-post","status-publish","format-standard","hentry","category-communiques-du-grand-magistere"],"yoast_head":"<!-- This site is optimized with the Yoast SEO plugin v26.5 - https:\/\/yoast.com\/wordpress\/plugins\/seo\/ -->\n<title>C\u00c9R\u00c9MONIE DE REMISE DES D\u00c9CORATIONS AU G\u00c9N\u00c9RAL LUCIANO PORTOLANO - SECR\u00c9TAIRE G\u00c9N\u00c9RAL DE LA D\u00c9FENSE - Sacro Militare Ordine Costantiniano di San Giorgio<\/title>\n<meta name=\"robots\" content=\"index, follow, max-snippet:-1, max-image-preview:large, max-video-preview:-1\" \/>\n<link rel=\"canonical\" href=\"https:\/\/constantinianorder.com\/conferimento-onorificenze-al-generale-luciano-portolano-segretario-generale-della-difesa\/\" \/>\n<meta property=\"og:locale\" content=\"fr_FR\" \/>\n<meta property=\"og:type\" content=\"article\" \/>\n<meta property=\"og:title\" content=\"C\u00c9R\u00c9MONIE DE REMISE DES D\u00c9CORATIONS AU G\u00c9N\u00c9RAL LUCIANO PORTOLANO - SECR\u00c9TAIRE G\u00c9N\u00c9RAL DE LA D\u00c9FENSE - Sacro Militare Ordine Costantiniano di San Giorgio\" \/>\n<meta property=\"og:description\" content=\"Rome, le 22 octobre 2021 &#8211; S.A.R. le Grand Ma\u00eetre, accompagn\u00e9 de S.E. le Prince Don Francesco Ruspoli, a rencontr\u00e9 le nouveau Secr\u00e9taire g\u00e9n\u00e9ral de la D\u00e9fense et Directeur national de l&rsquo;Armement, le G\u00e9n\u00e9ral du corps d&rsquo;arm\u00e9e Luciano Portolano, qui a re\u00e7u les d\u00e9corations de Chevalier Grand-Croix de M\u00e9rite. Au cours de sa longue et [&hellip;]\" \/>\n<meta property=\"og:url\" content=\"https:\/\/constantinianorder.com\/conferimento-onorificenze-al-generale-luciano-portolano-segretario-generale-della-difesa\/\" \/>\n<meta property=\"og:site_name\" content=\"Sacro Militare Ordine Costantiniano di San Giorgio\" \/>\n<meta property=\"article:publisher\" content=\"https:\/\/www.facebook.com\/constantinianorder\" \/>\n<meta property=\"article:published_time\" content=\"2021-10-29T18:17:13+00:00\" \/>\n<meta property=\"article:modified_time\" content=\"2025-10-21T17:16:00+00:00\" \/>\n<meta property=\"og:image\" content=\"https:\/\/constantinianorder.com\/wp-content\/uploads\/2021\/11\/WhatsApp-Image-2021-11-18-at-16.28.54.jpeg\" \/>\n\t<meta property=\"og:image:width\" content=\"1024\" \/>\n\t<meta property=\"og:image:height\" content=\"668\" \/>\n\t<meta property=\"og:image:type\" content=\"image\/jpeg\" \/>\n<meta name=\"author\" content=\"admin\" \/>\n<meta name=\"twitter:card\" content=\"summary_large_image\" \/>\n<meta name=\"twitter:label1\" content=\"\u00c9crit par\" \/>\n\t<meta name=\"twitter:data1\" content=\"admin\" \/>\n\t<meta name=\"twitter:label2\" content=\"Dur\u00e9e de lecture estim\u00e9e\" \/>\n\t<meta name=\"twitter:data2\" content=\"1 minute\" \/>\n<script type=\"application\/ld+json\" class=\"yoast-schema-graph\">{\"@context\":\"https:\/\/schema.org\",\"@graph\":[{\"@type\":\"Article\",\"@id\":\"https:\/\/constantinianorder.com\/conferimento-onorificenze-al-generale-luciano-portolano-segretario-generale-della-difesa\/#article\",\"isPartOf\":{\"@id\":\"https:\/\/constantinianorder.com\/conferimento-onorificenze-al-generale-luciano-portolano-segretario-generale-della-difesa\/\"},\"author\":{\"name\":\"admin\",\"@id\":\"https:\/\/constantinianorder.com\/#\/schema\/person\/493f3b1475d575dcddda4ec923772c66\"},\"headline\":\"C\u00c9R\u00c9MONIE DE REMISE DES D\u00c9CORATIONS AU G\u00c9N\u00c9RAL LUCIANO PORTOLANO &#8211; SECR\u00c9TAIRE G\u00c9N\u00c9RAL DE LA D\u00c9FENSE\",\"datePublished\":\"2021-10-29T18:17:13+00:00\",\"dateModified\":\"2025-10-21T17:16:00+00:00\",\"mainEntityOfPage\":{\"@id\":\"https:\/\/constantinianorder.com\/conferimento-onorificenze-al-generale-luciano-portolano-segretario-generale-della-difesa\/\"},\"wordCount\":141,\"publisher\":{\"@id\":\"https:\/\/constantinianorder.com\/#organization\"},\"image\":{\"@id\":\"https:\/\/constantinianorder.com\/conferimento-onorificenze-al-generale-luciano-portolano-segretario-generale-della-difesa\/#primaryimage\"},\"thumbnailUrl\":\"https:\/\/constantinianorder.com\/wp-content\/uploads\/2021\/11\/WhatsApp-Image-2021-11-18-at-16.28.54-1024x668.jpeg\",\"articleSection\":[\"Communiqu\u00e9s du Grand Magist\u00e8re\"],\"inLanguage\":\"fr-FR\"},{\"@type\":\"WebPage\",\"@id\":\"https:\/\/constantinianorder.com\/conferimento-onorificenze-al-generale-luciano-portolano-segretario-generale-della-difesa\/\",\"url\":\"https:\/\/constantinianorder.com\/conferimento-onorificenze-al-generale-luciano-portolano-segretario-generale-della-difesa\/\",\"name\":\"C\u00c9R\u00c9MONIE DE REMISE DES D\u00c9CORATIONS AU G\u00c9N\u00c9RAL LUCIANO PORTOLANO - SECR\u00c9TAIRE G\u00c9N\u00c9RAL DE LA D\u00c9FENSE - Sacro Militare Ordine Costantiniano di San Giorgio\",\"isPartOf\":{\"@id\":\"https:\/\/constantinianorder.com\/#website\"},\"primaryImageOfPage\":{\"@id\":\"https:\/\/constantinianorder.com\/conferimento-onorificenze-al-generale-luciano-portolano-segretario-generale-della-difesa\/#primaryimage\"},\"image\":{\"@id\":\"https:\/\/constantinianorder.com\/conferimento-onorificenze-al-generale-luciano-portolano-segretario-generale-della-difesa\/#primaryimage\"},\"thumbnailUrl\":\"https:\/\/constantinianorder.com\/wp-content\/uploads\/2021\/11\/WhatsApp-Image-2021-11-18-at-16.28.54-1024x668.jpeg\",\"datePublished\":\"2021-10-29T18:17:13+00:00\",\"dateModified\":\"2025-10-21T17:16:00+00:00\",\"breadcrumb\":{\"@id\":\"https:\/\/constantinianorder.com\/conferimento-onorificenze-al-generale-luciano-portolano-segretario-generale-della-difesa\/#breadcrumb\"},\"inLanguage\":\"fr-FR\",\"potentialAction\":[{\"@type\":\"ReadAction\",\"target\":[\"https:\/\/constantinianorder.com\/conferimento-onorificenze-al-generale-luciano-portolano-segretario-generale-della-difesa\/\"]}]},{\"@type\":\"ImageObject\",\"inLanguage\":\"fr-FR\",\"@id\":\"https:\/\/constantinianorder.com\/conferimento-onorificenze-al-generale-luciano-portolano-segretario-generale-della-difesa\/#primaryimage\",\"url\":\"https:\/\/constantinianorder.com\/wp-content\/uploads\/2021\/11\/WhatsApp-Image-2021-11-18-at-16.28.54-1024x668.jpeg\",\"contentUrl\":\"https:\/\/constantinianorder.com\/wp-content\/uploads\/2021\/11\/WhatsApp-Image-2021-11-18-at-16.28.54-1024x668.jpeg\"},{\"@type\":\"BreadcrumbList\",\"@id\":\"https:\/\/constantinianorder.com\/conferimento-onorificenze-al-generale-luciano-portolano-segretario-generale-della-difesa\/#breadcrumb\",\"itemListElement\":[{\"@type\":\"ListItem\",\"position\":1,\"name\":\"Home\",\"item\":\"https:\/\/constantinianorder.com\/en\/\"},{\"@type\":\"ListItem\",\"position\":2,\"name\":\"C\u00c9R\u00c9MONIE DE REMISE DES D\u00c9CORATIONS AU G\u00c9N\u00c9RAL LUCIANO PORTOLANO &#8211; SECR\u00c9TAIRE G\u00c9N\u00c9RAL DE LA D\u00c9FENSE\"}]},{\"@type\":\"WebSite\",\"@id\":\"https:\/\/constantinianorder.com\/#website\",\"url\":\"https:\/\/constantinianorder.com\/\",\"name\":\"Sacro Militare Ordine Costantiniano di San Giorgio\",\"description\":\"Ordine Ufficiale\",\"publisher\":{\"@id\":\"https:\/\/constantinianorder.com\/#organization\"},\"potentialAction\":[{\"@type\":\"SearchAction\",\"target\":{\"@type\":\"EntryPoint\",\"urlTemplate\":\"https:\/\/constantinianorder.com\/?s={search_term_string}\"},\"query-input\":{\"@type\":\"PropertyValueSpecification\",\"valueRequired\":true,\"valueName\":\"search_term_string\"}}],\"inLanguage\":\"fr-FR\"},{\"@type\":\"Organization\",\"@id\":\"https:\/\/constantinianorder.com\/#organization\",\"name\":\"Sacro Militare Ordine Costantiniano di San Giorgio\",\"url\":\"https:\/\/constantinianorder.com\/\",\"logo\":{\"@type\":\"ImageObject\",\"inLanguage\":\"fr-FR\",\"@id\":\"https:\/\/constantinianorder.com\/#\/schema\/logo\/image\/\",\"url\":\"https:\/\/constantinianorder.com\/wp-content\/uploads\/2025\/10\/cropped-logo-costantiniano.png\",\"contentUrl\":\"https:\/\/constantinianorder.com\/wp-content\/uploads\/2025\/10\/cropped-logo-costantiniano.png\",\"width\":512,\"height\":512,\"caption\":\"Sacro Militare Ordine Costantiniano di San Giorgio\"},\"image\":{\"@id\":\"https:\/\/constantinianorder.com\/#\/schema\/logo\/image\/\"},\"sameAs\":[\"https:\/\/www.facebook.com\/constantinianorder\",\"https:\/\/www.instagram.com\/constantinianorder\/\",\"https:\/\/www.youtube.com\/@granmagisterodelsacromilit9375\"]},{\"@type\":\"Person\",\"@id\":\"https:\/\/constantinianorder.com\/#\/schema\/person\/493f3b1475d575dcddda4ec923772c66\",\"name\":\"admin\",\"sameAs\":[\"https:\/\/constantinianorder.com\"],\"url\":\"https:\/\/constantinianorder.com\/fr\/author\/domain_jlukbpo7\/\"}]}<\/script>\n<!-- \/ Yoast SEO plugin. -->","yoast_head_json":{"title":"C\u00c9R\u00c9MONIE DE REMISE DES D\u00c9CORATIONS AU G\u00c9N\u00c9RAL LUCIANO PORTOLANO - SECR\u00c9TAIRE G\u00c9N\u00c9RAL DE LA D\u00c9FENSE - Sacro Militare Ordine Costantiniano di San Giorgio","robots":{"index":"index","follow":"follow","max-snippet":"max-snippet:-1","max-image-preview":"max-image-preview:large","max-video-preview":"max-video-preview:-1"},"canonical":"https:\/\/constantinianorder.com\/conferimento-onorificenze-al-generale-luciano-portolano-segretario-generale-della-difesa\/","og_locale":"fr_FR","og_type":"article","og_title":"C\u00c9R\u00c9MONIE DE REMISE DES D\u00c9CORATIONS AU G\u00c9N\u00c9RAL LUCIANO PORTOLANO - SECR\u00c9TAIRE G\u00c9N\u00c9RAL DE LA D\u00c9FENSE - Sacro Militare Ordine Costantiniano di San Giorgio","og_description":"Rome, le 22 octobre 2021 &#8211; S.A.R. le Grand Ma\u00eetre, accompagn\u00e9 de S.E. le Prince Don Francesco Ruspoli, a rencontr\u00e9 le nouveau Secr\u00e9taire g\u00e9n\u00e9ral de la D\u00e9fense et Directeur national de l&rsquo;Armement, le G\u00e9n\u00e9ral du corps d&rsquo;arm\u00e9e Luciano Portolano, qui a re\u00e7u les d\u00e9corations de Chevalier Grand-Croix de M\u00e9rite. Au cours de sa longue et [&hellip;]","og_url":"https:\/\/constantinianorder.com\/conferimento-onorificenze-al-generale-luciano-portolano-segretario-generale-della-difesa\/","og_site_name":"Sacro Militare Ordine Costantiniano di San Giorgio","article_publisher":"https:\/\/www.facebook.com\/constantinianorder","article_published_time":"2021-10-29T18:17:13+00:00","article_modified_time":"2025-10-21T17:16:00+00:00","og_image":[{"width":1024,"height":668,"url":"https:\/\/constantinianorder.com\/wp-content\/uploads\/2021\/11\/WhatsApp-Image-2021-11-18-at-16.28.54.jpeg","type":"image\/jpeg"}],"author":"admin","twitter_card":"summary_large_image","twitter_misc":{"\u00c9crit par":"admin","Dur\u00e9e de lecture estim\u00e9e":"1 minute"},"schema":{"@context":"https:\/\/schema.org","@graph":[{"@type":"Article","@id":"https:\/\/constantinianorder.com\/conferimento-onorificenze-al-generale-luciano-portolano-segretario-generale-della-difesa\/#article","isPartOf":{"@id":"https:\/\/constantinianorder.com\/conferimento-onorificenze-al-generale-luciano-portolano-segretario-generale-della-difesa\/"},"author":{"name":"admin","@id":"https:\/\/constantinianorder.com\/#\/schema\/person\/493f3b1475d575dcddda4ec923772c66"},"headline":"C\u00c9R\u00c9MONIE DE REMISE DES D\u00c9CORATIONS AU G\u00c9N\u00c9RAL LUCIANO PORTOLANO &#8211; SECR\u00c9TAIRE G\u00c9N\u00c9RAL DE LA D\u00c9FENSE","datePublished":"2021-10-29T18:17:13+00:00","dateModified":"2025-10-21T17:16:00+00:00","mainEntityOfPage":{"@id":"https:\/\/constantinianorder.com\/conferimento-onorificenze-al-generale-luciano-portolano-segretario-generale-della-difesa\/"},"wordCount":141,"publisher":{"@id":"https:\/\/constantinianorder.com\/#organization"},"image":{"@id":"https:\/\/constantinianorder.com\/conferimento-onorificenze-al-generale-luciano-portolano-segretario-generale-della-difesa\/#primaryimage"},"thumbnailUrl":"https:\/\/constantinianorder.com\/wp-content\/uploads\/2021\/11\/WhatsApp-Image-2021-11-18-at-16.28.54-1024x668.jpeg","articleSection":["Communiqu\u00e9s du Grand Magist\u00e8re"],"inLanguage":"fr-FR"},{"@type":"WebPage","@id":"https:\/\/constantinianorder.com\/conferimento-onorificenze-al-generale-luciano-portolano-segretario-generale-della-difesa\/","url":"https:\/\/constantinianorder.com\/conferimento-onorificenze-al-generale-luciano-portolano-segretario-generale-della-difesa\/","name":"C\u00c9R\u00c9MONIE DE REMISE DES D\u00c9CORATIONS AU G\u00c9N\u00c9RAL LUCIANO PORTOLANO - SECR\u00c9TAIRE G\u00c9N\u00c9RAL DE LA D\u00c9FENSE - Sacro Militare Ordine Costantiniano di San Giorgio","isPartOf":{"@id":"https:\/\/constantinianorder.com\/#website"},"primaryImageOfPage":{"@id":"https:\/\/constantinianorder.com\/conferimento-onorificenze-al-generale-luciano-portolano-segretario-generale-della-difesa\/#primaryimage"},"image":{"@id":"https:\/\/constantinianorder.com\/conferimento-onorificenze-al-generale-luciano-portolano-segretario-generale-della-difesa\/#primaryimage"},"thumbnailUrl":"https:\/\/constantinianorder.com\/wp-content\/uploads\/2021\/11\/WhatsApp-Image-2021-11-18-at-16.28.54-1024x668.jpeg","datePublished":"2021-10-29T18:17:13+00:00","dateModified":"2025-10-21T17:16:00+00:00","breadcrumb":{"@id":"https:\/\/constantinianorder.com\/conferimento-onorificenze-al-generale-luciano-portolano-segretario-generale-della-difesa\/#breadcrumb"},"inLanguage":"fr-FR","potentialAction":[{"@type":"ReadAction","target":["https:\/\/constantinianorder.com\/conferimento-onorificenze-al-generale-luciano-portolano-segretario-generale-della-difesa\/"]}]},{"@type":"ImageObject","inLanguage":"fr-FR","@id":"https:\/\/constantinianorder.com\/conferimento-onorificenze-al-generale-luciano-portolano-segretario-generale-della-difesa\/#primaryimage","url":"https:\/\/constantinianorder.com\/wp-content\/uploads\/2021\/11\/WhatsApp-Image-2021-11-18-at-16.28.54-1024x668.jpeg","contentUrl":"https:\/\/constantinianorder.com\/wp-content\/uploads\/2021\/11\/WhatsApp-Image-2021-11-18-at-16.28.54-1024x668.jpeg"},{"@type":"BreadcrumbList","@id":"https:\/\/constantinianorder.com\/conferimento-onorificenze-al-generale-luciano-portolano-segretario-generale-della-difesa\/#breadcrumb","itemListElement":[{"@type":"ListItem","position":1,"name":"Home","item":"https:\/\/constantinianorder.com\/en\/"},{"@type":"ListItem","position":2,"name":"C\u00c9R\u00c9MONIE DE REMISE DES D\u00c9CORATIONS AU G\u00c9N\u00c9RAL LUCIANO PORTOLANO &#8211; SECR\u00c9TAIRE G\u00c9N\u00c9RAL DE LA D\u00c9FENSE"}]},{"@type":"WebSite","@id":"https:\/\/constantinianorder.com\/#website","url":"https:\/\/constantinianorder.com\/","name":"Sacro Militare Ordine Costantiniano di San Giorgio","description":"Ordine Ufficiale","publisher":{"@id":"https:\/\/constantinianorder.com\/#organization"},"potentialAction":[{"@type":"SearchAction","target":{"@type":"EntryPoint","urlTemplate":"https:\/\/constantinianorder.com\/?s={search_term_string}"},"query-input":{"@type":"PropertyValueSpecification","valueRequired":true,"valueName":"search_term_string"}}],"inLanguage":"fr-FR"},{"@type":"Organization","@id":"https:\/\/constantinianorder.com\/#organization","name":"Sacro Militare Ordine Costantiniano di San Giorgio","url":"https:\/\/constantinianorder.com\/","logo":{"@type":"ImageObject","inLanguage":"fr-FR","@id":"https:\/\/constantinianorder.com\/#\/schema\/logo\/image\/","url":"https:\/\/constantinianorder.com\/wp-content\/uploads\/2025\/10\/cropped-logo-costantiniano.png","contentUrl":"https:\/\/constantinianorder.com\/wp-content\/uploads\/2025\/10\/cropped-logo-costantiniano.png","width":512,"height":512,"caption":"Sacro Militare Ordine Costantiniano di San Giorgio"},"image":{"@id":"https:\/\/constantinianorder.com\/#\/schema\/logo\/image\/"},"sameAs":["https:\/\/www.facebook.com\/constantinianorder","https:\/\/www.instagram.com\/constantinianorder\/","https:\/\/www.youtube.com\/@granmagisterodelsacromilit9375"]},{"@type":"Person","@id":"https:\/\/constantinianorder.com\/#\/schema\/person\/493f3b1475d575dcddda4ec923772c66","name":"admin","sameAs":["https:\/\/constantinianorder.com"],"url":"https:\/\/constantinianorder.com\/fr\/author\/domain_jlukbpo7\/"}]}},"_links":{"self":[{"href":"https:\/\/constantinianorder.com\/fr\/wp-json\/wp\/v2\/posts\/62957","targetHints":{"allow":["GET"]}}],"collection":[{"href":"https:\/\/constantinianorder.com\/fr\/wp-json\/wp\/v2\/posts"}],"about":[{"href":"https:\/\/constantinianorder.com\/fr\/wp-json\/wp\/v2\/types\/post"}],"author":[{"embeddable":true,"href":"https:\/\/constantinianorder.com\/fr\/wp-json\/wp\/v2\/users\/1"}],"replies":[{"embeddable":true,"href":"https:\/\/constantinianorder.com\/fr\/wp-json\/wp\/v2\/comments?post=62957"}],"version-history":[{"count":1,"href":"https:\/\/constantinianorder.com\/fr\/wp-json\/wp\/v2\/posts\/62957\/revisions"}],"predecessor-version":[{"id":88251,"href":"https:\/\/constantinianorder.com\/fr\/wp-json\/wp\/v2\/posts\/62957\/revisions\/88251"}],"wp:attachment":[{"href":"https:\/\/constantinianorder.com\/fr\/wp-json\/wp\/v2\/media?parent=62957"}],"wp:term":[{"taxonomy":"category","embeddable":true,"href":"https:\/\/constantinianorder.com\/fr\/wp-json\/wp\/v2\/categories?post=62957"},{"taxonomy":"post_tag","embeddable":true,"href":"https:\/\/constantinianorder.com\/fr\/wp-json\/wp\/v2\/tags?post=62957"}],"curies":[{"name":"wp","href":"https:\/\/api.w.org\/{rel}","templated":true}]}}