{"id":62839,"date":"2020-10-29T18:09:54","date_gmt":"2020-10-29T18:09:54","guid":{"rendered":"https:\/\/constantinianorder.net\/roma-e-lazio-nomina-rappresentante-per-la-citta-di-gaeta\/"},"modified":"2025-10-21T19:45:58","modified_gmt":"2025-10-21T19:45:58","slug":"rome-et-latium-nomination-du-representant-de-la-ville-de-gaeta","status":"publish","type":"post","link":"https:\/\/constantinianorder.com\/fr\/rome-et-latium-nomination-du-representant-de-la-ville-de-gaeta\/","title":{"rendered":"ROME ET LATIUM \u2013 NOMINATION DU REPR\u00c9SENTANT DE LA VILLE DE GAETA"},"content":{"rendered":"\n<p>La D\u00e9l\u00e9gation de Rome et du Latium informe toutes les Dames et Chevaliers de la D\u00e9l\u00e9gation que le 05 ao\u00fbt 2020 le D\u00e9l\u00e9gu\u00e9 pour Rome et le Latium, Son Altesse  le Prince Don Lelio Niccol\u00f2 Orsini d&rsquo;Aragona, a nomm\u00e9 l&rsquo;Avocat Salvatore Scafetta, Commandeur de M\u00e9rite, Repr\u00e9sentant pour la ville de Gaeta, qui sera disponible \u00e0 l&rsquo;adresse suivante: rappresentante.gaeta@ordine-costantiniano.it<\/p>\n","protected":false},"excerpt":{"rendered":"<p>La D\u00e9l\u00e9gation de Rome et du Latium informe toutes les Dames et Chevaliers de la D\u00e9l\u00e9gation que le 05 ao\u00fbt 2020 le D\u00e9l\u00e9gu\u00e9 pour Rome et le Latium, Son Altesse le Prince Don Lelio Niccol\u00f2 Orsini d&rsquo;Aragona, a nomm\u00e9 l&rsquo;Avocat Salvatore Scafetta, Commandeur de M\u00e9rite, Repr\u00e9sentant pour la ville de Gaeta, qui sera disponible \u00e0 [&hellip;]<\/p>\n","protected":false},"author":1,"featured_media":0,"comment_status":"closed","ping_status":"closed","sticky":false,"template":"","format":"standard","meta":{"footnotes":""},"categories":[180],"tags":[],"class_list":["post-62839","post","type-post","status-publish","format-standard","hentry","category-delegation-de-rome-et-du-latium"],"yoast_head":"<!-- This site is optimized with the Yoast SEO plugin v26.5 - https:\/\/yoast.com\/wordpress\/plugins\/seo\/ -->\n<title>ROME ET LATIUM \u2013 NOMINATION DU REPR\u00c9SENTANT DE LA VILLE DE GAETA - Sacro Militare Ordine Costantiniano di San Giorgio<\/title>\n<meta name=\"robots\" content=\"index, follow, max-snippet:-1, max-image-preview:large, max-video-preview:-1\" \/>\n<link rel=\"canonical\" href=\"https:\/\/constantinianorder.com\/roma-e-lazio-nomina-rappresentante-per-la-citta-di-gaeta\/\" \/>\n<meta property=\"og:locale\" content=\"fr_FR\" \/>\n<meta property=\"og:type\" content=\"article\" \/>\n<meta property=\"og:title\" content=\"ROME ET LATIUM \u2013 NOMINATION DU REPR\u00c9SENTANT DE LA VILLE DE GAETA - Sacro Militare Ordine Costantiniano di San Giorgio\" \/>\n<meta property=\"og:description\" content=\"La D\u00e9l\u00e9gation de Rome et du Latium informe toutes les Dames et Chevaliers de la D\u00e9l\u00e9gation que le 05 ao\u00fbt 2020 le D\u00e9l\u00e9gu\u00e9 pour Rome et le Latium, Son Altesse le Prince Don Lelio Niccol\u00f2 Orsini d&rsquo;Aragona, a nomm\u00e9 l&rsquo;Avocat Salvatore Scafetta, Commandeur de M\u00e9rite, Repr\u00e9sentant pour la ville de Gaeta, qui sera disponible \u00e0 [&hellip;]\" \/>\n<meta property=\"og:url\" content=\"https:\/\/constantinianorder.com\/roma-e-lazio-nomina-rappresentante-per-la-citta-di-gaeta\/\" \/>\n<meta property=\"og:site_name\" content=\"Sacro Militare Ordine Costantiniano di San Giorgio\" \/>\n<meta property=\"article:publisher\" content=\"https:\/\/www.facebook.com\/constantinianorder\" \/>\n<meta property=\"article:published_time\" content=\"2020-10-29T18:09:54+00:00\" \/>\n<meta property=\"article:modified_time\" content=\"2025-10-21T19:45:58+00:00\" \/>\n<meta name=\"author\" content=\"admin\" \/>\n<meta name=\"twitter:card\" content=\"summary_large_image\" \/>\n<meta name=\"twitter:label1\" content=\"\u00c9crit par\" \/>\n\t<meta name=\"twitter:data1\" content=\"admin\" \/>\n<script type=\"application\/ld+json\" class=\"yoast-schema-graph\">{\"@context\":\"https:\/\/schema.org\",\"@graph\":[{\"@type\":\"Article\",\"@id\":\"https:\/\/constantinianorder.com\/roma-e-lazio-nomina-rappresentante-per-la-citta-di-gaeta\/#article\",\"isPartOf\":{\"@id\":\"https:\/\/constantinianorder.com\/roma-e-lazio-nomina-rappresentante-per-la-citta-di-gaeta\/\"},\"author\":{\"name\":\"admin\",\"@id\":\"https:\/\/constantinianorder.com\/#\/schema\/person\/493f3b1475d575dcddda4ec923772c66\"},\"headline\":\"ROME ET LATIUM \u2013 NOMINATION DU REPR\u00c9SENTANT DE LA VILLE DE GAETA\",\"datePublished\":\"2020-10-29T18:09:54+00:00\",\"dateModified\":\"2025-10-21T19:45:58+00:00\",\"mainEntityOfPage\":{\"@id\":\"https:\/\/constantinianorder.com\/roma-e-lazio-nomina-rappresentante-per-la-citta-di-gaeta\/\"},\"wordCount\":82,\"publisher\":{\"@id\":\"https:\/\/constantinianorder.com\/#organization\"},\"articleSection\":[\"D\u00e9l\u00e9gation de Rome et du Latium\"],\"inLanguage\":\"fr-FR\"},{\"@type\":\"WebPage\",\"@id\":\"https:\/\/constantinianorder.com\/roma-e-lazio-nomina-rappresentante-per-la-citta-di-gaeta\/\",\"url\":\"https:\/\/constantinianorder.com\/roma-e-lazio-nomina-rappresentante-per-la-citta-di-gaeta\/\",\"name\":\"ROME ET LATIUM \u2013 NOMINATION DU REPR\u00c9SENTANT DE LA VILLE DE GAETA - Sacro Militare Ordine Costantiniano di San Giorgio\",\"isPartOf\":{\"@id\":\"https:\/\/constantinianorder.com\/#website\"},\"datePublished\":\"2020-10-29T18:09:54+00:00\",\"dateModified\":\"2025-10-21T19:45:58+00:00\",\"breadcrumb\":{\"@id\":\"https:\/\/constantinianorder.com\/roma-e-lazio-nomina-rappresentante-per-la-citta-di-gaeta\/#breadcrumb\"},\"inLanguage\":\"fr-FR\",\"potentialAction\":[{\"@type\":\"ReadAction\",\"target\":[\"https:\/\/constantinianorder.com\/roma-e-lazio-nomina-rappresentante-per-la-citta-di-gaeta\/\"]}]},{\"@type\":\"BreadcrumbList\",\"@id\":\"https:\/\/constantinianorder.com\/roma-e-lazio-nomina-rappresentante-per-la-citta-di-gaeta\/#breadcrumb\",\"itemListElement\":[{\"@type\":\"ListItem\",\"position\":1,\"name\":\"Home\",\"item\":\"https:\/\/constantinianorder.com\/en\/\"},{\"@type\":\"ListItem\",\"position\":2,\"name\":\"ROME ET LATIUM \u2013 NOMINATION DU REPR\u00c9SENTANT DE LA VILLE DE GAETA\"}]},{\"@type\":\"WebSite\",\"@id\":\"https:\/\/constantinianorder.com\/#website\",\"url\":\"https:\/\/constantinianorder.com\/\",\"name\":\"Sacro Militare Ordine Costantiniano di San Giorgio\",\"description\":\"Ordine Ufficiale\",\"publisher\":{\"@id\":\"https:\/\/constantinianorder.com\/#organization\"},\"potentialAction\":[{\"@type\":\"SearchAction\",\"target\":{\"@type\":\"EntryPoint\",\"urlTemplate\":\"https:\/\/constantinianorder.com\/?s={search_term_string}\"},\"query-input\":{\"@type\":\"PropertyValueSpecification\",\"valueRequired\":true,\"valueName\":\"search_term_string\"}}],\"inLanguage\":\"fr-FR\"},{\"@type\":\"Organization\",\"@id\":\"https:\/\/constantinianorder.com\/#organization\",\"name\":\"Sacro Militare Ordine Costantiniano di San Giorgio\",\"url\":\"https:\/\/constantinianorder.com\/\",\"logo\":{\"@type\":\"ImageObject\",\"inLanguage\":\"fr-FR\",\"@id\":\"https:\/\/constantinianorder.com\/#\/schema\/logo\/image\/\",\"url\":\"https:\/\/constantinianorder.com\/wp-content\/uploads\/2025\/10\/cropped-logo-costantiniano.png\",\"contentUrl\":\"https:\/\/constantinianorder.com\/wp-content\/uploads\/2025\/10\/cropped-logo-costantiniano.png\",\"width\":512,\"height\":512,\"caption\":\"Sacro Militare Ordine Costantiniano di San Giorgio\"},\"image\":{\"@id\":\"https:\/\/constantinianorder.com\/#\/schema\/logo\/image\/\"},\"sameAs\":[\"https:\/\/www.facebook.com\/constantinianorder\",\"https:\/\/www.instagram.com\/constantinianorder\/\",\"https:\/\/www.youtube.com\/@granmagisterodelsacromilit9375\"]},{\"@type\":\"Person\",\"@id\":\"https:\/\/constantinianorder.com\/#\/schema\/person\/493f3b1475d575dcddda4ec923772c66\",\"name\":\"admin\",\"sameAs\":[\"https:\/\/constantinianorder.com\"],\"url\":\"https:\/\/constantinianorder.com\/fr\/author\/domain_jlukbpo7\/\"}]}<\/script>\n<!-- \/ Yoast SEO plugin. -->","yoast_head_json":{"title":"ROME ET LATIUM \u2013 NOMINATION DU REPR\u00c9SENTANT DE LA VILLE DE GAETA - Sacro Militare Ordine Costantiniano di San Giorgio","robots":{"index":"index","follow":"follow","max-snippet":"max-snippet:-1","max-image-preview":"max-image-preview:large","max-video-preview":"max-video-preview:-1"},"canonical":"https:\/\/constantinianorder.com\/roma-e-lazio-nomina-rappresentante-per-la-citta-di-gaeta\/","og_locale":"fr_FR","og_type":"article","og_title":"ROME ET LATIUM \u2013 NOMINATION DU REPR\u00c9SENTANT DE LA VILLE DE GAETA - Sacro Militare Ordine Costantiniano di San Giorgio","og_description":"La D\u00e9l\u00e9gation de Rome et du Latium informe toutes les Dames et Chevaliers de la D\u00e9l\u00e9gation que le 05 ao\u00fbt 2020 le D\u00e9l\u00e9gu\u00e9 pour Rome et le Latium, Son Altesse le Prince Don Lelio Niccol\u00f2 Orsini d&rsquo;Aragona, a nomm\u00e9 l&rsquo;Avocat Salvatore Scafetta, Commandeur de M\u00e9rite, Repr\u00e9sentant pour la ville de Gaeta, qui sera disponible \u00e0 [&hellip;]","og_url":"https:\/\/constantinianorder.com\/roma-e-lazio-nomina-rappresentante-per-la-citta-di-gaeta\/","og_site_name":"Sacro Militare Ordine Costantiniano di San Giorgio","article_publisher":"https:\/\/www.facebook.com\/constantinianorder","article_published_time":"2020-10-29T18:09:54+00:00","article_modified_time":"2025-10-21T19:45:58+00:00","author":"admin","twitter_card":"summary_large_image","twitter_misc":{"\u00c9crit par":"admin"},"schema":{"@context":"https:\/\/schema.org","@graph":[{"@type":"Article","@id":"https:\/\/constantinianorder.com\/roma-e-lazio-nomina-rappresentante-per-la-citta-di-gaeta\/#article","isPartOf":{"@id":"https:\/\/constantinianorder.com\/roma-e-lazio-nomina-rappresentante-per-la-citta-di-gaeta\/"},"author":{"name":"admin","@id":"https:\/\/constantinianorder.com\/#\/schema\/person\/493f3b1475d575dcddda4ec923772c66"},"headline":"ROME ET LATIUM \u2013 NOMINATION DU REPR\u00c9SENTANT DE LA VILLE DE GAETA","datePublished":"2020-10-29T18:09:54+00:00","dateModified":"2025-10-21T19:45:58+00:00","mainEntityOfPage":{"@id":"https:\/\/constantinianorder.com\/roma-e-lazio-nomina-rappresentante-per-la-citta-di-gaeta\/"},"wordCount":82,"publisher":{"@id":"https:\/\/constantinianorder.com\/#organization"},"articleSection":["D\u00e9l\u00e9gation de Rome et du Latium"],"inLanguage":"fr-FR"},{"@type":"WebPage","@id":"https:\/\/constantinianorder.com\/roma-e-lazio-nomina-rappresentante-per-la-citta-di-gaeta\/","url":"https:\/\/constantinianorder.com\/roma-e-lazio-nomina-rappresentante-per-la-citta-di-gaeta\/","name":"ROME ET LATIUM \u2013 NOMINATION DU REPR\u00c9SENTANT DE LA VILLE DE GAETA - Sacro Militare Ordine Costantiniano di San Giorgio","isPartOf":{"@id":"https:\/\/constantinianorder.com\/#website"},"datePublished":"2020-10-29T18:09:54+00:00","dateModified":"2025-10-21T19:45:58+00:00","breadcrumb":{"@id":"https:\/\/constantinianorder.com\/roma-e-lazio-nomina-rappresentante-per-la-citta-di-gaeta\/#breadcrumb"},"inLanguage":"fr-FR","potentialAction":[{"@type":"ReadAction","target":["https:\/\/constantinianorder.com\/roma-e-lazio-nomina-rappresentante-per-la-citta-di-gaeta\/"]}]},{"@type":"BreadcrumbList","@id":"https:\/\/constantinianorder.com\/roma-e-lazio-nomina-rappresentante-per-la-citta-di-gaeta\/#breadcrumb","itemListElement":[{"@type":"ListItem","position":1,"name":"Home","item":"https:\/\/constantinianorder.com\/en\/"},{"@type":"ListItem","position":2,"name":"ROME ET LATIUM \u2013 NOMINATION DU REPR\u00c9SENTANT DE LA VILLE DE GAETA"}]},{"@type":"WebSite","@id":"https:\/\/constantinianorder.com\/#website","url":"https:\/\/constantinianorder.com\/","name":"Sacro Militare Ordine Costantiniano di San Giorgio","description":"Ordine Ufficiale","publisher":{"@id":"https:\/\/constantinianorder.com\/#organization"},"potentialAction":[{"@type":"SearchAction","target":{"@type":"EntryPoint","urlTemplate":"https:\/\/constantinianorder.com\/?s={search_term_string}"},"query-input":{"@type":"PropertyValueSpecification","valueRequired":true,"valueName":"search_term_string"}}],"inLanguage":"fr-FR"},{"@type":"Organization","@id":"https:\/\/constantinianorder.com\/#organization","name":"Sacro Militare Ordine Costantiniano di San Giorgio","url":"https:\/\/constantinianorder.com\/","logo":{"@type":"ImageObject","inLanguage":"fr-FR","@id":"https:\/\/constantinianorder.com\/#\/schema\/logo\/image\/","url":"https:\/\/constantinianorder.com\/wp-content\/uploads\/2025\/10\/cropped-logo-costantiniano.png","contentUrl":"https:\/\/constantinianorder.com\/wp-content\/uploads\/2025\/10\/cropped-logo-costantiniano.png","width":512,"height":512,"caption":"Sacro Militare Ordine Costantiniano di San Giorgio"},"image":{"@id":"https:\/\/constantinianorder.com\/#\/schema\/logo\/image\/"},"sameAs":["https:\/\/www.facebook.com\/constantinianorder","https:\/\/www.instagram.com\/constantinianorder\/","https:\/\/www.youtube.com\/@granmagisterodelsacromilit9375"]},{"@type":"Person","@id":"https:\/\/constantinianorder.com\/#\/schema\/person\/493f3b1475d575dcddda4ec923772c66","name":"admin","sameAs":["https:\/\/constantinianorder.com"],"url":"https:\/\/constantinianorder.com\/fr\/author\/domain_jlukbpo7\/"}]}},"_links":{"self":[{"href":"https:\/\/constantinianorder.com\/fr\/wp-json\/wp\/v2\/posts\/62839","targetHints":{"allow":["GET"]}}],"collection":[{"href":"https:\/\/constantinianorder.com\/fr\/wp-json\/wp\/v2\/posts"}],"about":[{"href":"https:\/\/constantinianorder.com\/fr\/wp-json\/wp\/v2\/types\/post"}],"author":[{"embeddable":true,"href":"https:\/\/constantinianorder.com\/fr\/wp-json\/wp\/v2\/users\/1"}],"replies":[{"embeddable":true,"href":"https:\/\/constantinianorder.com\/fr\/wp-json\/wp\/v2\/comments?post=62839"}],"version-history":[{"count":1,"href":"https:\/\/constantinianorder.com\/fr\/wp-json\/wp\/v2\/posts\/62839\/revisions"}],"predecessor-version":[{"id":90665,"href":"https:\/\/constantinianorder.com\/fr\/wp-json\/wp\/v2\/posts\/62839\/revisions\/90665"}],"wp:attachment":[{"href":"https:\/\/constantinianorder.com\/fr\/wp-json\/wp\/v2\/media?parent=62839"}],"wp:term":[{"taxonomy":"category","embeddable":true,"href":"https:\/\/constantinianorder.com\/fr\/wp-json\/wp\/v2\/categories?post=62839"},{"taxonomy":"post_tag","embeddable":true,"href":"https:\/\/constantinianorder.com\/fr\/wp-json\/wp\/v2\/tags?post=62839"}],"curies":[{"name":"wp","href":"https:\/\/api.w.org\/{rel}","templated":true}]}}