{"id":56155,"date":"2020-11-19T17:47:01","date_gmt":"2020-11-19T17:47:01","guid":{"rendered":"https:\/\/constantinianorder.net\/abruzzo-e-molise-giornata-mondiale-per-i-diritti-dellinfanzia\/"},"modified":"2025-10-21T19:38:56","modified_gmt":"2025-10-21T19:38:56","slug":"abruzzo-et-molise-journee-mondiale-des-droits-de-lenfant","status":"publish","type":"post","link":"https:\/\/constantinianorder.com\/fr\/abruzzo-et-molise-journee-mondiale-des-droits-de-lenfant\/","title":{"rendered":"ABRUZZO ET MOLISE: JOURN\u00c9E MONDIALE DES DROITS DE L&rsquo;ENFANT"},"content":{"rendered":"\n<figure class=\"wp-block-image\"><img decoding=\"async\" src=\"https:\/\/constantinianorder.com\/wp-content\/uploads\/2020\/11\/ciufo-1024x768.jpg\" alt=\"\" class=\"wp-image-56149\"\/><\/figure>\n\n\n\n<p>La d\u00e9l\u00e9gation des Abruzzes et du Molise nous a inform\u00e9 que se tiendra cette ann\u00e9e aussi la journ\u00e9e de la collecte des m\u00e9dicaments pour les enfants n\u00e9cessiteux.<\/p>\n\n\n\n<p>La collecte d\u00e9butera le 20 novembre, \u00e0 l&rsquo;occasion de la Journ\u00e9e mondiale des droits de l&rsquo;enfant et certaines pharmacies participeront \u00e0 l&rsquo;initiative de la Fondation Rava pour la collecte de m\u00e9dicaments pour les enfants appartenant \u00e0 des familles d\u00e9favoris\u00e9es et \u00aben situation de pauvret\u00e9 sanitaire\u00bb.<\/p>\n\n\n\n<p>Pour toute information, les Chevaliers et Dames int\u00e9ress\u00e9s par l&rsquo;initiative sont invit\u00e9s \u00e0 contacter le D\u00e9l\u00e9gu\u00e9 des Abruzzes et du Molise, le Prof. Franco Ciufo.<\/p>\n","protected":false},"excerpt":{"rendered":"<p>La d\u00e9l\u00e9gation des Abruzzes et du Molise nous a inform\u00e9 que se tiendra cette ann\u00e9e aussi la journ\u00e9e de la collecte des m\u00e9dicaments pour les enfants n\u00e9cessiteux. La collecte d\u00e9butera le 20 novembre, \u00e0 l&rsquo;occasion de la Journ\u00e9e mondiale des droits de l&rsquo;enfant et certaines pharmacies participeront \u00e0 l&rsquo;initiative de la Fondation Rava pour la [&hellip;]<\/p>\n","protected":false},"author":1,"featured_media":0,"comment_status":"closed","ping_status":"closed","sticky":false,"template":"","format":"standard","meta":{"footnotes":""},"categories":[183],"tags":[],"class_list":["post-56155","post","type-post","status-publish","format-standard","hentry","category-delegation-des-abruzzes-et-molise"],"yoast_head":"<!-- This site is optimized with the Yoast SEO plugin v26.5 - https:\/\/yoast.com\/wordpress\/plugins\/seo\/ -->\n<title>ABRUZZO ET MOLISE: JOURN\u00c9E MONDIALE DES DROITS DE L&#039;ENFANT - Sacro Militare Ordine Costantiniano di San Giorgio<\/title>\n<meta name=\"robots\" content=\"index, follow, max-snippet:-1, max-image-preview:large, max-video-preview:-1\" \/>\n<link rel=\"canonical\" href=\"https:\/\/constantinianorder.com\/abruzzo-e-molise-giornata-mondiale-per-i-diritti-dellinfanzia\/\" \/>\n<meta property=\"og:locale\" content=\"fr_FR\" \/>\n<meta property=\"og:type\" content=\"article\" \/>\n<meta property=\"og:title\" content=\"ABRUZZO ET MOLISE: JOURN\u00c9E MONDIALE DES DROITS DE L&#039;ENFANT - Sacro Militare Ordine Costantiniano di San Giorgio\" \/>\n<meta property=\"og:description\" content=\"La d\u00e9l\u00e9gation des Abruzzes et du Molise nous a inform\u00e9 que se tiendra cette ann\u00e9e aussi la journ\u00e9e de la collecte des m\u00e9dicaments pour les enfants n\u00e9cessiteux. La collecte d\u00e9butera le 20 novembre, \u00e0 l&rsquo;occasion de la Journ\u00e9e mondiale des droits de l&rsquo;enfant et certaines pharmacies participeront \u00e0 l&rsquo;initiative de la Fondation Rava pour la [&hellip;]\" \/>\n<meta property=\"og:url\" content=\"https:\/\/constantinianorder.com\/abruzzo-e-molise-giornata-mondiale-per-i-diritti-dellinfanzia\/\" \/>\n<meta property=\"og:site_name\" content=\"Sacro Militare Ordine Costantiniano di San Giorgio\" \/>\n<meta property=\"article:publisher\" content=\"https:\/\/www.facebook.com\/constantinianorder\" \/>\n<meta property=\"article:published_time\" content=\"2020-11-19T17:47:01+00:00\" \/>\n<meta property=\"article:modified_time\" content=\"2025-10-21T19:38:56+00:00\" \/>\n<meta property=\"og:image\" content=\"https:\/\/constantinianorder.com\/wp-content\/uploads\/2020\/11\/ciufo.jpg\" \/>\n\t<meta property=\"og:image:width\" content=\"1024\" \/>\n\t<meta property=\"og:image:height\" content=\"768\" \/>\n\t<meta property=\"og:image:type\" content=\"image\/jpeg\" \/>\n<meta name=\"author\" content=\"admin\" \/>\n<meta name=\"twitter:card\" content=\"summary_large_image\" \/>\n<meta name=\"twitter:label1\" content=\"\u00c9crit par\" \/>\n\t<meta name=\"twitter:data1\" content=\"admin\" \/>\n\t<meta name=\"twitter:label2\" content=\"Dur\u00e9e de lecture estim\u00e9e\" \/>\n\t<meta name=\"twitter:data2\" content=\"1 minute\" \/>\n<script type=\"application\/ld+json\" class=\"yoast-schema-graph\">{\"@context\":\"https:\/\/schema.org\",\"@graph\":[{\"@type\":\"Article\",\"@id\":\"https:\/\/constantinianorder.com\/abruzzo-e-molise-giornata-mondiale-per-i-diritti-dellinfanzia\/#article\",\"isPartOf\":{\"@id\":\"https:\/\/constantinianorder.com\/abruzzo-e-molise-giornata-mondiale-per-i-diritti-dellinfanzia\/\"},\"author\":{\"name\":\"admin\",\"@id\":\"https:\/\/constantinianorder.com\/#\/schema\/person\/493f3b1475d575dcddda4ec923772c66\"},\"headline\":\"ABRUZZO ET MOLISE: JOURN\u00c9E MONDIALE DES DROITS DE L&rsquo;ENFANT\",\"datePublished\":\"2020-11-19T17:47:01+00:00\",\"dateModified\":\"2025-10-21T19:38:56+00:00\",\"mainEntityOfPage\":{\"@id\":\"https:\/\/constantinianorder.com\/abruzzo-e-molise-giornata-mondiale-per-i-diritti-dellinfanzia\/\"},\"wordCount\":123,\"publisher\":{\"@id\":\"https:\/\/constantinianorder.com\/#organization\"},\"image\":{\"@id\":\"https:\/\/constantinianorder.com\/abruzzo-e-molise-giornata-mondiale-per-i-diritti-dellinfanzia\/#primaryimage\"},\"thumbnailUrl\":\"https:\/\/constantinianorder.com\/wp-content\/uploads\/2020\/11\/ciufo-1024x768.jpg\",\"articleSection\":[\"D\u00e9l\u00e9gation des Abruzzes et Molise\"],\"inLanguage\":\"fr-FR\"},{\"@type\":\"WebPage\",\"@id\":\"https:\/\/constantinianorder.com\/abruzzo-e-molise-giornata-mondiale-per-i-diritti-dellinfanzia\/\",\"url\":\"https:\/\/constantinianorder.com\/abruzzo-e-molise-giornata-mondiale-per-i-diritti-dellinfanzia\/\",\"name\":\"ABRUZZO ET MOLISE: JOURN\u00c9E MONDIALE DES DROITS DE L'ENFANT - Sacro Militare Ordine Costantiniano di San Giorgio\",\"isPartOf\":{\"@id\":\"https:\/\/constantinianorder.com\/#website\"},\"primaryImageOfPage\":{\"@id\":\"https:\/\/constantinianorder.com\/abruzzo-e-molise-giornata-mondiale-per-i-diritti-dellinfanzia\/#primaryimage\"},\"image\":{\"@id\":\"https:\/\/constantinianorder.com\/abruzzo-e-molise-giornata-mondiale-per-i-diritti-dellinfanzia\/#primaryimage\"},\"thumbnailUrl\":\"https:\/\/constantinianorder.com\/wp-content\/uploads\/2020\/11\/ciufo-1024x768.jpg\",\"datePublished\":\"2020-11-19T17:47:01+00:00\",\"dateModified\":\"2025-10-21T19:38:56+00:00\",\"breadcrumb\":{\"@id\":\"https:\/\/constantinianorder.com\/abruzzo-e-molise-giornata-mondiale-per-i-diritti-dellinfanzia\/#breadcrumb\"},\"inLanguage\":\"fr-FR\",\"potentialAction\":[{\"@type\":\"ReadAction\",\"target\":[\"https:\/\/constantinianorder.com\/abruzzo-e-molise-giornata-mondiale-per-i-diritti-dellinfanzia\/\"]}]},{\"@type\":\"ImageObject\",\"inLanguage\":\"fr-FR\",\"@id\":\"https:\/\/constantinianorder.com\/abruzzo-e-molise-giornata-mondiale-per-i-diritti-dellinfanzia\/#primaryimage\",\"url\":\"https:\/\/constantinianorder.com\/wp-content\/uploads\/2020\/11\/ciufo-1024x768.jpg\",\"contentUrl\":\"https:\/\/constantinianorder.com\/wp-content\/uploads\/2020\/11\/ciufo-1024x768.jpg\"},{\"@type\":\"BreadcrumbList\",\"@id\":\"https:\/\/constantinianorder.com\/abruzzo-e-molise-giornata-mondiale-per-i-diritti-dellinfanzia\/#breadcrumb\",\"itemListElement\":[{\"@type\":\"ListItem\",\"position\":1,\"name\":\"Home\",\"item\":\"https:\/\/constantinianorder.com\/en\/\"},{\"@type\":\"ListItem\",\"position\":2,\"name\":\"ABRUZZO ET MOLISE: JOURN\u00c9E MONDIALE DES DROITS DE L&#8217;ENFANT\"}]},{\"@type\":\"WebSite\",\"@id\":\"https:\/\/constantinianorder.com\/#website\",\"url\":\"https:\/\/constantinianorder.com\/\",\"name\":\"Sacro Militare Ordine Costantiniano di San Giorgio\",\"description\":\"Ordine Ufficiale\",\"publisher\":{\"@id\":\"https:\/\/constantinianorder.com\/#organization\"},\"potentialAction\":[{\"@type\":\"SearchAction\",\"target\":{\"@type\":\"EntryPoint\",\"urlTemplate\":\"https:\/\/constantinianorder.com\/?s={search_term_string}\"},\"query-input\":{\"@type\":\"PropertyValueSpecification\",\"valueRequired\":true,\"valueName\":\"search_term_string\"}}],\"inLanguage\":\"fr-FR\"},{\"@type\":\"Organization\",\"@id\":\"https:\/\/constantinianorder.com\/#organization\",\"name\":\"Sacro Militare Ordine Costantiniano di San Giorgio\",\"url\":\"https:\/\/constantinianorder.com\/\",\"logo\":{\"@type\":\"ImageObject\",\"inLanguage\":\"fr-FR\",\"@id\":\"https:\/\/constantinianorder.com\/#\/schema\/logo\/image\/\",\"url\":\"https:\/\/constantinianorder.com\/wp-content\/uploads\/2025\/10\/cropped-logo-costantiniano.png\",\"contentUrl\":\"https:\/\/constantinianorder.com\/wp-content\/uploads\/2025\/10\/cropped-logo-costantiniano.png\",\"width\":512,\"height\":512,\"caption\":\"Sacro Militare Ordine Costantiniano di San Giorgio\"},\"image\":{\"@id\":\"https:\/\/constantinianorder.com\/#\/schema\/logo\/image\/\"},\"sameAs\":[\"https:\/\/www.facebook.com\/constantinianorder\",\"https:\/\/www.instagram.com\/constantinianorder\/\",\"https:\/\/www.youtube.com\/@granmagisterodelsacromilit9375\"]},{\"@type\":\"Person\",\"@id\":\"https:\/\/constantinianorder.com\/#\/schema\/person\/493f3b1475d575dcddda4ec923772c66\",\"name\":\"admin\",\"sameAs\":[\"https:\/\/constantinianorder.com\"],\"url\":\"https:\/\/constantinianorder.com\/fr\/author\/domain_jlukbpo7\/\"}]}<\/script>\n<!-- \/ Yoast SEO plugin. -->","yoast_head_json":{"title":"ABRUZZO ET MOLISE: JOURN\u00c9E MONDIALE DES DROITS DE L'ENFANT - Sacro Militare Ordine Costantiniano di San Giorgio","robots":{"index":"index","follow":"follow","max-snippet":"max-snippet:-1","max-image-preview":"max-image-preview:large","max-video-preview":"max-video-preview:-1"},"canonical":"https:\/\/constantinianorder.com\/abruzzo-e-molise-giornata-mondiale-per-i-diritti-dellinfanzia\/","og_locale":"fr_FR","og_type":"article","og_title":"ABRUZZO ET MOLISE: JOURN\u00c9E MONDIALE DES DROITS DE L'ENFANT - Sacro Militare Ordine Costantiniano di San Giorgio","og_description":"La d\u00e9l\u00e9gation des Abruzzes et du Molise nous a inform\u00e9 que se tiendra cette ann\u00e9e aussi la journ\u00e9e de la collecte des m\u00e9dicaments pour les enfants n\u00e9cessiteux. La collecte d\u00e9butera le 20 novembre, \u00e0 l&rsquo;occasion de la Journ\u00e9e mondiale des droits de l&rsquo;enfant et certaines pharmacies participeront \u00e0 l&rsquo;initiative de la Fondation Rava pour la [&hellip;]","og_url":"https:\/\/constantinianorder.com\/abruzzo-e-molise-giornata-mondiale-per-i-diritti-dellinfanzia\/","og_site_name":"Sacro Militare Ordine Costantiniano di San Giorgio","article_publisher":"https:\/\/www.facebook.com\/constantinianorder","article_published_time":"2020-11-19T17:47:01+00:00","article_modified_time":"2025-10-21T19:38:56+00:00","og_image":[{"width":1024,"height":768,"url":"https:\/\/constantinianorder.com\/wp-content\/uploads\/2020\/11\/ciufo.jpg","type":"image\/jpeg"}],"author":"admin","twitter_card":"summary_large_image","twitter_misc":{"\u00c9crit par":"admin","Dur\u00e9e de lecture estim\u00e9e":"1 minute"},"schema":{"@context":"https:\/\/schema.org","@graph":[{"@type":"Article","@id":"https:\/\/constantinianorder.com\/abruzzo-e-molise-giornata-mondiale-per-i-diritti-dellinfanzia\/#article","isPartOf":{"@id":"https:\/\/constantinianorder.com\/abruzzo-e-molise-giornata-mondiale-per-i-diritti-dellinfanzia\/"},"author":{"name":"admin","@id":"https:\/\/constantinianorder.com\/#\/schema\/person\/493f3b1475d575dcddda4ec923772c66"},"headline":"ABRUZZO ET MOLISE: JOURN\u00c9E MONDIALE DES DROITS DE L&rsquo;ENFANT","datePublished":"2020-11-19T17:47:01+00:00","dateModified":"2025-10-21T19:38:56+00:00","mainEntityOfPage":{"@id":"https:\/\/constantinianorder.com\/abruzzo-e-molise-giornata-mondiale-per-i-diritti-dellinfanzia\/"},"wordCount":123,"publisher":{"@id":"https:\/\/constantinianorder.com\/#organization"},"image":{"@id":"https:\/\/constantinianorder.com\/abruzzo-e-molise-giornata-mondiale-per-i-diritti-dellinfanzia\/#primaryimage"},"thumbnailUrl":"https:\/\/constantinianorder.com\/wp-content\/uploads\/2020\/11\/ciufo-1024x768.jpg","articleSection":["D\u00e9l\u00e9gation des Abruzzes et Molise"],"inLanguage":"fr-FR"},{"@type":"WebPage","@id":"https:\/\/constantinianorder.com\/abruzzo-e-molise-giornata-mondiale-per-i-diritti-dellinfanzia\/","url":"https:\/\/constantinianorder.com\/abruzzo-e-molise-giornata-mondiale-per-i-diritti-dellinfanzia\/","name":"ABRUZZO ET MOLISE: JOURN\u00c9E MONDIALE DES DROITS DE L'ENFANT - Sacro Militare Ordine Costantiniano di San Giorgio","isPartOf":{"@id":"https:\/\/constantinianorder.com\/#website"},"primaryImageOfPage":{"@id":"https:\/\/constantinianorder.com\/abruzzo-e-molise-giornata-mondiale-per-i-diritti-dellinfanzia\/#primaryimage"},"image":{"@id":"https:\/\/constantinianorder.com\/abruzzo-e-molise-giornata-mondiale-per-i-diritti-dellinfanzia\/#primaryimage"},"thumbnailUrl":"https:\/\/constantinianorder.com\/wp-content\/uploads\/2020\/11\/ciufo-1024x768.jpg","datePublished":"2020-11-19T17:47:01+00:00","dateModified":"2025-10-21T19:38:56+00:00","breadcrumb":{"@id":"https:\/\/constantinianorder.com\/abruzzo-e-molise-giornata-mondiale-per-i-diritti-dellinfanzia\/#breadcrumb"},"inLanguage":"fr-FR","potentialAction":[{"@type":"ReadAction","target":["https:\/\/constantinianorder.com\/abruzzo-e-molise-giornata-mondiale-per-i-diritti-dellinfanzia\/"]}]},{"@type":"ImageObject","inLanguage":"fr-FR","@id":"https:\/\/constantinianorder.com\/abruzzo-e-molise-giornata-mondiale-per-i-diritti-dellinfanzia\/#primaryimage","url":"https:\/\/constantinianorder.com\/wp-content\/uploads\/2020\/11\/ciufo-1024x768.jpg","contentUrl":"https:\/\/constantinianorder.com\/wp-content\/uploads\/2020\/11\/ciufo-1024x768.jpg"},{"@type":"BreadcrumbList","@id":"https:\/\/constantinianorder.com\/abruzzo-e-molise-giornata-mondiale-per-i-diritti-dellinfanzia\/#breadcrumb","itemListElement":[{"@type":"ListItem","position":1,"name":"Home","item":"https:\/\/constantinianorder.com\/en\/"},{"@type":"ListItem","position":2,"name":"ABRUZZO ET MOLISE: JOURN\u00c9E MONDIALE DES DROITS DE L&#8217;ENFANT"}]},{"@type":"WebSite","@id":"https:\/\/constantinianorder.com\/#website","url":"https:\/\/constantinianorder.com\/","name":"Sacro Militare Ordine Costantiniano di San Giorgio","description":"Ordine Ufficiale","publisher":{"@id":"https:\/\/constantinianorder.com\/#organization"},"potentialAction":[{"@type":"SearchAction","target":{"@type":"EntryPoint","urlTemplate":"https:\/\/constantinianorder.com\/?s={search_term_string}"},"query-input":{"@type":"PropertyValueSpecification","valueRequired":true,"valueName":"search_term_string"}}],"inLanguage":"fr-FR"},{"@type":"Organization","@id":"https:\/\/constantinianorder.com\/#organization","name":"Sacro Militare Ordine Costantiniano di San Giorgio","url":"https:\/\/constantinianorder.com\/","logo":{"@type":"ImageObject","inLanguage":"fr-FR","@id":"https:\/\/constantinianorder.com\/#\/schema\/logo\/image\/","url":"https:\/\/constantinianorder.com\/wp-content\/uploads\/2025\/10\/cropped-logo-costantiniano.png","contentUrl":"https:\/\/constantinianorder.com\/wp-content\/uploads\/2025\/10\/cropped-logo-costantiniano.png","width":512,"height":512,"caption":"Sacro Militare Ordine Costantiniano di San Giorgio"},"image":{"@id":"https:\/\/constantinianorder.com\/#\/schema\/logo\/image\/"},"sameAs":["https:\/\/www.facebook.com\/constantinianorder","https:\/\/www.instagram.com\/constantinianorder\/","https:\/\/www.youtube.com\/@granmagisterodelsacromilit9375"]},{"@type":"Person","@id":"https:\/\/constantinianorder.com\/#\/schema\/person\/493f3b1475d575dcddda4ec923772c66","name":"admin","sameAs":["https:\/\/constantinianorder.com"],"url":"https:\/\/constantinianorder.com\/fr\/author\/domain_jlukbpo7\/"}]}},"_links":{"self":[{"href":"https:\/\/constantinianorder.com\/fr\/wp-json\/wp\/v2\/posts\/56155","targetHints":{"allow":["GET"]}}],"collection":[{"href":"https:\/\/constantinianorder.com\/fr\/wp-json\/wp\/v2\/posts"}],"about":[{"href":"https:\/\/constantinianorder.com\/fr\/wp-json\/wp\/v2\/types\/post"}],"author":[{"embeddable":true,"href":"https:\/\/constantinianorder.com\/fr\/wp-json\/wp\/v2\/users\/1"}],"replies":[{"embeddable":true,"href":"https:\/\/constantinianorder.com\/fr\/wp-json\/wp\/v2\/comments?post=56155"}],"version-history":[{"count":1,"href":"https:\/\/constantinianorder.com\/fr\/wp-json\/wp\/v2\/posts\/56155\/revisions"}],"predecessor-version":[{"id":90540,"href":"https:\/\/constantinianorder.com\/fr\/wp-json\/wp\/v2\/posts\/56155\/revisions\/90540"}],"wp:attachment":[{"href":"https:\/\/constantinianorder.com\/fr\/wp-json\/wp\/v2\/media?parent=56155"}],"wp:term":[{"taxonomy":"category","embeddable":true,"href":"https:\/\/constantinianorder.com\/fr\/wp-json\/wp\/v2\/categories?post=56155"},{"taxonomy":"post_tag","embeddable":true,"href":"https:\/\/constantinianorder.com\/fr\/wp-json\/wp\/v2\/tags?post=56155"}],"curies":[{"name":"wp","href":"https:\/\/api.w.org\/{rel}","templated":true}]}}