{"id":54510,"date":"2020-07-28T12:39:22","date_gmt":"2020-07-28T12:39:22","guid":{"rendered":"https:\/\/constantinianorder.net\/piemonte-e-valle-daosta-cerimonia-dinvestitura-ad-alessandria\/"},"modified":"2025-10-23T12:44:15","modified_gmt":"2025-10-23T12:44:15","slug":"piemont-et-vallee-daoste-ceremonie-dinvestiture","status":"publish","type":"post","link":"https:\/\/constantinianorder.com\/fr\/piemont-et-vallee-daoste-ceremonie-dinvestiture\/","title":{"rendered":"PI\u00c9MONT ET VALL\u00c9E D&rsquo;AOSTE: C\u00c9R\u00c9MONIE D&rsquo;INVESTITURE"},"content":{"rendered":"\n<figure class=\"wp-block-image\"><img decoding=\"async\" src=\"https:\/\/constantinianorder.com\/wp-content\/uploads\/2020\/07\/ALESSANDRIA-1024x697.jpg\" alt=\"\" class=\"wp-image-54504\"\/><\/figure>\n\n\n\n<figure class=\"wp-block-image\"><img decoding=\"async\" src=\"https:\/\/constantinianorder.com\/wp-content\/uploads\/2020\/07\/WhatsApp-Image-2020-07-30-at-11.41.40-1-2-669x1024.jpeg\" alt=\"\" class=\"wp-image-54667\"\/><\/figure>\n\n\n\n<figure class=\"wp-block-image\"><img decoding=\"async\" src=\"https:\/\/constantinianorder.com\/wp-content\/uploads\/2020\/07\/WhatsApp-Image-2020-07-30-at-11.41.40-4-768x1024.jpeg\" alt=\"\" class=\"wp-image-54671\"\/><\/figure>\n\n\n\n<figure class=\"wp-block-image\"><img decoding=\"async\" src=\"https:\/\/constantinianorder.com\/wp-content\/uploads\/2020\/07\/WhatsApp-Image-2020-07-30-at-17.57.35-1-669x1024.jpeg\" alt=\"\" class=\"wp-image-54675\"\/><\/figure>\n\n\n\n<p>La c\u00e9r\u00e9monie d&rsquo;investiture de la d\u00e9l\u00e9gation a eu lieu le samedi 25 juillet dans l&rsquo;\u00e9glise <em>Madonna del Carmine<\/em> \u00e0 Alessandria. La c\u00e9l\u00e9bration \u00e9tait pr\u00e9sid\u00e9e par le Prieur de Lombardie, P\u00e8re Arnaldo Morandi. 4 chevaliers, 2 chevaliers eccl\u00e9siastiques, 10 promoteurs et 5 d\u00e9cor\u00e9s ont re\u00e7u l&rsquo;investiture. Les autorit\u00e9s eccl\u00e9siastiques et civiles \u00e9taient \u00e9galement pr\u00e9sentes, dont le s\u00e9nateur Massimo Berutti. Parmi les eccl\u00e9siastiques, l&rsquo;aum\u00f4nier de la repr\u00e9sentation d&rsquo;Alexandrie et d&rsquo;Asti P\u00e8re Augusto Piccoli a \u00e9t\u00e9 nomm\u00e9 Vice Prieur de la d\u00e9l\u00e9gation. La repr\u00e9sentation de Pavie \u00e9tait \u00e9galement pr\u00e9sente. Mme Simona Delfino a voulu remercier  P\u00e8re Mario Cesario, cur\u00e9 de l&rsquo;\u00e9glise qui a accept\u00e9 d&rsquo;accueillir la d\u00e9l\u00e9gation. Il y eu aussi une donation de v\u00eatements en faveur de la Caritas de la ville. <\/p>\n","protected":false},"excerpt":{"rendered":"<p>La c\u00e9r\u00e9monie d&rsquo;investiture de la d\u00e9l\u00e9gation a eu lieu le samedi 25 juillet dans l&rsquo;\u00e9glise Madonna del Carmine \u00e0 Alessandria. La c\u00e9l\u00e9bration \u00e9tait pr\u00e9sid\u00e9e par le Prieur de Lombardie, P\u00e8re Arnaldo Morandi. 4 chevaliers, 2 chevaliers eccl\u00e9siastiques, 10 promoteurs et 5 d\u00e9cor\u00e9s ont re\u00e7u l&rsquo;investiture. Les autorit\u00e9s eccl\u00e9siastiques et civiles \u00e9taient \u00e9galement pr\u00e9sentes, dont le [&hellip;]<\/p>\n","protected":false},"author":1,"featured_media":0,"comment_status":"closed","ping_status":"closed","sticky":false,"template":"","format":"standard","meta":{"footnotes":""},"categories":[187],"tags":[],"class_list":["post-54510","post","type-post","status-publish","format-standard","hentry","category-delegation-du-piemont-et-de-la-vallee-daoste"],"yoast_head":"<!-- This site is optimized with the Yoast SEO plugin v26.5 - https:\/\/yoast.com\/wordpress\/plugins\/seo\/ -->\n<title>PI\u00c9MONT ET VALL\u00c9E D&#039;AOSTE: C\u00c9R\u00c9MONIE D&#039;INVESTITURE - Sacro Militare Ordine Costantiniano di San Giorgio<\/title>\n<meta name=\"robots\" content=\"index, follow, max-snippet:-1, max-image-preview:large, max-video-preview:-1\" \/>\n<link rel=\"canonical\" href=\"https:\/\/constantinianorder.com\/piemonte-e-valle-daosta-cerimonia-dinvestitura-ad-alessandria\/\" \/>\n<meta property=\"og:locale\" content=\"fr_FR\" \/>\n<meta property=\"og:type\" content=\"article\" \/>\n<meta property=\"og:title\" content=\"PI\u00c9MONT ET VALL\u00c9E D&#039;AOSTE: C\u00c9R\u00c9MONIE D&#039;INVESTITURE - Sacro Militare Ordine Costantiniano di San Giorgio\" \/>\n<meta property=\"og:description\" content=\"La c\u00e9r\u00e9monie d&rsquo;investiture de la d\u00e9l\u00e9gation a eu lieu le samedi 25 juillet dans l&rsquo;\u00e9glise Madonna del Carmine \u00e0 Alessandria. La c\u00e9l\u00e9bration \u00e9tait pr\u00e9sid\u00e9e par le Prieur de Lombardie, P\u00e8re Arnaldo Morandi. 4 chevaliers, 2 chevaliers eccl\u00e9siastiques, 10 promoteurs et 5 d\u00e9cor\u00e9s ont re\u00e7u l&rsquo;investiture. Les autorit\u00e9s eccl\u00e9siastiques et civiles \u00e9taient \u00e9galement pr\u00e9sentes, dont le [&hellip;]\" \/>\n<meta property=\"og:url\" content=\"https:\/\/constantinianorder.com\/piemonte-e-valle-daosta-cerimonia-dinvestitura-ad-alessandria\/\" \/>\n<meta property=\"og:site_name\" content=\"Sacro Militare Ordine Costantiniano di San Giorgio\" \/>\n<meta property=\"article:publisher\" content=\"https:\/\/www.facebook.com\/constantinianorder\" \/>\n<meta property=\"article:published_time\" content=\"2020-07-28T12:39:22+00:00\" \/>\n<meta property=\"article:modified_time\" content=\"2025-10-23T12:44:15+00:00\" \/>\n<meta property=\"og:image\" content=\"https:\/\/constantinianorder.com\/wp-content\/uploads\/2020\/07\/ALESSANDRIA-1-scaled-1.jpg\" \/>\n\t<meta property=\"og:image:width\" content=\"2560\" \/>\n\t<meta property=\"og:image:height\" content=\"1743\" \/>\n\t<meta property=\"og:image:type\" content=\"image\/jpeg\" \/>\n<meta name=\"author\" content=\"admin\" \/>\n<meta name=\"twitter:card\" content=\"summary_large_image\" \/>\n<meta name=\"twitter:label1\" content=\"\u00c9crit par\" \/>\n\t<meta name=\"twitter:data1\" content=\"admin\" \/>\n\t<meta name=\"twitter:label2\" content=\"Dur\u00e9e de lecture estim\u00e9e\" \/>\n\t<meta name=\"twitter:data2\" content=\"1 minute\" \/>\n<script type=\"application\/ld+json\" class=\"yoast-schema-graph\">{\"@context\":\"https:\/\/schema.org\",\"@graph\":[{\"@type\":\"Article\",\"@id\":\"https:\/\/constantinianorder.com\/piemonte-e-valle-daosta-cerimonia-dinvestitura-ad-alessandria\/#article\",\"isPartOf\":{\"@id\":\"https:\/\/constantinianorder.com\/piemonte-e-valle-daosta-cerimonia-dinvestitura-ad-alessandria\/\"},\"author\":{\"name\":\"admin\",\"@id\":\"https:\/\/constantinianorder.com\/#\/schema\/person\/493f3b1475d575dcddda4ec923772c66\"},\"headline\":\"PI\u00c9MONT ET VALL\u00c9E D&rsquo;AOSTE: C\u00c9R\u00c9MONIE D&rsquo;INVESTITURE\",\"datePublished\":\"2020-07-28T12:39:22+00:00\",\"dateModified\":\"2025-10-23T12:44:15+00:00\",\"mainEntityOfPage\":{\"@id\":\"https:\/\/constantinianorder.com\/piemonte-e-valle-daosta-cerimonia-dinvestitura-ad-alessandria\/\"},\"wordCount\":163,\"publisher\":{\"@id\":\"https:\/\/constantinianorder.com\/#organization\"},\"image\":{\"@id\":\"https:\/\/constantinianorder.com\/piemonte-e-valle-daosta-cerimonia-dinvestitura-ad-alessandria\/#primaryimage\"},\"thumbnailUrl\":\"https:\/\/constantinianorder.com\/wp-content\/uploads\/2020\/07\/ALESSANDRIA-1024x697.jpg\",\"articleSection\":[\"D\u00e9l\u00e9gation du Pi\u00e9mont et de la Vall\u00e9e d\u2019Aoste\"],\"inLanguage\":\"fr-FR\"},{\"@type\":\"WebPage\",\"@id\":\"https:\/\/constantinianorder.com\/piemonte-e-valle-daosta-cerimonia-dinvestitura-ad-alessandria\/\",\"url\":\"https:\/\/constantinianorder.com\/piemonte-e-valle-daosta-cerimonia-dinvestitura-ad-alessandria\/\",\"name\":\"PI\u00c9MONT ET VALL\u00c9E D'AOSTE: C\u00c9R\u00c9MONIE D'INVESTITURE - Sacro Militare Ordine Costantiniano di San Giorgio\",\"isPartOf\":{\"@id\":\"https:\/\/constantinianorder.com\/#website\"},\"primaryImageOfPage\":{\"@id\":\"https:\/\/constantinianorder.com\/piemonte-e-valle-daosta-cerimonia-dinvestitura-ad-alessandria\/#primaryimage\"},\"image\":{\"@id\":\"https:\/\/constantinianorder.com\/piemonte-e-valle-daosta-cerimonia-dinvestitura-ad-alessandria\/#primaryimage\"},\"thumbnailUrl\":\"https:\/\/constantinianorder.com\/wp-content\/uploads\/2020\/07\/ALESSANDRIA-1024x697.jpg\",\"datePublished\":\"2020-07-28T12:39:22+00:00\",\"dateModified\":\"2025-10-23T12:44:15+00:00\",\"breadcrumb\":{\"@id\":\"https:\/\/constantinianorder.com\/piemonte-e-valle-daosta-cerimonia-dinvestitura-ad-alessandria\/#breadcrumb\"},\"inLanguage\":\"fr-FR\",\"potentialAction\":[{\"@type\":\"ReadAction\",\"target\":[\"https:\/\/constantinianorder.com\/piemonte-e-valle-daosta-cerimonia-dinvestitura-ad-alessandria\/\"]}]},{\"@type\":\"ImageObject\",\"inLanguage\":\"fr-FR\",\"@id\":\"https:\/\/constantinianorder.com\/piemonte-e-valle-daosta-cerimonia-dinvestitura-ad-alessandria\/#primaryimage\",\"url\":\"https:\/\/constantinianorder.com\/wp-content\/uploads\/2020\/07\/ALESSANDRIA-1024x697.jpg\",\"contentUrl\":\"https:\/\/constantinianorder.com\/wp-content\/uploads\/2020\/07\/ALESSANDRIA-1024x697.jpg\"},{\"@type\":\"BreadcrumbList\",\"@id\":\"https:\/\/constantinianorder.com\/piemonte-e-valle-daosta-cerimonia-dinvestitura-ad-alessandria\/#breadcrumb\",\"itemListElement\":[{\"@type\":\"ListItem\",\"position\":1,\"name\":\"Home\",\"item\":\"https:\/\/constantinianorder.com\/en\/\"},{\"@type\":\"ListItem\",\"position\":2,\"name\":\"PI\u00c9MONT ET VALL\u00c9E D&#8217;AOSTE: C\u00c9R\u00c9MONIE D&#8217;INVESTITURE\"}]},{\"@type\":\"WebSite\",\"@id\":\"https:\/\/constantinianorder.com\/#website\",\"url\":\"https:\/\/constantinianorder.com\/\",\"name\":\"Sacro Militare Ordine Costantiniano di San Giorgio\",\"description\":\"Ordine Ufficiale\",\"publisher\":{\"@id\":\"https:\/\/constantinianorder.com\/#organization\"},\"potentialAction\":[{\"@type\":\"SearchAction\",\"target\":{\"@type\":\"EntryPoint\",\"urlTemplate\":\"https:\/\/constantinianorder.com\/?s={search_term_string}\"},\"query-input\":{\"@type\":\"PropertyValueSpecification\",\"valueRequired\":true,\"valueName\":\"search_term_string\"}}],\"inLanguage\":\"fr-FR\"},{\"@type\":\"Organization\",\"@id\":\"https:\/\/constantinianorder.com\/#organization\",\"name\":\"Sacro Militare Ordine Costantiniano di San Giorgio\",\"url\":\"https:\/\/constantinianorder.com\/\",\"logo\":{\"@type\":\"ImageObject\",\"inLanguage\":\"fr-FR\",\"@id\":\"https:\/\/constantinianorder.com\/#\/schema\/logo\/image\/\",\"url\":\"https:\/\/constantinianorder.com\/wp-content\/uploads\/2025\/10\/cropped-logo-costantiniano.png\",\"contentUrl\":\"https:\/\/constantinianorder.com\/wp-content\/uploads\/2025\/10\/cropped-logo-costantiniano.png\",\"width\":512,\"height\":512,\"caption\":\"Sacro Militare Ordine Costantiniano di San Giorgio\"},\"image\":{\"@id\":\"https:\/\/constantinianorder.com\/#\/schema\/logo\/image\/\"},\"sameAs\":[\"https:\/\/www.facebook.com\/constantinianorder\",\"https:\/\/www.instagram.com\/constantinianorder\/\",\"https:\/\/www.youtube.com\/@granmagisterodelsacromilit9375\"]},{\"@type\":\"Person\",\"@id\":\"https:\/\/constantinianorder.com\/#\/schema\/person\/493f3b1475d575dcddda4ec923772c66\",\"name\":\"admin\",\"sameAs\":[\"https:\/\/constantinianorder.com\"],\"url\":\"https:\/\/constantinianorder.com\/fr\/author\/domain_jlukbpo7\/\"}]}<\/script>\n<!-- \/ Yoast SEO plugin. -->","yoast_head_json":{"title":"PI\u00c9MONT ET VALL\u00c9E D'AOSTE: C\u00c9R\u00c9MONIE D'INVESTITURE - Sacro Militare Ordine Costantiniano di San Giorgio","robots":{"index":"index","follow":"follow","max-snippet":"max-snippet:-1","max-image-preview":"max-image-preview:large","max-video-preview":"max-video-preview:-1"},"canonical":"https:\/\/constantinianorder.com\/piemonte-e-valle-daosta-cerimonia-dinvestitura-ad-alessandria\/","og_locale":"fr_FR","og_type":"article","og_title":"PI\u00c9MONT ET VALL\u00c9E D'AOSTE: C\u00c9R\u00c9MONIE D'INVESTITURE - Sacro Militare Ordine Costantiniano di San Giorgio","og_description":"La c\u00e9r\u00e9monie d&rsquo;investiture de la d\u00e9l\u00e9gation a eu lieu le samedi 25 juillet dans l&rsquo;\u00e9glise Madonna del Carmine \u00e0 Alessandria. La c\u00e9l\u00e9bration \u00e9tait pr\u00e9sid\u00e9e par le Prieur de Lombardie, P\u00e8re Arnaldo Morandi. 4 chevaliers, 2 chevaliers eccl\u00e9siastiques, 10 promoteurs et 5 d\u00e9cor\u00e9s ont re\u00e7u l&rsquo;investiture. Les autorit\u00e9s eccl\u00e9siastiques et civiles \u00e9taient \u00e9galement pr\u00e9sentes, dont le [&hellip;]","og_url":"https:\/\/constantinianorder.com\/piemonte-e-valle-daosta-cerimonia-dinvestitura-ad-alessandria\/","og_site_name":"Sacro Militare Ordine Costantiniano di San Giorgio","article_publisher":"https:\/\/www.facebook.com\/constantinianorder","article_published_time":"2020-07-28T12:39:22+00:00","article_modified_time":"2025-10-23T12:44:15+00:00","og_image":[{"width":2560,"height":1743,"url":"https:\/\/constantinianorder.com\/wp-content\/uploads\/2020\/07\/ALESSANDRIA-1-scaled-1.jpg","type":"image\/jpeg"}],"author":"admin","twitter_card":"summary_large_image","twitter_misc":{"\u00c9crit par":"admin","Dur\u00e9e de lecture estim\u00e9e":"1 minute"},"schema":{"@context":"https:\/\/schema.org","@graph":[{"@type":"Article","@id":"https:\/\/constantinianorder.com\/piemonte-e-valle-daosta-cerimonia-dinvestitura-ad-alessandria\/#article","isPartOf":{"@id":"https:\/\/constantinianorder.com\/piemonte-e-valle-daosta-cerimonia-dinvestitura-ad-alessandria\/"},"author":{"name":"admin","@id":"https:\/\/constantinianorder.com\/#\/schema\/person\/493f3b1475d575dcddda4ec923772c66"},"headline":"PI\u00c9MONT ET VALL\u00c9E D&rsquo;AOSTE: C\u00c9R\u00c9MONIE D&rsquo;INVESTITURE","datePublished":"2020-07-28T12:39:22+00:00","dateModified":"2025-10-23T12:44:15+00:00","mainEntityOfPage":{"@id":"https:\/\/constantinianorder.com\/piemonte-e-valle-daosta-cerimonia-dinvestitura-ad-alessandria\/"},"wordCount":163,"publisher":{"@id":"https:\/\/constantinianorder.com\/#organization"},"image":{"@id":"https:\/\/constantinianorder.com\/piemonte-e-valle-daosta-cerimonia-dinvestitura-ad-alessandria\/#primaryimage"},"thumbnailUrl":"https:\/\/constantinianorder.com\/wp-content\/uploads\/2020\/07\/ALESSANDRIA-1024x697.jpg","articleSection":["D\u00e9l\u00e9gation du Pi\u00e9mont et de la Vall\u00e9e d\u2019Aoste"],"inLanguage":"fr-FR"},{"@type":"WebPage","@id":"https:\/\/constantinianorder.com\/piemonte-e-valle-daosta-cerimonia-dinvestitura-ad-alessandria\/","url":"https:\/\/constantinianorder.com\/piemonte-e-valle-daosta-cerimonia-dinvestitura-ad-alessandria\/","name":"PI\u00c9MONT ET VALL\u00c9E D'AOSTE: C\u00c9R\u00c9MONIE D'INVESTITURE - Sacro Militare Ordine Costantiniano di San Giorgio","isPartOf":{"@id":"https:\/\/constantinianorder.com\/#website"},"primaryImageOfPage":{"@id":"https:\/\/constantinianorder.com\/piemonte-e-valle-daosta-cerimonia-dinvestitura-ad-alessandria\/#primaryimage"},"image":{"@id":"https:\/\/constantinianorder.com\/piemonte-e-valle-daosta-cerimonia-dinvestitura-ad-alessandria\/#primaryimage"},"thumbnailUrl":"https:\/\/constantinianorder.com\/wp-content\/uploads\/2020\/07\/ALESSANDRIA-1024x697.jpg","datePublished":"2020-07-28T12:39:22+00:00","dateModified":"2025-10-23T12:44:15+00:00","breadcrumb":{"@id":"https:\/\/constantinianorder.com\/piemonte-e-valle-daosta-cerimonia-dinvestitura-ad-alessandria\/#breadcrumb"},"inLanguage":"fr-FR","potentialAction":[{"@type":"ReadAction","target":["https:\/\/constantinianorder.com\/piemonte-e-valle-daosta-cerimonia-dinvestitura-ad-alessandria\/"]}]},{"@type":"ImageObject","inLanguage":"fr-FR","@id":"https:\/\/constantinianorder.com\/piemonte-e-valle-daosta-cerimonia-dinvestitura-ad-alessandria\/#primaryimage","url":"https:\/\/constantinianorder.com\/wp-content\/uploads\/2020\/07\/ALESSANDRIA-1024x697.jpg","contentUrl":"https:\/\/constantinianorder.com\/wp-content\/uploads\/2020\/07\/ALESSANDRIA-1024x697.jpg"},{"@type":"BreadcrumbList","@id":"https:\/\/constantinianorder.com\/piemonte-e-valle-daosta-cerimonia-dinvestitura-ad-alessandria\/#breadcrumb","itemListElement":[{"@type":"ListItem","position":1,"name":"Home","item":"https:\/\/constantinianorder.com\/en\/"},{"@type":"ListItem","position":2,"name":"PI\u00c9MONT ET VALL\u00c9E D&#8217;AOSTE: C\u00c9R\u00c9MONIE D&#8217;INVESTITURE"}]},{"@type":"WebSite","@id":"https:\/\/constantinianorder.com\/#website","url":"https:\/\/constantinianorder.com\/","name":"Sacro Militare Ordine Costantiniano di San Giorgio","description":"Ordine Ufficiale","publisher":{"@id":"https:\/\/constantinianorder.com\/#organization"},"potentialAction":[{"@type":"SearchAction","target":{"@type":"EntryPoint","urlTemplate":"https:\/\/constantinianorder.com\/?s={search_term_string}"},"query-input":{"@type":"PropertyValueSpecification","valueRequired":true,"valueName":"search_term_string"}}],"inLanguage":"fr-FR"},{"@type":"Organization","@id":"https:\/\/constantinianorder.com\/#organization","name":"Sacro Militare Ordine Costantiniano di San Giorgio","url":"https:\/\/constantinianorder.com\/","logo":{"@type":"ImageObject","inLanguage":"fr-FR","@id":"https:\/\/constantinianorder.com\/#\/schema\/logo\/image\/","url":"https:\/\/constantinianorder.com\/wp-content\/uploads\/2025\/10\/cropped-logo-costantiniano.png","contentUrl":"https:\/\/constantinianorder.com\/wp-content\/uploads\/2025\/10\/cropped-logo-costantiniano.png","width":512,"height":512,"caption":"Sacro Militare Ordine Costantiniano di San Giorgio"},"image":{"@id":"https:\/\/constantinianorder.com\/#\/schema\/logo\/image\/"},"sameAs":["https:\/\/www.facebook.com\/constantinianorder","https:\/\/www.instagram.com\/constantinianorder\/","https:\/\/www.youtube.com\/@granmagisterodelsacromilit9375"]},{"@type":"Person","@id":"https:\/\/constantinianorder.com\/#\/schema\/person\/493f3b1475d575dcddda4ec923772c66","name":"admin","sameAs":["https:\/\/constantinianorder.com"],"url":"https:\/\/constantinianorder.com\/fr\/author\/domain_jlukbpo7\/"}]}},"_links":{"self":[{"href":"https:\/\/constantinianorder.com\/fr\/wp-json\/wp\/v2\/posts\/54510","targetHints":{"allow":["GET"]}}],"collection":[{"href":"https:\/\/constantinianorder.com\/fr\/wp-json\/wp\/v2\/posts"}],"about":[{"href":"https:\/\/constantinianorder.com\/fr\/wp-json\/wp\/v2\/types\/post"}],"author":[{"embeddable":true,"href":"https:\/\/constantinianorder.com\/fr\/wp-json\/wp\/v2\/users\/1"}],"replies":[{"embeddable":true,"href":"https:\/\/constantinianorder.com\/fr\/wp-json\/wp\/v2\/comments?post=54510"}],"version-history":[{"count":1,"href":"https:\/\/constantinianorder.com\/fr\/wp-json\/wp\/v2\/posts\/54510\/revisions"}],"predecessor-version":[{"id":93702,"href":"https:\/\/constantinianorder.com\/fr\/wp-json\/wp\/v2\/posts\/54510\/revisions\/93702"}],"wp:attachment":[{"href":"https:\/\/constantinianorder.com\/fr\/wp-json\/wp\/v2\/media?parent=54510"}],"wp:term":[{"taxonomy":"category","embeddable":true,"href":"https:\/\/constantinianorder.com\/fr\/wp-json\/wp\/v2\/categories?post=54510"},{"taxonomy":"post_tag","embeddable":true,"href":"https:\/\/constantinianorder.com\/fr\/wp-json\/wp\/v2\/tags?post=54510"}],"curies":[{"name":"wp","href":"https:\/\/api.w.org\/{rel}","templated":true}]}}