{"id":105280,"date":"2026-01-03T10:57:00","date_gmt":"2026-01-03T10:57:00","guid":{"rendered":"https:\/\/constantinianorder.com\/lombardie-la-delegation-unit-ses-forces-avec-la-fondation-tanghetti-chiari-ets\/"},"modified":"2026-04-29T15:18:40","modified_gmt":"2026-04-29T15:18:40","slug":"lombardie-la-delegation-unit-ses-forces-avec-la-fondation-tanghetti-chiari-ets","status":"publish","type":"post","link":"https:\/\/constantinianorder.com\/fr\/lombardie-la-delegation-unit-ses-forces-avec-la-fondation-tanghetti-chiari-ets\/","title":{"rendered":"Lombardie : La d\u00e9l\u00e9gation unit ses forces avec la Fondation Tanghetti &amp; Chiari ETS"},"content":{"rendered":"\n<p><\/p>\n\n<p>Milan, 3 janvier 2026 \u2013 La mission \u00ab Tendopoli de San Ferdinando \u00bb de la Fondation Tanghetti &amp; Chiari ETS a d\u00e9but\u00e9 : \u00e0 1 160 km de distance, Fiorella Tanghetti, Katia Chiari et neuf volontaires ont apport\u00e9 une cargaison d\u2019aide humanitaire \u00e0 la \u00ab Tendopoli de San Ferdinando \u00bb, \u00e0 Reggio Calabria.<br\/><br\/>Avec environ 1 000 couettes, 3 000 brioches, 340 colis cadeaux et bien plus encore, la Fondation a fait sa part pour soulager les souffrances de ceux qui vivent dans des conditions difficiles, avec l\u2019aide pr\u00e9cieuse de Bartolo Mercuri, dit \u00ab Papa Africa \u00bb, qui se consacre depuis des ann\u00e9es \u00e0 apporter de l\u2019aide aux plus d\u00e9munis.<br\/><br\/>\u00ab Malgr\u00e9 les progr\u00e8s, la mis\u00e8re est encore une r\u00e9alit\u00e9 et il est fondamental, rappelle la Fondation, de continuer \u00e0 sensibiliser \u00e0 la question de la pauvret\u00e9, car on assiste trop souvent \u00e0 de v\u00e9ritables violations des droits humains et chacun de nous a le devoir d\u2019agir. \u00bb<\/p>\n\n<p><\/p>\n\n<figure class=\"wp-block-image aligncenter size-full\"><img fetchpriority=\"high\" decoding=\"async\" width=\"576\" height=\"432\" src=\"https:\/\/constantinianorder.com\/wp-content\/uploads\/2026\/02\/Don-Arnaldo.jpg\" alt=\"\" class=\"wp-image-102879\" srcset=\"https:\/\/constantinianorder.com\/wp-content\/uploads\/2026\/02\/Don-Arnaldo.jpg 576w, https:\/\/constantinianorder.com\/wp-content\/uploads\/2026\/02\/Don-Arnaldo-300x225.webp 300w\" sizes=\"(max-width: 576px) 100vw, 576px\" \/><\/figure>\n","protected":false},"excerpt":{"rendered":"<p>Milan, 3 janvier 2026 \u2013 La mission \u00ab Tendopoli de San Ferdinando \u00bb de la Fondation Tanghetti &amp; Chiari ETS a d\u00e9but\u00e9 : \u00e0 1 160 km de distance, Fiorella Tanghetti, Katia Chiari et neuf volontaires ont apport\u00e9 une cargaison d\u2019aide humanitaire \u00e0 la \u00ab Tendopoli de San Ferdinando \u00bb, \u00e0 Reggio Calabria. Avec environ [&hellip;]<\/p>\n","protected":false},"author":10,"featured_media":0,"comment_status":"closed","ping_status":"closed","sticky":false,"template":"","format":"standard","meta":{"footnotes":""},"categories":[178],"tags":[],"class_list":["post-105280","post","type-post","status-publish","format-standard","hentry","category-delegation-de-lombardie"],"yoast_head":"<!-- This site is optimized with the Yoast SEO plugin v26.5 - https:\/\/yoast.com\/wordpress\/plugins\/seo\/ -->\n<title>Lombardie : La d\u00e9l\u00e9gation unit ses forces avec la Fondation Tanghetti &amp; Chiari ETS - Sacro Militare Ordine Costantiniano di San Giorgio<\/title>\n<meta name=\"robots\" content=\"index, follow, max-snippet:-1, max-image-preview:large, max-video-preview:-1\" \/>\n<link rel=\"canonical\" href=\"https:\/\/constantinianorder.com\/fr\/lombardie-la-delegation-unit-ses-forces-avec-la-fondation-tanghetti-chiari-ets\/\" \/>\n<meta property=\"og:locale\" content=\"fr_FR\" \/>\n<meta property=\"og:type\" content=\"article\" \/>\n<meta property=\"og:title\" content=\"Lombardie : La d\u00e9l\u00e9gation unit ses forces avec la Fondation Tanghetti &amp; Chiari ETS - Sacro Militare Ordine Costantiniano di San Giorgio\" \/>\n<meta property=\"og:description\" content=\"Milan, 3 janvier 2026 \u2013 La mission \u00ab Tendopoli de San Ferdinando \u00bb de la Fondation Tanghetti &amp; Chiari ETS a d\u00e9but\u00e9 : \u00e0 1 160 km de distance, Fiorella Tanghetti, Katia Chiari et neuf volontaires ont apport\u00e9 une cargaison d\u2019aide humanitaire \u00e0 la \u00ab Tendopoli de San Ferdinando \u00bb, \u00e0 Reggio Calabria. Avec environ [&hellip;]\" \/>\n<meta property=\"og:url\" content=\"https:\/\/constantinianorder.com\/fr\/lombardie-la-delegation-unit-ses-forces-avec-la-fondation-tanghetti-chiari-ets\/\" \/>\n<meta property=\"og:site_name\" content=\"Sacro Militare Ordine Costantiniano di San Giorgio\" \/>\n<meta property=\"article:publisher\" content=\"https:\/\/www.facebook.com\/constantinianorder\" \/>\n<meta property=\"article:published_time\" content=\"2026-01-03T10:57:00+00:00\" \/>\n<meta property=\"article:modified_time\" content=\"2026-04-29T15:18:40+00:00\" \/>\n<meta property=\"og:image\" content=\"https:\/\/constantinianorder.com\/wp-content\/uploads\/2026\/02\/Don-Arnaldo.jpg\" \/>\n\t<meta property=\"og:image:width\" content=\"576\" \/>\n\t<meta property=\"og:image:height\" content=\"432\" \/>\n\t<meta property=\"og:image:type\" content=\"image\/webp\" \/>\n<meta name=\"author\" content=\"Terzo Editor Cancelleria\" \/>\n<meta name=\"twitter:card\" content=\"summary_large_image\" \/>\n<meta name=\"twitter:label1\" content=\"\u00c9crit par\" \/>\n\t<meta name=\"twitter:data1\" content=\"Terzo Editor Cancelleria\" \/>\n\t<meta name=\"twitter:label2\" content=\"Dur\u00e9e de lecture estim\u00e9e\" \/>\n\t<meta name=\"twitter:data2\" content=\"1 minute\" \/>\n<script type=\"application\/ld+json\" class=\"yoast-schema-graph\">{\"@context\":\"https:\/\/schema.org\",\"@graph\":[{\"@type\":\"Article\",\"@id\":\"https:\/\/constantinianorder.com\/fr\/lombardie-la-delegation-unit-ses-forces-avec-la-fondation-tanghetti-chiari-ets\/#article\",\"isPartOf\":{\"@id\":\"https:\/\/constantinianorder.com\/fr\/lombardie-la-delegation-unit-ses-forces-avec-la-fondation-tanghetti-chiari-ets\/\"},\"author\":{\"name\":\"Terzo Editor Cancelleria\",\"@id\":\"https:\/\/constantinianorder.com\/#\/schema\/person\/5fb5b3aeaa71cb4acb8c3009756c9bd1\"},\"headline\":\"Lombardie : La d\u00e9l\u00e9gation unit ses forces avec la Fondation Tanghetti &amp; Chiari ETS\",\"datePublished\":\"2026-01-03T10:57:00+00:00\",\"dateModified\":\"2026-04-29T15:18:40+00:00\",\"mainEntityOfPage\":{\"@id\":\"https:\/\/constantinianorder.com\/fr\/lombardie-la-delegation-unit-ses-forces-avec-la-fondation-tanghetti-chiari-ets\/\"},\"wordCount\":159,\"publisher\":{\"@id\":\"https:\/\/constantinianorder.com\/#organization\"},\"image\":{\"@id\":\"https:\/\/constantinianorder.com\/fr\/lombardie-la-delegation-unit-ses-forces-avec-la-fondation-tanghetti-chiari-ets\/#primaryimage\"},\"thumbnailUrl\":\"https:\/\/constantinianorder.com\/wp-content\/uploads\/2026\/02\/Don-Arnaldo.jpg\",\"articleSection\":[\"D\u00e9l\u00e9gation de Lombardie\"],\"inLanguage\":\"fr-FR\"},{\"@type\":\"WebPage\",\"@id\":\"https:\/\/constantinianorder.com\/fr\/lombardie-la-delegation-unit-ses-forces-avec-la-fondation-tanghetti-chiari-ets\/\",\"url\":\"https:\/\/constantinianorder.com\/fr\/lombardie-la-delegation-unit-ses-forces-avec-la-fondation-tanghetti-chiari-ets\/\",\"name\":\"Lombardie : La d\u00e9l\u00e9gation unit ses forces avec la Fondation Tanghetti &amp; Chiari ETS - Sacro Militare Ordine Costantiniano di San Giorgio\",\"isPartOf\":{\"@id\":\"https:\/\/constantinianorder.com\/#website\"},\"primaryImageOfPage\":{\"@id\":\"https:\/\/constantinianorder.com\/fr\/lombardie-la-delegation-unit-ses-forces-avec-la-fondation-tanghetti-chiari-ets\/#primaryimage\"},\"image\":{\"@id\":\"https:\/\/constantinianorder.com\/fr\/lombardie-la-delegation-unit-ses-forces-avec-la-fondation-tanghetti-chiari-ets\/#primaryimage\"},\"thumbnailUrl\":\"https:\/\/constantinianorder.com\/wp-content\/uploads\/2026\/02\/Don-Arnaldo.jpg\",\"datePublished\":\"2026-01-03T10:57:00+00:00\",\"dateModified\":\"2026-04-29T15:18:40+00:00\",\"breadcrumb\":{\"@id\":\"https:\/\/constantinianorder.com\/fr\/lombardie-la-delegation-unit-ses-forces-avec-la-fondation-tanghetti-chiari-ets\/#breadcrumb\"},\"inLanguage\":\"fr-FR\",\"potentialAction\":[{\"@type\":\"ReadAction\",\"target\":[\"https:\/\/constantinianorder.com\/fr\/lombardie-la-delegation-unit-ses-forces-avec-la-fondation-tanghetti-chiari-ets\/\"]}]},{\"@type\":\"ImageObject\",\"inLanguage\":\"fr-FR\",\"@id\":\"https:\/\/constantinianorder.com\/fr\/lombardie-la-delegation-unit-ses-forces-avec-la-fondation-tanghetti-chiari-ets\/#primaryimage\",\"url\":\"https:\/\/constantinianorder.com\/wp-content\/uploads\/2026\/02\/Don-Arnaldo.jpg\",\"contentUrl\":\"https:\/\/constantinianorder.com\/wp-content\/uploads\/2026\/02\/Don-Arnaldo.jpg\"},{\"@type\":\"BreadcrumbList\",\"@id\":\"https:\/\/constantinianorder.com\/fr\/lombardie-la-delegation-unit-ses-forces-avec-la-fondation-tanghetti-chiari-ets\/#breadcrumb\",\"itemListElement\":[{\"@type\":\"ListItem\",\"position\":1,\"name\":\"Home\",\"item\":\"https:\/\/constantinianorder.com\/en\/\"},{\"@type\":\"ListItem\",\"position\":2,\"name\":\"Lombardie : La d\u00e9l\u00e9gation unit ses forces avec la Fondation Tanghetti &amp; Chiari ETS\"}]},{\"@type\":\"WebSite\",\"@id\":\"https:\/\/constantinianorder.com\/#website\",\"url\":\"https:\/\/constantinianorder.com\/\",\"name\":\"Sacro Militare Ordine Costantiniano di San Giorgio\",\"description\":\"Ordine Ufficiale\",\"publisher\":{\"@id\":\"https:\/\/constantinianorder.com\/#organization\"},\"potentialAction\":[{\"@type\":\"SearchAction\",\"target\":{\"@type\":\"EntryPoint\",\"urlTemplate\":\"https:\/\/constantinianorder.com\/?s={search_term_string}\"},\"query-input\":{\"@type\":\"PropertyValueSpecification\",\"valueRequired\":true,\"valueName\":\"search_term_string\"}}],\"inLanguage\":\"fr-FR\"},{\"@type\":\"Organization\",\"@id\":\"https:\/\/constantinianorder.com\/#organization\",\"name\":\"Sacro Militare Ordine Costantiniano di San Giorgio\",\"url\":\"https:\/\/constantinianorder.com\/\",\"logo\":{\"@type\":\"ImageObject\",\"inLanguage\":\"fr-FR\",\"@id\":\"https:\/\/constantinianorder.com\/#\/schema\/logo\/image\/\",\"url\":\"https:\/\/constantinianorder.com\/wp-content\/uploads\/2025\/10\/cropped-logo-costantiniano.png\",\"contentUrl\":\"https:\/\/constantinianorder.com\/wp-content\/uploads\/2025\/10\/cropped-logo-costantiniano.png\",\"width\":512,\"height\":512,\"caption\":\"Sacro Militare Ordine Costantiniano di San Giorgio\"},\"image\":{\"@id\":\"https:\/\/constantinianorder.com\/#\/schema\/logo\/image\/\"},\"sameAs\":[\"https:\/\/www.facebook.com\/constantinianorder\",\"https:\/\/www.instagram.com\/constantinianorder\/\",\"https:\/\/www.youtube.com\/@granmagisterodelsacromilit9375\"]},{\"@type\":\"Person\",\"@id\":\"https:\/\/constantinianorder.com\/#\/schema\/person\/5fb5b3aeaa71cb4acb8c3009756c9bd1\",\"name\":\"Terzo Editor Cancelleria\",\"url\":\"https:\/\/constantinianorder.com\/fr\/author\/cancelleria3\/\"}]}<\/script>\n<!-- \/ Yoast SEO plugin. -->","yoast_head_json":{"title":"Lombardie : La d\u00e9l\u00e9gation unit ses forces avec la Fondation Tanghetti &amp; Chiari ETS - Sacro Militare Ordine Costantiniano di San Giorgio","robots":{"index":"index","follow":"follow","max-snippet":"max-snippet:-1","max-image-preview":"max-image-preview:large","max-video-preview":"max-video-preview:-1"},"canonical":"https:\/\/constantinianorder.com\/fr\/lombardie-la-delegation-unit-ses-forces-avec-la-fondation-tanghetti-chiari-ets\/","og_locale":"fr_FR","og_type":"article","og_title":"Lombardie : La d\u00e9l\u00e9gation unit ses forces avec la Fondation Tanghetti &amp; Chiari ETS - Sacro Militare Ordine Costantiniano di San Giorgio","og_description":"Milan, 3 janvier 2026 \u2013 La mission \u00ab Tendopoli de San Ferdinando \u00bb de la Fondation Tanghetti &amp; Chiari ETS a d\u00e9but\u00e9 : \u00e0 1 160 km de distance, Fiorella Tanghetti, Katia Chiari et neuf volontaires ont apport\u00e9 une cargaison d\u2019aide humanitaire \u00e0 la \u00ab Tendopoli de San Ferdinando \u00bb, \u00e0 Reggio Calabria. Avec environ [&hellip;]","og_url":"https:\/\/constantinianorder.com\/fr\/lombardie-la-delegation-unit-ses-forces-avec-la-fondation-tanghetti-chiari-ets\/","og_site_name":"Sacro Militare Ordine Costantiniano di San Giorgio","article_publisher":"https:\/\/www.facebook.com\/constantinianorder","article_published_time":"2026-01-03T10:57:00+00:00","article_modified_time":"2026-04-29T15:18:40+00:00","og_image":[{"width":576,"height":432,"url":"https:\/\/constantinianorder.com\/wp-content\/uploads\/2026\/02\/Don-Arnaldo.jpg","type":"image\/webp"}],"author":"Terzo Editor Cancelleria","twitter_card":"summary_large_image","twitter_misc":{"\u00c9crit par":"Terzo Editor Cancelleria","Dur\u00e9e de lecture estim\u00e9e":"1 minute"},"schema":{"@context":"https:\/\/schema.org","@graph":[{"@type":"Article","@id":"https:\/\/constantinianorder.com\/fr\/lombardie-la-delegation-unit-ses-forces-avec-la-fondation-tanghetti-chiari-ets\/#article","isPartOf":{"@id":"https:\/\/constantinianorder.com\/fr\/lombardie-la-delegation-unit-ses-forces-avec-la-fondation-tanghetti-chiari-ets\/"},"author":{"name":"Terzo Editor Cancelleria","@id":"https:\/\/constantinianorder.com\/#\/schema\/person\/5fb5b3aeaa71cb4acb8c3009756c9bd1"},"headline":"Lombardie : La d\u00e9l\u00e9gation unit ses forces avec la Fondation Tanghetti &amp; Chiari ETS","datePublished":"2026-01-03T10:57:00+00:00","dateModified":"2026-04-29T15:18:40+00:00","mainEntityOfPage":{"@id":"https:\/\/constantinianorder.com\/fr\/lombardie-la-delegation-unit-ses-forces-avec-la-fondation-tanghetti-chiari-ets\/"},"wordCount":159,"publisher":{"@id":"https:\/\/constantinianorder.com\/#organization"},"image":{"@id":"https:\/\/constantinianorder.com\/fr\/lombardie-la-delegation-unit-ses-forces-avec-la-fondation-tanghetti-chiari-ets\/#primaryimage"},"thumbnailUrl":"https:\/\/constantinianorder.com\/wp-content\/uploads\/2026\/02\/Don-Arnaldo.jpg","articleSection":["D\u00e9l\u00e9gation de Lombardie"],"inLanguage":"fr-FR"},{"@type":"WebPage","@id":"https:\/\/constantinianorder.com\/fr\/lombardie-la-delegation-unit-ses-forces-avec-la-fondation-tanghetti-chiari-ets\/","url":"https:\/\/constantinianorder.com\/fr\/lombardie-la-delegation-unit-ses-forces-avec-la-fondation-tanghetti-chiari-ets\/","name":"Lombardie : La d\u00e9l\u00e9gation unit ses forces avec la Fondation Tanghetti &amp; Chiari ETS - Sacro Militare Ordine Costantiniano di San Giorgio","isPartOf":{"@id":"https:\/\/constantinianorder.com\/#website"},"primaryImageOfPage":{"@id":"https:\/\/constantinianorder.com\/fr\/lombardie-la-delegation-unit-ses-forces-avec-la-fondation-tanghetti-chiari-ets\/#primaryimage"},"image":{"@id":"https:\/\/constantinianorder.com\/fr\/lombardie-la-delegation-unit-ses-forces-avec-la-fondation-tanghetti-chiari-ets\/#primaryimage"},"thumbnailUrl":"https:\/\/constantinianorder.com\/wp-content\/uploads\/2026\/02\/Don-Arnaldo.jpg","datePublished":"2026-01-03T10:57:00+00:00","dateModified":"2026-04-29T15:18:40+00:00","breadcrumb":{"@id":"https:\/\/constantinianorder.com\/fr\/lombardie-la-delegation-unit-ses-forces-avec-la-fondation-tanghetti-chiari-ets\/#breadcrumb"},"inLanguage":"fr-FR","potentialAction":[{"@type":"ReadAction","target":["https:\/\/constantinianorder.com\/fr\/lombardie-la-delegation-unit-ses-forces-avec-la-fondation-tanghetti-chiari-ets\/"]}]},{"@type":"ImageObject","inLanguage":"fr-FR","@id":"https:\/\/constantinianorder.com\/fr\/lombardie-la-delegation-unit-ses-forces-avec-la-fondation-tanghetti-chiari-ets\/#primaryimage","url":"https:\/\/constantinianorder.com\/wp-content\/uploads\/2026\/02\/Don-Arnaldo.jpg","contentUrl":"https:\/\/constantinianorder.com\/wp-content\/uploads\/2026\/02\/Don-Arnaldo.jpg"},{"@type":"BreadcrumbList","@id":"https:\/\/constantinianorder.com\/fr\/lombardie-la-delegation-unit-ses-forces-avec-la-fondation-tanghetti-chiari-ets\/#breadcrumb","itemListElement":[{"@type":"ListItem","position":1,"name":"Home","item":"https:\/\/constantinianorder.com\/en\/"},{"@type":"ListItem","position":2,"name":"Lombardie : La d\u00e9l\u00e9gation unit ses forces avec la Fondation Tanghetti &amp; Chiari ETS"}]},{"@type":"WebSite","@id":"https:\/\/constantinianorder.com\/#website","url":"https:\/\/constantinianorder.com\/","name":"Sacro Militare Ordine Costantiniano di San Giorgio","description":"Ordine Ufficiale","publisher":{"@id":"https:\/\/constantinianorder.com\/#organization"},"potentialAction":[{"@type":"SearchAction","target":{"@type":"EntryPoint","urlTemplate":"https:\/\/constantinianorder.com\/?s={search_term_string}"},"query-input":{"@type":"PropertyValueSpecification","valueRequired":true,"valueName":"search_term_string"}}],"inLanguage":"fr-FR"},{"@type":"Organization","@id":"https:\/\/constantinianorder.com\/#organization","name":"Sacro Militare Ordine Costantiniano di San Giorgio","url":"https:\/\/constantinianorder.com\/","logo":{"@type":"ImageObject","inLanguage":"fr-FR","@id":"https:\/\/constantinianorder.com\/#\/schema\/logo\/image\/","url":"https:\/\/constantinianorder.com\/wp-content\/uploads\/2025\/10\/cropped-logo-costantiniano.png","contentUrl":"https:\/\/constantinianorder.com\/wp-content\/uploads\/2025\/10\/cropped-logo-costantiniano.png","width":512,"height":512,"caption":"Sacro Militare Ordine Costantiniano di San Giorgio"},"image":{"@id":"https:\/\/constantinianorder.com\/#\/schema\/logo\/image\/"},"sameAs":["https:\/\/www.facebook.com\/constantinianorder","https:\/\/www.instagram.com\/constantinianorder\/","https:\/\/www.youtube.com\/@granmagisterodelsacromilit9375"]},{"@type":"Person","@id":"https:\/\/constantinianorder.com\/#\/schema\/person\/5fb5b3aeaa71cb4acb8c3009756c9bd1","name":"Terzo Editor Cancelleria","url":"https:\/\/constantinianorder.com\/fr\/author\/cancelleria3\/"}]}},"_links":{"self":[{"href":"https:\/\/constantinianorder.com\/fr\/wp-json\/wp\/v2\/posts\/105280","targetHints":{"allow":["GET"]}}],"collection":[{"href":"https:\/\/constantinianorder.com\/fr\/wp-json\/wp\/v2\/posts"}],"about":[{"href":"https:\/\/constantinianorder.com\/fr\/wp-json\/wp\/v2\/types\/post"}],"author":[{"embeddable":true,"href":"https:\/\/constantinianorder.com\/fr\/wp-json\/wp\/v2\/users\/10"}],"replies":[{"embeddable":true,"href":"https:\/\/constantinianorder.com\/fr\/wp-json\/wp\/v2\/comments?post=105280"}],"version-history":[{"count":1,"href":"https:\/\/constantinianorder.com\/fr\/wp-json\/wp\/v2\/posts\/105280\/revisions"}],"predecessor-version":[{"id":105281,"href":"https:\/\/constantinianorder.com\/fr\/wp-json\/wp\/v2\/posts\/105280\/revisions\/105281"}],"wp:attachment":[{"href":"https:\/\/constantinianorder.com\/fr\/wp-json\/wp\/v2\/media?parent=105280"}],"wp:term":[{"taxonomy":"category","embeddable":true,"href":"https:\/\/constantinianorder.com\/fr\/wp-json\/wp\/v2\/categories?post=105280"},{"taxonomy":"post_tag","embeddable":true,"href":"https:\/\/constantinianorder.com\/fr\/wp-json\/wp\/v2\/tags?post=105280"}],"curies":[{"name":"wp","href":"https:\/\/api.w.org\/{rel}","templated":true}]}}