{"id":105071,"date":"2026-04-24T10:30:44","date_gmt":"2026-04-24T10:30:44","guid":{"rendered":"https:\/\/constantinianorder.com\/remerciements-et-nomination-dun-nouveau-delegue-pour-la-toscane\/"},"modified":"2026-04-28T08:48:08","modified_gmt":"2026-04-28T08:48:08","slug":"remerciements-et-nomination-dun-nouveau-delegue-pour-la-toscane","status":"publish","type":"post","link":"https:\/\/constantinianorder.com\/fr\/remerciements-et-nomination-dun-nouveau-delegue-pour-la-toscane\/","title":{"rendered":"Remerciements et nomination d\u2019un nouveau D\u00e9l\u00e9gu\u00e9 pour la Toscane"},"content":{"rendered":"\n<p><\/p>\n\n<p>Rome, 23 avril 2026 \u2013 S.A.R. le Prince Charles de Bourbon des Deux-Siciles, Duc de Castro et Grand Ma\u00eetre, souhaite exprimer sa plus vive appr\u00e9ciation et ses sinc\u00e8res remerciements au Noble Ranieri Gastone, Comte Adorni Braccesi, pour l\u2019engagement dont il a fait preuve au cours de ces ann\u00e9es durant lesquelles il a dirig\u00e9 avec excellence la D\u00e9l\u00e9gation, \u00e0 la suite de sa d\u00e9mission de la fonction de D\u00e9l\u00e9gu\u00e9 pour la Toscane.<br\/><br\/>En ce jour, S.A.R. le Prince Charles a d\u00e9cid\u00e9 de nommer en qualit\u00e9 de nouveau D\u00e9l\u00e9gu\u00e9 pour la Toscane le Comte Guido Francesco Poccianti, Noble de Livorno, <em>Chevalier de Justice<\/em>. Le nouveau D\u00e9l\u00e9gu\u00e9 peut \u00eatre contact\u00e9 \u00e0 l\u2019adresse \u00e9lectronique suivante : <a href=\"mailto:delegato.toscana@ordine-costantiniano.it\">delegato.toscana@ordine-costantiniano.it<\/a> <\/p>\n","protected":false},"excerpt":{"rendered":"<p>Rome, 23 avril 2026 \u2013 S.A.R. le Prince Charles de Bourbon des Deux-Siciles, Duc de Castro et Grand Ma\u00eetre, souhaite exprimer sa plus vive appr\u00e9ciation et ses sinc\u00e8res remerciements au Noble Ranieri Gastone, Comte Adorni Braccesi, pour l\u2019engagement dont il a fait preuve au cours de ces ann\u00e9es durant lesquelles il a dirig\u00e9 avec excellence [&hellip;]<\/p>\n","protected":false},"author":10,"featured_media":0,"comment_status":"closed","ping_status":"closed","sticky":false,"template":"","format":"standard","meta":{"footnotes":""},"categories":[85],"tags":[],"class_list":["post-105071","post","type-post","status-publish","format-standard","hentry","category-communiques-du-grand-magistere"],"yoast_head":"<!-- This site is optimized with the Yoast SEO plugin v26.5 - https:\/\/yoast.com\/wordpress\/plugins\/seo\/ -->\n<title>Remerciements et nomination d\u2019un nouveau D\u00e9l\u00e9gu\u00e9 pour la Toscane - Sacro Militare Ordine Costantiniano di San Giorgio<\/title>\n<meta name=\"robots\" content=\"index, follow, max-snippet:-1, max-image-preview:large, max-video-preview:-1\" \/>\n<link rel=\"canonical\" href=\"https:\/\/constantinianorder.com\/fr\/remerciements-et-nomination-dun-nouveau-delegue-pour-la-toscane\/\" \/>\n<meta property=\"og:locale\" content=\"fr_FR\" \/>\n<meta property=\"og:type\" content=\"article\" \/>\n<meta property=\"og:title\" content=\"Remerciements et nomination d\u2019un nouveau D\u00e9l\u00e9gu\u00e9 pour la Toscane - Sacro Militare Ordine Costantiniano di San Giorgio\" \/>\n<meta property=\"og:description\" content=\"Rome, 23 avril 2026 \u2013 S.A.R. le Prince Charles de Bourbon des Deux-Siciles, Duc de Castro et Grand Ma\u00eetre, souhaite exprimer sa plus vive appr\u00e9ciation et ses sinc\u00e8res remerciements au Noble Ranieri Gastone, Comte Adorni Braccesi, pour l\u2019engagement dont il a fait preuve au cours de ces ann\u00e9es durant lesquelles il a dirig\u00e9 avec excellence [&hellip;]\" \/>\n<meta property=\"og:url\" content=\"https:\/\/constantinianorder.com\/fr\/remerciements-et-nomination-dun-nouveau-delegue-pour-la-toscane\/\" \/>\n<meta property=\"og:site_name\" content=\"Sacro Militare Ordine Costantiniano di San Giorgio\" \/>\n<meta property=\"article:publisher\" content=\"https:\/\/www.facebook.com\/constantinianorder\" \/>\n<meta property=\"article:published_time\" content=\"2026-04-24T10:30:44+00:00\" \/>\n<meta property=\"article:modified_time\" content=\"2026-04-28T08:48:08+00:00\" \/>\n<meta name=\"author\" content=\"Terzo Editor Cancelleria\" \/>\n<meta name=\"twitter:card\" content=\"summary_large_image\" \/>\n<meta name=\"twitter:label1\" content=\"\u00c9crit par\" \/>\n\t<meta name=\"twitter:data1\" content=\"Terzo Editor Cancelleria\" \/>\n\t<meta name=\"twitter:label2\" content=\"Dur\u00e9e de lecture estim\u00e9e\" \/>\n\t<meta name=\"twitter:data2\" content=\"1 minute\" \/>\n<script type=\"application\/ld+json\" class=\"yoast-schema-graph\">{\"@context\":\"https:\/\/schema.org\",\"@graph\":[{\"@type\":\"Article\",\"@id\":\"https:\/\/constantinianorder.com\/fr\/remerciements-et-nomination-dun-nouveau-delegue-pour-la-toscane\/#article\",\"isPartOf\":{\"@id\":\"https:\/\/constantinianorder.com\/fr\/remerciements-et-nomination-dun-nouveau-delegue-pour-la-toscane\/\"},\"author\":{\"name\":\"Terzo Editor Cancelleria\",\"@id\":\"https:\/\/constantinianorder.com\/#\/schema\/person\/5fb5b3aeaa71cb4acb8c3009756c9bd1\"},\"headline\":\"Remerciements et nomination d\u2019un nouveau D\u00e9l\u00e9gu\u00e9 pour la Toscane\",\"datePublished\":\"2026-04-24T10:30:44+00:00\",\"dateModified\":\"2026-04-28T08:48:08+00:00\",\"mainEntityOfPage\":{\"@id\":\"https:\/\/constantinianorder.com\/fr\/remerciements-et-nomination-dun-nouveau-delegue-pour-la-toscane\/\"},\"wordCount\":142,\"publisher\":{\"@id\":\"https:\/\/constantinianorder.com\/#organization\"},\"articleSection\":[\"Communiqu\u00e9s du Grand Magist\u00e8re\"],\"inLanguage\":\"fr-FR\"},{\"@type\":\"WebPage\",\"@id\":\"https:\/\/constantinianorder.com\/fr\/remerciements-et-nomination-dun-nouveau-delegue-pour-la-toscane\/\",\"url\":\"https:\/\/constantinianorder.com\/fr\/remerciements-et-nomination-dun-nouveau-delegue-pour-la-toscane\/\",\"name\":\"Remerciements et nomination d\u2019un nouveau D\u00e9l\u00e9gu\u00e9 pour la Toscane - Sacro Militare Ordine Costantiniano di San Giorgio\",\"isPartOf\":{\"@id\":\"https:\/\/constantinianorder.com\/#website\"},\"datePublished\":\"2026-04-24T10:30:44+00:00\",\"dateModified\":\"2026-04-28T08:48:08+00:00\",\"breadcrumb\":{\"@id\":\"https:\/\/constantinianorder.com\/fr\/remerciements-et-nomination-dun-nouveau-delegue-pour-la-toscane\/#breadcrumb\"},\"inLanguage\":\"fr-FR\",\"potentialAction\":[{\"@type\":\"ReadAction\",\"target\":[\"https:\/\/constantinianorder.com\/fr\/remerciements-et-nomination-dun-nouveau-delegue-pour-la-toscane\/\"]}]},{\"@type\":\"BreadcrumbList\",\"@id\":\"https:\/\/constantinianorder.com\/fr\/remerciements-et-nomination-dun-nouveau-delegue-pour-la-toscane\/#breadcrumb\",\"itemListElement\":[{\"@type\":\"ListItem\",\"position\":1,\"name\":\"Home\",\"item\":\"https:\/\/constantinianorder.com\/en\/\"},{\"@type\":\"ListItem\",\"position\":2,\"name\":\"Remerciements et nomination d\u2019un nouveau D\u00e9l\u00e9gu\u00e9 pour la Toscane\"}]},{\"@type\":\"WebSite\",\"@id\":\"https:\/\/constantinianorder.com\/#website\",\"url\":\"https:\/\/constantinianorder.com\/\",\"name\":\"Sacro Militare Ordine Costantiniano di San Giorgio\",\"description\":\"Ordine Ufficiale\",\"publisher\":{\"@id\":\"https:\/\/constantinianorder.com\/#organization\"},\"potentialAction\":[{\"@type\":\"SearchAction\",\"target\":{\"@type\":\"EntryPoint\",\"urlTemplate\":\"https:\/\/constantinianorder.com\/?s={search_term_string}\"},\"query-input\":{\"@type\":\"PropertyValueSpecification\",\"valueRequired\":true,\"valueName\":\"search_term_string\"}}],\"inLanguage\":\"fr-FR\"},{\"@type\":\"Organization\",\"@id\":\"https:\/\/constantinianorder.com\/#organization\",\"name\":\"Sacro Militare Ordine Costantiniano di San Giorgio\",\"url\":\"https:\/\/constantinianorder.com\/\",\"logo\":{\"@type\":\"ImageObject\",\"inLanguage\":\"fr-FR\",\"@id\":\"https:\/\/constantinianorder.com\/#\/schema\/logo\/image\/\",\"url\":\"https:\/\/constantinianorder.com\/wp-content\/uploads\/2025\/10\/cropped-logo-costantiniano.png\",\"contentUrl\":\"https:\/\/constantinianorder.com\/wp-content\/uploads\/2025\/10\/cropped-logo-costantiniano.png\",\"width\":512,\"height\":512,\"caption\":\"Sacro Militare Ordine Costantiniano di San Giorgio\"},\"image\":{\"@id\":\"https:\/\/constantinianorder.com\/#\/schema\/logo\/image\/\"},\"sameAs\":[\"https:\/\/www.facebook.com\/constantinianorder\",\"https:\/\/www.instagram.com\/constantinianorder\/\",\"https:\/\/www.youtube.com\/@granmagisterodelsacromilit9375\"]},{\"@type\":\"Person\",\"@id\":\"https:\/\/constantinianorder.com\/#\/schema\/person\/5fb5b3aeaa71cb4acb8c3009756c9bd1\",\"name\":\"Terzo Editor Cancelleria\",\"url\":\"https:\/\/constantinianorder.com\/fr\/author\/cancelleria3\/\"}]}<\/script>\n<!-- \/ Yoast SEO plugin. -->","yoast_head_json":{"title":"Remerciements et nomination d\u2019un nouveau D\u00e9l\u00e9gu\u00e9 pour la Toscane - Sacro Militare Ordine Costantiniano di San Giorgio","robots":{"index":"index","follow":"follow","max-snippet":"max-snippet:-1","max-image-preview":"max-image-preview:large","max-video-preview":"max-video-preview:-1"},"canonical":"https:\/\/constantinianorder.com\/fr\/remerciements-et-nomination-dun-nouveau-delegue-pour-la-toscane\/","og_locale":"fr_FR","og_type":"article","og_title":"Remerciements et nomination d\u2019un nouveau D\u00e9l\u00e9gu\u00e9 pour la Toscane - Sacro Militare Ordine Costantiniano di San Giorgio","og_description":"Rome, 23 avril 2026 \u2013 S.A.R. le Prince Charles de Bourbon des Deux-Siciles, Duc de Castro et Grand Ma\u00eetre, souhaite exprimer sa plus vive appr\u00e9ciation et ses sinc\u00e8res remerciements au Noble Ranieri Gastone, Comte Adorni Braccesi, pour l\u2019engagement dont il a fait preuve au cours de ces ann\u00e9es durant lesquelles il a dirig\u00e9 avec excellence [&hellip;]","og_url":"https:\/\/constantinianorder.com\/fr\/remerciements-et-nomination-dun-nouveau-delegue-pour-la-toscane\/","og_site_name":"Sacro Militare Ordine Costantiniano di San Giorgio","article_publisher":"https:\/\/www.facebook.com\/constantinianorder","article_published_time":"2026-04-24T10:30:44+00:00","article_modified_time":"2026-04-28T08:48:08+00:00","author":"Terzo Editor Cancelleria","twitter_card":"summary_large_image","twitter_misc":{"\u00c9crit par":"Terzo Editor Cancelleria","Dur\u00e9e de lecture estim\u00e9e":"1 minute"},"schema":{"@context":"https:\/\/schema.org","@graph":[{"@type":"Article","@id":"https:\/\/constantinianorder.com\/fr\/remerciements-et-nomination-dun-nouveau-delegue-pour-la-toscane\/#article","isPartOf":{"@id":"https:\/\/constantinianorder.com\/fr\/remerciements-et-nomination-dun-nouveau-delegue-pour-la-toscane\/"},"author":{"name":"Terzo Editor Cancelleria","@id":"https:\/\/constantinianorder.com\/#\/schema\/person\/5fb5b3aeaa71cb4acb8c3009756c9bd1"},"headline":"Remerciements et nomination d\u2019un nouveau D\u00e9l\u00e9gu\u00e9 pour la Toscane","datePublished":"2026-04-24T10:30:44+00:00","dateModified":"2026-04-28T08:48:08+00:00","mainEntityOfPage":{"@id":"https:\/\/constantinianorder.com\/fr\/remerciements-et-nomination-dun-nouveau-delegue-pour-la-toscane\/"},"wordCount":142,"publisher":{"@id":"https:\/\/constantinianorder.com\/#organization"},"articleSection":["Communiqu\u00e9s du Grand Magist\u00e8re"],"inLanguage":"fr-FR"},{"@type":"WebPage","@id":"https:\/\/constantinianorder.com\/fr\/remerciements-et-nomination-dun-nouveau-delegue-pour-la-toscane\/","url":"https:\/\/constantinianorder.com\/fr\/remerciements-et-nomination-dun-nouveau-delegue-pour-la-toscane\/","name":"Remerciements et nomination d\u2019un nouveau D\u00e9l\u00e9gu\u00e9 pour la Toscane - Sacro Militare Ordine Costantiniano di San Giorgio","isPartOf":{"@id":"https:\/\/constantinianorder.com\/#website"},"datePublished":"2026-04-24T10:30:44+00:00","dateModified":"2026-04-28T08:48:08+00:00","breadcrumb":{"@id":"https:\/\/constantinianorder.com\/fr\/remerciements-et-nomination-dun-nouveau-delegue-pour-la-toscane\/#breadcrumb"},"inLanguage":"fr-FR","potentialAction":[{"@type":"ReadAction","target":["https:\/\/constantinianorder.com\/fr\/remerciements-et-nomination-dun-nouveau-delegue-pour-la-toscane\/"]}]},{"@type":"BreadcrumbList","@id":"https:\/\/constantinianorder.com\/fr\/remerciements-et-nomination-dun-nouveau-delegue-pour-la-toscane\/#breadcrumb","itemListElement":[{"@type":"ListItem","position":1,"name":"Home","item":"https:\/\/constantinianorder.com\/en\/"},{"@type":"ListItem","position":2,"name":"Remerciements et nomination d\u2019un nouveau D\u00e9l\u00e9gu\u00e9 pour la Toscane"}]},{"@type":"WebSite","@id":"https:\/\/constantinianorder.com\/#website","url":"https:\/\/constantinianorder.com\/","name":"Sacro Militare Ordine Costantiniano di San Giorgio","description":"Ordine Ufficiale","publisher":{"@id":"https:\/\/constantinianorder.com\/#organization"},"potentialAction":[{"@type":"SearchAction","target":{"@type":"EntryPoint","urlTemplate":"https:\/\/constantinianorder.com\/?s={search_term_string}"},"query-input":{"@type":"PropertyValueSpecification","valueRequired":true,"valueName":"search_term_string"}}],"inLanguage":"fr-FR"},{"@type":"Organization","@id":"https:\/\/constantinianorder.com\/#organization","name":"Sacro Militare Ordine Costantiniano di San Giorgio","url":"https:\/\/constantinianorder.com\/","logo":{"@type":"ImageObject","inLanguage":"fr-FR","@id":"https:\/\/constantinianorder.com\/#\/schema\/logo\/image\/","url":"https:\/\/constantinianorder.com\/wp-content\/uploads\/2025\/10\/cropped-logo-costantiniano.png","contentUrl":"https:\/\/constantinianorder.com\/wp-content\/uploads\/2025\/10\/cropped-logo-costantiniano.png","width":512,"height":512,"caption":"Sacro Militare Ordine Costantiniano di San Giorgio"},"image":{"@id":"https:\/\/constantinianorder.com\/#\/schema\/logo\/image\/"},"sameAs":["https:\/\/www.facebook.com\/constantinianorder","https:\/\/www.instagram.com\/constantinianorder\/","https:\/\/www.youtube.com\/@granmagisterodelsacromilit9375"]},{"@type":"Person","@id":"https:\/\/constantinianorder.com\/#\/schema\/person\/5fb5b3aeaa71cb4acb8c3009756c9bd1","name":"Terzo Editor Cancelleria","url":"https:\/\/constantinianorder.com\/fr\/author\/cancelleria3\/"}]}},"_links":{"self":[{"href":"https:\/\/constantinianorder.com\/fr\/wp-json\/wp\/v2\/posts\/105071","targetHints":{"allow":["GET"]}}],"collection":[{"href":"https:\/\/constantinianorder.com\/fr\/wp-json\/wp\/v2\/posts"}],"about":[{"href":"https:\/\/constantinianorder.com\/fr\/wp-json\/wp\/v2\/types\/post"}],"author":[{"embeddable":true,"href":"https:\/\/constantinianorder.com\/fr\/wp-json\/wp\/v2\/users\/10"}],"replies":[{"embeddable":true,"href":"https:\/\/constantinianorder.com\/fr\/wp-json\/wp\/v2\/comments?post=105071"}],"version-history":[{"count":1,"href":"https:\/\/constantinianorder.com\/fr\/wp-json\/wp\/v2\/posts\/105071\/revisions"}],"predecessor-version":[{"id":105072,"href":"https:\/\/constantinianorder.com\/fr\/wp-json\/wp\/v2\/posts\/105071\/revisions\/105072"}],"wp:attachment":[{"href":"https:\/\/constantinianorder.com\/fr\/wp-json\/wp\/v2\/media?parent=105071"}],"wp:term":[{"taxonomy":"category","embeddable":true,"href":"https:\/\/constantinianorder.com\/fr\/wp-json\/wp\/v2\/categories?post=105071"},{"taxonomy":"post_tag","embeddable":true,"href":"https:\/\/constantinianorder.com\/fr\/wp-json\/wp\/v2\/tags?post=105071"}],"curies":[{"name":"wp","href":"https:\/\/api.w.org\/{rel}","templated":true}]}}