{"id":105061,"date":"2026-04-17T13:28:00","date_gmt":"2026-04-17T13:28:00","guid":{"rendered":"https:\/\/constantinianorder.com\/calabre-don-au-centre-il-samaritano\/"},"modified":"2026-04-28T07:57:30","modified_gmt":"2026-04-28T07:57:30","slug":"calabre-don-au-centre-il-samaritano","status":"publish","type":"post","link":"https:\/\/constantinianorder.com\/fr\/calabre-don-au-centre-il-samaritano\/","title":{"rendered":"Calabre : Don au centre \u00ab Il Samaritano \u00bb"},"content":{"rendered":"\n<p><\/p>\n\n<p>Polistena (RC), 15 avril 2026 \u2013 La D\u00e9l\u00e9gation de Calabre a promu et r\u00e9alis\u00e9 un don de denr\u00e9es alimentaires au centre \u00ab Il Samaritano \u00bb de Polistena. Cette initiative s\u2019inscrit dans le cadre des actions d\u2019aide aux plus d\u00e9munis mises en \u0153uvre pendant la p\u00e9riode pascale et rev\u00eat une signification encore plus profonde : non seulement un soutien concret aux plus fragiles, mais aussi un signe de renouveau, d\u2019esp\u00e9rance et de renaissance, dans l&rsquo;esprit du message chr\u00e9tien de P\u00e2ques. <\/p>\n\n<figure class=\"wp-block-image aligncenter size-large\"><img decoding=\"async\" src=\"https:\/\/constantinianorder.com\/wp-content\/uploads\/2026\/04\/donazione-centro-Il-Samaritano-1024x768.jpeg\" alt=\"\" class=\"wp-image-105021\"\/><\/figure>\n\n<p><\/p>\n\n<p>Un geste concret n\u00e9 du d\u00e9sir d\u2019offrir une aide r\u00e9elle \u00e0 ceux qui vivent des situations de fragilit\u00e9, en garantissant des biens de premi\u00e8re n\u00e9cessit\u00e9 et en t\u00e9moignant d\u2019une pr\u00e9sence attentive et solidaire sur le territoire, avec une attention particuli\u00e8re aux enfants et aux familles en difficult\u00e9. \u00c0 travers des initiatives comme celle-ci, les valeurs propres aux membres du Sacr\u00e9 et Militaire Ordre Constantinien se renouvellent : la charit\u00e9 chr\u00e9tienne, la solidarit\u00e9, la g\u00e9n\u00e9rosit\u00e9 dans le service et l\u2019engagement constant en faveur de la dignit\u00e9 humaine. Des principes qui guident chaque action de la D\u00e9l\u00e9gation de Calabre et qui trouvent une expression concr\u00e8te dans la proximit\u00e9 avec autrui, d\u00e9montrant que les valeurs chr\u00e9tiennes ne sont pas seulement des mots, mais des actions v\u00e9cues au quotidien.  <\/p>\n","protected":false},"excerpt":{"rendered":"<p>Polistena (RC), 15 avril 2026 \u2013 La D\u00e9l\u00e9gation de Calabre a promu et r\u00e9alis\u00e9 un don de denr\u00e9es alimentaires au centre \u00ab Il Samaritano \u00bb de Polistena. Cette initiative s\u2019inscrit dans le cadre des actions d\u2019aide aux plus d\u00e9munis mises en \u0153uvre pendant la p\u00e9riode pascale et rev\u00eat une signification encore plus profonde : non [&hellip;]<\/p>\n","protected":false},"author":10,"featured_media":0,"comment_status":"closed","ping_status":"closed","sticky":false,"template":"","format":"standard","meta":{"footnotes":""},"categories":[174],"tags":[],"class_list":["post-105061","post","type-post","status-publish","format-standard","hentry","category-delegation-de-la-calabre"],"yoast_head":"<!-- This site is optimized with the Yoast SEO plugin v26.5 - https:\/\/yoast.com\/wordpress\/plugins\/seo\/ -->\n<title>Calabre : Don au centre \u00ab Il Samaritano \u00bb - Sacro Militare Ordine Costantiniano di San Giorgio<\/title>\n<meta name=\"robots\" content=\"index, follow, max-snippet:-1, max-image-preview:large, max-video-preview:-1\" \/>\n<link rel=\"canonical\" href=\"https:\/\/constantinianorder.com\/fr\/calabre-don-au-centre-il-samaritano\/\" \/>\n<meta property=\"og:locale\" content=\"fr_FR\" \/>\n<meta property=\"og:type\" content=\"article\" \/>\n<meta property=\"og:title\" content=\"Calabre : Don au centre \u00ab Il Samaritano \u00bb - Sacro Militare Ordine Costantiniano di San Giorgio\" \/>\n<meta property=\"og:description\" content=\"Polistena (RC), 15 avril 2026 \u2013 La D\u00e9l\u00e9gation de Calabre a promu et r\u00e9alis\u00e9 un don de denr\u00e9es alimentaires au centre \u00ab Il Samaritano \u00bb de Polistena. Cette initiative s\u2019inscrit dans le cadre des actions d\u2019aide aux plus d\u00e9munis mises en \u0153uvre pendant la p\u00e9riode pascale et rev\u00eat une signification encore plus profonde : non [&hellip;]\" \/>\n<meta property=\"og:url\" content=\"https:\/\/constantinianorder.com\/fr\/calabre-don-au-centre-il-samaritano\/\" \/>\n<meta property=\"og:site_name\" content=\"Sacro Militare Ordine Costantiniano di San Giorgio\" \/>\n<meta property=\"article:publisher\" content=\"https:\/\/www.facebook.com\/constantinianorder\" \/>\n<meta property=\"article:published_time\" content=\"2026-04-17T13:28:00+00:00\" \/>\n<meta property=\"article:modified_time\" content=\"2026-04-28T07:57:30+00:00\" \/>\n<meta property=\"og:image\" content=\"https:\/\/constantinianorder.com\/wp-content\/uploads\/2026\/04\/donazione-centro-Il-Samaritano.webp\" \/>\n\t<meta property=\"og:image:width\" content=\"1600\" \/>\n\t<meta property=\"og:image:height\" content=\"1200\" \/>\n\t<meta property=\"og:image:type\" content=\"image\/webp\" \/>\n<meta name=\"author\" content=\"Terzo Editor Cancelleria\" \/>\n<meta name=\"twitter:card\" content=\"summary_large_image\" \/>\n<meta name=\"twitter:label1\" content=\"\u00c9crit par\" \/>\n\t<meta name=\"twitter:data1\" content=\"Terzo Editor Cancelleria\" \/>\n\t<meta name=\"twitter:label2\" content=\"Dur\u00e9e de lecture estim\u00e9e\" \/>\n\t<meta name=\"twitter:data2\" content=\"1 minute\" \/>\n<script type=\"application\/ld+json\" class=\"yoast-schema-graph\">{\"@context\":\"https:\/\/schema.org\",\"@graph\":[{\"@type\":\"Article\",\"@id\":\"https:\/\/constantinianorder.com\/fr\/calabre-don-au-centre-il-samaritano\/#article\",\"isPartOf\":{\"@id\":\"https:\/\/constantinianorder.com\/fr\/calabre-don-au-centre-il-samaritano\/\"},\"author\":{\"name\":\"Terzo Editor Cancelleria\",\"@id\":\"https:\/\/constantinianorder.com\/#\/schema\/person\/5fb5b3aeaa71cb4acb8c3009756c9bd1\"},\"headline\":\"Calabre : Don au centre \u00ab Il Samaritano \u00bb\",\"datePublished\":\"2026-04-17T13:28:00+00:00\",\"dateModified\":\"2026-04-28T07:57:30+00:00\",\"mainEntityOfPage\":{\"@id\":\"https:\/\/constantinianorder.com\/fr\/calabre-don-au-centre-il-samaritano\/\"},\"wordCount\":234,\"publisher\":{\"@id\":\"https:\/\/constantinianorder.com\/#organization\"},\"image\":{\"@id\":\"https:\/\/constantinianorder.com\/fr\/calabre-don-au-centre-il-samaritano\/#primaryimage\"},\"thumbnailUrl\":\"https:\/\/constantinianorder.com\/wp-content\/uploads\/2026\/04\/donazione-centro-Il-Samaritano-1024x768.jpeg\",\"articleSection\":[\"D\u00e9l\u00e9gation de la Calabre\"],\"inLanguage\":\"fr-FR\"},{\"@type\":\"WebPage\",\"@id\":\"https:\/\/constantinianorder.com\/fr\/calabre-don-au-centre-il-samaritano\/\",\"url\":\"https:\/\/constantinianorder.com\/fr\/calabre-don-au-centre-il-samaritano\/\",\"name\":\"Calabre : Don au centre \u00ab Il Samaritano \u00bb - Sacro Militare Ordine Costantiniano di San Giorgio\",\"isPartOf\":{\"@id\":\"https:\/\/constantinianorder.com\/#website\"},\"primaryImageOfPage\":{\"@id\":\"https:\/\/constantinianorder.com\/fr\/calabre-don-au-centre-il-samaritano\/#primaryimage\"},\"image\":{\"@id\":\"https:\/\/constantinianorder.com\/fr\/calabre-don-au-centre-il-samaritano\/#primaryimage\"},\"thumbnailUrl\":\"https:\/\/constantinianorder.com\/wp-content\/uploads\/2026\/04\/donazione-centro-Il-Samaritano-1024x768.jpeg\",\"datePublished\":\"2026-04-17T13:28:00+00:00\",\"dateModified\":\"2026-04-28T07:57:30+00:00\",\"breadcrumb\":{\"@id\":\"https:\/\/constantinianorder.com\/fr\/calabre-don-au-centre-il-samaritano\/#breadcrumb\"},\"inLanguage\":\"fr-FR\",\"potentialAction\":[{\"@type\":\"ReadAction\",\"target\":[\"https:\/\/constantinianorder.com\/fr\/calabre-don-au-centre-il-samaritano\/\"]}]},{\"@type\":\"ImageObject\",\"inLanguage\":\"fr-FR\",\"@id\":\"https:\/\/constantinianorder.com\/fr\/calabre-don-au-centre-il-samaritano\/#primaryimage\",\"url\":\"https:\/\/constantinianorder.com\/wp-content\/uploads\/2026\/04\/donazione-centro-Il-Samaritano-1024x768.jpeg\",\"contentUrl\":\"https:\/\/constantinianorder.com\/wp-content\/uploads\/2026\/04\/donazione-centro-Il-Samaritano-1024x768.jpeg\"},{\"@type\":\"BreadcrumbList\",\"@id\":\"https:\/\/constantinianorder.com\/fr\/calabre-don-au-centre-il-samaritano\/#breadcrumb\",\"itemListElement\":[{\"@type\":\"ListItem\",\"position\":1,\"name\":\"Home\",\"item\":\"https:\/\/constantinianorder.com\/en\/\"},{\"@type\":\"ListItem\",\"position\":2,\"name\":\"Calabre : Don au centre \u00ab Il Samaritano \u00bb\"}]},{\"@type\":\"WebSite\",\"@id\":\"https:\/\/constantinianorder.com\/#website\",\"url\":\"https:\/\/constantinianorder.com\/\",\"name\":\"Sacro Militare Ordine Costantiniano di San Giorgio\",\"description\":\"Ordine Ufficiale\",\"publisher\":{\"@id\":\"https:\/\/constantinianorder.com\/#organization\"},\"potentialAction\":[{\"@type\":\"SearchAction\",\"target\":{\"@type\":\"EntryPoint\",\"urlTemplate\":\"https:\/\/constantinianorder.com\/?s={search_term_string}\"},\"query-input\":{\"@type\":\"PropertyValueSpecification\",\"valueRequired\":true,\"valueName\":\"search_term_string\"}}],\"inLanguage\":\"fr-FR\"},{\"@type\":\"Organization\",\"@id\":\"https:\/\/constantinianorder.com\/#organization\",\"name\":\"Sacro Militare Ordine Costantiniano di San Giorgio\",\"url\":\"https:\/\/constantinianorder.com\/\",\"logo\":{\"@type\":\"ImageObject\",\"inLanguage\":\"fr-FR\",\"@id\":\"https:\/\/constantinianorder.com\/#\/schema\/logo\/image\/\",\"url\":\"https:\/\/constantinianorder.com\/wp-content\/uploads\/2025\/10\/cropped-logo-costantiniano.png\",\"contentUrl\":\"https:\/\/constantinianorder.com\/wp-content\/uploads\/2025\/10\/cropped-logo-costantiniano.png\",\"width\":512,\"height\":512,\"caption\":\"Sacro Militare Ordine Costantiniano di San Giorgio\"},\"image\":{\"@id\":\"https:\/\/constantinianorder.com\/#\/schema\/logo\/image\/\"},\"sameAs\":[\"https:\/\/www.facebook.com\/constantinianorder\",\"https:\/\/www.instagram.com\/constantinianorder\/\",\"https:\/\/www.youtube.com\/@granmagisterodelsacromilit9375\"]},{\"@type\":\"Person\",\"@id\":\"https:\/\/constantinianorder.com\/#\/schema\/person\/5fb5b3aeaa71cb4acb8c3009756c9bd1\",\"name\":\"Terzo Editor Cancelleria\",\"url\":\"https:\/\/constantinianorder.com\/fr\/author\/cancelleria3\/\"}]}<\/script>\n<!-- \/ Yoast SEO plugin. -->","yoast_head_json":{"title":"Calabre : Don au centre \u00ab Il Samaritano \u00bb - Sacro Militare Ordine Costantiniano di San Giorgio","robots":{"index":"index","follow":"follow","max-snippet":"max-snippet:-1","max-image-preview":"max-image-preview:large","max-video-preview":"max-video-preview:-1"},"canonical":"https:\/\/constantinianorder.com\/fr\/calabre-don-au-centre-il-samaritano\/","og_locale":"fr_FR","og_type":"article","og_title":"Calabre : Don au centre \u00ab Il Samaritano \u00bb - Sacro Militare Ordine Costantiniano di San Giorgio","og_description":"Polistena (RC), 15 avril 2026 \u2013 La D\u00e9l\u00e9gation de Calabre a promu et r\u00e9alis\u00e9 un don de denr\u00e9es alimentaires au centre \u00ab Il Samaritano \u00bb de Polistena. Cette initiative s\u2019inscrit dans le cadre des actions d\u2019aide aux plus d\u00e9munis mises en \u0153uvre pendant la p\u00e9riode pascale et rev\u00eat une signification encore plus profonde : non [&hellip;]","og_url":"https:\/\/constantinianorder.com\/fr\/calabre-don-au-centre-il-samaritano\/","og_site_name":"Sacro Militare Ordine Costantiniano di San Giorgio","article_publisher":"https:\/\/www.facebook.com\/constantinianorder","article_published_time":"2026-04-17T13:28:00+00:00","article_modified_time":"2026-04-28T07:57:30+00:00","og_image":[{"width":1600,"height":1200,"url":"https:\/\/constantinianorder.com\/wp-content\/uploads\/2026\/04\/donazione-centro-Il-Samaritano.webp","type":"image\/webp"}],"author":"Terzo Editor Cancelleria","twitter_card":"summary_large_image","twitter_misc":{"\u00c9crit par":"Terzo Editor Cancelleria","Dur\u00e9e de lecture estim\u00e9e":"1 minute"},"schema":{"@context":"https:\/\/schema.org","@graph":[{"@type":"Article","@id":"https:\/\/constantinianorder.com\/fr\/calabre-don-au-centre-il-samaritano\/#article","isPartOf":{"@id":"https:\/\/constantinianorder.com\/fr\/calabre-don-au-centre-il-samaritano\/"},"author":{"name":"Terzo Editor Cancelleria","@id":"https:\/\/constantinianorder.com\/#\/schema\/person\/5fb5b3aeaa71cb4acb8c3009756c9bd1"},"headline":"Calabre : Don au centre \u00ab Il Samaritano \u00bb","datePublished":"2026-04-17T13:28:00+00:00","dateModified":"2026-04-28T07:57:30+00:00","mainEntityOfPage":{"@id":"https:\/\/constantinianorder.com\/fr\/calabre-don-au-centre-il-samaritano\/"},"wordCount":234,"publisher":{"@id":"https:\/\/constantinianorder.com\/#organization"},"image":{"@id":"https:\/\/constantinianorder.com\/fr\/calabre-don-au-centre-il-samaritano\/#primaryimage"},"thumbnailUrl":"https:\/\/constantinianorder.com\/wp-content\/uploads\/2026\/04\/donazione-centro-Il-Samaritano-1024x768.jpeg","articleSection":["D\u00e9l\u00e9gation de la Calabre"],"inLanguage":"fr-FR"},{"@type":"WebPage","@id":"https:\/\/constantinianorder.com\/fr\/calabre-don-au-centre-il-samaritano\/","url":"https:\/\/constantinianorder.com\/fr\/calabre-don-au-centre-il-samaritano\/","name":"Calabre : Don au centre \u00ab Il Samaritano \u00bb - Sacro Militare Ordine Costantiniano di San Giorgio","isPartOf":{"@id":"https:\/\/constantinianorder.com\/#website"},"primaryImageOfPage":{"@id":"https:\/\/constantinianorder.com\/fr\/calabre-don-au-centre-il-samaritano\/#primaryimage"},"image":{"@id":"https:\/\/constantinianorder.com\/fr\/calabre-don-au-centre-il-samaritano\/#primaryimage"},"thumbnailUrl":"https:\/\/constantinianorder.com\/wp-content\/uploads\/2026\/04\/donazione-centro-Il-Samaritano-1024x768.jpeg","datePublished":"2026-04-17T13:28:00+00:00","dateModified":"2026-04-28T07:57:30+00:00","breadcrumb":{"@id":"https:\/\/constantinianorder.com\/fr\/calabre-don-au-centre-il-samaritano\/#breadcrumb"},"inLanguage":"fr-FR","potentialAction":[{"@type":"ReadAction","target":["https:\/\/constantinianorder.com\/fr\/calabre-don-au-centre-il-samaritano\/"]}]},{"@type":"ImageObject","inLanguage":"fr-FR","@id":"https:\/\/constantinianorder.com\/fr\/calabre-don-au-centre-il-samaritano\/#primaryimage","url":"https:\/\/constantinianorder.com\/wp-content\/uploads\/2026\/04\/donazione-centro-Il-Samaritano-1024x768.jpeg","contentUrl":"https:\/\/constantinianorder.com\/wp-content\/uploads\/2026\/04\/donazione-centro-Il-Samaritano-1024x768.jpeg"},{"@type":"BreadcrumbList","@id":"https:\/\/constantinianorder.com\/fr\/calabre-don-au-centre-il-samaritano\/#breadcrumb","itemListElement":[{"@type":"ListItem","position":1,"name":"Home","item":"https:\/\/constantinianorder.com\/en\/"},{"@type":"ListItem","position":2,"name":"Calabre : Don au centre \u00ab Il Samaritano \u00bb"}]},{"@type":"WebSite","@id":"https:\/\/constantinianorder.com\/#website","url":"https:\/\/constantinianorder.com\/","name":"Sacro Militare Ordine Costantiniano di San Giorgio","description":"Ordine Ufficiale","publisher":{"@id":"https:\/\/constantinianorder.com\/#organization"},"potentialAction":[{"@type":"SearchAction","target":{"@type":"EntryPoint","urlTemplate":"https:\/\/constantinianorder.com\/?s={search_term_string}"},"query-input":{"@type":"PropertyValueSpecification","valueRequired":true,"valueName":"search_term_string"}}],"inLanguage":"fr-FR"},{"@type":"Organization","@id":"https:\/\/constantinianorder.com\/#organization","name":"Sacro Militare Ordine Costantiniano di San Giorgio","url":"https:\/\/constantinianorder.com\/","logo":{"@type":"ImageObject","inLanguage":"fr-FR","@id":"https:\/\/constantinianorder.com\/#\/schema\/logo\/image\/","url":"https:\/\/constantinianorder.com\/wp-content\/uploads\/2025\/10\/cropped-logo-costantiniano.png","contentUrl":"https:\/\/constantinianorder.com\/wp-content\/uploads\/2025\/10\/cropped-logo-costantiniano.png","width":512,"height":512,"caption":"Sacro Militare Ordine Costantiniano di San Giorgio"},"image":{"@id":"https:\/\/constantinianorder.com\/#\/schema\/logo\/image\/"},"sameAs":["https:\/\/www.facebook.com\/constantinianorder","https:\/\/www.instagram.com\/constantinianorder\/","https:\/\/www.youtube.com\/@granmagisterodelsacromilit9375"]},{"@type":"Person","@id":"https:\/\/constantinianorder.com\/#\/schema\/person\/5fb5b3aeaa71cb4acb8c3009756c9bd1","name":"Terzo Editor Cancelleria","url":"https:\/\/constantinianorder.com\/fr\/author\/cancelleria3\/"}]}},"_links":{"self":[{"href":"https:\/\/constantinianorder.com\/fr\/wp-json\/wp\/v2\/posts\/105061","targetHints":{"allow":["GET"]}}],"collection":[{"href":"https:\/\/constantinianorder.com\/fr\/wp-json\/wp\/v2\/posts"}],"about":[{"href":"https:\/\/constantinianorder.com\/fr\/wp-json\/wp\/v2\/types\/post"}],"author":[{"embeddable":true,"href":"https:\/\/constantinianorder.com\/fr\/wp-json\/wp\/v2\/users\/10"}],"replies":[{"embeddable":true,"href":"https:\/\/constantinianorder.com\/fr\/wp-json\/wp\/v2\/comments?post=105061"}],"version-history":[{"count":1,"href":"https:\/\/constantinianorder.com\/fr\/wp-json\/wp\/v2\/posts\/105061\/revisions"}],"predecessor-version":[{"id":105062,"href":"https:\/\/constantinianorder.com\/fr\/wp-json\/wp\/v2\/posts\/105061\/revisions\/105062"}],"wp:attachment":[{"href":"https:\/\/constantinianorder.com\/fr\/wp-json\/wp\/v2\/media?parent=105061"}],"wp:term":[{"taxonomy":"category","embeddable":true,"href":"https:\/\/constantinianorder.com\/fr\/wp-json\/wp\/v2\/categories?post=105061"},{"taxonomy":"post_tag","embeddable":true,"href":"https:\/\/constantinianorder.com\/fr\/wp-json\/wp\/v2\/tags?post=105061"}],"curies":[{"name":"wp","href":"https:\/\/api.w.org\/{rel}","templated":true}]}}