{"id":104982,"date":"2026-03-30T13:52:58","date_gmt":"2026-03-30T13:52:58","guid":{"rendered":"https:\/\/constantinianorder.com\/san-leucio-lutopie-devient-avenir-celebration-solennelle-des-deux-cent-cinquante-ans-de-la-colonie-royale\/"},"modified":"2026-04-27T08:32:42","modified_gmt":"2026-04-27T08:32:42","slug":"san-leucio-lutopie-devient-avenir-celebration-solennelle-des-deux-cent-cinquante-ans-de-la-colonie-royale","status":"publish","type":"post","link":"https:\/\/constantinianorder.com\/fr\/san-leucio-lutopie-devient-avenir-celebration-solennelle-des-deux-cent-cinquante-ans-de-la-colonie-royale\/","title":{"rendered":"San Leucio : l\u2019utopie devient avenir. C\u00e9l\u00e9bration solennelle des deux cent cinquante ans de la Colonie Royale"},"content":{"rendered":"\n<p><\/p>\n\n<p>Le 25 mars, le complexe monumental du Belvedere de San Leucio a ouvert ses portes pour une journ\u00e9e marquant un tournant entre m\u00e9moire historique et vision d\u2019une nouvelle renaissance. \u00c0 l\u2019occasion du 250e anniversaire de la Colonie Royale, la Fondation Orizzonti, en synergie avec les institutions nationales et territoriales, a promu une c\u00e9l\u00e9bration solennelle d\u00e9di\u00e9e \u00e0 ce qui fut l\u2019une des exp\u00e9riences les plus avanc\u00e9es de bien-\u00eatre et d\u2019avant-garde sociale en Europe. <\/p>\n\n<p><\/p>\n\n<figure class=\"wp-block-image aligncenter size-large\"><img decoding=\"async\" src=\"https:\/\/constantinianorder.com\/wp-content\/uploads\/2026\/03\/Z62_6025-1024x682.jpg\" alt=\"\" class=\"wp-image-104352\"\/><\/figure>\n\n<p><\/p>\n\n<p>La solennit\u00e9 de l\u2019\u00e9v\u00e9nement a \u00e9t\u00e9 soulign\u00e9e par la participation de LLAA.RR. le prince Charles et la princesse Camilla de Bourbon des Deux-Siciles, t\u00e9moignant du lien historique et culturel \u00e0 l\u2019origine de ce site, reconnu patrimoine mondial de l\u2019UNESCO. <\/p>\n\n<p><br\/>La journ\u00e9e a \u00e9t\u00e9 marqu\u00e9e par des \u00e9changes entre repr\u00e9sentants du gouvernement, institutions locales et excellences du territoire, dans un dialogue visant \u00e0 relancer le r\u00f4le de San Leucio dans le panorama culturel et productif contemporain. Les travaux ont \u00e9t\u00e9 introduits et coordonn\u00e9s par l\u2019historien et essayiste Paolo Mieli. <\/p>\n\n<p><\/p>\n\n<figure class=\"wp-block-image aligncenter size-large\"><img fetchpriority=\"high\" decoding=\"async\" width=\"1024\" height=\"682\" src=\"https:\/\/constantinianorder.com\/wp-content\/uploads\/2026\/03\/Z62_7046-1024x682.jpg\" alt=\"\" class=\"wp-image-104356\" srcset=\"https:\/\/constantinianorder.com\/wp-content\/uploads\/2026\/03\/Z62_7046-1024x682.jpg 1024w, https:\/\/constantinianorder.com\/wp-content\/uploads\/2026\/03\/Z62_7046-300x200.jpg 300w, https:\/\/constantinianorder.com\/wp-content\/uploads\/2026\/03\/Z62_7046-768x511.jpg 768w, https:\/\/constantinianorder.com\/wp-content\/uploads\/2026\/03\/Z62_7046-1536x1023.jpg 1536w, https:\/\/constantinianorder.com\/wp-content\/uploads\/2026\/03\/Z62_7046-2048x1364.jpg 2048w, https:\/\/constantinianorder.com\/wp-content\/uploads\/2026\/03\/Z62_7046-scaled.webp 1920w\" sizes=\"(max-width: 1024px) 100vw, 1024px\" \/><\/figure>\n\n<p><\/p>\n\n<p>\u00abSan Leucio est le manifeste d\u2019un nouvel humanisme productif et culturel \u00bb, a soulign\u00e9 Giuseppe Menniti, pr\u00e9sident de la Fondation Orizzonti. \u00ab Avec l\u2019Ann\u00e9e Leucienne, nous entendons transformer la m\u00e9moire en un projet vivant, en ramenant Caserte au centre du d\u00e9bat international sur le travail et la r\u00e9g\u00e9n\u00e9ration. Il ne s\u2019agit pas seulement de c\u00e9l\u00e9brer un anniversaire, mais de rallumer un moteur de civilisation qui, aujourd\u2019hui comme il y a 250 ans, montre la voie pour conjuguer l\u2019excellence de l\u2019ing\u00e9niosit\u00e9, la beaut\u00e9 de l\u2019art et la valeur de la coh\u00e9sion sociale.\u00bb <\/p>\n\n<p><\/p>\n\n<figure class=\"wp-block-image aligncenter size-large\"><img decoding=\"async\" src=\"https:\/\/constantinianorder.com\/wp-content\/uploads\/2026\/03\/Z62_6902-1024x682.jpg\" alt=\"\" class=\"wp-image-104367\"\/><\/figure>\n\n<p><\/p>\n\n<p>L\u2019initiative s\u2019inscrit dans le cadre plus large du programme de l\u2019Ann\u00e9e Leucienne, un calendrier structur\u00e9 d\u2019\u00e9v\u00e9nements culturels, institutionnels et scientifiques visant \u00e0 redonner une centralit\u00e9 historique et contemporaine \u00e0 l\u2019exp\u00e9rience de San Leucio, en relan\u00e7ant sa valeur dans le d\u00e9bat public national et international.<\/p>\n\n<p><\/p>\n\n<figure class=\"wp-block-image aligncenter size-large\"><img decoding=\"async\" width=\"1024\" height=\"682\" src=\"https:\/\/constantinianorder.com\/wp-content\/uploads\/2026\/03\/Z62_6253-1024x682.jpg\" alt=\"\" class=\"wp-image-104374\" srcset=\"https:\/\/constantinianorder.com\/wp-content\/uploads\/2026\/03\/Z62_6253-1024x682.jpg 1024w, https:\/\/constantinianorder.com\/wp-content\/uploads\/2026\/03\/Z62_6253-300x200.jpg 300w, https:\/\/constantinianorder.com\/wp-content\/uploads\/2026\/03\/Z62_6253-768x511.jpg 768w, https:\/\/constantinianorder.com\/wp-content\/uploads\/2026\/03\/Z62_6253-1536x1023.jpg 1536w, https:\/\/constantinianorder.com\/wp-content\/uploads\/2026\/03\/Z62_6253-2048x1364.jpg 2048w\" sizes=\"(max-width: 1024px) 100vw, 1024px\" \/><\/figure>\n\n<p><\/p>\n\n<p>Fond\u00e9e en 1776 par Ferdinand IV de Bourbon, San Leucio s\u2019est imm\u00e9diatement affirm\u00e9e comme un p\u00f4le d\u2019excellence manufacturi\u00e8re et un laboratoire de civilisation. \u00c0 travers le c\u00e9l\u00e8bre \u00ab Code Leucien \u00bb, la Colonie a introduit des principes r\u00e9volutionnaires pour l\u2019\u00e9poque, tels que l\u2019instruction obligatoire, la protection du travail, l\u2019\u00e9galit\u00e9 entre hommes et femmes et l\u2019attention \u00e0 la sant\u00e9 publique, dessinant un mod\u00e8le de communaut\u00e9 qui, aujourd\u2019hui, \u00e0 l\u2019\u00e8re des grandes transformations \u00e9conomiques et num\u00e9riques, interpelle \u00e0 nouveau le pr\u00e9sent avec une \u00e9tonnante actualit\u00e9. <\/p>\n\n<p><\/p>\n\n<figure class=\"wp-block-image aligncenter size-large\"><img decoding=\"async\" src=\"https:\/\/constantinianorder.com\/wp-content\/uploads\/2026\/03\/Z62_5968-1024x682.jpg\" alt=\"\" class=\"wp-image-104382\"\/><\/figure>\n\n<p><\/p>\n\n<p>Depuis plus de deux si\u00e8cles, le nom de San Leucio est synonyme d\u2019une qualit\u00e9 de production sans \u00e9gale. Ses soieries, n\u00e9es de la rencontre entre innovation technologique et savoir-faire artisanal, ont travers\u00e9 l\u2019histoire, ornant palais institutionnels et r\u00e9sidences royales, et contribuant \u00e0 d\u00e9finir dans le monde la valeur du \u00ab savoir-faire \u00bb italien. Aujourd\u2019hui, cette m\u00eame communaut\u00e9 entend r\u00e9affirmer sa vocation et sa grandeur manufacturi\u00e8re, en les relan\u00e7ant gr\u00e2ce \u00e0 une conscience renouvel\u00e9e de son h\u00e9ritage culturel, transformant le patrimoine historique de San Leucio en un levier actif de d\u00e9veloppement, d\u2019identit\u00e9 et de rayonnement international.  <\/p>\n\n<p><\/p>\n\n<figure class=\"wp-block-image aligncenter size-large\"><img decoding=\"async\" src=\"https:\/\/constantinianorder.com\/wp-content\/uploads\/2026\/03\/Z62_7064-1024x682.jpg\" alt=\"\" class=\"wp-image-104386\"\/><\/figure>\n\n<p><\/p>\n\n<p>Dans l\u2019apr\u00e8s-midi de la m\u00eame journ\u00e9e, S.A.R. la Princesse Camilla de Bourbon des Deux-Siciles, accompagn\u00e9e de son \u00e9poux et de S.A.R. la Princesse B\u00e9atrice de Bourbon des Deux-Siciles, a visit\u00e9 les historiques soieries de San Leucio, lieu symbolique de la tradition manufacturi\u00e8re et de l\u2019excellence artisanale italienne.<\/p>\n\n<p>La visite visait \u00e0 mettre en lumi\u00e8re le r\u00f4le fondamental des femmes dans l\u2019histoire de la Colonie Royale.<br\/>\u00abSan Leucio repr\u00e9sente une page extraordinaire de notre histoire, o\u00f9 les femmes ont jou\u00e9 un r\u00f4le central non seulement dans la production, mais aussi dans la construction d\u2019une communaut\u00e9 fond\u00e9e sur l\u2019\u00e9quit\u00e9 et le respect \u00bb, a d\u00e9clar\u00e9 la Princesse. \u00ab Visiter aujourd\u2019hui les soieries signifie rendre hommage \u00e0 cet h\u00e9ritage et r\u00e9affirmer combien il est encore actuel d\u2019investir dans le talent et la valorisation du travail f\u00e9minin. \u00bb  <\/p>\n\n<p>La Princesse a \u00e9galement soulign\u00e9 la valeur personnelle et symbolique de cette visite, li\u00e9e \u00e0 l\u2019histoire de sa famille et \u00e0 la signification que San Leucio continue de rev\u00eatir en tant que mod\u00e8le de progr\u00e8s social et culturel. \u00ab Pour ma famille, ce lieu n\u2019est pas seulement m\u00e9moire, mais un exemple concret de vision et de responsabilit\u00e9, qui nous invite \u00e0 regarder l\u2019avenir avec conscience. \u00bb <\/p>\n\n<p><\/p>\n","protected":false},"excerpt":{"rendered":"<p>Le 25 mars, le complexe monumental du Belvedere de San Leucio a ouvert ses portes pour une journ\u00e9e marquant un tournant entre m\u00e9moire historique et vision d\u2019une nouvelle renaissance. \u00c0 l\u2019occasion du 250e anniversaire de la Colonie Royale, la Fondation Orizzonti, en synergie avec les institutions nationales et territoriales, a promu une c\u00e9l\u00e9bration solennelle d\u00e9di\u00e9e [&hellip;]<\/p>\n","protected":false},"author":10,"featured_media":0,"comment_status":"closed","ping_status":"closed","sticky":false,"template":"","format":"standard","meta":{"footnotes":""},"categories":[85],"tags":[],"class_list":["post-104982","post","type-post","status-publish","format-standard","hentry","category-communiques-du-grand-magistere"],"yoast_head":"<!-- This site is optimized with the Yoast SEO plugin v26.5 - https:\/\/yoast.com\/wordpress\/plugins\/seo\/ -->\n<title>San Leucio : l\u2019utopie devient avenir. C\u00e9l\u00e9bration solennelle des deux cent cinquante ans de la Colonie Royale - Sacro Militare Ordine Costantiniano di San Giorgio<\/title>\n<meta name=\"robots\" content=\"index, follow, max-snippet:-1, max-image-preview:large, max-video-preview:-1\" \/>\n<link rel=\"canonical\" href=\"https:\/\/constantinianorder.com\/fr\/san-leucio-lutopie-devient-avenir-celebration-solennelle-des-deux-cent-cinquante-ans-de-la-colonie-royale\/\" \/>\n<meta property=\"og:locale\" content=\"fr_FR\" \/>\n<meta property=\"og:type\" content=\"article\" \/>\n<meta property=\"og:title\" content=\"San Leucio : l\u2019utopie devient avenir. C\u00e9l\u00e9bration solennelle des deux cent cinquante ans de la Colonie Royale - Sacro Militare Ordine Costantiniano di San Giorgio\" \/>\n<meta property=\"og:description\" content=\"Le 25 mars, le complexe monumental du Belvedere de San Leucio a ouvert ses portes pour une journ\u00e9e marquant un tournant entre m\u00e9moire historique et vision d\u2019une nouvelle renaissance. \u00c0 l\u2019occasion du 250e anniversaire de la Colonie Royale, la Fondation Orizzonti, en synergie avec les institutions nationales et territoriales, a promu une c\u00e9l\u00e9bration solennelle d\u00e9di\u00e9e [&hellip;]\" \/>\n<meta property=\"og:url\" content=\"https:\/\/constantinianorder.com\/fr\/san-leucio-lutopie-devient-avenir-celebration-solennelle-des-deux-cent-cinquante-ans-de-la-colonie-royale\/\" \/>\n<meta property=\"og:site_name\" content=\"Sacro Militare Ordine Costantiniano di San Giorgio\" \/>\n<meta property=\"article:publisher\" content=\"https:\/\/www.facebook.com\/constantinianorder\" \/>\n<meta property=\"article:published_time\" content=\"2026-03-30T13:52:58+00:00\" \/>\n<meta property=\"article:modified_time\" content=\"2026-04-27T08:32:42+00:00\" \/>\n<meta property=\"og:image\" content=\"https:\/\/constantinianorder.com\/wp-content\/uploads\/2026\/03\/Z62_6025-scaled.webp\" \/>\n\t<meta property=\"og:image:width\" content=\"1920\" \/>\n\t<meta property=\"og:image:height\" content=\"1279\" \/>\n\t<meta property=\"og:image:type\" content=\"image\/webp\" \/>\n<meta name=\"author\" content=\"Terzo Editor Cancelleria\" \/>\n<meta name=\"twitter:card\" content=\"summary_large_image\" \/>\n<meta name=\"twitter:label1\" content=\"\u00c9crit par\" \/>\n\t<meta name=\"twitter:data1\" content=\"Terzo Editor Cancelleria\" \/>\n\t<meta name=\"twitter:label2\" content=\"Dur\u00e9e de lecture estim\u00e9e\" \/>\n\t<meta name=\"twitter:data2\" content=\"4 minutes\" \/>\n<script type=\"application\/ld+json\" class=\"yoast-schema-graph\">{\"@context\":\"https:\/\/schema.org\",\"@graph\":[{\"@type\":\"Article\",\"@id\":\"https:\/\/constantinianorder.com\/fr\/san-leucio-lutopie-devient-avenir-celebration-solennelle-des-deux-cent-cinquante-ans-de-la-colonie-royale\/#article\",\"isPartOf\":{\"@id\":\"https:\/\/constantinianorder.com\/fr\/san-leucio-lutopie-devient-avenir-celebration-solennelle-des-deux-cent-cinquante-ans-de-la-colonie-royale\/\"},\"author\":{\"name\":\"Terzo Editor Cancelleria\",\"@id\":\"https:\/\/constantinianorder.com\/#\/schema\/person\/5fb5b3aeaa71cb4acb8c3009756c9bd1\"},\"headline\":\"San Leucio : l\u2019utopie devient avenir. C\u00e9l\u00e9bration solennelle des deux cent cinquante ans de la Colonie Royale\",\"datePublished\":\"2026-03-30T13:52:58+00:00\",\"dateModified\":\"2026-04-27T08:32:42+00:00\",\"mainEntityOfPage\":{\"@id\":\"https:\/\/constantinianorder.com\/fr\/san-leucio-lutopie-devient-avenir-celebration-solennelle-des-deux-cent-cinquante-ans-de-la-colonie-royale\/\"},\"wordCount\":784,\"publisher\":{\"@id\":\"https:\/\/constantinianorder.com\/#organization\"},\"image\":{\"@id\":\"https:\/\/constantinianorder.com\/fr\/san-leucio-lutopie-devient-avenir-celebration-solennelle-des-deux-cent-cinquante-ans-de-la-colonie-royale\/#primaryimage\"},\"thumbnailUrl\":\"https:\/\/constantinianorder.com\/wp-content\/uploads\/2026\/03\/Z62_6025-1024x682.jpg\",\"articleSection\":[\"Communiqu\u00e9s du Grand Magist\u00e8re\"],\"inLanguage\":\"fr-FR\"},{\"@type\":\"WebPage\",\"@id\":\"https:\/\/constantinianorder.com\/fr\/san-leucio-lutopie-devient-avenir-celebration-solennelle-des-deux-cent-cinquante-ans-de-la-colonie-royale\/\",\"url\":\"https:\/\/constantinianorder.com\/fr\/san-leucio-lutopie-devient-avenir-celebration-solennelle-des-deux-cent-cinquante-ans-de-la-colonie-royale\/\",\"name\":\"San Leucio : l\u2019utopie devient avenir. C\u00e9l\u00e9bration solennelle des deux cent cinquante ans de la Colonie Royale - Sacro Militare Ordine Costantiniano di San Giorgio\",\"isPartOf\":{\"@id\":\"https:\/\/constantinianorder.com\/#website\"},\"primaryImageOfPage\":{\"@id\":\"https:\/\/constantinianorder.com\/fr\/san-leucio-lutopie-devient-avenir-celebration-solennelle-des-deux-cent-cinquante-ans-de-la-colonie-royale\/#primaryimage\"},\"image\":{\"@id\":\"https:\/\/constantinianorder.com\/fr\/san-leucio-lutopie-devient-avenir-celebration-solennelle-des-deux-cent-cinquante-ans-de-la-colonie-royale\/#primaryimage\"},\"thumbnailUrl\":\"https:\/\/constantinianorder.com\/wp-content\/uploads\/2026\/03\/Z62_6025-1024x682.jpg\",\"datePublished\":\"2026-03-30T13:52:58+00:00\",\"dateModified\":\"2026-04-27T08:32:42+00:00\",\"breadcrumb\":{\"@id\":\"https:\/\/constantinianorder.com\/fr\/san-leucio-lutopie-devient-avenir-celebration-solennelle-des-deux-cent-cinquante-ans-de-la-colonie-royale\/#breadcrumb\"},\"inLanguage\":\"fr-FR\",\"potentialAction\":[{\"@type\":\"ReadAction\",\"target\":[\"https:\/\/constantinianorder.com\/fr\/san-leucio-lutopie-devient-avenir-celebration-solennelle-des-deux-cent-cinquante-ans-de-la-colonie-royale\/\"]}]},{\"@type\":\"ImageObject\",\"inLanguage\":\"fr-FR\",\"@id\":\"https:\/\/constantinianorder.com\/fr\/san-leucio-lutopie-devient-avenir-celebration-solennelle-des-deux-cent-cinquante-ans-de-la-colonie-royale\/#primaryimage\",\"url\":\"https:\/\/constantinianorder.com\/wp-content\/uploads\/2026\/03\/Z62_6025-1024x682.jpg\",\"contentUrl\":\"https:\/\/constantinianorder.com\/wp-content\/uploads\/2026\/03\/Z62_6025-1024x682.jpg\"},{\"@type\":\"BreadcrumbList\",\"@id\":\"https:\/\/constantinianorder.com\/fr\/san-leucio-lutopie-devient-avenir-celebration-solennelle-des-deux-cent-cinquante-ans-de-la-colonie-royale\/#breadcrumb\",\"itemListElement\":[{\"@type\":\"ListItem\",\"position\":1,\"name\":\"Home\",\"item\":\"https:\/\/constantinianorder.com\/en\/\"},{\"@type\":\"ListItem\",\"position\":2,\"name\":\"San Leucio : l\u2019utopie devient avenir. C\u00e9l\u00e9bration solennelle des deux cent cinquante ans de la Colonie Royale\"}]},{\"@type\":\"WebSite\",\"@id\":\"https:\/\/constantinianorder.com\/#website\",\"url\":\"https:\/\/constantinianorder.com\/\",\"name\":\"Sacro Militare Ordine Costantiniano di San Giorgio\",\"description\":\"Ordine Ufficiale\",\"publisher\":{\"@id\":\"https:\/\/constantinianorder.com\/#organization\"},\"potentialAction\":[{\"@type\":\"SearchAction\",\"target\":{\"@type\":\"EntryPoint\",\"urlTemplate\":\"https:\/\/constantinianorder.com\/?s={search_term_string}\"},\"query-input\":{\"@type\":\"PropertyValueSpecification\",\"valueRequired\":true,\"valueName\":\"search_term_string\"}}],\"inLanguage\":\"fr-FR\"},{\"@type\":\"Organization\",\"@id\":\"https:\/\/constantinianorder.com\/#organization\",\"name\":\"Sacro Militare Ordine Costantiniano di San Giorgio\",\"url\":\"https:\/\/constantinianorder.com\/\",\"logo\":{\"@type\":\"ImageObject\",\"inLanguage\":\"fr-FR\",\"@id\":\"https:\/\/constantinianorder.com\/#\/schema\/logo\/image\/\",\"url\":\"https:\/\/constantinianorder.com\/wp-content\/uploads\/2025\/10\/cropped-logo-costantiniano.png\",\"contentUrl\":\"https:\/\/constantinianorder.com\/wp-content\/uploads\/2025\/10\/cropped-logo-costantiniano.png\",\"width\":512,\"height\":512,\"caption\":\"Sacro Militare Ordine Costantiniano di San Giorgio\"},\"image\":{\"@id\":\"https:\/\/constantinianorder.com\/#\/schema\/logo\/image\/\"},\"sameAs\":[\"https:\/\/www.facebook.com\/constantinianorder\",\"https:\/\/www.instagram.com\/constantinianorder\/\",\"https:\/\/www.youtube.com\/@granmagisterodelsacromilit9375\"]},{\"@type\":\"Person\",\"@id\":\"https:\/\/constantinianorder.com\/#\/schema\/person\/5fb5b3aeaa71cb4acb8c3009756c9bd1\",\"name\":\"Terzo Editor Cancelleria\",\"url\":\"https:\/\/constantinianorder.com\/fr\/author\/cancelleria3\/\"}]}<\/script>\n<!-- \/ Yoast SEO plugin. -->","yoast_head_json":{"title":"San Leucio : l\u2019utopie devient avenir. C\u00e9l\u00e9bration solennelle des deux cent cinquante ans de la Colonie Royale - Sacro Militare Ordine Costantiniano di San Giorgio","robots":{"index":"index","follow":"follow","max-snippet":"max-snippet:-1","max-image-preview":"max-image-preview:large","max-video-preview":"max-video-preview:-1"},"canonical":"https:\/\/constantinianorder.com\/fr\/san-leucio-lutopie-devient-avenir-celebration-solennelle-des-deux-cent-cinquante-ans-de-la-colonie-royale\/","og_locale":"fr_FR","og_type":"article","og_title":"San Leucio : l\u2019utopie devient avenir. C\u00e9l\u00e9bration solennelle des deux cent cinquante ans de la Colonie Royale - Sacro Militare Ordine Costantiniano di San Giorgio","og_description":"Le 25 mars, le complexe monumental du Belvedere de San Leucio a ouvert ses portes pour une journ\u00e9e marquant un tournant entre m\u00e9moire historique et vision d\u2019une nouvelle renaissance. \u00c0 l\u2019occasion du 250e anniversaire de la Colonie Royale, la Fondation Orizzonti, en synergie avec les institutions nationales et territoriales, a promu une c\u00e9l\u00e9bration solennelle d\u00e9di\u00e9e [&hellip;]","og_url":"https:\/\/constantinianorder.com\/fr\/san-leucio-lutopie-devient-avenir-celebration-solennelle-des-deux-cent-cinquante-ans-de-la-colonie-royale\/","og_site_name":"Sacro Militare Ordine Costantiniano di San Giorgio","article_publisher":"https:\/\/www.facebook.com\/constantinianorder","article_published_time":"2026-03-30T13:52:58+00:00","article_modified_time":"2026-04-27T08:32:42+00:00","og_image":[{"width":1920,"height":1279,"url":"https:\/\/constantinianorder.com\/wp-content\/uploads\/2026\/03\/Z62_6025-scaled.webp","type":"image\/webp"}],"author":"Terzo Editor Cancelleria","twitter_card":"summary_large_image","twitter_misc":{"\u00c9crit par":"Terzo Editor Cancelleria","Dur\u00e9e de lecture estim\u00e9e":"4 minutes"},"schema":{"@context":"https:\/\/schema.org","@graph":[{"@type":"Article","@id":"https:\/\/constantinianorder.com\/fr\/san-leucio-lutopie-devient-avenir-celebration-solennelle-des-deux-cent-cinquante-ans-de-la-colonie-royale\/#article","isPartOf":{"@id":"https:\/\/constantinianorder.com\/fr\/san-leucio-lutopie-devient-avenir-celebration-solennelle-des-deux-cent-cinquante-ans-de-la-colonie-royale\/"},"author":{"name":"Terzo Editor Cancelleria","@id":"https:\/\/constantinianorder.com\/#\/schema\/person\/5fb5b3aeaa71cb4acb8c3009756c9bd1"},"headline":"San Leucio : l\u2019utopie devient avenir. C\u00e9l\u00e9bration solennelle des deux cent cinquante ans de la Colonie Royale","datePublished":"2026-03-30T13:52:58+00:00","dateModified":"2026-04-27T08:32:42+00:00","mainEntityOfPage":{"@id":"https:\/\/constantinianorder.com\/fr\/san-leucio-lutopie-devient-avenir-celebration-solennelle-des-deux-cent-cinquante-ans-de-la-colonie-royale\/"},"wordCount":784,"publisher":{"@id":"https:\/\/constantinianorder.com\/#organization"},"image":{"@id":"https:\/\/constantinianorder.com\/fr\/san-leucio-lutopie-devient-avenir-celebration-solennelle-des-deux-cent-cinquante-ans-de-la-colonie-royale\/#primaryimage"},"thumbnailUrl":"https:\/\/constantinianorder.com\/wp-content\/uploads\/2026\/03\/Z62_6025-1024x682.jpg","articleSection":["Communiqu\u00e9s du Grand Magist\u00e8re"],"inLanguage":"fr-FR"},{"@type":"WebPage","@id":"https:\/\/constantinianorder.com\/fr\/san-leucio-lutopie-devient-avenir-celebration-solennelle-des-deux-cent-cinquante-ans-de-la-colonie-royale\/","url":"https:\/\/constantinianorder.com\/fr\/san-leucio-lutopie-devient-avenir-celebration-solennelle-des-deux-cent-cinquante-ans-de-la-colonie-royale\/","name":"San Leucio : l\u2019utopie devient avenir. C\u00e9l\u00e9bration solennelle des deux cent cinquante ans de la Colonie Royale - Sacro Militare Ordine Costantiniano di San Giorgio","isPartOf":{"@id":"https:\/\/constantinianorder.com\/#website"},"primaryImageOfPage":{"@id":"https:\/\/constantinianorder.com\/fr\/san-leucio-lutopie-devient-avenir-celebration-solennelle-des-deux-cent-cinquante-ans-de-la-colonie-royale\/#primaryimage"},"image":{"@id":"https:\/\/constantinianorder.com\/fr\/san-leucio-lutopie-devient-avenir-celebration-solennelle-des-deux-cent-cinquante-ans-de-la-colonie-royale\/#primaryimage"},"thumbnailUrl":"https:\/\/constantinianorder.com\/wp-content\/uploads\/2026\/03\/Z62_6025-1024x682.jpg","datePublished":"2026-03-30T13:52:58+00:00","dateModified":"2026-04-27T08:32:42+00:00","breadcrumb":{"@id":"https:\/\/constantinianorder.com\/fr\/san-leucio-lutopie-devient-avenir-celebration-solennelle-des-deux-cent-cinquante-ans-de-la-colonie-royale\/#breadcrumb"},"inLanguage":"fr-FR","potentialAction":[{"@type":"ReadAction","target":["https:\/\/constantinianorder.com\/fr\/san-leucio-lutopie-devient-avenir-celebration-solennelle-des-deux-cent-cinquante-ans-de-la-colonie-royale\/"]}]},{"@type":"ImageObject","inLanguage":"fr-FR","@id":"https:\/\/constantinianorder.com\/fr\/san-leucio-lutopie-devient-avenir-celebration-solennelle-des-deux-cent-cinquante-ans-de-la-colonie-royale\/#primaryimage","url":"https:\/\/constantinianorder.com\/wp-content\/uploads\/2026\/03\/Z62_6025-1024x682.jpg","contentUrl":"https:\/\/constantinianorder.com\/wp-content\/uploads\/2026\/03\/Z62_6025-1024x682.jpg"},{"@type":"BreadcrumbList","@id":"https:\/\/constantinianorder.com\/fr\/san-leucio-lutopie-devient-avenir-celebration-solennelle-des-deux-cent-cinquante-ans-de-la-colonie-royale\/#breadcrumb","itemListElement":[{"@type":"ListItem","position":1,"name":"Home","item":"https:\/\/constantinianorder.com\/en\/"},{"@type":"ListItem","position":2,"name":"San Leucio : l\u2019utopie devient avenir. C\u00e9l\u00e9bration solennelle des deux cent cinquante ans de la Colonie Royale"}]},{"@type":"WebSite","@id":"https:\/\/constantinianorder.com\/#website","url":"https:\/\/constantinianorder.com\/","name":"Sacro Militare Ordine Costantiniano di San Giorgio","description":"Ordine Ufficiale","publisher":{"@id":"https:\/\/constantinianorder.com\/#organization"},"potentialAction":[{"@type":"SearchAction","target":{"@type":"EntryPoint","urlTemplate":"https:\/\/constantinianorder.com\/?s={search_term_string}"},"query-input":{"@type":"PropertyValueSpecification","valueRequired":true,"valueName":"search_term_string"}}],"inLanguage":"fr-FR"},{"@type":"Organization","@id":"https:\/\/constantinianorder.com\/#organization","name":"Sacro Militare Ordine Costantiniano di San Giorgio","url":"https:\/\/constantinianorder.com\/","logo":{"@type":"ImageObject","inLanguage":"fr-FR","@id":"https:\/\/constantinianorder.com\/#\/schema\/logo\/image\/","url":"https:\/\/constantinianorder.com\/wp-content\/uploads\/2025\/10\/cropped-logo-costantiniano.png","contentUrl":"https:\/\/constantinianorder.com\/wp-content\/uploads\/2025\/10\/cropped-logo-costantiniano.png","width":512,"height":512,"caption":"Sacro Militare Ordine Costantiniano di San Giorgio"},"image":{"@id":"https:\/\/constantinianorder.com\/#\/schema\/logo\/image\/"},"sameAs":["https:\/\/www.facebook.com\/constantinianorder","https:\/\/www.instagram.com\/constantinianorder\/","https:\/\/www.youtube.com\/@granmagisterodelsacromilit9375"]},{"@type":"Person","@id":"https:\/\/constantinianorder.com\/#\/schema\/person\/5fb5b3aeaa71cb4acb8c3009756c9bd1","name":"Terzo Editor Cancelleria","url":"https:\/\/constantinianorder.com\/fr\/author\/cancelleria3\/"}]}},"_links":{"self":[{"href":"https:\/\/constantinianorder.com\/fr\/wp-json\/wp\/v2\/posts\/104982","targetHints":{"allow":["GET"]}}],"collection":[{"href":"https:\/\/constantinianorder.com\/fr\/wp-json\/wp\/v2\/posts"}],"about":[{"href":"https:\/\/constantinianorder.com\/fr\/wp-json\/wp\/v2\/types\/post"}],"author":[{"embeddable":true,"href":"https:\/\/constantinianorder.com\/fr\/wp-json\/wp\/v2\/users\/10"}],"replies":[{"embeddable":true,"href":"https:\/\/constantinianorder.com\/fr\/wp-json\/wp\/v2\/comments?post=104982"}],"version-history":[{"count":3,"href":"https:\/\/constantinianorder.com\/fr\/wp-json\/wp\/v2\/posts\/104982\/revisions"}],"predecessor-version":[{"id":104987,"href":"https:\/\/constantinianorder.com\/fr\/wp-json\/wp\/v2\/posts\/104982\/revisions\/104987"}],"wp:attachment":[{"href":"https:\/\/constantinianorder.com\/fr\/wp-json\/wp\/v2\/media?parent=104982"}],"wp:term":[{"taxonomy":"category","embeddable":true,"href":"https:\/\/constantinianorder.com\/fr\/wp-json\/wp\/v2\/categories?post=104982"},{"taxonomy":"post_tag","embeddable":true,"href":"https:\/\/constantinianorder.com\/fr\/wp-json\/wp\/v2\/tags?post=104982"}],"curies":[{"name":"wp","href":"https:\/\/api.w.org\/{rel}","templated":true}]}}