{"id":104840,"date":"2026-04-22T13:58:25","date_gmt":"2026-04-22T13:58:25","guid":{"rendered":"https:\/\/constantinianorder.com\/message-de-s-a-r-le-duc-de-castro-a-loccasion-de-la-fete-de-saint-georges\/"},"modified":"2026-04-22T14:57:05","modified_gmt":"2026-04-22T14:57:05","slug":"message-de-s-a-r-le-duc-de-castro-a-loccasion-de-la-fete-de-saint-georges","status":"publish","type":"post","link":"https:\/\/constantinianorder.com\/fr\/message-de-s-a-r-le-duc-de-castro-a-loccasion-de-la-fete-de-saint-georges\/","title":{"rendered":"Message de S.A.R. Le Duc de Castro \u00c0 l\u2019Occasion de la F\u00eate de Saint Georges."},"content":{"rendered":"\n<p><\/p>\n\n<p>S.A.R.le Prince Charles de Bourbon des Deux-Siciles, Duc de Castro et Chef de la Maison Royale, adresse aux Chevaliers et aux Dames ses v\u0153ux les plus sinc\u00e8res \u00e0 l\u2019occasion de la f\u00eate de Saint Georges.<\/p>\n\n<p>En c\u00e9l\u00e9brant le Saint Patron de l\u2019Ordre Constantinien, le Grand Ma\u00eetre souhaite que son exemple continue d\u2019inspirer chacun dans les d\u00e9fis quotidiens, en soutenant la fermet\u00e9 de la foi \u00e0 l\u2019exemple de ceux qui ont r\u00e9ussi \u00e0 vaincre le mal en agissant selon la volont\u00e9 divine.<\/p>\n\n<p><\/p>\n\n<figure class=\"wp-block-image aligncenter size-full\"><img decoding=\"async\" src=\"https:\/\/constantinianorder.com\/wp-content\/uploads\/2026\/04\/San-Giorgio-2026.jpeg\" alt=\"\" class=\"wp-image-104830\"\/><figcaption class=\"wp-element-caption\"><em>Carlo Crivelli, Saint Georges tuant le dragon, 1470<\/em><\/figcaption><\/figure>\n\n<p><\/p>\n","protected":false},"excerpt":{"rendered":"<p>S.A.R.le Prince Charles de Bourbon des Deux-Siciles, Duc de Castro et Chef de la Maison Royale, adresse aux Chevaliers et aux Dames ses v\u0153ux les plus sinc\u00e8res \u00e0 l\u2019occasion de la f\u00eate de Saint Georges. En c\u00e9l\u00e9brant le Saint Patron de l\u2019Ordre Constantinien, le Grand Ma\u00eetre souhaite que son exemple continue d\u2019inspirer chacun dans les [&hellip;]<\/p>\n","protected":false},"author":10,"featured_media":0,"comment_status":"closed","ping_status":"closed","sticky":false,"template":"","format":"standard","meta":{"footnotes":""},"categories":[85],"tags":[],"class_list":["post-104840","post","type-post","status-publish","format-standard","hentry","category-communiques-du-grand-magistere"],"yoast_head":"<!-- This site is optimized with the Yoast SEO plugin v26.5 - https:\/\/yoast.com\/wordpress\/plugins\/seo\/ -->\n<title>Message de S.A.R. Le Duc de Castro \u00c0 l\u2019Occasion de la F\u00eate de Saint Georges. - Sacro Militare Ordine Costantiniano di San Giorgio<\/title>\n<meta name=\"robots\" content=\"index, follow, max-snippet:-1, max-image-preview:large, max-video-preview:-1\" \/>\n<link rel=\"canonical\" href=\"https:\/\/constantinianorder.com\/fr\/message-de-s-a-r-le-duc-de-castro-a-loccasion-de-la-fete-de-saint-georges\/\" \/>\n<meta property=\"og:locale\" content=\"fr_FR\" \/>\n<meta property=\"og:type\" content=\"article\" \/>\n<meta property=\"og:title\" content=\"Message de S.A.R. Le Duc de Castro \u00c0 l\u2019Occasion de la F\u00eate de Saint Georges. - Sacro Militare Ordine Costantiniano di San Giorgio\" \/>\n<meta property=\"og:description\" content=\"S.A.R.le Prince Charles de Bourbon des Deux-Siciles, Duc de Castro et Chef de la Maison Royale, adresse aux Chevaliers et aux Dames ses v\u0153ux les plus sinc\u00e8res \u00e0 l\u2019occasion de la f\u00eate de Saint Georges. En c\u00e9l\u00e9brant le Saint Patron de l\u2019Ordre Constantinien, le Grand Ma\u00eetre souhaite que son exemple continue d\u2019inspirer chacun dans les [&hellip;]\" \/>\n<meta property=\"og:url\" content=\"https:\/\/constantinianorder.com\/fr\/message-de-s-a-r-le-duc-de-castro-a-loccasion-de-la-fete-de-saint-georges\/\" \/>\n<meta property=\"og:site_name\" content=\"Sacro Militare Ordine Costantiniano di San Giorgio\" \/>\n<meta property=\"article:publisher\" content=\"https:\/\/www.facebook.com\/constantinianorder\" \/>\n<meta property=\"article:published_time\" content=\"2026-04-22T13:58:25+00:00\" \/>\n<meta property=\"article:modified_time\" content=\"2026-04-22T14:57:05+00:00\" \/>\n<meta property=\"og:image\" content=\"https:\/\/constantinianorder.com\/wp-content\/uploads\/2026\/04\/San-Giorgio-2026.webp\" \/>\n\t<meta property=\"og:image:width\" content=\"378\" \/>\n\t<meta property=\"og:image:height\" content=\"655\" \/>\n\t<meta property=\"og:image:type\" content=\"image\/webp\" \/>\n<meta name=\"author\" content=\"Terzo Editor Cancelleria\" \/>\n<meta name=\"twitter:card\" content=\"summary_large_image\" \/>\n<meta name=\"twitter:label1\" content=\"\u00c9crit par\" \/>\n\t<meta name=\"twitter:data1\" content=\"Terzo Editor Cancelleria\" \/>\n\t<meta name=\"twitter:label2\" content=\"Dur\u00e9e de lecture estim\u00e9e\" \/>\n\t<meta name=\"twitter:data2\" content=\"1 minute\" \/>\n<script type=\"application\/ld+json\" class=\"yoast-schema-graph\">{\"@context\":\"https:\/\/schema.org\",\"@graph\":[{\"@type\":\"Article\",\"@id\":\"https:\/\/constantinianorder.com\/fr\/message-de-s-a-r-le-duc-de-castro-a-loccasion-de-la-fete-de-saint-georges\/#article\",\"isPartOf\":{\"@id\":\"https:\/\/constantinianorder.com\/fr\/message-de-s-a-r-le-duc-de-castro-a-loccasion-de-la-fete-de-saint-georges\/\"},\"author\":{\"name\":\"Terzo Editor Cancelleria\",\"@id\":\"https:\/\/constantinianorder.com\/#\/schema\/person\/5fb5b3aeaa71cb4acb8c3009756c9bd1\"},\"headline\":\"Message de S.A.R. Le Duc de Castro \u00c0 l\u2019Occasion de la F\u00eate de Saint Georges.\",\"datePublished\":\"2026-04-22T13:58:25+00:00\",\"dateModified\":\"2026-04-22T14:57:05+00:00\",\"mainEntityOfPage\":{\"@id\":\"https:\/\/constantinianorder.com\/fr\/message-de-s-a-r-le-duc-de-castro-a-loccasion-de-la-fete-de-saint-georges\/\"},\"wordCount\":118,\"publisher\":{\"@id\":\"https:\/\/constantinianorder.com\/#organization\"},\"image\":{\"@id\":\"https:\/\/constantinianorder.com\/fr\/message-de-s-a-r-le-duc-de-castro-a-loccasion-de-la-fete-de-saint-georges\/#primaryimage\"},\"thumbnailUrl\":\"https:\/\/constantinianorder.com\/wp-content\/uploads\/2026\/04\/San-Giorgio-2026.jpeg\",\"articleSection\":[\"Communiqu\u00e9s du Grand Magist\u00e8re\"],\"inLanguage\":\"fr-FR\"},{\"@type\":\"WebPage\",\"@id\":\"https:\/\/constantinianorder.com\/fr\/message-de-s-a-r-le-duc-de-castro-a-loccasion-de-la-fete-de-saint-georges\/\",\"url\":\"https:\/\/constantinianorder.com\/fr\/message-de-s-a-r-le-duc-de-castro-a-loccasion-de-la-fete-de-saint-georges\/\",\"name\":\"Message de S.A.R. Le Duc de Castro \u00c0 l\u2019Occasion de la F\u00eate de Saint Georges. - Sacro Militare Ordine Costantiniano di San Giorgio\",\"isPartOf\":{\"@id\":\"https:\/\/constantinianorder.com\/#website\"},\"primaryImageOfPage\":{\"@id\":\"https:\/\/constantinianorder.com\/fr\/message-de-s-a-r-le-duc-de-castro-a-loccasion-de-la-fete-de-saint-georges\/#primaryimage\"},\"image\":{\"@id\":\"https:\/\/constantinianorder.com\/fr\/message-de-s-a-r-le-duc-de-castro-a-loccasion-de-la-fete-de-saint-georges\/#primaryimage\"},\"thumbnailUrl\":\"https:\/\/constantinianorder.com\/wp-content\/uploads\/2026\/04\/San-Giorgio-2026.jpeg\",\"datePublished\":\"2026-04-22T13:58:25+00:00\",\"dateModified\":\"2026-04-22T14:57:05+00:00\",\"breadcrumb\":{\"@id\":\"https:\/\/constantinianorder.com\/fr\/message-de-s-a-r-le-duc-de-castro-a-loccasion-de-la-fete-de-saint-georges\/#breadcrumb\"},\"inLanguage\":\"fr-FR\",\"potentialAction\":[{\"@type\":\"ReadAction\",\"target\":[\"https:\/\/constantinianorder.com\/fr\/message-de-s-a-r-le-duc-de-castro-a-loccasion-de-la-fete-de-saint-georges\/\"]}]},{\"@type\":\"ImageObject\",\"inLanguage\":\"fr-FR\",\"@id\":\"https:\/\/constantinianorder.com\/fr\/message-de-s-a-r-le-duc-de-castro-a-loccasion-de-la-fete-de-saint-georges\/#primaryimage\",\"url\":\"https:\/\/constantinianorder.com\/wp-content\/uploads\/2026\/04\/San-Giorgio-2026.jpeg\",\"contentUrl\":\"https:\/\/constantinianorder.com\/wp-content\/uploads\/2026\/04\/San-Giorgio-2026.jpeg\"},{\"@type\":\"BreadcrumbList\",\"@id\":\"https:\/\/constantinianorder.com\/fr\/message-de-s-a-r-le-duc-de-castro-a-loccasion-de-la-fete-de-saint-georges\/#breadcrumb\",\"itemListElement\":[{\"@type\":\"ListItem\",\"position\":1,\"name\":\"Home\",\"item\":\"https:\/\/constantinianorder.com\/en\/\"},{\"@type\":\"ListItem\",\"position\":2,\"name\":\"Message de S.A.R. Le Duc de Castro \u00c0 l\u2019Occasion de la F\u00eate de Saint Georges.\"}]},{\"@type\":\"WebSite\",\"@id\":\"https:\/\/constantinianorder.com\/#website\",\"url\":\"https:\/\/constantinianorder.com\/\",\"name\":\"Sacro Militare Ordine Costantiniano di San Giorgio\",\"description\":\"Ordine Ufficiale\",\"publisher\":{\"@id\":\"https:\/\/constantinianorder.com\/#organization\"},\"potentialAction\":[{\"@type\":\"SearchAction\",\"target\":{\"@type\":\"EntryPoint\",\"urlTemplate\":\"https:\/\/constantinianorder.com\/?s={search_term_string}\"},\"query-input\":{\"@type\":\"PropertyValueSpecification\",\"valueRequired\":true,\"valueName\":\"search_term_string\"}}],\"inLanguage\":\"fr-FR\"},{\"@type\":\"Organization\",\"@id\":\"https:\/\/constantinianorder.com\/#organization\",\"name\":\"Sacro Militare Ordine Costantiniano di San Giorgio\",\"url\":\"https:\/\/constantinianorder.com\/\",\"logo\":{\"@type\":\"ImageObject\",\"inLanguage\":\"fr-FR\",\"@id\":\"https:\/\/constantinianorder.com\/#\/schema\/logo\/image\/\",\"url\":\"https:\/\/constantinianorder.com\/wp-content\/uploads\/2025\/10\/cropped-logo-costantiniano.png\",\"contentUrl\":\"https:\/\/constantinianorder.com\/wp-content\/uploads\/2025\/10\/cropped-logo-costantiniano.png\",\"width\":512,\"height\":512,\"caption\":\"Sacro Militare Ordine Costantiniano di San Giorgio\"},\"image\":{\"@id\":\"https:\/\/constantinianorder.com\/#\/schema\/logo\/image\/\"},\"sameAs\":[\"https:\/\/www.facebook.com\/constantinianorder\",\"https:\/\/www.instagram.com\/constantinianorder\/\",\"https:\/\/www.youtube.com\/@granmagisterodelsacromilit9375\"]},{\"@type\":\"Person\",\"@id\":\"https:\/\/constantinianorder.com\/#\/schema\/person\/5fb5b3aeaa71cb4acb8c3009756c9bd1\",\"name\":\"Terzo Editor Cancelleria\",\"url\":\"https:\/\/constantinianorder.com\/fr\/author\/cancelleria3\/\"}]}<\/script>\n<!-- \/ Yoast SEO plugin. -->","yoast_head_json":{"title":"Message de S.A.R. Le Duc de Castro \u00c0 l\u2019Occasion de la F\u00eate de Saint Georges. - Sacro Militare Ordine Costantiniano di San Giorgio","robots":{"index":"index","follow":"follow","max-snippet":"max-snippet:-1","max-image-preview":"max-image-preview:large","max-video-preview":"max-video-preview:-1"},"canonical":"https:\/\/constantinianorder.com\/fr\/message-de-s-a-r-le-duc-de-castro-a-loccasion-de-la-fete-de-saint-georges\/","og_locale":"fr_FR","og_type":"article","og_title":"Message de S.A.R. Le Duc de Castro \u00c0 l\u2019Occasion de la F\u00eate de Saint Georges. - Sacro Militare Ordine Costantiniano di San Giorgio","og_description":"S.A.R.le Prince Charles de Bourbon des Deux-Siciles, Duc de Castro et Chef de la Maison Royale, adresse aux Chevaliers et aux Dames ses v\u0153ux les plus sinc\u00e8res \u00e0 l\u2019occasion de la f\u00eate de Saint Georges. En c\u00e9l\u00e9brant le Saint Patron de l\u2019Ordre Constantinien, le Grand Ma\u00eetre souhaite que son exemple continue d\u2019inspirer chacun dans les [&hellip;]","og_url":"https:\/\/constantinianorder.com\/fr\/message-de-s-a-r-le-duc-de-castro-a-loccasion-de-la-fete-de-saint-georges\/","og_site_name":"Sacro Militare Ordine Costantiniano di San Giorgio","article_publisher":"https:\/\/www.facebook.com\/constantinianorder","article_published_time":"2026-04-22T13:58:25+00:00","article_modified_time":"2026-04-22T14:57:05+00:00","og_image":[{"width":378,"height":655,"url":"https:\/\/constantinianorder.com\/wp-content\/uploads\/2026\/04\/San-Giorgio-2026.webp","type":"image\/webp"}],"author":"Terzo Editor Cancelleria","twitter_card":"summary_large_image","twitter_misc":{"\u00c9crit par":"Terzo Editor Cancelleria","Dur\u00e9e de lecture estim\u00e9e":"1 minute"},"schema":{"@context":"https:\/\/schema.org","@graph":[{"@type":"Article","@id":"https:\/\/constantinianorder.com\/fr\/message-de-s-a-r-le-duc-de-castro-a-loccasion-de-la-fete-de-saint-georges\/#article","isPartOf":{"@id":"https:\/\/constantinianorder.com\/fr\/message-de-s-a-r-le-duc-de-castro-a-loccasion-de-la-fete-de-saint-georges\/"},"author":{"name":"Terzo Editor Cancelleria","@id":"https:\/\/constantinianorder.com\/#\/schema\/person\/5fb5b3aeaa71cb4acb8c3009756c9bd1"},"headline":"Message de S.A.R. Le Duc de Castro \u00c0 l\u2019Occasion de la F\u00eate de Saint Georges.","datePublished":"2026-04-22T13:58:25+00:00","dateModified":"2026-04-22T14:57:05+00:00","mainEntityOfPage":{"@id":"https:\/\/constantinianorder.com\/fr\/message-de-s-a-r-le-duc-de-castro-a-loccasion-de-la-fete-de-saint-georges\/"},"wordCount":118,"publisher":{"@id":"https:\/\/constantinianorder.com\/#organization"},"image":{"@id":"https:\/\/constantinianorder.com\/fr\/message-de-s-a-r-le-duc-de-castro-a-loccasion-de-la-fete-de-saint-georges\/#primaryimage"},"thumbnailUrl":"https:\/\/constantinianorder.com\/wp-content\/uploads\/2026\/04\/San-Giorgio-2026.jpeg","articleSection":["Communiqu\u00e9s du Grand Magist\u00e8re"],"inLanguage":"fr-FR"},{"@type":"WebPage","@id":"https:\/\/constantinianorder.com\/fr\/message-de-s-a-r-le-duc-de-castro-a-loccasion-de-la-fete-de-saint-georges\/","url":"https:\/\/constantinianorder.com\/fr\/message-de-s-a-r-le-duc-de-castro-a-loccasion-de-la-fete-de-saint-georges\/","name":"Message de S.A.R. Le Duc de Castro \u00c0 l\u2019Occasion de la F\u00eate de Saint Georges. - Sacro Militare Ordine Costantiniano di San Giorgio","isPartOf":{"@id":"https:\/\/constantinianorder.com\/#website"},"primaryImageOfPage":{"@id":"https:\/\/constantinianorder.com\/fr\/message-de-s-a-r-le-duc-de-castro-a-loccasion-de-la-fete-de-saint-georges\/#primaryimage"},"image":{"@id":"https:\/\/constantinianorder.com\/fr\/message-de-s-a-r-le-duc-de-castro-a-loccasion-de-la-fete-de-saint-georges\/#primaryimage"},"thumbnailUrl":"https:\/\/constantinianorder.com\/wp-content\/uploads\/2026\/04\/San-Giorgio-2026.jpeg","datePublished":"2026-04-22T13:58:25+00:00","dateModified":"2026-04-22T14:57:05+00:00","breadcrumb":{"@id":"https:\/\/constantinianorder.com\/fr\/message-de-s-a-r-le-duc-de-castro-a-loccasion-de-la-fete-de-saint-georges\/#breadcrumb"},"inLanguage":"fr-FR","potentialAction":[{"@type":"ReadAction","target":["https:\/\/constantinianorder.com\/fr\/message-de-s-a-r-le-duc-de-castro-a-loccasion-de-la-fete-de-saint-georges\/"]}]},{"@type":"ImageObject","inLanguage":"fr-FR","@id":"https:\/\/constantinianorder.com\/fr\/message-de-s-a-r-le-duc-de-castro-a-loccasion-de-la-fete-de-saint-georges\/#primaryimage","url":"https:\/\/constantinianorder.com\/wp-content\/uploads\/2026\/04\/San-Giorgio-2026.jpeg","contentUrl":"https:\/\/constantinianorder.com\/wp-content\/uploads\/2026\/04\/San-Giorgio-2026.jpeg"},{"@type":"BreadcrumbList","@id":"https:\/\/constantinianorder.com\/fr\/message-de-s-a-r-le-duc-de-castro-a-loccasion-de-la-fete-de-saint-georges\/#breadcrumb","itemListElement":[{"@type":"ListItem","position":1,"name":"Home","item":"https:\/\/constantinianorder.com\/en\/"},{"@type":"ListItem","position":2,"name":"Message de S.A.R. Le Duc de Castro \u00c0 l\u2019Occasion de la F\u00eate de Saint Georges."}]},{"@type":"WebSite","@id":"https:\/\/constantinianorder.com\/#website","url":"https:\/\/constantinianorder.com\/","name":"Sacro Militare Ordine Costantiniano di San Giorgio","description":"Ordine Ufficiale","publisher":{"@id":"https:\/\/constantinianorder.com\/#organization"},"potentialAction":[{"@type":"SearchAction","target":{"@type":"EntryPoint","urlTemplate":"https:\/\/constantinianorder.com\/?s={search_term_string}"},"query-input":{"@type":"PropertyValueSpecification","valueRequired":true,"valueName":"search_term_string"}}],"inLanguage":"fr-FR"},{"@type":"Organization","@id":"https:\/\/constantinianorder.com\/#organization","name":"Sacro Militare Ordine Costantiniano di San Giorgio","url":"https:\/\/constantinianorder.com\/","logo":{"@type":"ImageObject","inLanguage":"fr-FR","@id":"https:\/\/constantinianorder.com\/#\/schema\/logo\/image\/","url":"https:\/\/constantinianorder.com\/wp-content\/uploads\/2025\/10\/cropped-logo-costantiniano.png","contentUrl":"https:\/\/constantinianorder.com\/wp-content\/uploads\/2025\/10\/cropped-logo-costantiniano.png","width":512,"height":512,"caption":"Sacro Militare Ordine Costantiniano di San Giorgio"},"image":{"@id":"https:\/\/constantinianorder.com\/#\/schema\/logo\/image\/"},"sameAs":["https:\/\/www.facebook.com\/constantinianorder","https:\/\/www.instagram.com\/constantinianorder\/","https:\/\/www.youtube.com\/@granmagisterodelsacromilit9375"]},{"@type":"Person","@id":"https:\/\/constantinianorder.com\/#\/schema\/person\/5fb5b3aeaa71cb4acb8c3009756c9bd1","name":"Terzo Editor Cancelleria","url":"https:\/\/constantinianorder.com\/fr\/author\/cancelleria3\/"}]}},"_links":{"self":[{"href":"https:\/\/constantinianorder.com\/fr\/wp-json\/wp\/v2\/posts\/104840","targetHints":{"allow":["GET"]}}],"collection":[{"href":"https:\/\/constantinianorder.com\/fr\/wp-json\/wp\/v2\/posts"}],"about":[{"href":"https:\/\/constantinianorder.com\/fr\/wp-json\/wp\/v2\/types\/post"}],"author":[{"embeddable":true,"href":"https:\/\/constantinianorder.com\/fr\/wp-json\/wp\/v2\/users\/10"}],"replies":[{"embeddable":true,"href":"https:\/\/constantinianorder.com\/fr\/wp-json\/wp\/v2\/comments?post=104840"}],"version-history":[{"count":3,"href":"https:\/\/constantinianorder.com\/fr\/wp-json\/wp\/v2\/posts\/104840\/revisions"}],"predecessor-version":[{"id":104847,"href":"https:\/\/constantinianorder.com\/fr\/wp-json\/wp\/v2\/posts\/104840\/revisions\/104847"}],"wp:attachment":[{"href":"https:\/\/constantinianorder.com\/fr\/wp-json\/wp\/v2\/media?parent=104840"}],"wp:term":[{"taxonomy":"category","embeddable":true,"href":"https:\/\/constantinianorder.com\/fr\/wp-json\/wp\/v2\/categories?post=104840"},{"taxonomy":"post_tag","embeddable":true,"href":"https:\/\/constantinianorder.com\/fr\/wp-json\/wp\/v2\/tags?post=104840"}],"curies":[{"name":"wp","href":"https:\/\/api.w.org\/{rel}","templated":true}]}}