{"id":101714,"date":"2020-12-02T11:49:37","date_gmt":"2020-12-02T11:49:37","guid":{"rendered":"https:\/\/constantinianorder.com\/etats-unis-investiture-des-nouveaux-chevaliers-et-dames\/"},"modified":"2026-02-17T09:58:17","modified_gmt":"2026-02-17T09:58:17","slug":"etats-unis-investiture-des-nouveaux-chevaliers-et-dames","status":"publish","type":"post","link":"https:\/\/constantinianorder.com\/fr\/etats-unis-investiture-des-nouveaux-chevaliers-et-dames\/","title":{"rendered":"\u00c9TATS-UNIS : INVESTITURE DES NOUVEAUX CHEVALIERS ET DAMES"},"content":{"rendered":"\n<figure class=\"wp-block-image\"><img decoding=\"async\" src=\"https:\/\/constantinianorder.com\/wp-content\/uploads\/2020\/12\/WhatsApp-Image-2020-11-22-at-17.08.17-768x1024.jpeg\" alt=\"\" class=\"wp-image-56320\"\/><\/figure>\n\n<p>Malgr\u00e9 la pand\u00e9mie, la D\u00e9l\u00e9gation am\u00e9ricaine a pu organiser une c\u00e9r\u00e9monie d&rsquo;investiture pour ses nouveaux membres le 21 novembre \u00e0 Newark, dans le New Jersey. Pr\u00e9sid\u00e9e par le P\u00e8re Edmund Luciano et le Vicaire de la d\u00e9l\u00e9gation, le Chevalier et Avocat Patrick O&rsquo;Boyle, la c\u00e9r\u00e9monie a d\u00e9but\u00e9 par le chant gr\u00e9gorien \u00ab Vexilla Regis \u00bb en l&rsquo;honneur de la Croix et s&rsquo;est conclue par l&rsquo;\u00ab Hymne au Roi \u00bb. 17 des 22 nouveaux chevaliers et dames de cette ann\u00e9e ont re\u00e7u pour la premi\u00e8re fois le manteau constantinien. Deux autres ont \u00e9t\u00e9 accueillis \u00e0 Buffalo le lendemain lors d&rsquo;une c\u00e9r\u00e9monie pr\u00e9sid\u00e9e par le P\u00e8re Michael Barone. Les autres, n&rsquo;ayant pu se d\u00e9placer en raison de la pand\u00e9mie, dont un nouveau Chevalier Commandeur de l&rsquo;Ordre Royal de Fran\u00e7ois Ier, seront investis dans leurs villes respectives au cours des prochaines semaines.    <\/p>\n\n<figure class=\"wp-block-image\"><img decoding=\"async\" src=\"https:\/\/constantinianorder.com\/wp-content\/uploads\/2020\/12\/WhatsApp-Image-2020-11-22-at-17.08.18-768x1024.jpeg\" alt=\"\" class=\"wp-image-56324\"\/><\/figure>\n","protected":false},"excerpt":{"rendered":"<p>Malgr\u00e9 la pand\u00e9mie, la D\u00e9l\u00e9gation am\u00e9ricaine a pu organiser une c\u00e9r\u00e9monie d&rsquo;investiture pour ses nouveaux membres le 21 novembre \u00e0 Newark, dans le New Jersey. Pr\u00e9sid\u00e9e par le P\u00e8re Edmund Luciano et le Vicaire de la d\u00e9l\u00e9gation, le Chevalier et Avocat Patrick O&rsquo;Boyle, la c\u00e9r\u00e9monie a d\u00e9but\u00e9 par le chant gr\u00e9gorien \u00ab Vexilla Regis \u00bb [&hellip;]<\/p>\n","protected":false},"author":1,"featured_media":0,"comment_status":"closed","ping_status":"open","sticky":false,"template":"","format":"standard","meta":{"footnotes":""},"categories":[167],"tags":[],"class_list":["post-101714","post","type-post","status-publish","format-standard","hentry","category-delegation-des-etats-unis-damerique"],"yoast_head":"<!-- This site is optimized with the Yoast SEO plugin v26.5 - https:\/\/yoast.com\/wordpress\/plugins\/seo\/ -->\n<title>\u00c9TATS-UNIS : INVESTITURE DES NOUVEAUX CHEVALIERS ET DAMES - Sacro Militare Ordine Costantiniano di San Giorgio<\/title>\n<meta name=\"robots\" content=\"index, follow, max-snippet:-1, max-image-preview:large, max-video-preview:-1\" \/>\n<link rel=\"canonical\" href=\"https:\/\/constantinianorder.com\/fr\/etats-unis-investiture-des-nouveaux-chevaliers-et-dames\/\" \/>\n<meta property=\"og:locale\" content=\"fr_FR\" \/>\n<meta property=\"og:type\" content=\"article\" \/>\n<meta property=\"og:title\" content=\"\u00c9TATS-UNIS : INVESTITURE DES NOUVEAUX CHEVALIERS ET DAMES - Sacro Militare Ordine Costantiniano di San Giorgio\" \/>\n<meta property=\"og:description\" content=\"Malgr\u00e9 la pand\u00e9mie, la D\u00e9l\u00e9gation am\u00e9ricaine a pu organiser une c\u00e9r\u00e9monie d&rsquo;investiture pour ses nouveaux membres le 21 novembre \u00e0 Newark, dans le New Jersey. Pr\u00e9sid\u00e9e par le P\u00e8re Edmund Luciano et le Vicaire de la d\u00e9l\u00e9gation, le Chevalier et Avocat Patrick O&rsquo;Boyle, la c\u00e9r\u00e9monie a d\u00e9but\u00e9 par le chant gr\u00e9gorien \u00ab Vexilla Regis \u00bb [&hellip;]\" \/>\n<meta property=\"og:url\" content=\"https:\/\/constantinianorder.com\/fr\/etats-unis-investiture-des-nouveaux-chevaliers-et-dames\/\" \/>\n<meta property=\"og:site_name\" content=\"Sacro Militare Ordine Costantiniano di San Giorgio\" \/>\n<meta property=\"article:publisher\" content=\"https:\/\/www.facebook.com\/constantinianorder\" \/>\n<meta property=\"article:published_time\" content=\"2020-12-02T11:49:37+00:00\" \/>\n<meta property=\"article:modified_time\" content=\"2026-02-17T09:58:17+00:00\" \/>\n<meta property=\"og:image\" content=\"https:\/\/constantinianorder.com\/wp-content\/uploads\/2020\/12\/WhatsApp-Image-2020-11-22-at-17.08.17.jpeg\" \/>\n\t<meta property=\"og:image:width\" content=\"768\" \/>\n\t<meta property=\"og:image:height\" content=\"1024\" \/>\n\t<meta property=\"og:image:type\" content=\"image\/jpeg\" \/>\n<meta name=\"author\" content=\"admin\" \/>\n<meta name=\"twitter:card\" content=\"summary_large_image\" \/>\n<meta name=\"twitter:label1\" content=\"\u00c9crit par\" \/>\n\t<meta name=\"twitter:data1\" content=\"admin\" \/>\n\t<meta name=\"twitter:label2\" content=\"Dur\u00e9e de lecture estim\u00e9e\" \/>\n\t<meta name=\"twitter:data2\" content=\"1 minute\" \/>\n<script type=\"application\/ld+json\" class=\"yoast-schema-graph\">{\"@context\":\"https:\/\/schema.org\",\"@graph\":[{\"@type\":\"Article\",\"@id\":\"https:\/\/constantinianorder.com\/fr\/etats-unis-investiture-des-nouveaux-chevaliers-et-dames\/#article\",\"isPartOf\":{\"@id\":\"https:\/\/constantinianorder.com\/fr\/etats-unis-investiture-des-nouveaux-chevaliers-et-dames\/\"},\"author\":{\"name\":\"admin\",\"@id\":\"https:\/\/constantinianorder.com\/#\/schema\/person\/493f3b1475d575dcddda4ec923772c66\"},\"headline\":\"\u00c9TATS-UNIS : INVESTITURE DES NOUVEAUX CHEVALIERS ET DAMES\",\"datePublished\":\"2020-12-02T11:49:37+00:00\",\"dateModified\":\"2026-02-17T09:58:17+00:00\",\"mainEntityOfPage\":{\"@id\":\"https:\/\/constantinianorder.com\/fr\/etats-unis-investiture-des-nouveaux-chevaliers-et-dames\/\"},\"wordCount\":171,\"publisher\":{\"@id\":\"https:\/\/constantinianorder.com\/#organization\"},\"image\":{\"@id\":\"https:\/\/constantinianorder.com\/fr\/etats-unis-investiture-des-nouveaux-chevaliers-et-dames\/#primaryimage\"},\"thumbnailUrl\":\"https:\/\/constantinianorder.com\/wp-content\/uploads\/2020\/12\/WhatsApp-Image-2020-11-22-at-17.08.17-768x1024.jpeg\",\"articleSection\":[\"D\u00e9l\u00e9gation des \u00c9tats-Unis d\u2019Am\u00e9rique\"],\"inLanguage\":\"fr-FR\"},{\"@type\":\"WebPage\",\"@id\":\"https:\/\/constantinianorder.com\/fr\/etats-unis-investiture-des-nouveaux-chevaliers-et-dames\/\",\"url\":\"https:\/\/constantinianorder.com\/fr\/etats-unis-investiture-des-nouveaux-chevaliers-et-dames\/\",\"name\":\"\u00c9TATS-UNIS : INVESTITURE DES NOUVEAUX CHEVALIERS ET DAMES - Sacro Militare Ordine Costantiniano di San Giorgio\",\"isPartOf\":{\"@id\":\"https:\/\/constantinianorder.com\/#website\"},\"primaryImageOfPage\":{\"@id\":\"https:\/\/constantinianorder.com\/fr\/etats-unis-investiture-des-nouveaux-chevaliers-et-dames\/#primaryimage\"},\"image\":{\"@id\":\"https:\/\/constantinianorder.com\/fr\/etats-unis-investiture-des-nouveaux-chevaliers-et-dames\/#primaryimage\"},\"thumbnailUrl\":\"https:\/\/constantinianorder.com\/wp-content\/uploads\/2020\/12\/WhatsApp-Image-2020-11-22-at-17.08.17-768x1024.jpeg\",\"datePublished\":\"2020-12-02T11:49:37+00:00\",\"dateModified\":\"2026-02-17T09:58:17+00:00\",\"breadcrumb\":{\"@id\":\"https:\/\/constantinianorder.com\/fr\/etats-unis-investiture-des-nouveaux-chevaliers-et-dames\/#breadcrumb\"},\"inLanguage\":\"fr-FR\",\"potentialAction\":[{\"@type\":\"ReadAction\",\"target\":[\"https:\/\/constantinianorder.com\/fr\/etats-unis-investiture-des-nouveaux-chevaliers-et-dames\/\"]}]},{\"@type\":\"ImageObject\",\"inLanguage\":\"fr-FR\",\"@id\":\"https:\/\/constantinianorder.com\/fr\/etats-unis-investiture-des-nouveaux-chevaliers-et-dames\/#primaryimage\",\"url\":\"https:\/\/constantinianorder.com\/wp-content\/uploads\/2020\/12\/WhatsApp-Image-2020-11-22-at-17.08.17-768x1024.jpeg\",\"contentUrl\":\"https:\/\/constantinianorder.com\/wp-content\/uploads\/2020\/12\/WhatsApp-Image-2020-11-22-at-17.08.17-768x1024.jpeg\"},{\"@type\":\"BreadcrumbList\",\"@id\":\"https:\/\/constantinianorder.com\/fr\/etats-unis-investiture-des-nouveaux-chevaliers-et-dames\/#breadcrumb\",\"itemListElement\":[{\"@type\":\"ListItem\",\"position\":1,\"name\":\"Home\",\"item\":\"https:\/\/constantinianorder.com\/en\/\"},{\"@type\":\"ListItem\",\"position\":2,\"name\":\"\u00c9TATS-UNIS : INVESTITURE DES NOUVEAUX CHEVALIERS ET DAMES\"}]},{\"@type\":\"WebSite\",\"@id\":\"https:\/\/constantinianorder.com\/#website\",\"url\":\"https:\/\/constantinianorder.com\/\",\"name\":\"Sacro Militare Ordine Costantiniano di San Giorgio\",\"description\":\"Ordine Ufficiale\",\"publisher\":{\"@id\":\"https:\/\/constantinianorder.com\/#organization\"},\"potentialAction\":[{\"@type\":\"SearchAction\",\"target\":{\"@type\":\"EntryPoint\",\"urlTemplate\":\"https:\/\/constantinianorder.com\/?s={search_term_string}\"},\"query-input\":{\"@type\":\"PropertyValueSpecification\",\"valueRequired\":true,\"valueName\":\"search_term_string\"}}],\"inLanguage\":\"fr-FR\"},{\"@type\":\"Organization\",\"@id\":\"https:\/\/constantinianorder.com\/#organization\",\"name\":\"Sacro Militare Ordine Costantiniano di San Giorgio\",\"url\":\"https:\/\/constantinianorder.com\/\",\"logo\":{\"@type\":\"ImageObject\",\"inLanguage\":\"fr-FR\",\"@id\":\"https:\/\/constantinianorder.com\/#\/schema\/logo\/image\/\",\"url\":\"https:\/\/constantinianorder.com\/wp-content\/uploads\/2025\/10\/cropped-logo-costantiniano.png\",\"contentUrl\":\"https:\/\/constantinianorder.com\/wp-content\/uploads\/2025\/10\/cropped-logo-costantiniano.png\",\"width\":512,\"height\":512,\"caption\":\"Sacro Militare Ordine Costantiniano di San Giorgio\"},\"image\":{\"@id\":\"https:\/\/constantinianorder.com\/#\/schema\/logo\/image\/\"},\"sameAs\":[\"https:\/\/www.facebook.com\/constantinianorder\",\"https:\/\/www.instagram.com\/constantinianorder\/\",\"https:\/\/www.youtube.com\/@granmagisterodelsacromilit9375\"]},{\"@type\":\"Person\",\"@id\":\"https:\/\/constantinianorder.com\/#\/schema\/person\/493f3b1475d575dcddda4ec923772c66\",\"name\":\"admin\",\"sameAs\":[\"https:\/\/constantinianorder.com\"],\"url\":\"https:\/\/constantinianorder.com\/fr\/author\/domain_jlukbpo7\/\"}]}<\/script>\n<!-- \/ Yoast SEO plugin. -->","yoast_head_json":{"title":"\u00c9TATS-UNIS : INVESTITURE DES NOUVEAUX CHEVALIERS ET DAMES - Sacro Militare Ordine Costantiniano di San Giorgio","robots":{"index":"index","follow":"follow","max-snippet":"max-snippet:-1","max-image-preview":"max-image-preview:large","max-video-preview":"max-video-preview:-1"},"canonical":"https:\/\/constantinianorder.com\/fr\/etats-unis-investiture-des-nouveaux-chevaliers-et-dames\/","og_locale":"fr_FR","og_type":"article","og_title":"\u00c9TATS-UNIS : INVESTITURE DES NOUVEAUX CHEVALIERS ET DAMES - Sacro Militare Ordine Costantiniano di San Giorgio","og_description":"Malgr\u00e9 la pand\u00e9mie, la D\u00e9l\u00e9gation am\u00e9ricaine a pu organiser une c\u00e9r\u00e9monie d&rsquo;investiture pour ses nouveaux membres le 21 novembre \u00e0 Newark, dans le New Jersey. Pr\u00e9sid\u00e9e par le P\u00e8re Edmund Luciano et le Vicaire de la d\u00e9l\u00e9gation, le Chevalier et Avocat Patrick O&rsquo;Boyle, la c\u00e9r\u00e9monie a d\u00e9but\u00e9 par le chant gr\u00e9gorien \u00ab Vexilla Regis \u00bb [&hellip;]","og_url":"https:\/\/constantinianorder.com\/fr\/etats-unis-investiture-des-nouveaux-chevaliers-et-dames\/","og_site_name":"Sacro Militare Ordine Costantiniano di San Giorgio","article_publisher":"https:\/\/www.facebook.com\/constantinianorder","article_published_time":"2020-12-02T11:49:37+00:00","article_modified_time":"2026-02-17T09:58:17+00:00","og_image":[{"width":768,"height":1024,"url":"https:\/\/constantinianorder.com\/wp-content\/uploads\/2020\/12\/WhatsApp-Image-2020-11-22-at-17.08.17.jpeg","type":"image\/jpeg"}],"author":"admin","twitter_card":"summary_large_image","twitter_misc":{"\u00c9crit par":"admin","Dur\u00e9e de lecture estim\u00e9e":"1 minute"},"schema":{"@context":"https:\/\/schema.org","@graph":[{"@type":"Article","@id":"https:\/\/constantinianorder.com\/fr\/etats-unis-investiture-des-nouveaux-chevaliers-et-dames\/#article","isPartOf":{"@id":"https:\/\/constantinianorder.com\/fr\/etats-unis-investiture-des-nouveaux-chevaliers-et-dames\/"},"author":{"name":"admin","@id":"https:\/\/constantinianorder.com\/#\/schema\/person\/493f3b1475d575dcddda4ec923772c66"},"headline":"\u00c9TATS-UNIS : INVESTITURE DES NOUVEAUX CHEVALIERS ET DAMES","datePublished":"2020-12-02T11:49:37+00:00","dateModified":"2026-02-17T09:58:17+00:00","mainEntityOfPage":{"@id":"https:\/\/constantinianorder.com\/fr\/etats-unis-investiture-des-nouveaux-chevaliers-et-dames\/"},"wordCount":171,"publisher":{"@id":"https:\/\/constantinianorder.com\/#organization"},"image":{"@id":"https:\/\/constantinianorder.com\/fr\/etats-unis-investiture-des-nouveaux-chevaliers-et-dames\/#primaryimage"},"thumbnailUrl":"https:\/\/constantinianorder.com\/wp-content\/uploads\/2020\/12\/WhatsApp-Image-2020-11-22-at-17.08.17-768x1024.jpeg","articleSection":["D\u00e9l\u00e9gation des \u00c9tats-Unis d\u2019Am\u00e9rique"],"inLanguage":"fr-FR"},{"@type":"WebPage","@id":"https:\/\/constantinianorder.com\/fr\/etats-unis-investiture-des-nouveaux-chevaliers-et-dames\/","url":"https:\/\/constantinianorder.com\/fr\/etats-unis-investiture-des-nouveaux-chevaliers-et-dames\/","name":"\u00c9TATS-UNIS : INVESTITURE DES NOUVEAUX CHEVALIERS ET DAMES - Sacro Militare Ordine Costantiniano di San Giorgio","isPartOf":{"@id":"https:\/\/constantinianorder.com\/#website"},"primaryImageOfPage":{"@id":"https:\/\/constantinianorder.com\/fr\/etats-unis-investiture-des-nouveaux-chevaliers-et-dames\/#primaryimage"},"image":{"@id":"https:\/\/constantinianorder.com\/fr\/etats-unis-investiture-des-nouveaux-chevaliers-et-dames\/#primaryimage"},"thumbnailUrl":"https:\/\/constantinianorder.com\/wp-content\/uploads\/2020\/12\/WhatsApp-Image-2020-11-22-at-17.08.17-768x1024.jpeg","datePublished":"2020-12-02T11:49:37+00:00","dateModified":"2026-02-17T09:58:17+00:00","breadcrumb":{"@id":"https:\/\/constantinianorder.com\/fr\/etats-unis-investiture-des-nouveaux-chevaliers-et-dames\/#breadcrumb"},"inLanguage":"fr-FR","potentialAction":[{"@type":"ReadAction","target":["https:\/\/constantinianorder.com\/fr\/etats-unis-investiture-des-nouveaux-chevaliers-et-dames\/"]}]},{"@type":"ImageObject","inLanguage":"fr-FR","@id":"https:\/\/constantinianorder.com\/fr\/etats-unis-investiture-des-nouveaux-chevaliers-et-dames\/#primaryimage","url":"https:\/\/constantinianorder.com\/wp-content\/uploads\/2020\/12\/WhatsApp-Image-2020-11-22-at-17.08.17-768x1024.jpeg","contentUrl":"https:\/\/constantinianorder.com\/wp-content\/uploads\/2020\/12\/WhatsApp-Image-2020-11-22-at-17.08.17-768x1024.jpeg"},{"@type":"BreadcrumbList","@id":"https:\/\/constantinianorder.com\/fr\/etats-unis-investiture-des-nouveaux-chevaliers-et-dames\/#breadcrumb","itemListElement":[{"@type":"ListItem","position":1,"name":"Home","item":"https:\/\/constantinianorder.com\/en\/"},{"@type":"ListItem","position":2,"name":"\u00c9TATS-UNIS : INVESTITURE DES NOUVEAUX CHEVALIERS ET DAMES"}]},{"@type":"WebSite","@id":"https:\/\/constantinianorder.com\/#website","url":"https:\/\/constantinianorder.com\/","name":"Sacro Militare Ordine Costantiniano di San Giorgio","description":"Ordine Ufficiale","publisher":{"@id":"https:\/\/constantinianorder.com\/#organization"},"potentialAction":[{"@type":"SearchAction","target":{"@type":"EntryPoint","urlTemplate":"https:\/\/constantinianorder.com\/?s={search_term_string}"},"query-input":{"@type":"PropertyValueSpecification","valueRequired":true,"valueName":"search_term_string"}}],"inLanguage":"fr-FR"},{"@type":"Organization","@id":"https:\/\/constantinianorder.com\/#organization","name":"Sacro Militare Ordine Costantiniano di San Giorgio","url":"https:\/\/constantinianorder.com\/","logo":{"@type":"ImageObject","inLanguage":"fr-FR","@id":"https:\/\/constantinianorder.com\/#\/schema\/logo\/image\/","url":"https:\/\/constantinianorder.com\/wp-content\/uploads\/2025\/10\/cropped-logo-costantiniano.png","contentUrl":"https:\/\/constantinianorder.com\/wp-content\/uploads\/2025\/10\/cropped-logo-costantiniano.png","width":512,"height":512,"caption":"Sacro Militare Ordine Costantiniano di San Giorgio"},"image":{"@id":"https:\/\/constantinianorder.com\/#\/schema\/logo\/image\/"},"sameAs":["https:\/\/www.facebook.com\/constantinianorder","https:\/\/www.instagram.com\/constantinianorder\/","https:\/\/www.youtube.com\/@granmagisterodelsacromilit9375"]},{"@type":"Person","@id":"https:\/\/constantinianorder.com\/#\/schema\/person\/493f3b1475d575dcddda4ec923772c66","name":"admin","sameAs":["https:\/\/constantinianorder.com"],"url":"https:\/\/constantinianorder.com\/fr\/author\/domain_jlukbpo7\/"}]}},"_links":{"self":[{"href":"https:\/\/constantinianorder.com\/fr\/wp-json\/wp\/v2\/posts\/101714","targetHints":{"allow":["GET"]}}],"collection":[{"href":"https:\/\/constantinianorder.com\/fr\/wp-json\/wp\/v2\/posts"}],"about":[{"href":"https:\/\/constantinianorder.com\/fr\/wp-json\/wp\/v2\/types\/post"}],"author":[{"embeddable":true,"href":"https:\/\/constantinianorder.com\/fr\/wp-json\/wp\/v2\/users\/1"}],"replies":[{"embeddable":true,"href":"https:\/\/constantinianorder.com\/fr\/wp-json\/wp\/v2\/comments?post=101714"}],"version-history":[{"count":1,"href":"https:\/\/constantinianorder.com\/fr\/wp-json\/wp\/v2\/posts\/101714\/revisions"}],"predecessor-version":[{"id":101717,"href":"https:\/\/constantinianorder.com\/fr\/wp-json\/wp\/v2\/posts\/101714\/revisions\/101717"}],"wp:attachment":[{"href":"https:\/\/constantinianorder.com\/fr\/wp-json\/wp\/v2\/media?parent=101714"}],"wp:term":[{"taxonomy":"category","embeddable":true,"href":"https:\/\/constantinianorder.com\/fr\/wp-json\/wp\/v2\/categories?post=101714"},{"taxonomy":"post_tag","embeddable":true,"href":"https:\/\/constantinianorder.com\/fr\/wp-json\/wp\/v2\/tags?post=101714"}],"curies":[{"name":"wp","href":"https:\/\/api.w.org\/{rel}","templated":true}]}}