{"id":101061,"date":"2026-01-27T18:55:00","date_gmt":"2026-01-27T18:55:00","guid":{"rendered":"https:\/\/constantinianorder.com\/nouvel-organigramme-pour-la-delegation-de-rome-et-latium\/"},"modified":"2026-01-28T11:27:24","modified_gmt":"2026-01-28T11:27:24","slug":"nouvel-organigramme-pour-la-delegation-de-rome-et-latium","status":"publish","type":"post","link":"https:\/\/constantinianorder.com\/fr\/nouvel-organigramme-pour-la-delegation-de-rome-et-latium\/","title":{"rendered":"Nouvel Organigramme pour la D\u00e9l\u00e9gation de Rome et Latium"},"content":{"rendered":"\n<p>Mardi 27 janvier 2026 \u2013 S.A.R. le Prince Charles de Bourbon des Deux Siciles, Duc de Castro et Grand Ma\u00eetre, a d\u00e9fini le nouvel organigramme de la D\u00e9l\u00e9gation de Rome et Latium. La nomination d\u00e9signe le Conte Don Alessandro Gaetani dell\u2019Aquila d\u2019Aragona dei Duchi di Laurenzana Patrizio Napolitano, Chevalier Grand Officier de Justice, en tant que D\u00e9l\u00e9gu\u00e9.<\/p>\n\n<p>Le D\u00e9l\u00e9gu\u00e9 peut \u00eatre contact\u00e9 \u00e0 l\u2019adresse e-mail institutionnelle <a href=\"mailto:delegato.romaelazio@ordine-costantiniano.it\">delegato.romaelazio@ordine-costantiniano.it<\/a>.<\/p>\n\n<p>Le Grand Ma\u00eetre a confirm\u00e9 le Nobile Avvocato Gualtiero Ventura, Chevalier Commandeur de Gr\u00e2ce, comme D\u00e9l\u00e9gu\u00e9 Vicaire (<a href=\"mailto:delegatovicario.romaelazio@ordine-costantiniano.it\">delegatovicario.romaelazio@ordine-costantiniano.it<\/a>).<\/p>\n\n<p>Le D\u00e9l\u00e9gu\u00e9 a nomm\u00e9 l\u2019Avvocato Franco Ciufo comme Repr\u00e9sentant pour les Villes et Provinces de Latina et Frosinone (<a href=\"mailto:rappresentante.lt-fr@ordine-costantiniano.it\" target=\"_blank\" rel=\"noreferrer noopener\">rappresentante.lt-fr@ordine-costantiniano.it<\/a>) et l\u2019Avvocato Salvatore Scafetta comme Repr\u00e9sentant pour la Ville de Gaeta (<a href=\"mailto:rappresentante.gaeta@ordine-costantiniano.it\" target=\"_blank\" rel=\"noreferrer noopener\">rappresentante.gaeta@ordine-costantiniano.it<\/a>).<\/p>\n\n<p>Le D\u00e9l\u00e9gu\u00e9 a \u00e9galement constitu\u00e9 le Conseil, compos\u00e9 comme suit:<\/p>\n\n<ul class=\"wp-block-list\">\n<li>Nobile Avvocato Franco Ciufo, Chevalier de Grand-Croix de Grace<\/li>\n\n\n\n<li>Avvocato Salvatore Scafetta, Chevalier Commandeur de M\u00e9rite<\/li>\n\n\n\n<li>Nobile Giuseppe Ferrajoli, Marchese di Filacciano, Chevalier Grand Officier de Justice<\/li>\n\n\n\n<li>Don Guglielmo dei Principi Giovanelli Marconi, Chevalier de Justice<\/li>\n\n\n\n<li>Contessa Milena De Magistris Von Rex, Dame Officier de Justice<\/li>\n\n\n\n<li>Dott.ssa Simonetta Matone, Dame Commandeur de M\u00e9rite<\/li>\n\n\n\n<li>Dott. Edoardo La Rosa, Chevalier de M\u00e9rite<\/li>\n<\/ul>\n","protected":false},"excerpt":{"rendered":"<p>Mardi 27 janvier 2026 \u2013 S.A.R. le Prince Charles de Bourbon des Deux Siciles, Duc de Castro et Grand Ma\u00eetre, a d\u00e9fini le nouvel organigramme de la D\u00e9l\u00e9gation de Rome et Latium. La nomination d\u00e9signe le Conte Don Alessandro Gaetani dell\u2019Aquila d\u2019Aragona dei Duchi di Laurenzana Patrizio Napolitano, Chevalier Grand Officier de Justice, en tant [&hellip;]<\/p>\n","protected":false},"author":7,"featured_media":0,"comment_status":"closed","ping_status":"closed","sticky":false,"template":"","format":"standard","meta":{"footnotes":""},"categories":[85],"tags":[],"class_list":["post-101061","post","type-post","status-publish","format-standard","hentry","category-communiques-du-grand-magistere"],"yoast_head":"<!-- This site is optimized with the Yoast SEO plugin v26.5 - https:\/\/yoast.com\/wordpress\/plugins\/seo\/ -->\n<title>Nouvel Organigramme pour la D\u00e9l\u00e9gation de Rome et Latium - Sacro Militare Ordine Costantiniano di San Giorgio<\/title>\n<meta name=\"robots\" content=\"index, follow, max-snippet:-1, max-image-preview:large, max-video-preview:-1\" \/>\n<link rel=\"canonical\" href=\"https:\/\/constantinianorder.com\/fr\/nouvel-organigramme-pour-la-delegation-de-rome-et-latium\/\" \/>\n<meta property=\"og:locale\" content=\"fr_FR\" \/>\n<meta property=\"og:type\" content=\"article\" \/>\n<meta property=\"og:title\" content=\"Nouvel Organigramme pour la D\u00e9l\u00e9gation de Rome et Latium - Sacro Militare Ordine Costantiniano di San Giorgio\" \/>\n<meta property=\"og:description\" content=\"Mardi 27 janvier 2026 \u2013 S.A.R. le Prince Charles de Bourbon des Deux Siciles, Duc de Castro et Grand Ma\u00eetre, a d\u00e9fini le nouvel organigramme de la D\u00e9l\u00e9gation de Rome et Latium. La nomination d\u00e9signe le Conte Don Alessandro Gaetani dell\u2019Aquila d\u2019Aragona dei Duchi di Laurenzana Patrizio Napolitano, Chevalier Grand Officier de Justice, en tant [&hellip;]\" \/>\n<meta property=\"og:url\" content=\"https:\/\/constantinianorder.com\/fr\/nouvel-organigramme-pour-la-delegation-de-rome-et-latium\/\" \/>\n<meta property=\"og:site_name\" content=\"Sacro Militare Ordine Costantiniano di San Giorgio\" \/>\n<meta property=\"article:publisher\" content=\"https:\/\/www.facebook.com\/constantinianorder\" \/>\n<meta property=\"article:published_time\" content=\"2026-01-27T18:55:00+00:00\" \/>\n<meta property=\"article:modified_time\" content=\"2026-01-28T11:27:24+00:00\" \/>\n<meta name=\"author\" content=\"Admin Cancelleria\" \/>\n<meta name=\"twitter:card\" content=\"summary_large_image\" \/>\n<meta name=\"twitter:label1\" content=\"\u00c9crit par\" \/>\n\t<meta name=\"twitter:data1\" content=\"Admin Cancelleria\" \/>\n\t<meta name=\"twitter:label2\" content=\"Dur\u00e9e de lecture estim\u00e9e\" \/>\n\t<meta name=\"twitter:data2\" content=\"1 minute\" \/>\n<script type=\"application\/ld+json\" class=\"yoast-schema-graph\">{\"@context\":\"https:\/\/schema.org\",\"@graph\":[{\"@type\":\"Article\",\"@id\":\"https:\/\/constantinianorder.com\/fr\/nouvel-organigramme-pour-la-delegation-de-rome-et-latium\/#article\",\"isPartOf\":{\"@id\":\"https:\/\/constantinianorder.com\/fr\/nouvel-organigramme-pour-la-delegation-de-rome-et-latium\/\"},\"author\":{\"name\":\"Admin Cancelleria\",\"@id\":\"https:\/\/constantinianorder.com\/#\/schema\/person\/179fca3f4e743e4ab01a659a6580a4a4\"},\"headline\":\"Nouvel Organigramme pour la D\u00e9l\u00e9gation de Rome et Latium\",\"datePublished\":\"2026-01-27T18:55:00+00:00\",\"dateModified\":\"2026-01-28T11:27:24+00:00\",\"mainEntityOfPage\":{\"@id\":\"https:\/\/constantinianorder.com\/fr\/nouvel-organigramme-pour-la-delegation-de-rome-et-latium\/\"},\"wordCount\":235,\"publisher\":{\"@id\":\"https:\/\/constantinianorder.com\/#organization\"},\"articleSection\":[\"Communiqu\u00e9s du Grand Magist\u00e8re\"],\"inLanguage\":\"fr-FR\"},{\"@type\":\"WebPage\",\"@id\":\"https:\/\/constantinianorder.com\/fr\/nouvel-organigramme-pour-la-delegation-de-rome-et-latium\/\",\"url\":\"https:\/\/constantinianorder.com\/fr\/nouvel-organigramme-pour-la-delegation-de-rome-et-latium\/\",\"name\":\"Nouvel Organigramme pour la D\u00e9l\u00e9gation de Rome et Latium - Sacro Militare Ordine Costantiniano di San Giorgio\",\"isPartOf\":{\"@id\":\"https:\/\/constantinianorder.com\/#website\"},\"datePublished\":\"2026-01-27T18:55:00+00:00\",\"dateModified\":\"2026-01-28T11:27:24+00:00\",\"breadcrumb\":{\"@id\":\"https:\/\/constantinianorder.com\/fr\/nouvel-organigramme-pour-la-delegation-de-rome-et-latium\/#breadcrumb\"},\"inLanguage\":\"fr-FR\",\"potentialAction\":[{\"@type\":\"ReadAction\",\"target\":[\"https:\/\/constantinianorder.com\/fr\/nouvel-organigramme-pour-la-delegation-de-rome-et-latium\/\"]}]},{\"@type\":\"BreadcrumbList\",\"@id\":\"https:\/\/constantinianorder.com\/fr\/nouvel-organigramme-pour-la-delegation-de-rome-et-latium\/#breadcrumb\",\"itemListElement\":[{\"@type\":\"ListItem\",\"position\":1,\"name\":\"Home\",\"item\":\"https:\/\/constantinianorder.com\/en\/\"},{\"@type\":\"ListItem\",\"position\":2,\"name\":\"Nouvel Organigramme pour la D\u00e9l\u00e9gation de Rome et Latium\"}]},{\"@type\":\"WebSite\",\"@id\":\"https:\/\/constantinianorder.com\/#website\",\"url\":\"https:\/\/constantinianorder.com\/\",\"name\":\"Sacro Militare Ordine Costantiniano di San Giorgio\",\"description\":\"Ordine Ufficiale\",\"publisher\":{\"@id\":\"https:\/\/constantinianorder.com\/#organization\"},\"potentialAction\":[{\"@type\":\"SearchAction\",\"target\":{\"@type\":\"EntryPoint\",\"urlTemplate\":\"https:\/\/constantinianorder.com\/?s={search_term_string}\"},\"query-input\":{\"@type\":\"PropertyValueSpecification\",\"valueRequired\":true,\"valueName\":\"search_term_string\"}}],\"inLanguage\":\"fr-FR\"},{\"@type\":\"Organization\",\"@id\":\"https:\/\/constantinianorder.com\/#organization\",\"name\":\"Sacro Militare Ordine Costantiniano di San Giorgio\",\"url\":\"https:\/\/constantinianorder.com\/\",\"logo\":{\"@type\":\"ImageObject\",\"inLanguage\":\"fr-FR\",\"@id\":\"https:\/\/constantinianorder.com\/#\/schema\/logo\/image\/\",\"url\":\"https:\/\/constantinianorder.com\/wp-content\/uploads\/2025\/10\/cropped-logo-costantiniano.png\",\"contentUrl\":\"https:\/\/constantinianorder.com\/wp-content\/uploads\/2025\/10\/cropped-logo-costantiniano.png\",\"width\":512,\"height\":512,\"caption\":\"Sacro Militare Ordine Costantiniano di San Giorgio\"},\"image\":{\"@id\":\"https:\/\/constantinianorder.com\/#\/schema\/logo\/image\/\"},\"sameAs\":[\"https:\/\/www.facebook.com\/constantinianorder\",\"https:\/\/www.instagram.com\/constantinianorder\/\",\"https:\/\/www.youtube.com\/@granmagisterodelsacromilit9375\"]},{\"@type\":\"Person\",\"@id\":\"https:\/\/constantinianorder.com\/#\/schema\/person\/179fca3f4e743e4ab01a659a6580a4a4\",\"name\":\"Admin Cancelleria\",\"url\":\"https:\/\/constantinianorder.com\/fr\/author\/admin-cancelleria\/\"}]}<\/script>\n<!-- \/ Yoast SEO plugin. -->","yoast_head_json":{"title":"Nouvel Organigramme pour la D\u00e9l\u00e9gation de Rome et Latium - Sacro Militare Ordine Costantiniano di San Giorgio","robots":{"index":"index","follow":"follow","max-snippet":"max-snippet:-1","max-image-preview":"max-image-preview:large","max-video-preview":"max-video-preview:-1"},"canonical":"https:\/\/constantinianorder.com\/fr\/nouvel-organigramme-pour-la-delegation-de-rome-et-latium\/","og_locale":"fr_FR","og_type":"article","og_title":"Nouvel Organigramme pour la D\u00e9l\u00e9gation de Rome et Latium - Sacro Militare Ordine Costantiniano di San Giorgio","og_description":"Mardi 27 janvier 2026 \u2013 S.A.R. le Prince Charles de Bourbon des Deux Siciles, Duc de Castro et Grand Ma\u00eetre, a d\u00e9fini le nouvel organigramme de la D\u00e9l\u00e9gation de Rome et Latium. La nomination d\u00e9signe le Conte Don Alessandro Gaetani dell\u2019Aquila d\u2019Aragona dei Duchi di Laurenzana Patrizio Napolitano, Chevalier Grand Officier de Justice, en tant [&hellip;]","og_url":"https:\/\/constantinianorder.com\/fr\/nouvel-organigramme-pour-la-delegation-de-rome-et-latium\/","og_site_name":"Sacro Militare Ordine Costantiniano di San Giorgio","article_publisher":"https:\/\/www.facebook.com\/constantinianorder","article_published_time":"2026-01-27T18:55:00+00:00","article_modified_time":"2026-01-28T11:27:24+00:00","author":"Admin Cancelleria","twitter_card":"summary_large_image","twitter_misc":{"\u00c9crit par":"Admin Cancelleria","Dur\u00e9e de lecture estim\u00e9e":"1 minute"},"schema":{"@context":"https:\/\/schema.org","@graph":[{"@type":"Article","@id":"https:\/\/constantinianorder.com\/fr\/nouvel-organigramme-pour-la-delegation-de-rome-et-latium\/#article","isPartOf":{"@id":"https:\/\/constantinianorder.com\/fr\/nouvel-organigramme-pour-la-delegation-de-rome-et-latium\/"},"author":{"name":"Admin Cancelleria","@id":"https:\/\/constantinianorder.com\/#\/schema\/person\/179fca3f4e743e4ab01a659a6580a4a4"},"headline":"Nouvel Organigramme pour la D\u00e9l\u00e9gation de Rome et Latium","datePublished":"2026-01-27T18:55:00+00:00","dateModified":"2026-01-28T11:27:24+00:00","mainEntityOfPage":{"@id":"https:\/\/constantinianorder.com\/fr\/nouvel-organigramme-pour-la-delegation-de-rome-et-latium\/"},"wordCount":235,"publisher":{"@id":"https:\/\/constantinianorder.com\/#organization"},"articleSection":["Communiqu\u00e9s du Grand Magist\u00e8re"],"inLanguage":"fr-FR"},{"@type":"WebPage","@id":"https:\/\/constantinianorder.com\/fr\/nouvel-organigramme-pour-la-delegation-de-rome-et-latium\/","url":"https:\/\/constantinianorder.com\/fr\/nouvel-organigramme-pour-la-delegation-de-rome-et-latium\/","name":"Nouvel Organigramme pour la D\u00e9l\u00e9gation de Rome et Latium - Sacro Militare Ordine Costantiniano di San Giorgio","isPartOf":{"@id":"https:\/\/constantinianorder.com\/#website"},"datePublished":"2026-01-27T18:55:00+00:00","dateModified":"2026-01-28T11:27:24+00:00","breadcrumb":{"@id":"https:\/\/constantinianorder.com\/fr\/nouvel-organigramme-pour-la-delegation-de-rome-et-latium\/#breadcrumb"},"inLanguage":"fr-FR","potentialAction":[{"@type":"ReadAction","target":["https:\/\/constantinianorder.com\/fr\/nouvel-organigramme-pour-la-delegation-de-rome-et-latium\/"]}]},{"@type":"BreadcrumbList","@id":"https:\/\/constantinianorder.com\/fr\/nouvel-organigramme-pour-la-delegation-de-rome-et-latium\/#breadcrumb","itemListElement":[{"@type":"ListItem","position":1,"name":"Home","item":"https:\/\/constantinianorder.com\/en\/"},{"@type":"ListItem","position":2,"name":"Nouvel Organigramme pour la D\u00e9l\u00e9gation de Rome et Latium"}]},{"@type":"WebSite","@id":"https:\/\/constantinianorder.com\/#website","url":"https:\/\/constantinianorder.com\/","name":"Sacro Militare Ordine Costantiniano di San Giorgio","description":"Ordine Ufficiale","publisher":{"@id":"https:\/\/constantinianorder.com\/#organization"},"potentialAction":[{"@type":"SearchAction","target":{"@type":"EntryPoint","urlTemplate":"https:\/\/constantinianorder.com\/?s={search_term_string}"},"query-input":{"@type":"PropertyValueSpecification","valueRequired":true,"valueName":"search_term_string"}}],"inLanguage":"fr-FR"},{"@type":"Organization","@id":"https:\/\/constantinianorder.com\/#organization","name":"Sacro Militare Ordine Costantiniano di San Giorgio","url":"https:\/\/constantinianorder.com\/","logo":{"@type":"ImageObject","inLanguage":"fr-FR","@id":"https:\/\/constantinianorder.com\/#\/schema\/logo\/image\/","url":"https:\/\/constantinianorder.com\/wp-content\/uploads\/2025\/10\/cropped-logo-costantiniano.png","contentUrl":"https:\/\/constantinianorder.com\/wp-content\/uploads\/2025\/10\/cropped-logo-costantiniano.png","width":512,"height":512,"caption":"Sacro Militare Ordine Costantiniano di San Giorgio"},"image":{"@id":"https:\/\/constantinianorder.com\/#\/schema\/logo\/image\/"},"sameAs":["https:\/\/www.facebook.com\/constantinianorder","https:\/\/www.instagram.com\/constantinianorder\/","https:\/\/www.youtube.com\/@granmagisterodelsacromilit9375"]},{"@type":"Person","@id":"https:\/\/constantinianorder.com\/#\/schema\/person\/179fca3f4e743e4ab01a659a6580a4a4","name":"Admin Cancelleria","url":"https:\/\/constantinianorder.com\/fr\/author\/admin-cancelleria\/"}]}},"_links":{"self":[{"href":"https:\/\/constantinianorder.com\/fr\/wp-json\/wp\/v2\/posts\/101061","targetHints":{"allow":["GET"]}}],"collection":[{"href":"https:\/\/constantinianorder.com\/fr\/wp-json\/wp\/v2\/posts"}],"about":[{"href":"https:\/\/constantinianorder.com\/fr\/wp-json\/wp\/v2\/types\/post"}],"author":[{"embeddable":true,"href":"https:\/\/constantinianorder.com\/fr\/wp-json\/wp\/v2\/users\/7"}],"replies":[{"embeddable":true,"href":"https:\/\/constantinianorder.com\/fr\/wp-json\/wp\/v2\/comments?post=101061"}],"version-history":[{"count":1,"href":"https:\/\/constantinianorder.com\/fr\/wp-json\/wp\/v2\/posts\/101061\/revisions"}],"predecessor-version":[{"id":101062,"href":"https:\/\/constantinianorder.com\/fr\/wp-json\/wp\/v2\/posts\/101061\/revisions\/101062"}],"wp:attachment":[{"href":"https:\/\/constantinianorder.com\/fr\/wp-json\/wp\/v2\/media?parent=101061"}],"wp:term":[{"taxonomy":"category","embeddable":true,"href":"https:\/\/constantinianorder.com\/fr\/wp-json\/wp\/v2\/categories?post=101061"},{"taxonomy":"post_tag","embeddable":true,"href":"https:\/\/constantinianorder.com\/fr\/wp-json\/wp\/v2\/tags?post=101061"}],"curies":[{"name":"wp","href":"https:\/\/api.w.org\/{rel}","templated":true}]}}