{"id":80901,"date":"2025-08-27T17:49:42","date_gmt":"2025-08-27T17:49:42","guid":{"rendered":"https:\/\/constantinianorder.net\/emiglia-romagna-iniziative-della-delegazione-agosto-2025\/"},"modified":"2025-10-20T14:32:53","modified_gmt":"2025-10-20T14:32:53","slug":"emiglia-romagna-iniziative-della-delegazione-agosto-2025","status":"publish","type":"post","link":"https:\/\/constantinianorder.com\/es\/emiglia-romagna-iniziative-della-delegazione-agosto-2025\/","title":{"rendered":"EMILIA-ROMAGNA: INICIATIVAS DE DELEGACION DE AGOSTO DE 2025"},"content":{"rendered":"\n<figure class=\"wp-block-image\"><img decoding=\"async\" src=\"https:\/\/constantinianorder.com\/wp-content\/uploads\/2025\/08\/FOTO-DONAZIONE-3-AGOSTO-1024x768.jpg\" alt=\"\" class=\"wp-image-80771\"\/><\/figure>\n\n\n\n<p><strong>Ferrara, 3 de Agosto de 2025<\/strong> \u2013 En el marco de las actividades ben\u00e9ficas de verano, los Caballeros Davide Zamboni y Walter Chessa, en coordinaci\u00f3n con el Representante Cab. de Gr. Ecl. Padre Davide\u00a0Benini, han ofrecido alimentos, productos veterinarios, juegos, correas y art\u00edculos de higiene animal al \u00abRifugio della Lega Nazionale per la Difesa del Cane di Ferrara\u00bb. Los benefactores han ilustrado tambi\u00e9n a las voluntarias el uso de un alimenti diet\u00e9tico espec\u00edfico para perros. Agradecemos a las voluntarias por la acogida y su continuo compromiso. <\/p>\n\n\n\n<p><strong>Ferrara, 13 de Agosto de 2025<\/strong> \u2013 Con motivo de la Memoria Diocesana de San Casiano M\u00e1rtir y de la preparaci\u00f3n a la Asunci\u00f3n de Mar\u00eda, la Representaci\u00f3n ha donado 1000 jarras de conservas ( alrededor de 400 kilos)  a la unidad pastoral \u00abCorpus Domini-S. Agostino\u00bb para los necesitados. El projecto, realizado de acuerdo con Mons. Michele Zecchin, ha incluido los Caballeros Zamboni, Walter Chessa, Padre Giuliano Scotton y Emanuele Chessa, bajo la coordinaci\u00f3n del Representante Don Benini. Agradecemos profundamente al P\u00e1rroco y a las voluntarias por la acogida.<\/p>\n\n\n\n<figure class=\"wp-block-image\"><img decoding=\"async\" src=\"https:\/\/constantinianorder.com\/wp-content\/uploads\/2025\/08\/1000067429-1-768x1024.jpg\" alt=\"\" class=\"wp-image-80781\"\/><\/figure>\n\n\n\n<figure class=\"wp-block-image\"><img decoding=\"async\" src=\"https:\/\/constantinianorder.com\/wp-content\/uploads\/2025\/08\/FOTO-DONAZIONE-22-AGOSTO-1024x768.jpg\" alt=\"\" class=\"wp-image-80793\"\/><\/figure>\n\n\n\n<p><strong>Ferrara, 22 de Agosto de 2025<\/strong> \u2013 La  Representaci\u00f3n ha ofrecido 2230  ha donato 2230 tarros de alimentos de larga duraci\u00f3n a la Parroquia de \u00abSanto Spirito\u00bb en apoyo a los nececitados. A la enrega estaban los Caballeros Zamboni, Walter Chessa y Emanuele Chessa, coordinados por el Representante Don Benini. Agradecemos a los benefactores y a las voluntaria por la dedicaci\u00f3n en el servicio.<\/p>\n\n\n\n<figure class=\"wp-block-image\"><img decoding=\"async\" src=\"https:\/\/constantinianorder.com\/wp-content\/uploads\/2025\/09\/FOTO-DONAZIONE-FERRARA.jpg\" alt=\"\" class=\"wp-image-80802\"\/><\/figure>\n\n\n\n<p><strong>Ferrara, 29 de Agosto de 2025<\/strong> &#8211; <em>Memoria de la Decollaci\u00f3n de San Juan Bautista. <\/em><br>La Representaci\u00f3n ha efectuado una donaci\u00f3n importante para el Monasterio de \u00abSanta Teresa Trasverberata di Ferrara\u00bb,para su sustento y el de los necesitados. Los Caballeros Walter Chessa y Davide Zamboni, junot a el al Cab. Emanuele Chessa, coordinados por el Representante Cab. de Gr. Ecl. Padre Davide\u00a0Benini y con los benefactores del Orden, han enviado alrededor de 400 kilos de productos alimenticios a largo plazo como salsas preparadas, conservas de verduras, salsas y mermeladas.En el momento de la entrega a los locales del Monasterio, estaban las Hermanas Carmelitane Scalze, a las que agradecemos de la c\u00e1lida bienvenida.<\/p>\n","protected":false},"excerpt":{"rendered":"<p>Ferrara, 3 de Agosto de 2025 \u2013 En el marco de las actividades ben\u00e9ficas de verano, los Caballeros Davide Zamboni y Walter Chessa, en coordinaci\u00f3n con el Representante Cab. de Gr. Ecl. Padre Davide\u00a0Benini, han ofrecido alimentos, productos veterinarios, juegos, correas y art\u00edculos de higiene animal al \u00abRifugio della Lega Nazionale per la Difesa del [&hellip;]<\/p>\n","protected":false},"author":1,"featured_media":0,"comment_status":"closed","ping_status":"closed","sticky":false,"template":"","format":"standard","meta":{"footnotes":""},"categories":[212],"tags":[],"class_list":["post-80901","post","type-post","status-publish","format-standard","hentry","category-delegacion-de-lemilia-romagna"],"yoast_head":"<!-- This site is optimized with the Yoast SEO plugin v26.5 - https:\/\/yoast.com\/wordpress\/plugins\/seo\/ -->\n<title>EMILIA-ROMAGNA: INICIATIVAS DE DELEGACION DE AGOSTO DE 2025 - Sacro Militare Ordine Costantiniano di San Giorgio<\/title>\n<meta name=\"robots\" content=\"index, follow, max-snippet:-1, max-image-preview:large, max-video-preview:-1\" \/>\n<link rel=\"canonical\" href=\"https:\/\/constantinianorder.com\/emiglia-romagna-iniziative-della-delegazione-agosto-2025\/\" \/>\n<meta property=\"og:locale\" content=\"es_ES\" \/>\n<meta property=\"og:type\" content=\"article\" \/>\n<meta property=\"og:title\" content=\"EMILIA-ROMAGNA: INICIATIVAS DE DELEGACION DE AGOSTO DE 2025 - Sacro Militare Ordine Costantiniano di San Giorgio\" \/>\n<meta property=\"og:description\" content=\"Ferrara, 3 de Agosto de 2025 \u2013 En el marco de las actividades ben\u00e9ficas de verano, los Caballeros Davide Zamboni y Walter Chessa, en coordinaci\u00f3n con el Representante Cab. de Gr. Ecl. Padre Davide\u00a0Benini, han ofrecido alimentos, productos veterinarios, juegos, correas y art\u00edculos de higiene animal al \u00abRifugio della Lega Nazionale per la Difesa del [&hellip;]\" \/>\n<meta property=\"og:url\" content=\"https:\/\/constantinianorder.com\/emiglia-romagna-iniziative-della-delegazione-agosto-2025\/\" \/>\n<meta property=\"og:site_name\" content=\"Sacro Militare Ordine Costantiniano di San Giorgio\" \/>\n<meta property=\"article:publisher\" content=\"https:\/\/www.facebook.com\/constantinianorder\" \/>\n<meta property=\"article:published_time\" content=\"2025-08-27T17:49:42+00:00\" \/>\n<meta property=\"article:modified_time\" content=\"2025-10-20T14:32:53+00:00\" \/>\n<meta name=\"author\" content=\"admin\" \/>\n<meta name=\"twitter:card\" content=\"summary_large_image\" \/>\n<meta name=\"twitter:label1\" content=\"Escrito por\" \/>\n\t<meta name=\"twitter:data1\" content=\"admin\" \/>\n\t<meta name=\"twitter:label2\" content=\"Tiempo de lectura\" \/>\n\t<meta name=\"twitter:data2\" content=\"2 minutos\" \/>\n<script type=\"application\/ld+json\" class=\"yoast-schema-graph\">{\"@context\":\"https:\/\/schema.org\",\"@graph\":[{\"@type\":\"Article\",\"@id\":\"https:\/\/constantinianorder.com\/emiglia-romagna-iniziative-della-delegazione-agosto-2025\/#article\",\"isPartOf\":{\"@id\":\"https:\/\/constantinianorder.com\/emiglia-romagna-iniziative-della-delegazione-agosto-2025\/\"},\"author\":{\"name\":\"admin\",\"@id\":\"https:\/\/constantinianorder.com\/#\/schema\/person\/493f3b1475d575dcddda4ec923772c66\"},\"headline\":\"EMILIA-ROMAGNA: INICIATIVAS DE DELEGACION DE AGOSTO DE 2025\",\"datePublished\":\"2025-08-27T17:49:42+00:00\",\"dateModified\":\"2025-10-20T14:32:53+00:00\",\"mainEntityOfPage\":{\"@id\":\"https:\/\/constantinianorder.com\/emiglia-romagna-iniziative-della-delegazione-agosto-2025\/\"},\"wordCount\":365,\"publisher\":{\"@id\":\"https:\/\/constantinianorder.com\/#organization\"},\"image\":{\"@id\":\"https:\/\/constantinianorder.com\/emiglia-romagna-iniziative-della-delegazione-agosto-2025\/#primaryimage\"},\"thumbnailUrl\":\"https:\/\/constantinianorder.com\/wp-content\/uploads\/2025\/08\/FOTO-DONAZIONE-3-AGOSTO-1024x768.jpg\",\"articleSection\":[\"Delegaci\u00f3n de l\u2019Emilia Romagna\"],\"inLanguage\":\"es\"},{\"@type\":\"WebPage\",\"@id\":\"https:\/\/constantinianorder.com\/emiglia-romagna-iniziative-della-delegazione-agosto-2025\/\",\"url\":\"https:\/\/constantinianorder.com\/emiglia-romagna-iniziative-della-delegazione-agosto-2025\/\",\"name\":\"EMILIA-ROMAGNA: INICIATIVAS DE DELEGACION DE AGOSTO DE 2025 - Sacro Militare Ordine Costantiniano di San Giorgio\",\"isPartOf\":{\"@id\":\"https:\/\/constantinianorder.com\/#website\"},\"primaryImageOfPage\":{\"@id\":\"https:\/\/constantinianorder.com\/emiglia-romagna-iniziative-della-delegazione-agosto-2025\/#primaryimage\"},\"image\":{\"@id\":\"https:\/\/constantinianorder.com\/emiglia-romagna-iniziative-della-delegazione-agosto-2025\/#primaryimage\"},\"thumbnailUrl\":\"https:\/\/constantinianorder.com\/wp-content\/uploads\/2025\/08\/FOTO-DONAZIONE-3-AGOSTO-1024x768.jpg\",\"datePublished\":\"2025-08-27T17:49:42+00:00\",\"dateModified\":\"2025-10-20T14:32:53+00:00\",\"breadcrumb\":{\"@id\":\"https:\/\/constantinianorder.com\/emiglia-romagna-iniziative-della-delegazione-agosto-2025\/#breadcrumb\"},\"inLanguage\":\"es\",\"potentialAction\":[{\"@type\":\"ReadAction\",\"target\":[\"https:\/\/constantinianorder.com\/emiglia-romagna-iniziative-della-delegazione-agosto-2025\/\"]}]},{\"@type\":\"ImageObject\",\"inLanguage\":\"es\",\"@id\":\"https:\/\/constantinianorder.com\/emiglia-romagna-iniziative-della-delegazione-agosto-2025\/#primaryimage\",\"url\":\"https:\/\/constantinianorder.com\/wp-content\/uploads\/2025\/08\/FOTO-DONAZIONE-3-AGOSTO-1024x768.jpg\",\"contentUrl\":\"https:\/\/constantinianorder.com\/wp-content\/uploads\/2025\/08\/FOTO-DONAZIONE-3-AGOSTO-1024x768.jpg\"},{\"@type\":\"BreadcrumbList\",\"@id\":\"https:\/\/constantinianorder.com\/emiglia-romagna-iniziative-della-delegazione-agosto-2025\/#breadcrumb\",\"itemListElement\":[{\"@type\":\"ListItem\",\"position\":1,\"name\":\"Home\",\"item\":\"https:\/\/constantinianorder.com\/en\/\"},{\"@type\":\"ListItem\",\"position\":2,\"name\":\"EMILIA-ROMAGNA: INICIATIVAS DE DELEGACION DE AGOSTO DE 2025\"}]},{\"@type\":\"WebSite\",\"@id\":\"https:\/\/constantinianorder.com\/#website\",\"url\":\"https:\/\/constantinianorder.com\/\",\"name\":\"Sacro Militare Ordine Costantiniano di San Giorgio\",\"description\":\"Ordine Ufficiale\",\"publisher\":{\"@id\":\"https:\/\/constantinianorder.com\/#organization\"},\"potentialAction\":[{\"@type\":\"SearchAction\",\"target\":{\"@type\":\"EntryPoint\",\"urlTemplate\":\"https:\/\/constantinianorder.com\/?s={search_term_string}\"},\"query-input\":{\"@type\":\"PropertyValueSpecification\",\"valueRequired\":true,\"valueName\":\"search_term_string\"}}],\"inLanguage\":\"es\"},{\"@type\":\"Organization\",\"@id\":\"https:\/\/constantinianorder.com\/#organization\",\"name\":\"Sacro Militare Ordine Costantiniano di San Giorgio\",\"url\":\"https:\/\/constantinianorder.com\/\",\"logo\":{\"@type\":\"ImageObject\",\"inLanguage\":\"es\",\"@id\":\"https:\/\/constantinianorder.com\/#\/schema\/logo\/image\/\",\"url\":\"https:\/\/constantinianorder.com\/wp-content\/uploads\/2025\/10\/cropped-logo-costantiniano.png\",\"contentUrl\":\"https:\/\/constantinianorder.com\/wp-content\/uploads\/2025\/10\/cropped-logo-costantiniano.png\",\"width\":512,\"height\":512,\"caption\":\"Sacro Militare Ordine Costantiniano di San Giorgio\"},\"image\":{\"@id\":\"https:\/\/constantinianorder.com\/#\/schema\/logo\/image\/\"},\"sameAs\":[\"https:\/\/www.facebook.com\/constantinianorder\",\"https:\/\/www.instagram.com\/constantinianorder\/\",\"https:\/\/www.youtube.com\/@granmagisterodelsacromilit9375\"]},{\"@type\":\"Person\",\"@id\":\"https:\/\/constantinianorder.com\/#\/schema\/person\/493f3b1475d575dcddda4ec923772c66\",\"name\":\"admin\",\"sameAs\":[\"https:\/\/constantinianorder.com\"],\"url\":\"https:\/\/constantinianorder.com\/es\/author\/domain_jlukbpo7\/\"}]}<\/script>\n<!-- \/ Yoast SEO plugin. -->","yoast_head_json":{"title":"EMILIA-ROMAGNA: INICIATIVAS DE DELEGACION DE AGOSTO DE 2025 - Sacro Militare Ordine Costantiniano di San Giorgio","robots":{"index":"index","follow":"follow","max-snippet":"max-snippet:-1","max-image-preview":"max-image-preview:large","max-video-preview":"max-video-preview:-1"},"canonical":"https:\/\/constantinianorder.com\/emiglia-romagna-iniziative-della-delegazione-agosto-2025\/","og_locale":"es_ES","og_type":"article","og_title":"EMILIA-ROMAGNA: INICIATIVAS DE DELEGACION DE AGOSTO DE 2025 - Sacro Militare Ordine Costantiniano di San Giorgio","og_description":"Ferrara, 3 de Agosto de 2025 \u2013 En el marco de las actividades ben\u00e9ficas de verano, los Caballeros Davide Zamboni y Walter Chessa, en coordinaci\u00f3n con el Representante Cab. de Gr. Ecl. Padre Davide\u00a0Benini, han ofrecido alimentos, productos veterinarios, juegos, correas y art\u00edculos de higiene animal al \u00abRifugio della Lega Nazionale per la Difesa del [&hellip;]","og_url":"https:\/\/constantinianorder.com\/emiglia-romagna-iniziative-della-delegazione-agosto-2025\/","og_site_name":"Sacro Militare Ordine Costantiniano di San Giorgio","article_publisher":"https:\/\/www.facebook.com\/constantinianorder","article_published_time":"2025-08-27T17:49:42+00:00","article_modified_time":"2025-10-20T14:32:53+00:00","author":"admin","twitter_card":"summary_large_image","twitter_misc":{"Escrito por":"admin","Tiempo de lectura":"2 minutos"},"schema":{"@context":"https:\/\/schema.org","@graph":[{"@type":"Article","@id":"https:\/\/constantinianorder.com\/emiglia-romagna-iniziative-della-delegazione-agosto-2025\/#article","isPartOf":{"@id":"https:\/\/constantinianorder.com\/emiglia-romagna-iniziative-della-delegazione-agosto-2025\/"},"author":{"name":"admin","@id":"https:\/\/constantinianorder.com\/#\/schema\/person\/493f3b1475d575dcddda4ec923772c66"},"headline":"EMILIA-ROMAGNA: INICIATIVAS DE DELEGACION DE AGOSTO DE 2025","datePublished":"2025-08-27T17:49:42+00:00","dateModified":"2025-10-20T14:32:53+00:00","mainEntityOfPage":{"@id":"https:\/\/constantinianorder.com\/emiglia-romagna-iniziative-della-delegazione-agosto-2025\/"},"wordCount":365,"publisher":{"@id":"https:\/\/constantinianorder.com\/#organization"},"image":{"@id":"https:\/\/constantinianorder.com\/emiglia-romagna-iniziative-della-delegazione-agosto-2025\/#primaryimage"},"thumbnailUrl":"https:\/\/constantinianorder.com\/wp-content\/uploads\/2025\/08\/FOTO-DONAZIONE-3-AGOSTO-1024x768.jpg","articleSection":["Delegaci\u00f3n de l\u2019Emilia Romagna"],"inLanguage":"es"},{"@type":"WebPage","@id":"https:\/\/constantinianorder.com\/emiglia-romagna-iniziative-della-delegazione-agosto-2025\/","url":"https:\/\/constantinianorder.com\/emiglia-romagna-iniziative-della-delegazione-agosto-2025\/","name":"EMILIA-ROMAGNA: INICIATIVAS DE DELEGACION DE AGOSTO DE 2025 - Sacro Militare Ordine Costantiniano di San Giorgio","isPartOf":{"@id":"https:\/\/constantinianorder.com\/#website"},"primaryImageOfPage":{"@id":"https:\/\/constantinianorder.com\/emiglia-romagna-iniziative-della-delegazione-agosto-2025\/#primaryimage"},"image":{"@id":"https:\/\/constantinianorder.com\/emiglia-romagna-iniziative-della-delegazione-agosto-2025\/#primaryimage"},"thumbnailUrl":"https:\/\/constantinianorder.com\/wp-content\/uploads\/2025\/08\/FOTO-DONAZIONE-3-AGOSTO-1024x768.jpg","datePublished":"2025-08-27T17:49:42+00:00","dateModified":"2025-10-20T14:32:53+00:00","breadcrumb":{"@id":"https:\/\/constantinianorder.com\/emiglia-romagna-iniziative-della-delegazione-agosto-2025\/#breadcrumb"},"inLanguage":"es","potentialAction":[{"@type":"ReadAction","target":["https:\/\/constantinianorder.com\/emiglia-romagna-iniziative-della-delegazione-agosto-2025\/"]}]},{"@type":"ImageObject","inLanguage":"es","@id":"https:\/\/constantinianorder.com\/emiglia-romagna-iniziative-della-delegazione-agosto-2025\/#primaryimage","url":"https:\/\/constantinianorder.com\/wp-content\/uploads\/2025\/08\/FOTO-DONAZIONE-3-AGOSTO-1024x768.jpg","contentUrl":"https:\/\/constantinianorder.com\/wp-content\/uploads\/2025\/08\/FOTO-DONAZIONE-3-AGOSTO-1024x768.jpg"},{"@type":"BreadcrumbList","@id":"https:\/\/constantinianorder.com\/emiglia-romagna-iniziative-della-delegazione-agosto-2025\/#breadcrumb","itemListElement":[{"@type":"ListItem","position":1,"name":"Home","item":"https:\/\/constantinianorder.com\/en\/"},{"@type":"ListItem","position":2,"name":"EMILIA-ROMAGNA: INICIATIVAS DE DELEGACION DE AGOSTO DE 2025"}]},{"@type":"WebSite","@id":"https:\/\/constantinianorder.com\/#website","url":"https:\/\/constantinianorder.com\/","name":"Sacro Militare Ordine Costantiniano di San Giorgio","description":"Ordine Ufficiale","publisher":{"@id":"https:\/\/constantinianorder.com\/#organization"},"potentialAction":[{"@type":"SearchAction","target":{"@type":"EntryPoint","urlTemplate":"https:\/\/constantinianorder.com\/?s={search_term_string}"},"query-input":{"@type":"PropertyValueSpecification","valueRequired":true,"valueName":"search_term_string"}}],"inLanguage":"es"},{"@type":"Organization","@id":"https:\/\/constantinianorder.com\/#organization","name":"Sacro Militare Ordine Costantiniano di San Giorgio","url":"https:\/\/constantinianorder.com\/","logo":{"@type":"ImageObject","inLanguage":"es","@id":"https:\/\/constantinianorder.com\/#\/schema\/logo\/image\/","url":"https:\/\/constantinianorder.com\/wp-content\/uploads\/2025\/10\/cropped-logo-costantiniano.png","contentUrl":"https:\/\/constantinianorder.com\/wp-content\/uploads\/2025\/10\/cropped-logo-costantiniano.png","width":512,"height":512,"caption":"Sacro Militare Ordine Costantiniano di San Giorgio"},"image":{"@id":"https:\/\/constantinianorder.com\/#\/schema\/logo\/image\/"},"sameAs":["https:\/\/www.facebook.com\/constantinianorder","https:\/\/www.instagram.com\/constantinianorder\/","https:\/\/www.youtube.com\/@granmagisterodelsacromilit9375"]},{"@type":"Person","@id":"https:\/\/constantinianorder.com\/#\/schema\/person\/493f3b1475d575dcddda4ec923772c66","name":"admin","sameAs":["https:\/\/constantinianorder.com"],"url":"https:\/\/constantinianorder.com\/es\/author\/domain_jlukbpo7\/"}]}},"_links":{"self":[{"href":"https:\/\/constantinianorder.com\/es\/wp-json\/wp\/v2\/posts\/80901","targetHints":{"allow":["GET"]}}],"collection":[{"href":"https:\/\/constantinianorder.com\/es\/wp-json\/wp\/v2\/posts"}],"about":[{"href":"https:\/\/constantinianorder.com\/es\/wp-json\/wp\/v2\/types\/post"}],"author":[{"embeddable":true,"href":"https:\/\/constantinianorder.com\/es\/wp-json\/wp\/v2\/users\/1"}],"replies":[{"embeddable":true,"href":"https:\/\/constantinianorder.com\/es\/wp-json\/wp\/v2\/comments?post=80901"}],"version-history":[{"count":1,"href":"https:\/\/constantinianorder.com\/es\/wp-json\/wp\/v2\/posts\/80901\/revisions"}],"predecessor-version":[{"id":81292,"href":"https:\/\/constantinianorder.com\/es\/wp-json\/wp\/v2\/posts\/80901\/revisions\/81292"}],"wp:attachment":[{"href":"https:\/\/constantinianorder.com\/es\/wp-json\/wp\/v2\/media?parent=80901"}],"wp:term":[{"taxonomy":"category","embeddable":true,"href":"https:\/\/constantinianorder.com\/es\/wp-json\/wp\/v2\/categories?post=80901"},{"taxonomy":"post_tag","embeddable":true,"href":"https:\/\/constantinianorder.com\/es\/wp-json\/wp\/v2\/tags?post=80901"}],"curies":[{"name":"wp","href":"https:\/\/api.w.org\/{rel}","templated":true}]}}