{"id":79526,"date":"2025-02-19T11:58:09","date_gmt":"2025-02-19T11:58:09","guid":{"rendered":"https:\/\/constantinianorder.net\/sicilia-attivita-di-fine-gennaio-inizio-febbraio-2025\/"},"modified":"2026-02-18T14:25:24","modified_gmt":"2026-02-18T14:25:24","slug":"sicilia-attivita-di-fine-gennaio-inizio-febbraio-2025","status":"publish","type":"post","link":"https:\/\/constantinianorder.com\/es\/sicilia-attivita-di-fine-gennaio-inizio-febbraio-2025\/","title":{"rendered":"SICILIA: ACTIVIDADES DE FINALES DE ENERO\/PRINCIPIOS DE FEBRERO 2025"},"content":{"rendered":"\n<ul class=\"wp-block-gallery columns-3 is-cropped wp-block-gallery-1 is-layout-flex wp-block-gallery-is-layout-flex\"><li class=\"blocks-gallery-item\"><figure><img decoding=\"async\" src=\"https:\/\/constantinianorder.com\/wp-content\/uploads\/2025\/02\/14-1024x683.jpg\" alt=\"\" data-id=\"79408\" data-link=\"https:\/\/export.constantinianorder.net\/?attachment_id=79408\" class=\"wp-image-79408\"\/><\/figure><\/li><li class=\"blocks-gallery-item\"><figure><img decoding=\"async\" src=\"https:\/\/constantinianorder.com\/wp-content\/uploads\/2025\/02\/15-1024x683.jpg\" alt=\"\" data-id=\"79412\" data-link=\"https:\/\/export.constantinianorder.net\/?attachment_id=79412\" class=\"wp-image-79412\"\/><\/figure><\/li><li class=\"blocks-gallery-item\"><figure><img decoding=\"async\" src=\"https:\/\/constantinianorder.com\/wp-content\/uploads\/2025\/02\/16-1024x683.jpg\" alt=\"\" data-id=\"79416\" data-link=\"https:\/\/export.constantinianorder.net\/?attachment_id=79416\" class=\"wp-image-79416\"\/><\/figure><\/li><li class=\"blocks-gallery-item\"><figure><img decoding=\"async\" src=\"https:\/\/constantinianorder.com\/wp-content\/uploads\/2025\/02\/5-1024x683.jpg\" alt=\"\" data-id=\"79420\" data-link=\"https:\/\/export.constantinianorder.net\/?attachment_id=79420\" class=\"wp-image-79420\"\/><\/figure><\/li><li class=\"blocks-gallery-item\"><figure><img decoding=\"async\" src=\"https:\/\/constantinianorder.com\/wp-content\/uploads\/2025\/02\/7-1024x683.jpg\" alt=\"\" data-id=\"79424\" data-link=\"https:\/\/export.constantinianorder.net\/?attachment_id=79424\" class=\"wp-image-79424\"\/><\/figure><\/li><li class=\"blocks-gallery-item\"><figure><img decoding=\"async\" src=\"https:\/\/constantinianorder.com\/wp-content\/uploads\/2025\/02\/8-1024x683.jpg\" alt=\"\" data-id=\"79428\" data-link=\"https:\/\/export.constantinianorder.net\/?attachment_id=79428\" class=\"wp-image-79428\"\/><\/figure><\/li><\/ul>\n\n<p>El domingo 2 de febrero, con ocasi\u00f3n de la fiesta de la Presentaci\u00f3n de Jes\u00fas en el Templo, los Caballeros de la Delegaci\u00f3n de Sicilia participaron en la funci\u00f3n religiosa en la Abad\u00eda de San Martino delle Scale. <br\/> En la liturgia, presidida por el Prior Don Mariano Colletta, particip\u00f3 tambi\u00e9n el Gran Prefecto, S.A.R. la Princesa Beatriz de Borb\u00f3n de las Dos Sicilias. Durante la homil\u00eda, el Prior record\u00f3 que la bendici\u00f3n de las velas simboliza la luz de Jes\u00fas que ilumina a los pueblos. Al final de la misa, la Delegaci\u00f3n don\u00f3 a la abad\u00eda una pintura del 1600 que representa a la Virgen de Trapani. La tela fue entregada al Prior por S.A.R. el Gran Prefecto y por el Delegado Vicario el Noble Antonio di Janni. El Prior agradeci\u00f3 a la Delegaci\u00f3n tambi\u00e9n en nombre del Muy Reverendo Padre Abad Dom Vittorio Rizzone. Posteriormente, la Princesa Beatriz y los Caballeros participaron en una agape fraterna en el refectorio, saboreando las delicias preparadas por los frailes benedictinos.    <\/p>\n\n<ul class=\"wp-block-gallery columns-2 is-cropped wp-block-gallery-2 is-layout-flex wp-block-gallery-is-layout-flex\"><li class=\"blocks-gallery-item\"><figure><img decoding=\"async\" src=\"https:\/\/constantinianorder.com\/wp-content\/uploads\/2025\/02\/nomina-al-comandante-polizia-urbana-di-Palermo-3-1024x682.jpg\" alt=\"\" data-id=\"79432\" data-link=\"https:\/\/export.constantinianorder.net\/?attachment_id=79432\" class=\"wp-image-79432\"\/><\/figure><\/li><li class=\"blocks-gallery-item\"><figure><img decoding=\"async\" src=\"https:\/\/constantinianorder.com\/wp-content\/uploads\/2025\/02\/nomina-al-comandante-polizia-urbana-di-Palermo-2-1024x682.jpg\" alt=\"\" data-id=\"79436\" data-link=\"https:\/\/export.constantinianorder.net\/?attachment_id=79436\" class=\"wp-image-79436\"\/><\/figure><\/li><\/ul>\n\n<p>El viernes 31 de enero, S.A.R. el Gran Prefecto entreg\u00f3 el pergamino de nombramiento como Caballero Oficial al General Angelo Colucciello, Comandante de la polic\u00eda urbana de Palermo. Estuvieron presentes el Delegado Vicario Antonio di Janni, el Canciller Claudio Ragusa y el Concejal Dario Falzone. <\/p>\n\n<ul class=\"wp-block-gallery columns-3 is-cropped wp-block-gallery-3 is-layout-flex wp-block-gallery-is-layout-flex\"><li class=\"blocks-gallery-item\"><figure><img decoding=\"async\" src=\"https:\/\/constantinianorder.com\/wp-content\/uploads\/2025\/02\/IMG-20250126-WA0045-1024x576.jpg\" alt=\"\" data-id=\"79440\" data-link=\"https:\/\/export.constantinianorder.net\/?attachment_id=79440\" class=\"wp-image-79440\"\/><\/figure><\/li><li class=\"blocks-gallery-item\"><figure><img decoding=\"async\" src=\"https:\/\/constantinianorder.com\/wp-content\/uploads\/2025\/02\/20250126_184235-1024x768.jpg\" alt=\"\" data-id=\"79444\" data-link=\"https:\/\/export.constantinianorder.net\/?attachment_id=79444\" class=\"wp-image-79444\"\/><\/figure><\/li><li class=\"blocks-gallery-item\"><figure><img decoding=\"async\" src=\"https:\/\/constantinianorder.com\/wp-content\/uploads\/2025\/02\/20250126_195931-1024x768.jpg\" alt=\"\" data-id=\"79448\" data-link=\"https:\/\/export.constantinianorder.net\/?attachment_id=79448\" class=\"wp-image-79448\"\/><\/figure><\/li><\/ul>\n\n<p>El 26 de enero de 2025, en Enna, cerca de la iglesia de San Cataldo, se celebr\u00f3 una misa en honor a la Sant\u00edsima Virgen Mar\u00eda de Lourdes, durante la cual se present\u00f3 la reliquia de Santa Bernadette. En la ceremonia participaron los Caballeros de la Delegaci\u00f3n de Sicilia, guiados por el Delegado Vicario, junto con el Canciller y el Comendador Gasperino Como. Los Caballeros fueron recibidos por el referente de la provincia de Enna, Comm. Matteo Bertino, del Caballero Oficial Alessandro Balsamo, de los Caballeros Marco Milazzo, Elio Virone, Claudio Fazzi, Giuseppe Mastrobuono, Giovanni Patern\u00f2 y de las Damas Giuseppina Crescimanna e Angelica Zarba.   <br\/> Con motivo de la festividad, los Caballeros donaron ropa, juegos y alimentos para ni\u00f1os, en el marco del proyecto \u00abBriciole di Salute\u00bb. Los regalos han sido retirados por el p\u00e1rroco Don Carmelo Salinitro y por el Reverendo Gabriel Serafica. Al final de la Misa, se ley\u00f3 la oraci\u00f3n del Caballero Constantiniano por el Caballero Elio Virone, seguida de una cena de convivencia durante la cual se discutieron los proyectos futuros de la delegaci\u00f3n. <\/p>\n","protected":false},"excerpt":{"rendered":"<p>El domingo 2 de febrero, con ocasi\u00f3n de la fiesta de la Presentaci\u00f3n de Jes\u00fas en el Templo, los Caballeros de la Delegaci\u00f3n de Sicilia participaron en la funci\u00f3n religiosa en la Abad\u00eda de San Martino delle Scale. En la liturgia, presidida por el Prior Don Mariano Colletta, particip\u00f3 tambi\u00e9n el Gran Prefecto, S.A.R. la [&hellip;]<\/p>\n","protected":false},"author":1,"featured_media":0,"comment_status":"closed","ping_status":"open","sticky":false,"template":"","format":"standard","meta":{"footnotes":""},"categories":[215],"tags":[],"class_list":["post-79526","post","type-post","status-publish","format-standard","hentry","category-delegacion-de-la-sicilia"],"yoast_head":"<!-- This site is optimized with the Yoast SEO plugin v26.5 - https:\/\/yoast.com\/wordpress\/plugins\/seo\/ -->\n<title>SICILIA: ACTIVIDADES DE FINALES DE ENERO\/PRINCIPIOS DE FEBRERO 2025 - Sacro Militare Ordine Costantiniano di San Giorgio<\/title>\n<meta name=\"robots\" content=\"index, follow, max-snippet:-1, max-image-preview:large, max-video-preview:-1\" \/>\n<link rel=\"canonical\" href=\"https:\/\/constantinianorder.com\/es\/sicilia-attivita-di-fine-gennaio-inizio-febbraio-2025\/\" \/>\n<meta property=\"og:locale\" content=\"es_ES\" \/>\n<meta property=\"og:type\" content=\"article\" \/>\n<meta property=\"og:title\" content=\"SICILIA: ACTIVIDADES DE FINALES DE ENERO\/PRINCIPIOS DE FEBRERO 2025 - Sacro Militare Ordine Costantiniano di San Giorgio\" \/>\n<meta property=\"og:description\" content=\"El domingo 2 de febrero, con ocasi\u00f3n de la fiesta de la Presentaci\u00f3n de Jes\u00fas en el Templo, los Caballeros de la Delegaci\u00f3n de Sicilia participaron en la funci\u00f3n religiosa en la Abad\u00eda de San Martino delle Scale. En la liturgia, presidida por el Prior Don Mariano Colletta, particip\u00f3 tambi\u00e9n el Gran Prefecto, S.A.R. la [&hellip;]\" \/>\n<meta property=\"og:url\" content=\"https:\/\/constantinianorder.com\/es\/sicilia-attivita-di-fine-gennaio-inizio-febbraio-2025\/\" \/>\n<meta property=\"og:site_name\" content=\"Sacro Militare Ordine Costantiniano di San Giorgio\" \/>\n<meta property=\"article:publisher\" content=\"https:\/\/www.facebook.com\/constantinianorder\" \/>\n<meta property=\"article:published_time\" content=\"2025-02-19T11:58:09+00:00\" \/>\n<meta property=\"article:modified_time\" content=\"2026-02-18T14:25:24+00:00\" \/>\n<meta name=\"author\" content=\"admin\" \/>\n<meta name=\"twitter:card\" content=\"summary_large_image\" \/>\n<meta name=\"twitter:label1\" content=\"Escrito por\" \/>\n\t<meta name=\"twitter:data1\" content=\"admin\" \/>\n\t<meta name=\"twitter:label2\" content=\"Tiempo de lectura\" \/>\n\t<meta name=\"twitter:data2\" content=\"2 minutos\" \/>\n<script type=\"application\/ld+json\" class=\"yoast-schema-graph\">{\"@context\":\"https:\/\/schema.org\",\"@graph\":[{\"@type\":\"Article\",\"@id\":\"https:\/\/constantinianorder.com\/es\/sicilia-attivita-di-fine-gennaio-inizio-febbraio-2025\/#article\",\"isPartOf\":{\"@id\":\"https:\/\/constantinianorder.com\/es\/sicilia-attivita-di-fine-gennaio-inizio-febbraio-2025\/\"},\"author\":{\"name\":\"admin\",\"@id\":\"https:\/\/constantinianorder.com\/#\/schema\/person\/493f3b1475d575dcddda4ec923772c66\"},\"headline\":\"SICILIA: ACTIVIDADES DE FINALES DE ENERO\/PRINCIPIOS DE FEBRERO 2025\",\"datePublished\":\"2025-02-19T11:58:09+00:00\",\"dateModified\":\"2026-02-18T14:25:24+00:00\",\"mainEntityOfPage\":{\"@id\":\"https:\/\/constantinianorder.com\/es\/sicilia-attivita-di-fine-gennaio-inizio-febbraio-2025\/\"},\"wordCount\":424,\"publisher\":{\"@id\":\"https:\/\/constantinianorder.com\/#organization\"},\"image\":{\"@id\":\"https:\/\/constantinianorder.com\/es\/sicilia-attivita-di-fine-gennaio-inizio-febbraio-2025\/#primaryimage\"},\"thumbnailUrl\":\"https:\/\/constantinianorder.com\/wp-content\/uploads\/2025\/02\/14-1024x683.jpg\",\"articleSection\":[\"Delegaci\u00f3n de la Sicilia\"],\"inLanguage\":\"es\"},{\"@type\":\"WebPage\",\"@id\":\"https:\/\/constantinianorder.com\/es\/sicilia-attivita-di-fine-gennaio-inizio-febbraio-2025\/\",\"url\":\"https:\/\/constantinianorder.com\/es\/sicilia-attivita-di-fine-gennaio-inizio-febbraio-2025\/\",\"name\":\"SICILIA: ACTIVIDADES DE FINALES DE ENERO\/PRINCIPIOS DE FEBRERO 2025 - Sacro Militare Ordine Costantiniano di San Giorgio\",\"isPartOf\":{\"@id\":\"https:\/\/constantinianorder.com\/#website\"},\"primaryImageOfPage\":{\"@id\":\"https:\/\/constantinianorder.com\/es\/sicilia-attivita-di-fine-gennaio-inizio-febbraio-2025\/#primaryimage\"},\"image\":{\"@id\":\"https:\/\/constantinianorder.com\/es\/sicilia-attivita-di-fine-gennaio-inizio-febbraio-2025\/#primaryimage\"},\"thumbnailUrl\":\"https:\/\/constantinianorder.com\/wp-content\/uploads\/2025\/02\/14-1024x683.jpg\",\"datePublished\":\"2025-02-19T11:58:09+00:00\",\"dateModified\":\"2026-02-18T14:25:24+00:00\",\"breadcrumb\":{\"@id\":\"https:\/\/constantinianorder.com\/es\/sicilia-attivita-di-fine-gennaio-inizio-febbraio-2025\/#breadcrumb\"},\"inLanguage\":\"es\",\"potentialAction\":[{\"@type\":\"ReadAction\",\"target\":[\"https:\/\/constantinianorder.com\/es\/sicilia-attivita-di-fine-gennaio-inizio-febbraio-2025\/\"]}]},{\"@type\":\"ImageObject\",\"inLanguage\":\"es\",\"@id\":\"https:\/\/constantinianorder.com\/es\/sicilia-attivita-di-fine-gennaio-inizio-febbraio-2025\/#primaryimage\",\"url\":\"https:\/\/constantinianorder.com\/wp-content\/uploads\/2025\/02\/14-1024x683.jpg\",\"contentUrl\":\"https:\/\/constantinianorder.com\/wp-content\/uploads\/2025\/02\/14-1024x683.jpg\"},{\"@type\":\"BreadcrumbList\",\"@id\":\"https:\/\/constantinianorder.com\/es\/sicilia-attivita-di-fine-gennaio-inizio-febbraio-2025\/#breadcrumb\",\"itemListElement\":[{\"@type\":\"ListItem\",\"position\":1,\"name\":\"Home\",\"item\":\"https:\/\/constantinianorder.com\/en\/\"},{\"@type\":\"ListItem\",\"position\":2,\"name\":\"SICILIA: ACTIVIDADES DE FINALES DE ENERO\/PRINCIPIOS DE FEBRERO 2025\"}]},{\"@type\":\"WebSite\",\"@id\":\"https:\/\/constantinianorder.com\/#website\",\"url\":\"https:\/\/constantinianorder.com\/\",\"name\":\"Sacro Militare Ordine Costantiniano di San Giorgio\",\"description\":\"Ordine Ufficiale\",\"publisher\":{\"@id\":\"https:\/\/constantinianorder.com\/#organization\"},\"potentialAction\":[{\"@type\":\"SearchAction\",\"target\":{\"@type\":\"EntryPoint\",\"urlTemplate\":\"https:\/\/constantinianorder.com\/?s={search_term_string}\"},\"query-input\":{\"@type\":\"PropertyValueSpecification\",\"valueRequired\":true,\"valueName\":\"search_term_string\"}}],\"inLanguage\":\"es\"},{\"@type\":\"Organization\",\"@id\":\"https:\/\/constantinianorder.com\/#organization\",\"name\":\"Sacro Militare Ordine Costantiniano di San Giorgio\",\"url\":\"https:\/\/constantinianorder.com\/\",\"logo\":{\"@type\":\"ImageObject\",\"inLanguage\":\"es\",\"@id\":\"https:\/\/constantinianorder.com\/#\/schema\/logo\/image\/\",\"url\":\"https:\/\/constantinianorder.com\/wp-content\/uploads\/2025\/10\/cropped-logo-costantiniano.png\",\"contentUrl\":\"https:\/\/constantinianorder.com\/wp-content\/uploads\/2025\/10\/cropped-logo-costantiniano.png\",\"width\":512,\"height\":512,\"caption\":\"Sacro Militare Ordine Costantiniano di San Giorgio\"},\"image\":{\"@id\":\"https:\/\/constantinianorder.com\/#\/schema\/logo\/image\/\"},\"sameAs\":[\"https:\/\/www.facebook.com\/constantinianorder\",\"https:\/\/www.instagram.com\/constantinianorder\/\",\"https:\/\/www.youtube.com\/@granmagisterodelsacromilit9375\"]},{\"@type\":\"Person\",\"@id\":\"https:\/\/constantinianorder.com\/#\/schema\/person\/493f3b1475d575dcddda4ec923772c66\",\"name\":\"admin\",\"sameAs\":[\"https:\/\/constantinianorder.com\"],\"url\":\"https:\/\/constantinianorder.com\/es\/author\/domain_jlukbpo7\/\"}]}<\/script>\n<!-- \/ Yoast SEO plugin. -->","yoast_head_json":{"title":"SICILIA: ACTIVIDADES DE FINALES DE ENERO\/PRINCIPIOS DE FEBRERO 2025 - Sacro Militare Ordine Costantiniano di San Giorgio","robots":{"index":"index","follow":"follow","max-snippet":"max-snippet:-1","max-image-preview":"max-image-preview:large","max-video-preview":"max-video-preview:-1"},"canonical":"https:\/\/constantinianorder.com\/es\/sicilia-attivita-di-fine-gennaio-inizio-febbraio-2025\/","og_locale":"es_ES","og_type":"article","og_title":"SICILIA: ACTIVIDADES DE FINALES DE ENERO\/PRINCIPIOS DE FEBRERO 2025 - Sacro Militare Ordine Costantiniano di San Giorgio","og_description":"El domingo 2 de febrero, con ocasi\u00f3n de la fiesta de la Presentaci\u00f3n de Jes\u00fas en el Templo, los Caballeros de la Delegaci\u00f3n de Sicilia participaron en la funci\u00f3n religiosa en la Abad\u00eda de San Martino delle Scale. En la liturgia, presidida por el Prior Don Mariano Colletta, particip\u00f3 tambi\u00e9n el Gran Prefecto, S.A.R. la [&hellip;]","og_url":"https:\/\/constantinianorder.com\/es\/sicilia-attivita-di-fine-gennaio-inizio-febbraio-2025\/","og_site_name":"Sacro Militare Ordine Costantiniano di San Giorgio","article_publisher":"https:\/\/www.facebook.com\/constantinianorder","article_published_time":"2025-02-19T11:58:09+00:00","article_modified_time":"2026-02-18T14:25:24+00:00","author":"admin","twitter_card":"summary_large_image","twitter_misc":{"Escrito por":"admin","Tiempo de lectura":"2 minutos"},"schema":{"@context":"https:\/\/schema.org","@graph":[{"@type":"Article","@id":"https:\/\/constantinianorder.com\/es\/sicilia-attivita-di-fine-gennaio-inizio-febbraio-2025\/#article","isPartOf":{"@id":"https:\/\/constantinianorder.com\/es\/sicilia-attivita-di-fine-gennaio-inizio-febbraio-2025\/"},"author":{"name":"admin","@id":"https:\/\/constantinianorder.com\/#\/schema\/person\/493f3b1475d575dcddda4ec923772c66"},"headline":"SICILIA: ACTIVIDADES DE FINALES DE ENERO\/PRINCIPIOS DE FEBRERO 2025","datePublished":"2025-02-19T11:58:09+00:00","dateModified":"2026-02-18T14:25:24+00:00","mainEntityOfPage":{"@id":"https:\/\/constantinianorder.com\/es\/sicilia-attivita-di-fine-gennaio-inizio-febbraio-2025\/"},"wordCount":424,"publisher":{"@id":"https:\/\/constantinianorder.com\/#organization"},"image":{"@id":"https:\/\/constantinianorder.com\/es\/sicilia-attivita-di-fine-gennaio-inizio-febbraio-2025\/#primaryimage"},"thumbnailUrl":"https:\/\/constantinianorder.com\/wp-content\/uploads\/2025\/02\/14-1024x683.jpg","articleSection":["Delegaci\u00f3n de la Sicilia"],"inLanguage":"es"},{"@type":"WebPage","@id":"https:\/\/constantinianorder.com\/es\/sicilia-attivita-di-fine-gennaio-inizio-febbraio-2025\/","url":"https:\/\/constantinianorder.com\/es\/sicilia-attivita-di-fine-gennaio-inizio-febbraio-2025\/","name":"SICILIA: ACTIVIDADES DE FINALES DE ENERO\/PRINCIPIOS DE FEBRERO 2025 - Sacro Militare Ordine Costantiniano di San Giorgio","isPartOf":{"@id":"https:\/\/constantinianorder.com\/#website"},"primaryImageOfPage":{"@id":"https:\/\/constantinianorder.com\/es\/sicilia-attivita-di-fine-gennaio-inizio-febbraio-2025\/#primaryimage"},"image":{"@id":"https:\/\/constantinianorder.com\/es\/sicilia-attivita-di-fine-gennaio-inizio-febbraio-2025\/#primaryimage"},"thumbnailUrl":"https:\/\/constantinianorder.com\/wp-content\/uploads\/2025\/02\/14-1024x683.jpg","datePublished":"2025-02-19T11:58:09+00:00","dateModified":"2026-02-18T14:25:24+00:00","breadcrumb":{"@id":"https:\/\/constantinianorder.com\/es\/sicilia-attivita-di-fine-gennaio-inizio-febbraio-2025\/#breadcrumb"},"inLanguage":"es","potentialAction":[{"@type":"ReadAction","target":["https:\/\/constantinianorder.com\/es\/sicilia-attivita-di-fine-gennaio-inizio-febbraio-2025\/"]}]},{"@type":"ImageObject","inLanguage":"es","@id":"https:\/\/constantinianorder.com\/es\/sicilia-attivita-di-fine-gennaio-inizio-febbraio-2025\/#primaryimage","url":"https:\/\/constantinianorder.com\/wp-content\/uploads\/2025\/02\/14-1024x683.jpg","contentUrl":"https:\/\/constantinianorder.com\/wp-content\/uploads\/2025\/02\/14-1024x683.jpg"},{"@type":"BreadcrumbList","@id":"https:\/\/constantinianorder.com\/es\/sicilia-attivita-di-fine-gennaio-inizio-febbraio-2025\/#breadcrumb","itemListElement":[{"@type":"ListItem","position":1,"name":"Home","item":"https:\/\/constantinianorder.com\/en\/"},{"@type":"ListItem","position":2,"name":"SICILIA: ACTIVIDADES DE FINALES DE ENERO\/PRINCIPIOS DE FEBRERO 2025"}]},{"@type":"WebSite","@id":"https:\/\/constantinianorder.com\/#website","url":"https:\/\/constantinianorder.com\/","name":"Sacro Militare Ordine Costantiniano di San Giorgio","description":"Ordine Ufficiale","publisher":{"@id":"https:\/\/constantinianorder.com\/#organization"},"potentialAction":[{"@type":"SearchAction","target":{"@type":"EntryPoint","urlTemplate":"https:\/\/constantinianorder.com\/?s={search_term_string}"},"query-input":{"@type":"PropertyValueSpecification","valueRequired":true,"valueName":"search_term_string"}}],"inLanguage":"es"},{"@type":"Organization","@id":"https:\/\/constantinianorder.com\/#organization","name":"Sacro Militare Ordine Costantiniano di San Giorgio","url":"https:\/\/constantinianorder.com\/","logo":{"@type":"ImageObject","inLanguage":"es","@id":"https:\/\/constantinianorder.com\/#\/schema\/logo\/image\/","url":"https:\/\/constantinianorder.com\/wp-content\/uploads\/2025\/10\/cropped-logo-costantiniano.png","contentUrl":"https:\/\/constantinianorder.com\/wp-content\/uploads\/2025\/10\/cropped-logo-costantiniano.png","width":512,"height":512,"caption":"Sacro Militare Ordine Costantiniano di San Giorgio"},"image":{"@id":"https:\/\/constantinianorder.com\/#\/schema\/logo\/image\/"},"sameAs":["https:\/\/www.facebook.com\/constantinianorder","https:\/\/www.instagram.com\/constantinianorder\/","https:\/\/www.youtube.com\/@granmagisterodelsacromilit9375"]},{"@type":"Person","@id":"https:\/\/constantinianorder.com\/#\/schema\/person\/493f3b1475d575dcddda4ec923772c66","name":"admin","sameAs":["https:\/\/constantinianorder.com"],"url":"https:\/\/constantinianorder.com\/es\/author\/domain_jlukbpo7\/"}]}},"_links":{"self":[{"href":"https:\/\/constantinianorder.com\/es\/wp-json\/wp\/v2\/posts\/79526","targetHints":{"allow":["GET"]}}],"collection":[{"href":"https:\/\/constantinianorder.com\/es\/wp-json\/wp\/v2\/posts"}],"about":[{"href":"https:\/\/constantinianorder.com\/es\/wp-json\/wp\/v2\/types\/post"}],"author":[{"embeddable":true,"href":"https:\/\/constantinianorder.com\/es\/wp-json\/wp\/v2\/users\/1"}],"replies":[{"embeddable":true,"href":"https:\/\/constantinianorder.com\/es\/wp-json\/wp\/v2\/comments?post=79526"}],"version-history":[{"count":2,"href":"https:\/\/constantinianorder.com\/es\/wp-json\/wp\/v2\/posts\/79526\/revisions"}],"predecessor-version":[{"id":101959,"href":"https:\/\/constantinianorder.com\/es\/wp-json\/wp\/v2\/posts\/79526\/revisions\/101959"}],"wp:attachment":[{"href":"https:\/\/constantinianorder.com\/es\/wp-json\/wp\/v2\/media?parent=79526"}],"wp:term":[{"taxonomy":"category","embeddable":true,"href":"https:\/\/constantinianorder.com\/es\/wp-json\/wp\/v2\/categories?post=79526"},{"taxonomy":"post_tag","embeddable":true,"href":"https:\/\/constantinianorder.com\/es\/wp-json\/wp\/v2\/tags?post=79526"}],"curies":[{"name":"wp","href":"https:\/\/api.w.org\/{rel}","templated":true}]}}