{"id":76424,"date":"2024-01-08T15:48:59","date_gmt":"2024-01-08T15:48:59","guid":{"rendered":"https:\/\/constantinianorder.net\/lombardia-recenti-attivita-delegatizie-3\/"},"modified":"2025-10-20T17:24:24","modified_gmt":"2025-10-20T17:24:24","slug":"lombardia-actividades-recientes-de-la-delegacion","status":"publish","type":"post","link":"https:\/\/constantinianorder.com\/es\/lombardia-actividades-recientes-de-la-delegacion\/","title":{"rendered":"LOMBARD\u00cdA: ACTIVIDADES RECIENTES DE LA DELEGACI\u00d3N"},"content":{"rendered":"\n<ul class=\"wp-block-gallery columns-2 is-cropped wp-block-gallery-1 is-layout-flex wp-block-gallery-is-layout-flex\"><li class=\"blocks-gallery-item\"><figure><img decoding=\"async\" src=\"https:\/\/constantinianorder.com\/wp-content\/uploads\/2024\/01\/IMG-20231208-WA0014-1024x776.jpg\" alt=\"\" data-id=\"76300\" data-link=\"https:\/\/export.constantinianorder.net\/?attachment_id=76300\" class=\"wp-image-76300\"\/><\/figure><\/li><li class=\"blocks-gallery-item\"><figure><img decoding=\"async\" src=\"https:\/\/constantinianorder.com\/wp-content\/uploads\/2024\/01\/IMG-20231208-WA0015-1024x750.jpg\" alt=\"\" data-id=\"76304\" data-link=\"https:\/\/export.constantinianorder.net\/?attachment_id=76304\" class=\"wp-image-76304\"\/><\/figure><\/li><\/ul>\n\n\n\n<p>Corte Franca (Brescia) 27 de Noviembre de 2023<br>Iseo (Brescia) 7 de Diciembre de 2023<br><br>Tras un evento de caridad, el Caballero Giuseppe Scolaro adquiri\u00f3 un amplio n\u00famero de productos alimenticios de primera necesidad y productos de higiene. Entre ellos: az\u00facar, aceite de oliva virgen extra y de semilla, leche, <em>grana padano<\/em>, at\u00fan, pa\u00f1ales, jab\u00f3n, detergente y muchos otros. Buena parte de esos productos ha sido entregada a las Caritas parroquiales de Corte Franca e Iseo. Padre Francesco Gasparotti, p\u00e1rroco de Corte Franca y Padre Francesco Zaniboni, p\u00e1rroco de Iseo, expresaron sincero agradecimiento por la obra de caridad realizada por la Delegaci\u00f3n.<\/p>\n\n\n\n<figure class=\"wp-block-image\"><img decoding=\"async\" src=\"https:\/\/constantinianorder.com\/wp-content\/uploads\/2024\/01\/IMG-20231230-WA0002-771x1024.jpg\" alt=\"\" class=\"wp-image-76308\"\/><\/figure>\n\n\n\n<p>Brescia, 28 de Diciembre de 2023.<br>El Caballero Pietro Santacroce adquiri\u00f3 varios alimentos por el uso de familias necesitadas y los entreg\u00f3 a la Hermana Paola, responsable del proyecto <em>Casa Gabriella<\/em> de las Monjas Siervas de la Caridad.<\/p>\n\n\n\n<ul class=\"wp-block-gallery columns-3 is-cropped wp-block-gallery-2 is-layout-flex wp-block-gallery-is-layout-flex\"><li class=\"blocks-gallery-item\"><figure><img decoding=\"async\" src=\"https:\/\/constantinianorder.com\/wp-content\/uploads\/2024\/01\/IMG-20231229-WA0039-1024x768.jpg\" alt=\"\" data-id=\"76312\" data-link=\"https:\/\/export.constantinianorder.net\/?attachment_id=76312\" class=\"wp-image-76312\"\/><\/figure><\/li><li class=\"blocks-gallery-item\"><figure><img decoding=\"async\" src=\"https:\/\/constantinianorder.com\/wp-content\/uploads\/2024\/01\/IMG-20231229-WA0036-1024x683.jpg\" alt=\"\" data-id=\"76316\" data-link=\"https:\/\/export.constantinianorder.net\/?attachment_id=76316\" class=\"wp-image-76316\"\/><\/figure><\/li><li class=\"blocks-gallery-item\"><figure><img decoding=\"async\" src=\"https:\/\/constantinianorder.com\/wp-content\/uploads\/2024\/01\/IMG-20231229-WA0037-1024x683.jpg\" alt=\"\" data-id=\"76320\" data-link=\"https:\/\/export.constantinianorder.net\/?attachment_id=76320\" class=\"wp-image-76320\"\/><\/figure><\/li><li class=\"blocks-gallery-item\"><figure><img decoding=\"async\" src=\"https:\/\/constantinianorder.com\/wp-content\/uploads\/2024\/01\/IMG-20231229-WA0038-1024x683.jpg\" alt=\"\" data-id=\"76324\" data-link=\"https:\/\/export.constantinianorder.net\/?attachment_id=76324\" class=\"wp-image-76324\"\/><\/figure><\/li><\/ul>\n\n\n\n<p>Mantua, 29 de Diciembre de 2023.<br>Esta ma\u00f1ana fue intensa por el Representante de Mantua el Caballero Oficial Maurizio Mirandola, el cual se dedic\u00f3 a la entrega de diplomas de m\u00e9rito y al encuentro con Su Excelencia Monse\u00f1or Marco Busca, Obispo de Mantua.<br>Despu\u00e9s de dar noticias a prop\u00f3sito de la Orden Constantiniana a la presencia de periodistas locales en la sala del Consejo Comunal de Mantua, el Representante divulg\u00f3 la lista de actividades anuales y entreg\u00f3 diplomas de m\u00e9rito al Doctor Massimo Allegretti, Presidente del Consejo Comunal, al Doctor Roberto Mambrini, al Doctor Corrado Andreani y al Profesor Roberto Archi.<br>Despues de eso, el amplio grupo &#8211; ulteriormente compuesto por el Caballero Andrea Moretti, el Postulante Stefano Solci y el Caballero Abogado Paolo Vandelli Bulgarelli de la Representancia de Mantua &#8211; ha sido recibido por S.E. Monse\u00f1or Marco Busca, Obispo de Mantua. El Representante no solo comunic\u00f3 que la Delegaci\u00f3n ha otra vez otorgado una oferta de apoyo a las actividades caritativas, sino expres\u00f3 su sincera y personal disponibilidad. Contextualmente, el Representante entreg\u00f3 el informe anual de todas las iniciativas realizadas. Al final del encuentro, el Obispo expres\u00f3 su gratitud a los participantes y a los miembros de la Orden por su trabajo.<\/p>\n\n\n\n<ul class=\"wp-block-gallery columns-1 is-cropped wp-block-gallery-3 is-layout-flex wp-block-gallery-is-layout-flex\"><li class=\"blocks-gallery-item\"><figure><img decoding=\"async\" src=\"https:\/\/constantinianorder.com\/wp-content\/uploads\/2024\/01\/IMG-20240102-WA0009-768x1024.jpg\" alt=\"\" data-id=\"76328\" data-link=\"https:\/\/export.constantinianorder.net\/?attachment_id=76328\" class=\"wp-image-76328\"\/><\/figure><\/li><\/ul>\n\n\n\n<p>Lumezzane (Brescia) 2 de Enero de 2024.<br>El Caballero Romano Savi y la Condecorada Francesca Ghidini adquirieron varios productos de higiene con el objetivo de entregarlos a personas mayores y familias necesitadas a trav\u00e9s de la Caritas parroquial de Lumezzane, encabezada por Padre Michele Tognazzi.<\/p>\n\n\n\n<figure class=\"wp-block-image\"><img decoding=\"async\" src=\"https:\/\/constantinianorder.com\/wp-content\/uploads\/2024\/01\/IMG-20240101-WA0044-1024x768.jpg\" alt=\"\" class=\"wp-image-76332\"\/><\/figure>\n\n\n\n<p>Brescia, 1 de Enero de 2024.<br>Por el inicio del a\u00f1o nuevo, los Caballeros y las Damas de la Delegaci\u00f3n Lombard\u00eda organizaron el t\u00edpico desayuno de Nochevieja, servido a los hu\u00e9spedes del comedor de beneficencia <em>Menni<\/em> de la Caritas Diocesana de Brescia. Los miembros de la Representancia el Caballero Luciano Mazzola, Giuseppe Navoni y Mujer, Fabio Serravalle y Mario Fortunato trabajaron en apoyo de los voluntarios de la Caritas.<\/p>\n\n\n\n<ul class=\"wp-block-gallery columns-2 is-cropped wp-block-gallery-4 is-layout-flex wp-block-gallery-is-layout-flex\"><li class=\"blocks-gallery-item\"><figure><img decoding=\"async\" src=\"https:\/\/constantinianorder.com\/wp-content\/uploads\/2024\/01\/IMG-20240104-WA0003-1024x768.jpg\" alt=\"\" data-id=\"76336\" data-link=\"https:\/\/export.constantinianorder.net\/?attachment_id=76336\" class=\"wp-image-76336\"\/><\/figure><\/li><li class=\"blocks-gallery-item\"><figure><img decoding=\"async\" src=\"https:\/\/constantinianorder.com\/wp-content\/uploads\/2024\/01\/IMG-20240104-WA0002-768x1024.jpg\" alt=\"\" data-id=\"76340\" data-link=\"https:\/\/export.constantinianorder.net\/?attachment_id=76340\" class=\"wp-image-76340\"\/><\/figure><\/li><\/ul>\n\n\n\n<p>Brescia, 2 de Enero de 2024.<br>Gracias a la mediaci\u00f3n de Padre Faustino Pari, Caballero de Gracia Eclesi\u00e1stico y p\u00e1rroco de Bagnolo Mella, la Delegaci\u00f3n Lombard\u00eda logr\u00f3 obtenir medicamentos por la emergencia farmacol\u00f3gica en L\u00edbano a trav\u00e9s de la Asociaci\u00f3n <em>29 Maggio<\/em> de Ghedi, la cual don\u00f3 dos palets de medicamentos directamente al coordenador de la operaci\u00f3n, Padre Charbel.<\/p>\n","protected":false},"excerpt":{"rendered":"<p>Corte Franca (Brescia) 27 de Noviembre de 2023Iseo (Brescia) 7 de Diciembre de 2023 Tras un evento de caridad, el Caballero Giuseppe Scolaro adquiri\u00f3 un amplio n\u00famero de productos alimenticios de primera necesidad y productos de higiene. Entre ellos: az\u00facar, aceite de oliva virgen extra y de semilla, leche, grana padano, at\u00fan, pa\u00f1ales, jab\u00f3n, detergente [&hellip;]<\/p>\n","protected":false},"author":1,"featured_media":0,"comment_status":"closed","ping_status":"closed","sticky":false,"template":"","format":"standard","meta":{"footnotes":""},"categories":[218],"tags":[],"class_list":["post-76424","post","type-post","status-publish","format-standard","hentry","category-delegacion-de-lombardia"],"yoast_head":"<!-- This site is optimized with the Yoast SEO plugin v26.5 - https:\/\/yoast.com\/wordpress\/plugins\/seo\/ -->\n<title>LOMBARD\u00cdA: ACTIVIDADES RECIENTES DE LA DELEGACI\u00d3N - Sacro Militare Ordine Costantiniano di San Giorgio<\/title>\n<meta name=\"robots\" content=\"index, follow, max-snippet:-1, max-image-preview:large, max-video-preview:-1\" \/>\n<link rel=\"canonical\" href=\"https:\/\/constantinianorder.com\/lombardia-recenti-attivita-delegatizie-3\/\" \/>\n<meta property=\"og:locale\" content=\"es_ES\" \/>\n<meta property=\"og:type\" content=\"article\" \/>\n<meta property=\"og:title\" content=\"LOMBARD\u00cdA: ACTIVIDADES RECIENTES DE LA DELEGACI\u00d3N - Sacro Militare Ordine Costantiniano di San Giorgio\" \/>\n<meta property=\"og:description\" content=\"Corte Franca (Brescia) 27 de Noviembre de 2023Iseo (Brescia) 7 de Diciembre de 2023 Tras un evento de caridad, el Caballero Giuseppe Scolaro adquiri\u00f3 un amplio n\u00famero de productos alimenticios de primera necesidad y productos de higiene. Entre ellos: az\u00facar, aceite de oliva virgen extra y de semilla, leche, grana padano, at\u00fan, pa\u00f1ales, jab\u00f3n, detergente [&hellip;]\" \/>\n<meta property=\"og:url\" content=\"https:\/\/constantinianorder.com\/lombardia-recenti-attivita-delegatizie-3\/\" \/>\n<meta property=\"og:site_name\" content=\"Sacro Militare Ordine Costantiniano di San Giorgio\" \/>\n<meta property=\"article:publisher\" content=\"https:\/\/www.facebook.com\/constantinianorder\" \/>\n<meta property=\"article:published_time\" content=\"2024-01-08T15:48:59+00:00\" \/>\n<meta property=\"article:modified_time\" content=\"2025-10-20T17:24:24+00:00\" \/>\n<meta name=\"author\" content=\"admin\" \/>\n<meta name=\"twitter:card\" content=\"summary_large_image\" \/>\n<meta name=\"twitter:label1\" content=\"Escrito por\" \/>\n\t<meta name=\"twitter:data1\" content=\"admin\" \/>\n\t<meta name=\"twitter:label2\" content=\"Tiempo de lectura\" \/>\n\t<meta name=\"twitter:data2\" content=\"3 minutos\" \/>\n<script type=\"application\/ld+json\" class=\"yoast-schema-graph\">{\"@context\":\"https:\/\/schema.org\",\"@graph\":[{\"@type\":\"Article\",\"@id\":\"https:\/\/constantinianorder.com\/lombardia-recenti-attivita-delegatizie-3\/#article\",\"isPartOf\":{\"@id\":\"https:\/\/constantinianorder.com\/lombardia-recenti-attivita-delegatizie-3\/\"},\"author\":{\"name\":\"admin\",\"@id\":\"https:\/\/constantinianorder.com\/#\/schema\/person\/493f3b1475d575dcddda4ec923772c66\"},\"headline\":\"LOMBARD\u00cdA: ACTIVIDADES RECIENTES DE LA DELEGACI\u00d3N\",\"datePublished\":\"2024-01-08T15:48:59+00:00\",\"dateModified\":\"2025-10-20T17:24:24+00:00\",\"mainEntityOfPage\":{\"@id\":\"https:\/\/constantinianorder.com\/lombardia-recenti-attivita-delegatizie-3\/\"},\"wordCount\":543,\"publisher\":{\"@id\":\"https:\/\/constantinianorder.com\/#organization\"},\"image\":{\"@id\":\"https:\/\/constantinianorder.com\/lombardia-recenti-attivita-delegatizie-3\/#primaryimage\"},\"thumbnailUrl\":\"https:\/\/constantinianorder.com\/wp-content\/uploads\/2024\/01\/IMG-20231208-WA0014-1024x776.jpg\",\"articleSection\":[\"Delegaci\u00f3n de Lombardia\"],\"inLanguage\":\"es\"},{\"@type\":\"WebPage\",\"@id\":\"https:\/\/constantinianorder.com\/lombardia-recenti-attivita-delegatizie-3\/\",\"url\":\"https:\/\/constantinianorder.com\/lombardia-recenti-attivita-delegatizie-3\/\",\"name\":\"LOMBARD\u00cdA: ACTIVIDADES RECIENTES DE LA DELEGACI\u00d3N - Sacro Militare Ordine Costantiniano di San Giorgio\",\"isPartOf\":{\"@id\":\"https:\/\/constantinianorder.com\/#website\"},\"primaryImageOfPage\":{\"@id\":\"https:\/\/constantinianorder.com\/lombardia-recenti-attivita-delegatizie-3\/#primaryimage\"},\"image\":{\"@id\":\"https:\/\/constantinianorder.com\/lombardia-recenti-attivita-delegatizie-3\/#primaryimage\"},\"thumbnailUrl\":\"https:\/\/constantinianorder.com\/wp-content\/uploads\/2024\/01\/IMG-20231208-WA0014-1024x776.jpg\",\"datePublished\":\"2024-01-08T15:48:59+00:00\",\"dateModified\":\"2025-10-20T17:24:24+00:00\",\"breadcrumb\":{\"@id\":\"https:\/\/constantinianorder.com\/lombardia-recenti-attivita-delegatizie-3\/#breadcrumb\"},\"inLanguage\":\"es\",\"potentialAction\":[{\"@type\":\"ReadAction\",\"target\":[\"https:\/\/constantinianorder.com\/lombardia-recenti-attivita-delegatizie-3\/\"]}]},{\"@type\":\"ImageObject\",\"inLanguage\":\"es\",\"@id\":\"https:\/\/constantinianorder.com\/lombardia-recenti-attivita-delegatizie-3\/#primaryimage\",\"url\":\"https:\/\/constantinianorder.com\/wp-content\/uploads\/2024\/01\/IMG-20231208-WA0014-1024x776.jpg\",\"contentUrl\":\"https:\/\/constantinianorder.com\/wp-content\/uploads\/2024\/01\/IMG-20231208-WA0014-1024x776.jpg\"},{\"@type\":\"BreadcrumbList\",\"@id\":\"https:\/\/constantinianorder.com\/lombardia-recenti-attivita-delegatizie-3\/#breadcrumb\",\"itemListElement\":[{\"@type\":\"ListItem\",\"position\":1,\"name\":\"Home\",\"item\":\"https:\/\/constantinianorder.com\/en\/\"},{\"@type\":\"ListItem\",\"position\":2,\"name\":\"LOMBARD\u00cdA: ACTIVIDADES RECIENTES DE LA DELEGACI\u00d3N\"}]},{\"@type\":\"WebSite\",\"@id\":\"https:\/\/constantinianorder.com\/#website\",\"url\":\"https:\/\/constantinianorder.com\/\",\"name\":\"Sacro Militare Ordine Costantiniano di San Giorgio\",\"description\":\"Ordine Ufficiale\",\"publisher\":{\"@id\":\"https:\/\/constantinianorder.com\/#organization\"},\"potentialAction\":[{\"@type\":\"SearchAction\",\"target\":{\"@type\":\"EntryPoint\",\"urlTemplate\":\"https:\/\/constantinianorder.com\/?s={search_term_string}\"},\"query-input\":{\"@type\":\"PropertyValueSpecification\",\"valueRequired\":true,\"valueName\":\"search_term_string\"}}],\"inLanguage\":\"es\"},{\"@type\":\"Organization\",\"@id\":\"https:\/\/constantinianorder.com\/#organization\",\"name\":\"Sacro Militare Ordine Costantiniano di San Giorgio\",\"url\":\"https:\/\/constantinianorder.com\/\",\"logo\":{\"@type\":\"ImageObject\",\"inLanguage\":\"es\",\"@id\":\"https:\/\/constantinianorder.com\/#\/schema\/logo\/image\/\",\"url\":\"https:\/\/constantinianorder.com\/wp-content\/uploads\/2025\/10\/cropped-logo-costantiniano.png\",\"contentUrl\":\"https:\/\/constantinianorder.com\/wp-content\/uploads\/2025\/10\/cropped-logo-costantiniano.png\",\"width\":512,\"height\":512,\"caption\":\"Sacro Militare Ordine Costantiniano di San Giorgio\"},\"image\":{\"@id\":\"https:\/\/constantinianorder.com\/#\/schema\/logo\/image\/\"},\"sameAs\":[\"https:\/\/www.facebook.com\/constantinianorder\",\"https:\/\/www.instagram.com\/constantinianorder\/\",\"https:\/\/www.youtube.com\/@granmagisterodelsacromilit9375\"]},{\"@type\":\"Person\",\"@id\":\"https:\/\/constantinianorder.com\/#\/schema\/person\/493f3b1475d575dcddda4ec923772c66\",\"name\":\"admin\",\"sameAs\":[\"https:\/\/constantinianorder.com\"],\"url\":\"https:\/\/constantinianorder.com\/es\/author\/domain_jlukbpo7\/\"}]}<\/script>\n<!-- \/ Yoast SEO plugin. -->","yoast_head_json":{"title":"LOMBARD\u00cdA: ACTIVIDADES RECIENTES DE LA DELEGACI\u00d3N - Sacro Militare Ordine Costantiniano di San Giorgio","robots":{"index":"index","follow":"follow","max-snippet":"max-snippet:-1","max-image-preview":"max-image-preview:large","max-video-preview":"max-video-preview:-1"},"canonical":"https:\/\/constantinianorder.com\/lombardia-recenti-attivita-delegatizie-3\/","og_locale":"es_ES","og_type":"article","og_title":"LOMBARD\u00cdA: ACTIVIDADES RECIENTES DE LA DELEGACI\u00d3N - Sacro Militare Ordine Costantiniano di San Giorgio","og_description":"Corte Franca (Brescia) 27 de Noviembre de 2023Iseo (Brescia) 7 de Diciembre de 2023 Tras un evento de caridad, el Caballero Giuseppe Scolaro adquiri\u00f3 un amplio n\u00famero de productos alimenticios de primera necesidad y productos de higiene. Entre ellos: az\u00facar, aceite de oliva virgen extra y de semilla, leche, grana padano, at\u00fan, pa\u00f1ales, jab\u00f3n, detergente [&hellip;]","og_url":"https:\/\/constantinianorder.com\/lombardia-recenti-attivita-delegatizie-3\/","og_site_name":"Sacro Militare Ordine Costantiniano di San Giorgio","article_publisher":"https:\/\/www.facebook.com\/constantinianorder","article_published_time":"2024-01-08T15:48:59+00:00","article_modified_time":"2025-10-20T17:24:24+00:00","author":"admin","twitter_card":"summary_large_image","twitter_misc":{"Escrito por":"admin","Tiempo de lectura":"3 minutos"},"schema":{"@context":"https:\/\/schema.org","@graph":[{"@type":"Article","@id":"https:\/\/constantinianorder.com\/lombardia-recenti-attivita-delegatizie-3\/#article","isPartOf":{"@id":"https:\/\/constantinianorder.com\/lombardia-recenti-attivita-delegatizie-3\/"},"author":{"name":"admin","@id":"https:\/\/constantinianorder.com\/#\/schema\/person\/493f3b1475d575dcddda4ec923772c66"},"headline":"LOMBARD\u00cdA: ACTIVIDADES RECIENTES DE LA DELEGACI\u00d3N","datePublished":"2024-01-08T15:48:59+00:00","dateModified":"2025-10-20T17:24:24+00:00","mainEntityOfPage":{"@id":"https:\/\/constantinianorder.com\/lombardia-recenti-attivita-delegatizie-3\/"},"wordCount":543,"publisher":{"@id":"https:\/\/constantinianorder.com\/#organization"},"image":{"@id":"https:\/\/constantinianorder.com\/lombardia-recenti-attivita-delegatizie-3\/#primaryimage"},"thumbnailUrl":"https:\/\/constantinianorder.com\/wp-content\/uploads\/2024\/01\/IMG-20231208-WA0014-1024x776.jpg","articleSection":["Delegaci\u00f3n de Lombardia"],"inLanguage":"es"},{"@type":"WebPage","@id":"https:\/\/constantinianorder.com\/lombardia-recenti-attivita-delegatizie-3\/","url":"https:\/\/constantinianorder.com\/lombardia-recenti-attivita-delegatizie-3\/","name":"LOMBARD\u00cdA: ACTIVIDADES RECIENTES DE LA DELEGACI\u00d3N - Sacro Militare Ordine Costantiniano di San Giorgio","isPartOf":{"@id":"https:\/\/constantinianorder.com\/#website"},"primaryImageOfPage":{"@id":"https:\/\/constantinianorder.com\/lombardia-recenti-attivita-delegatizie-3\/#primaryimage"},"image":{"@id":"https:\/\/constantinianorder.com\/lombardia-recenti-attivita-delegatizie-3\/#primaryimage"},"thumbnailUrl":"https:\/\/constantinianorder.com\/wp-content\/uploads\/2024\/01\/IMG-20231208-WA0014-1024x776.jpg","datePublished":"2024-01-08T15:48:59+00:00","dateModified":"2025-10-20T17:24:24+00:00","breadcrumb":{"@id":"https:\/\/constantinianorder.com\/lombardia-recenti-attivita-delegatizie-3\/#breadcrumb"},"inLanguage":"es","potentialAction":[{"@type":"ReadAction","target":["https:\/\/constantinianorder.com\/lombardia-recenti-attivita-delegatizie-3\/"]}]},{"@type":"ImageObject","inLanguage":"es","@id":"https:\/\/constantinianorder.com\/lombardia-recenti-attivita-delegatizie-3\/#primaryimage","url":"https:\/\/constantinianorder.com\/wp-content\/uploads\/2024\/01\/IMG-20231208-WA0014-1024x776.jpg","contentUrl":"https:\/\/constantinianorder.com\/wp-content\/uploads\/2024\/01\/IMG-20231208-WA0014-1024x776.jpg"},{"@type":"BreadcrumbList","@id":"https:\/\/constantinianorder.com\/lombardia-recenti-attivita-delegatizie-3\/#breadcrumb","itemListElement":[{"@type":"ListItem","position":1,"name":"Home","item":"https:\/\/constantinianorder.com\/en\/"},{"@type":"ListItem","position":2,"name":"LOMBARD\u00cdA: ACTIVIDADES RECIENTES DE LA DELEGACI\u00d3N"}]},{"@type":"WebSite","@id":"https:\/\/constantinianorder.com\/#website","url":"https:\/\/constantinianorder.com\/","name":"Sacro Militare Ordine Costantiniano di San Giorgio","description":"Ordine Ufficiale","publisher":{"@id":"https:\/\/constantinianorder.com\/#organization"},"potentialAction":[{"@type":"SearchAction","target":{"@type":"EntryPoint","urlTemplate":"https:\/\/constantinianorder.com\/?s={search_term_string}"},"query-input":{"@type":"PropertyValueSpecification","valueRequired":true,"valueName":"search_term_string"}}],"inLanguage":"es"},{"@type":"Organization","@id":"https:\/\/constantinianorder.com\/#organization","name":"Sacro Militare Ordine Costantiniano di San Giorgio","url":"https:\/\/constantinianorder.com\/","logo":{"@type":"ImageObject","inLanguage":"es","@id":"https:\/\/constantinianorder.com\/#\/schema\/logo\/image\/","url":"https:\/\/constantinianorder.com\/wp-content\/uploads\/2025\/10\/cropped-logo-costantiniano.png","contentUrl":"https:\/\/constantinianorder.com\/wp-content\/uploads\/2025\/10\/cropped-logo-costantiniano.png","width":512,"height":512,"caption":"Sacro Militare Ordine Costantiniano di San Giorgio"},"image":{"@id":"https:\/\/constantinianorder.com\/#\/schema\/logo\/image\/"},"sameAs":["https:\/\/www.facebook.com\/constantinianorder","https:\/\/www.instagram.com\/constantinianorder\/","https:\/\/www.youtube.com\/@granmagisterodelsacromilit9375"]},{"@type":"Person","@id":"https:\/\/constantinianorder.com\/#\/schema\/person\/493f3b1475d575dcddda4ec923772c66","name":"admin","sameAs":["https:\/\/constantinianorder.com"],"url":"https:\/\/constantinianorder.com\/es\/author\/domain_jlukbpo7\/"}]}},"_links":{"self":[{"href":"https:\/\/constantinianorder.com\/es\/wp-json\/wp\/v2\/posts\/76424","targetHints":{"allow":["GET"]}}],"collection":[{"href":"https:\/\/constantinianorder.com\/es\/wp-json\/wp\/v2\/posts"}],"about":[{"href":"https:\/\/constantinianorder.com\/es\/wp-json\/wp\/v2\/types\/post"}],"author":[{"embeddable":true,"href":"https:\/\/constantinianorder.com\/es\/wp-json\/wp\/v2\/users\/1"}],"replies":[{"embeddable":true,"href":"https:\/\/constantinianorder.com\/es\/wp-json\/wp\/v2\/comments?post=76424"}],"version-history":[{"count":1,"href":"https:\/\/constantinianorder.com\/es\/wp-json\/wp\/v2\/posts\/76424\/revisions"}],"predecessor-version":[{"id":82184,"href":"https:\/\/constantinianorder.com\/es\/wp-json\/wp\/v2\/posts\/76424\/revisions\/82184"}],"wp:attachment":[{"href":"https:\/\/constantinianorder.com\/es\/wp-json\/wp\/v2\/media?parent=76424"}],"wp:term":[{"taxonomy":"category","embeddable":true,"href":"https:\/\/constantinianorder.com\/es\/wp-json\/wp\/v2\/categories?post=76424"},{"taxonomy":"post_tag","embeddable":true,"href":"https:\/\/constantinianorder.com\/es\/wp-json\/wp\/v2\/tags?post=76424"}],"curies":[{"name":"wp","href":"https:\/\/api.w.org\/{rel}","templated":true}]}}