{"id":74928,"date":"2023-10-25T11:20:03","date_gmt":"2023-10-25T11:20:03","guid":{"rendered":"https:\/\/constantinianorder.net\/conferimento-della-cittadinanza-onoraria-della-citta-di-gaeta-a-s-a-r-il-principe-carlo-di-borbone-delle-due-sicilie\/"},"modified":"2025-10-21T08:13:41","modified_gmt":"2025-10-21T08:13:41","slug":"concesion-de-la-ciudadania-honoraria-de-la-ciudad-de-gaeta-a-s-a-r-el-principe-carlo-de-borbon-de-las-dos-sicilias","status":"publish","type":"post","link":"https:\/\/constantinianorder.com\/es\/concesion-de-la-ciudadania-honoraria-de-la-ciudad-de-gaeta-a-s-a-r-el-principe-carlo-de-borbon-de-las-dos-sicilias\/","title":{"rendered":"Concesi\u00f3n de la ciudadan\u00eda honoraria de la ciudad de Gaeta a S.A.R. el Pr\u00edncipe Carlo de Borb\u00f3n de las Dos Sicilias"},"content":{"rendered":"\n<div class=\"wp-block-image\"><figure class=\"aligncenter\"><img decoding=\"async\" src=\"https:\/\/constantinianorder.com\/wp-content\/uploads\/2023\/10\/duca-di-noto-2-697x1024.jpg\" alt=\"\" class=\"wp-image-74865\"\/><figcaption>Detalle de S.A.R. el Pr\u00edncipe Carlo de Borb\u00f3n de las Dos Sicilias de ni\u00f1o en Gaeta<\/figcaption><\/figure><\/div>\n\n\n\n<div class=\"wp-block-image\"><figure class=\"aligncenter\"><img decoding=\"async\" src=\"https:\/\/constantinianorder.com\/wp-content\/uploads\/2023\/10\/sindaco.jpg\" alt=\"\" class=\"wp-image-74855\"\/><figcaption>El Alcalde de Gaeta, Dr. Leccese<\/figcaption><\/figure><\/div>\n\n\n\n<p>Roma, 23 de octubre de 2023 &#8211; El Consejo Municipal de la ciudad de Gaeta ha decidido por unanimidad reconocer a S.A.R. el Pr\u00edncipe Carlo de Borb\u00f3n de las Dos Sicilias, Duque de Castro, Jefe de la Real Casa, la Ciudadan\u00eda Honoraria.<\/p>\n\n\n\n<p>El alcalde de Gaeta Dr. Cristian Leccese ha comunicado las motivaciones de esta resoluci\u00f3n, de alcance hist\u00f3rico, que expresa el v\u00ednculo indisoluble que une, desde siempre, la Real Casa de Borb\u00f3n de las Dos Sicilias con la Ciudad de Gaeta, y el profundo sentimiento de respeto y afecto que S.A.R. el Gran Maestro ha sabido instaurar desde hace d\u00e9cadas con el pueblo gaetano.<\/p>\n\n\n\n<p>El Alcalde de la ciudad y la Administraci\u00f3n toda han expresado sus m\u00e1s sinceras felicitaciones a S.A.R. el Jefe de la Real Casa por el prestigioso reconocimiento.<\/p>\n\n\n\n<div class=\"wp-block-image\"><figure class=\"aligncenter\"><img decoding=\"async\" src=\"https:\/\/constantinianorder.com\/wp-content\/uploads\/2023\/10\/pittura.jpg\" alt=\"\" class=\"wp-image-74860\"\/><figcaption>La conquista de Gaeta del Rey Carlos de Borb\u00f3n (1734)<\/figcaption><\/figure><\/div>\n","protected":false},"excerpt":{"rendered":"<p>Roma, 23 de octubre de 2023 &#8211; El Consejo Municipal de la ciudad de Gaeta ha decidido por unanimidad reconocer a S.A.R. el Pr\u00edncipe Carlo de Borb\u00f3n de las Dos Sicilias, Duque de Castro, Jefe de la Real Casa, la Ciudadan\u00eda Honoraria. El alcalde de Gaeta Dr. Cristian Leccese ha comunicado las motivaciones de esta [&hellip;]<\/p>\n","protected":false},"author":1,"featured_media":0,"comment_status":"closed","ping_status":"closed","sticky":false,"template":"","format":"standard","meta":{"footnotes":""},"categories":[81,19],"tags":[],"class_list":["post-74928","post","type-post","status-publish","format-standard","hentry","category-comunicados-del-gran-magisterio","category-delegazione-di-roma-e-lazio"],"yoast_head":"<!-- This site is optimized with the Yoast SEO plugin v26.5 - https:\/\/yoast.com\/wordpress\/plugins\/seo\/ -->\n<title>Concesi\u00f3n de la ciudadan\u00eda honoraria de la ciudad de Gaeta a S.A.R. el Pr\u00edncipe Carlo de Borb\u00f3n de las Dos Sicilias - Sacro Militare Ordine Costantiniano di San Giorgio<\/title>\n<meta name=\"robots\" content=\"index, follow, max-snippet:-1, max-image-preview:large, max-video-preview:-1\" \/>\n<link rel=\"canonical\" href=\"https:\/\/constantinianorder.com\/conferimento-della-cittadinanza-onoraria-della-citta-di-gaeta-a-s-a-r-il-principe-carlo-di-borbone-delle-due-sicilie\/\" \/>\n<meta property=\"og:locale\" content=\"es_ES\" \/>\n<meta property=\"og:type\" content=\"article\" \/>\n<meta property=\"og:title\" content=\"Concesi\u00f3n de la ciudadan\u00eda honoraria de la ciudad de Gaeta a S.A.R. el Pr\u00edncipe Carlo de Borb\u00f3n de las Dos Sicilias - Sacro Militare Ordine Costantiniano di San Giorgio\" \/>\n<meta property=\"og:description\" content=\"Roma, 23 de octubre de 2023 &#8211; El Consejo Municipal de la ciudad de Gaeta ha decidido por unanimidad reconocer a S.A.R. el Pr\u00edncipe Carlo de Borb\u00f3n de las Dos Sicilias, Duque de Castro, Jefe de la Real Casa, la Ciudadan\u00eda Honoraria. El alcalde de Gaeta Dr. Cristian Leccese ha comunicado las motivaciones de esta [&hellip;]\" \/>\n<meta property=\"og:url\" content=\"https:\/\/constantinianorder.com\/conferimento-della-cittadinanza-onoraria-della-citta-di-gaeta-a-s-a-r-il-principe-carlo-di-borbone-delle-due-sicilie\/\" \/>\n<meta property=\"og:site_name\" content=\"Sacro Militare Ordine Costantiniano di San Giorgio\" \/>\n<meta property=\"article:publisher\" content=\"https:\/\/www.facebook.com\/constantinianorder\" \/>\n<meta property=\"article:published_time\" content=\"2023-10-25T11:20:03+00:00\" \/>\n<meta property=\"article:modified_time\" content=\"2025-10-21T08:13:41+00:00\" \/>\n<meta property=\"og:image\" content=\"https:\/\/constantinianorder.com\/wp-content\/uploads\/2023\/10\/duca-di-noto-2.webp\" \/>\n\t<meta property=\"og:image:width\" content=\"1095\" \/>\n\t<meta property=\"og:image:height\" content=\"1609\" \/>\n\t<meta property=\"og:image:type\" content=\"image\/webp\" \/>\n<meta name=\"author\" content=\"admin\" \/>\n<meta name=\"twitter:card\" content=\"summary_large_image\" \/>\n<meta name=\"twitter:label1\" content=\"Escrito por\" \/>\n\t<meta name=\"twitter:data1\" content=\"admin\" \/>\n\t<meta name=\"twitter:label2\" content=\"Tiempo de lectura\" \/>\n\t<meta name=\"twitter:data2\" content=\"1 minuto\" \/>\n<script type=\"application\/ld+json\" class=\"yoast-schema-graph\">{\"@context\":\"https:\/\/schema.org\",\"@graph\":[{\"@type\":\"Article\",\"@id\":\"https:\/\/constantinianorder.com\/conferimento-della-cittadinanza-onoraria-della-citta-di-gaeta-a-s-a-r-il-principe-carlo-di-borbone-delle-due-sicilie\/#article\",\"isPartOf\":{\"@id\":\"https:\/\/constantinianorder.com\/conferimento-della-cittadinanza-onoraria-della-citta-di-gaeta-a-s-a-r-il-principe-carlo-di-borbone-delle-due-sicilie\/\"},\"author\":{\"name\":\"admin\",\"@id\":\"https:\/\/constantinianorder.com\/#\/schema\/person\/493f3b1475d575dcddda4ec923772c66\"},\"headline\":\"Concesi\u00f3n de la ciudadan\u00eda honoraria de la ciudad de Gaeta a S.A.R. el Pr\u00edncipe Carlo de Borb\u00f3n de las Dos Sicilias\",\"datePublished\":\"2023-10-25T11:20:03+00:00\",\"dateModified\":\"2025-10-21T08:13:41+00:00\",\"mainEntityOfPage\":{\"@id\":\"https:\/\/constantinianorder.com\/conferimento-della-cittadinanza-onoraria-della-citta-di-gaeta-a-s-a-r-il-principe-carlo-di-borbone-delle-due-sicilie\/\"},\"wordCount\":210,\"publisher\":{\"@id\":\"https:\/\/constantinianorder.com\/#organization\"},\"image\":{\"@id\":\"https:\/\/constantinianorder.com\/conferimento-della-cittadinanza-onoraria-della-citta-di-gaeta-a-s-a-r-il-principe-carlo-di-borbone-delle-due-sicilie\/#primaryimage\"},\"thumbnailUrl\":\"https:\/\/constantinianorder.com\/wp-content\/uploads\/2023\/10\/duca-di-noto-2-697x1024.jpg\",\"articleSection\":[\"Comunicados del Gran Magisterio\",\"Delegazione di Roma e Lazio\"],\"inLanguage\":\"es\"},{\"@type\":\"WebPage\",\"@id\":\"https:\/\/constantinianorder.com\/conferimento-della-cittadinanza-onoraria-della-citta-di-gaeta-a-s-a-r-il-principe-carlo-di-borbone-delle-due-sicilie\/\",\"url\":\"https:\/\/constantinianorder.com\/conferimento-della-cittadinanza-onoraria-della-citta-di-gaeta-a-s-a-r-il-principe-carlo-di-borbone-delle-due-sicilie\/\",\"name\":\"Concesi\u00f3n de la ciudadan\u00eda honoraria de la ciudad de Gaeta a S.A.R. el Pr\u00edncipe Carlo de Borb\u00f3n de las Dos Sicilias - Sacro Militare Ordine Costantiniano di San Giorgio\",\"isPartOf\":{\"@id\":\"https:\/\/constantinianorder.com\/#website\"},\"primaryImageOfPage\":{\"@id\":\"https:\/\/constantinianorder.com\/conferimento-della-cittadinanza-onoraria-della-citta-di-gaeta-a-s-a-r-il-principe-carlo-di-borbone-delle-due-sicilie\/#primaryimage\"},\"image\":{\"@id\":\"https:\/\/constantinianorder.com\/conferimento-della-cittadinanza-onoraria-della-citta-di-gaeta-a-s-a-r-il-principe-carlo-di-borbone-delle-due-sicilie\/#primaryimage\"},\"thumbnailUrl\":\"https:\/\/constantinianorder.com\/wp-content\/uploads\/2023\/10\/duca-di-noto-2-697x1024.jpg\",\"datePublished\":\"2023-10-25T11:20:03+00:00\",\"dateModified\":\"2025-10-21T08:13:41+00:00\",\"breadcrumb\":{\"@id\":\"https:\/\/constantinianorder.com\/conferimento-della-cittadinanza-onoraria-della-citta-di-gaeta-a-s-a-r-il-principe-carlo-di-borbone-delle-due-sicilie\/#breadcrumb\"},\"inLanguage\":\"es\",\"potentialAction\":[{\"@type\":\"ReadAction\",\"target\":[\"https:\/\/constantinianorder.com\/conferimento-della-cittadinanza-onoraria-della-citta-di-gaeta-a-s-a-r-il-principe-carlo-di-borbone-delle-due-sicilie\/\"]}]},{\"@type\":\"ImageObject\",\"inLanguage\":\"es\",\"@id\":\"https:\/\/constantinianorder.com\/conferimento-della-cittadinanza-onoraria-della-citta-di-gaeta-a-s-a-r-il-principe-carlo-di-borbone-delle-due-sicilie\/#primaryimage\",\"url\":\"https:\/\/constantinianorder.com\/wp-content\/uploads\/2023\/10\/duca-di-noto-2-697x1024.jpg\",\"contentUrl\":\"https:\/\/constantinianorder.com\/wp-content\/uploads\/2023\/10\/duca-di-noto-2-697x1024.jpg\"},{\"@type\":\"BreadcrumbList\",\"@id\":\"https:\/\/constantinianorder.com\/conferimento-della-cittadinanza-onoraria-della-citta-di-gaeta-a-s-a-r-il-principe-carlo-di-borbone-delle-due-sicilie\/#breadcrumb\",\"itemListElement\":[{\"@type\":\"ListItem\",\"position\":1,\"name\":\"Home\",\"item\":\"https:\/\/constantinianorder.com\/en\/\"},{\"@type\":\"ListItem\",\"position\":2,\"name\":\"Concesi\u00f3n de la ciudadan\u00eda honoraria de la ciudad de Gaeta a S.A.R. el Pr\u00edncipe Carlo de Borb\u00f3n de las Dos Sicilias\"}]},{\"@type\":\"WebSite\",\"@id\":\"https:\/\/constantinianorder.com\/#website\",\"url\":\"https:\/\/constantinianorder.com\/\",\"name\":\"Sacro Militare Ordine Costantiniano di San Giorgio\",\"description\":\"Ordine Ufficiale\",\"publisher\":{\"@id\":\"https:\/\/constantinianorder.com\/#organization\"},\"potentialAction\":[{\"@type\":\"SearchAction\",\"target\":{\"@type\":\"EntryPoint\",\"urlTemplate\":\"https:\/\/constantinianorder.com\/?s={search_term_string}\"},\"query-input\":{\"@type\":\"PropertyValueSpecification\",\"valueRequired\":true,\"valueName\":\"search_term_string\"}}],\"inLanguage\":\"es\"},{\"@type\":\"Organization\",\"@id\":\"https:\/\/constantinianorder.com\/#organization\",\"name\":\"Sacro Militare Ordine Costantiniano di San Giorgio\",\"url\":\"https:\/\/constantinianorder.com\/\",\"logo\":{\"@type\":\"ImageObject\",\"inLanguage\":\"es\",\"@id\":\"https:\/\/constantinianorder.com\/#\/schema\/logo\/image\/\",\"url\":\"https:\/\/constantinianorder.com\/wp-content\/uploads\/2025\/10\/cropped-logo-costantiniano.png\",\"contentUrl\":\"https:\/\/constantinianorder.com\/wp-content\/uploads\/2025\/10\/cropped-logo-costantiniano.png\",\"width\":512,\"height\":512,\"caption\":\"Sacro Militare Ordine Costantiniano di San Giorgio\"},\"image\":{\"@id\":\"https:\/\/constantinianorder.com\/#\/schema\/logo\/image\/\"},\"sameAs\":[\"https:\/\/www.facebook.com\/constantinianorder\",\"https:\/\/www.instagram.com\/constantinianorder\/\",\"https:\/\/www.youtube.com\/@granmagisterodelsacromilit9375\"]},{\"@type\":\"Person\",\"@id\":\"https:\/\/constantinianorder.com\/#\/schema\/person\/493f3b1475d575dcddda4ec923772c66\",\"name\":\"admin\",\"sameAs\":[\"https:\/\/constantinianorder.com\"],\"url\":\"https:\/\/constantinianorder.com\/es\/author\/domain_jlukbpo7\/\"}]}<\/script>\n<!-- \/ Yoast SEO plugin. -->","yoast_head_json":{"title":"Concesi\u00f3n de la ciudadan\u00eda honoraria de la ciudad de Gaeta a S.A.R. el Pr\u00edncipe Carlo de Borb\u00f3n de las Dos Sicilias - Sacro Militare Ordine Costantiniano di San Giorgio","robots":{"index":"index","follow":"follow","max-snippet":"max-snippet:-1","max-image-preview":"max-image-preview:large","max-video-preview":"max-video-preview:-1"},"canonical":"https:\/\/constantinianorder.com\/conferimento-della-cittadinanza-onoraria-della-citta-di-gaeta-a-s-a-r-il-principe-carlo-di-borbone-delle-due-sicilie\/","og_locale":"es_ES","og_type":"article","og_title":"Concesi\u00f3n de la ciudadan\u00eda honoraria de la ciudad de Gaeta a S.A.R. el Pr\u00edncipe Carlo de Borb\u00f3n de las Dos Sicilias - Sacro Militare Ordine Costantiniano di San Giorgio","og_description":"Roma, 23 de octubre de 2023 &#8211; El Consejo Municipal de la ciudad de Gaeta ha decidido por unanimidad reconocer a S.A.R. el Pr\u00edncipe Carlo de Borb\u00f3n de las Dos Sicilias, Duque de Castro, Jefe de la Real Casa, la Ciudadan\u00eda Honoraria. El alcalde de Gaeta Dr. Cristian Leccese ha comunicado las motivaciones de esta [&hellip;]","og_url":"https:\/\/constantinianorder.com\/conferimento-della-cittadinanza-onoraria-della-citta-di-gaeta-a-s-a-r-il-principe-carlo-di-borbone-delle-due-sicilie\/","og_site_name":"Sacro Militare Ordine Costantiniano di San Giorgio","article_publisher":"https:\/\/www.facebook.com\/constantinianorder","article_published_time":"2023-10-25T11:20:03+00:00","article_modified_time":"2025-10-21T08:13:41+00:00","og_image":[{"width":1095,"height":1609,"url":"https:\/\/constantinianorder.com\/wp-content\/uploads\/2023\/10\/duca-di-noto-2.webp","type":"image\/webp"}],"author":"admin","twitter_card":"summary_large_image","twitter_misc":{"Escrito por":"admin","Tiempo de lectura":"1 minuto"},"schema":{"@context":"https:\/\/schema.org","@graph":[{"@type":"Article","@id":"https:\/\/constantinianorder.com\/conferimento-della-cittadinanza-onoraria-della-citta-di-gaeta-a-s-a-r-il-principe-carlo-di-borbone-delle-due-sicilie\/#article","isPartOf":{"@id":"https:\/\/constantinianorder.com\/conferimento-della-cittadinanza-onoraria-della-citta-di-gaeta-a-s-a-r-il-principe-carlo-di-borbone-delle-due-sicilie\/"},"author":{"name":"admin","@id":"https:\/\/constantinianorder.com\/#\/schema\/person\/493f3b1475d575dcddda4ec923772c66"},"headline":"Concesi\u00f3n de la ciudadan\u00eda honoraria de la ciudad de Gaeta a S.A.R. el Pr\u00edncipe Carlo de Borb\u00f3n de las Dos Sicilias","datePublished":"2023-10-25T11:20:03+00:00","dateModified":"2025-10-21T08:13:41+00:00","mainEntityOfPage":{"@id":"https:\/\/constantinianorder.com\/conferimento-della-cittadinanza-onoraria-della-citta-di-gaeta-a-s-a-r-il-principe-carlo-di-borbone-delle-due-sicilie\/"},"wordCount":210,"publisher":{"@id":"https:\/\/constantinianorder.com\/#organization"},"image":{"@id":"https:\/\/constantinianorder.com\/conferimento-della-cittadinanza-onoraria-della-citta-di-gaeta-a-s-a-r-il-principe-carlo-di-borbone-delle-due-sicilie\/#primaryimage"},"thumbnailUrl":"https:\/\/constantinianorder.com\/wp-content\/uploads\/2023\/10\/duca-di-noto-2-697x1024.jpg","articleSection":["Comunicados del Gran Magisterio","Delegazione di Roma e Lazio"],"inLanguage":"es"},{"@type":"WebPage","@id":"https:\/\/constantinianorder.com\/conferimento-della-cittadinanza-onoraria-della-citta-di-gaeta-a-s-a-r-il-principe-carlo-di-borbone-delle-due-sicilie\/","url":"https:\/\/constantinianorder.com\/conferimento-della-cittadinanza-onoraria-della-citta-di-gaeta-a-s-a-r-il-principe-carlo-di-borbone-delle-due-sicilie\/","name":"Concesi\u00f3n de la ciudadan\u00eda honoraria de la ciudad de Gaeta a S.A.R. el Pr\u00edncipe Carlo de Borb\u00f3n de las Dos Sicilias - Sacro Militare Ordine Costantiniano di San Giorgio","isPartOf":{"@id":"https:\/\/constantinianorder.com\/#website"},"primaryImageOfPage":{"@id":"https:\/\/constantinianorder.com\/conferimento-della-cittadinanza-onoraria-della-citta-di-gaeta-a-s-a-r-il-principe-carlo-di-borbone-delle-due-sicilie\/#primaryimage"},"image":{"@id":"https:\/\/constantinianorder.com\/conferimento-della-cittadinanza-onoraria-della-citta-di-gaeta-a-s-a-r-il-principe-carlo-di-borbone-delle-due-sicilie\/#primaryimage"},"thumbnailUrl":"https:\/\/constantinianorder.com\/wp-content\/uploads\/2023\/10\/duca-di-noto-2-697x1024.jpg","datePublished":"2023-10-25T11:20:03+00:00","dateModified":"2025-10-21T08:13:41+00:00","breadcrumb":{"@id":"https:\/\/constantinianorder.com\/conferimento-della-cittadinanza-onoraria-della-citta-di-gaeta-a-s-a-r-il-principe-carlo-di-borbone-delle-due-sicilie\/#breadcrumb"},"inLanguage":"es","potentialAction":[{"@type":"ReadAction","target":["https:\/\/constantinianorder.com\/conferimento-della-cittadinanza-onoraria-della-citta-di-gaeta-a-s-a-r-il-principe-carlo-di-borbone-delle-due-sicilie\/"]}]},{"@type":"ImageObject","inLanguage":"es","@id":"https:\/\/constantinianorder.com\/conferimento-della-cittadinanza-onoraria-della-citta-di-gaeta-a-s-a-r-il-principe-carlo-di-borbone-delle-due-sicilie\/#primaryimage","url":"https:\/\/constantinianorder.com\/wp-content\/uploads\/2023\/10\/duca-di-noto-2-697x1024.jpg","contentUrl":"https:\/\/constantinianorder.com\/wp-content\/uploads\/2023\/10\/duca-di-noto-2-697x1024.jpg"},{"@type":"BreadcrumbList","@id":"https:\/\/constantinianorder.com\/conferimento-della-cittadinanza-onoraria-della-citta-di-gaeta-a-s-a-r-il-principe-carlo-di-borbone-delle-due-sicilie\/#breadcrumb","itemListElement":[{"@type":"ListItem","position":1,"name":"Home","item":"https:\/\/constantinianorder.com\/en\/"},{"@type":"ListItem","position":2,"name":"Concesi\u00f3n de la ciudadan\u00eda honoraria de la ciudad de Gaeta a S.A.R. el Pr\u00edncipe Carlo de Borb\u00f3n de las Dos Sicilias"}]},{"@type":"WebSite","@id":"https:\/\/constantinianorder.com\/#website","url":"https:\/\/constantinianorder.com\/","name":"Sacro Militare Ordine Costantiniano di San Giorgio","description":"Ordine Ufficiale","publisher":{"@id":"https:\/\/constantinianorder.com\/#organization"},"potentialAction":[{"@type":"SearchAction","target":{"@type":"EntryPoint","urlTemplate":"https:\/\/constantinianorder.com\/?s={search_term_string}"},"query-input":{"@type":"PropertyValueSpecification","valueRequired":true,"valueName":"search_term_string"}}],"inLanguage":"es"},{"@type":"Organization","@id":"https:\/\/constantinianorder.com\/#organization","name":"Sacro Militare Ordine Costantiniano di San Giorgio","url":"https:\/\/constantinianorder.com\/","logo":{"@type":"ImageObject","inLanguage":"es","@id":"https:\/\/constantinianorder.com\/#\/schema\/logo\/image\/","url":"https:\/\/constantinianorder.com\/wp-content\/uploads\/2025\/10\/cropped-logo-costantiniano.png","contentUrl":"https:\/\/constantinianorder.com\/wp-content\/uploads\/2025\/10\/cropped-logo-costantiniano.png","width":512,"height":512,"caption":"Sacro Militare Ordine Costantiniano di San Giorgio"},"image":{"@id":"https:\/\/constantinianorder.com\/#\/schema\/logo\/image\/"},"sameAs":["https:\/\/www.facebook.com\/constantinianorder","https:\/\/www.instagram.com\/constantinianorder\/","https:\/\/www.youtube.com\/@granmagisterodelsacromilit9375"]},{"@type":"Person","@id":"https:\/\/constantinianorder.com\/#\/schema\/person\/493f3b1475d575dcddda4ec923772c66","name":"admin","sameAs":["https:\/\/constantinianorder.com"],"url":"https:\/\/constantinianorder.com\/es\/author\/domain_jlukbpo7\/"}]}},"_links":{"self":[{"href":"https:\/\/constantinianorder.com\/es\/wp-json\/wp\/v2\/posts\/74928","targetHints":{"allow":["GET"]}}],"collection":[{"href":"https:\/\/constantinianorder.com\/es\/wp-json\/wp\/v2\/posts"}],"about":[{"href":"https:\/\/constantinianorder.com\/es\/wp-json\/wp\/v2\/types\/post"}],"author":[{"embeddable":true,"href":"https:\/\/constantinianorder.com\/es\/wp-json\/wp\/v2\/users\/1"}],"replies":[{"embeddable":true,"href":"https:\/\/constantinianorder.com\/es\/wp-json\/wp\/v2\/comments?post=74928"}],"version-history":[{"count":1,"href":"https:\/\/constantinianorder.com\/es\/wp-json\/wp\/v2\/posts\/74928\/revisions"}],"predecessor-version":[{"id":82547,"href":"https:\/\/constantinianorder.com\/es\/wp-json\/wp\/v2\/posts\/74928\/revisions\/82547"}],"wp:attachment":[{"href":"https:\/\/constantinianorder.com\/es\/wp-json\/wp\/v2\/media?parent=74928"}],"wp:term":[{"taxonomy":"category","embeddable":true,"href":"https:\/\/constantinianorder.com\/es\/wp-json\/wp\/v2\/categories?post=74928"},{"taxonomy":"post_tag","embeddable":true,"href":"https:\/\/constantinianorder.com\/es\/wp-json\/wp\/v2\/tags?post=74928"}],"curies":[{"name":"wp","href":"https:\/\/api.w.org\/{rel}","templated":true}]}}