{"id":74713,"date":"2023-10-04T16:36:46","date_gmt":"2023-10-04T16:36:46","guid":{"rendered":"https:\/\/constantinianorder.net\/piemonte-e-valle-daosta-esaltazione-della-santa-croce-a-casalnoceto\/"},"modified":"2025-10-21T08:13:13","modified_gmt":"2025-10-21T08:13:13","slug":"piamonte-y-valle-de-aosta-exaltacion-de-la-santa-cruz-en-casalnoceto","status":"publish","type":"post","link":"https:\/\/constantinianorder.com\/es\/piamonte-y-valle-de-aosta-exaltacion-de-la-santa-cruz-en-casalnoceto\/","title":{"rendered":"PIAMONTE Y VALLE DE AOSTA: EXALTACI\u00d3N DE LA SANTA CRUZ EN CASALNOCETO"},"content":{"rendered":"\n<figure class=\"wp-block-image\"><img decoding=\"async\" src=\"https:\/\/constantinianorder.com\/wp-content\/uploads\/2023\/10\/IMG-20230924-WA0040-1024x768.jpg\" alt=\"\" class=\"wp-image-74617\"\/><\/figure>\n\n\n\n<p>El domingo 24 de septiembre un grupo de Caballeros de Alejandr\u00eda, guiada por la Dama Simona Delfino, celebr\u00f3 la S. Misa en la fiesta de la Exaltaci\u00f3n de la Santa Cruz en la Iglesia de la Cofrad\u00eda de \u00abSan Rocco\u00bb en Casalnoceto (AL). Presidi\u00f3 la solemne liturgia el Vice Prior Padre Augusto Piccoli, coadyuvado por el hermano recientemente nombrado como Oficial Padre Gianpaolo Civillini y con la participaci\u00f3n de numerosos Caballeros y Damas de la representaci\u00f3n. Despu\u00e9s del saludo de bienvenida del Alcalde, el Prof. Giuseppe Cetta y del P\u00e1rroco Padre Fulvio Sironi, fueron entregados por la representante los diplomas a los nuevos Caballeros y las promociones a quien, por diversas razones, no pudo participar en la ceremonia de las investiduras. Al final del rito, despu\u00e9s de admirar la belleza del oratorio de 1535, los Caballeros y las Damas se reunieron para un momento de convivencia de felicitaciones y fraternidad.<\/p>\n","protected":false},"excerpt":{"rendered":"<p>El domingo 24 de septiembre un grupo de Caballeros de Alejandr\u00eda, guiada por la Dama Simona Delfino, celebr\u00f3 la S. Misa en la fiesta de la Exaltaci\u00f3n de la Santa Cruz en la Iglesia de la Cofrad\u00eda de \u00abSan Rocco\u00bb en Casalnoceto (AL). Presidi\u00f3 la solemne liturgia el Vice Prior Padre Augusto Piccoli, coadyuvado por [&hellip;]<\/p>\n","protected":false},"author":1,"featured_media":0,"comment_status":"closed","ping_status":"closed","sticky":false,"template":"","format":"standard","meta":{"footnotes":""},"categories":[222],"tags":[],"class_list":["post-74713","post","type-post","status-publish","format-standard","hentry","category-delegacion-de-piamonte-y-valle-de-aosta"],"yoast_head":"<!-- This site is optimized with the Yoast SEO plugin v26.5 - https:\/\/yoast.com\/wordpress\/plugins\/seo\/ -->\n<title>PIAMONTE Y VALLE DE AOSTA: EXALTACI\u00d3N DE LA SANTA CRUZ EN CASALNOCETO - Sacro Militare Ordine Costantiniano di San Giorgio<\/title>\n<meta name=\"robots\" content=\"index, follow, max-snippet:-1, max-image-preview:large, max-video-preview:-1\" \/>\n<link rel=\"canonical\" href=\"https:\/\/constantinianorder.com\/piemonte-e-valle-daosta-esaltazione-della-santa-croce-a-casalnoceto\/\" \/>\n<meta property=\"og:locale\" content=\"es_ES\" \/>\n<meta property=\"og:type\" content=\"article\" \/>\n<meta property=\"og:title\" content=\"PIAMONTE Y VALLE DE AOSTA: EXALTACI\u00d3N DE LA SANTA CRUZ EN CASALNOCETO - Sacro Militare Ordine Costantiniano di San Giorgio\" \/>\n<meta property=\"og:description\" content=\"El domingo 24 de septiembre un grupo de Caballeros de Alejandr\u00eda, guiada por la Dama Simona Delfino, celebr\u00f3 la S. Misa en la fiesta de la Exaltaci\u00f3n de la Santa Cruz en la Iglesia de la Cofrad\u00eda de \u00abSan Rocco\u00bb en Casalnoceto (AL). Presidi\u00f3 la solemne liturgia el Vice Prior Padre Augusto Piccoli, coadyuvado por [&hellip;]\" \/>\n<meta property=\"og:url\" content=\"https:\/\/constantinianorder.com\/piemonte-e-valle-daosta-esaltazione-della-santa-croce-a-casalnoceto\/\" \/>\n<meta property=\"og:site_name\" content=\"Sacro Militare Ordine Costantiniano di San Giorgio\" \/>\n<meta property=\"article:publisher\" content=\"https:\/\/www.facebook.com\/constantinianorder\" \/>\n<meta property=\"article:published_time\" content=\"2023-10-04T16:36:46+00:00\" \/>\n<meta property=\"article:modified_time\" content=\"2025-10-21T08:13:13+00:00\" \/>\n<meta property=\"og:image\" content=\"https:\/\/constantinianorder.com\/wp-content\/uploads\/2023\/10\/IMG-20230924-WA0040.webp\" \/>\n\t<meta property=\"og:image:width\" content=\"1600\" \/>\n\t<meta property=\"og:image:height\" content=\"1200\" \/>\n\t<meta property=\"og:image:type\" content=\"image\/webp\" \/>\n<meta name=\"author\" content=\"admin\" \/>\n<meta name=\"twitter:card\" content=\"summary_large_image\" \/>\n<meta name=\"twitter:label1\" content=\"Escrito por\" \/>\n\t<meta name=\"twitter:data1\" content=\"admin\" \/>\n\t<meta name=\"twitter:label2\" content=\"Tiempo de lectura\" \/>\n\t<meta name=\"twitter:data2\" content=\"1 minuto\" \/>\n<script type=\"application\/ld+json\" class=\"yoast-schema-graph\">{\"@context\":\"https:\/\/schema.org\",\"@graph\":[{\"@type\":\"Article\",\"@id\":\"https:\/\/constantinianorder.com\/piemonte-e-valle-daosta-esaltazione-della-santa-croce-a-casalnoceto\/#article\",\"isPartOf\":{\"@id\":\"https:\/\/constantinianorder.com\/piemonte-e-valle-daosta-esaltazione-della-santa-croce-a-casalnoceto\/\"},\"author\":{\"name\":\"admin\",\"@id\":\"https:\/\/constantinianorder.com\/#\/schema\/person\/493f3b1475d575dcddda4ec923772c66\"},\"headline\":\"PIAMONTE Y VALLE DE AOSTA: EXALTACI\u00d3N DE LA SANTA CRUZ EN CASALNOCETO\",\"datePublished\":\"2023-10-04T16:36:46+00:00\",\"dateModified\":\"2025-10-21T08:13:13+00:00\",\"mainEntityOfPage\":{\"@id\":\"https:\/\/constantinianorder.com\/piemonte-e-valle-daosta-esaltazione-della-santa-croce-a-casalnoceto\/\"},\"wordCount\":169,\"publisher\":{\"@id\":\"https:\/\/constantinianorder.com\/#organization\"},\"image\":{\"@id\":\"https:\/\/constantinianorder.com\/piemonte-e-valle-daosta-esaltazione-della-santa-croce-a-casalnoceto\/#primaryimage\"},\"thumbnailUrl\":\"https:\/\/constantinianorder.com\/wp-content\/uploads\/2023\/10\/IMG-20230924-WA0040-1024x768.jpg\",\"articleSection\":[\"Delegaci\u00f3n de Piamonte y Valle de Aosta\"],\"inLanguage\":\"es\"},{\"@type\":\"WebPage\",\"@id\":\"https:\/\/constantinianorder.com\/piemonte-e-valle-daosta-esaltazione-della-santa-croce-a-casalnoceto\/\",\"url\":\"https:\/\/constantinianorder.com\/piemonte-e-valle-daosta-esaltazione-della-santa-croce-a-casalnoceto\/\",\"name\":\"PIAMONTE Y VALLE DE AOSTA: EXALTACI\u00d3N DE LA SANTA CRUZ EN CASALNOCETO - Sacro Militare Ordine Costantiniano di San Giorgio\",\"isPartOf\":{\"@id\":\"https:\/\/constantinianorder.com\/#website\"},\"primaryImageOfPage\":{\"@id\":\"https:\/\/constantinianorder.com\/piemonte-e-valle-daosta-esaltazione-della-santa-croce-a-casalnoceto\/#primaryimage\"},\"image\":{\"@id\":\"https:\/\/constantinianorder.com\/piemonte-e-valle-daosta-esaltazione-della-santa-croce-a-casalnoceto\/#primaryimage\"},\"thumbnailUrl\":\"https:\/\/constantinianorder.com\/wp-content\/uploads\/2023\/10\/IMG-20230924-WA0040-1024x768.jpg\",\"datePublished\":\"2023-10-04T16:36:46+00:00\",\"dateModified\":\"2025-10-21T08:13:13+00:00\",\"breadcrumb\":{\"@id\":\"https:\/\/constantinianorder.com\/piemonte-e-valle-daosta-esaltazione-della-santa-croce-a-casalnoceto\/#breadcrumb\"},\"inLanguage\":\"es\",\"potentialAction\":[{\"@type\":\"ReadAction\",\"target\":[\"https:\/\/constantinianorder.com\/piemonte-e-valle-daosta-esaltazione-della-santa-croce-a-casalnoceto\/\"]}]},{\"@type\":\"ImageObject\",\"inLanguage\":\"es\",\"@id\":\"https:\/\/constantinianorder.com\/piemonte-e-valle-daosta-esaltazione-della-santa-croce-a-casalnoceto\/#primaryimage\",\"url\":\"https:\/\/constantinianorder.com\/wp-content\/uploads\/2023\/10\/IMG-20230924-WA0040-1024x768.jpg\",\"contentUrl\":\"https:\/\/constantinianorder.com\/wp-content\/uploads\/2023\/10\/IMG-20230924-WA0040-1024x768.jpg\"},{\"@type\":\"BreadcrumbList\",\"@id\":\"https:\/\/constantinianorder.com\/piemonte-e-valle-daosta-esaltazione-della-santa-croce-a-casalnoceto\/#breadcrumb\",\"itemListElement\":[{\"@type\":\"ListItem\",\"position\":1,\"name\":\"Home\",\"item\":\"https:\/\/constantinianorder.com\/en\/\"},{\"@type\":\"ListItem\",\"position\":2,\"name\":\"PIAMONTE Y VALLE DE AOSTA: EXALTACI\u00d3N DE LA SANTA CRUZ EN CASALNOCETO\"}]},{\"@type\":\"WebSite\",\"@id\":\"https:\/\/constantinianorder.com\/#website\",\"url\":\"https:\/\/constantinianorder.com\/\",\"name\":\"Sacro Militare Ordine Costantiniano di San Giorgio\",\"description\":\"Ordine Ufficiale\",\"publisher\":{\"@id\":\"https:\/\/constantinianorder.com\/#organization\"},\"potentialAction\":[{\"@type\":\"SearchAction\",\"target\":{\"@type\":\"EntryPoint\",\"urlTemplate\":\"https:\/\/constantinianorder.com\/?s={search_term_string}\"},\"query-input\":{\"@type\":\"PropertyValueSpecification\",\"valueRequired\":true,\"valueName\":\"search_term_string\"}}],\"inLanguage\":\"es\"},{\"@type\":\"Organization\",\"@id\":\"https:\/\/constantinianorder.com\/#organization\",\"name\":\"Sacro Militare Ordine Costantiniano di San Giorgio\",\"url\":\"https:\/\/constantinianorder.com\/\",\"logo\":{\"@type\":\"ImageObject\",\"inLanguage\":\"es\",\"@id\":\"https:\/\/constantinianorder.com\/#\/schema\/logo\/image\/\",\"url\":\"https:\/\/constantinianorder.com\/wp-content\/uploads\/2025\/10\/cropped-logo-costantiniano.png\",\"contentUrl\":\"https:\/\/constantinianorder.com\/wp-content\/uploads\/2025\/10\/cropped-logo-costantiniano.png\",\"width\":512,\"height\":512,\"caption\":\"Sacro Militare Ordine Costantiniano di San Giorgio\"},\"image\":{\"@id\":\"https:\/\/constantinianorder.com\/#\/schema\/logo\/image\/\"},\"sameAs\":[\"https:\/\/www.facebook.com\/constantinianorder\",\"https:\/\/www.instagram.com\/constantinianorder\/\",\"https:\/\/www.youtube.com\/@granmagisterodelsacromilit9375\"]},{\"@type\":\"Person\",\"@id\":\"https:\/\/constantinianorder.com\/#\/schema\/person\/493f3b1475d575dcddda4ec923772c66\",\"name\":\"admin\",\"sameAs\":[\"https:\/\/constantinianorder.com\"],\"url\":\"https:\/\/constantinianorder.com\/es\/author\/domain_jlukbpo7\/\"}]}<\/script>\n<!-- \/ Yoast SEO plugin. -->","yoast_head_json":{"title":"PIAMONTE Y VALLE DE AOSTA: EXALTACI\u00d3N DE LA SANTA CRUZ EN CASALNOCETO - Sacro Militare Ordine Costantiniano di San Giorgio","robots":{"index":"index","follow":"follow","max-snippet":"max-snippet:-1","max-image-preview":"max-image-preview:large","max-video-preview":"max-video-preview:-1"},"canonical":"https:\/\/constantinianorder.com\/piemonte-e-valle-daosta-esaltazione-della-santa-croce-a-casalnoceto\/","og_locale":"es_ES","og_type":"article","og_title":"PIAMONTE Y VALLE DE AOSTA: EXALTACI\u00d3N DE LA SANTA CRUZ EN CASALNOCETO - Sacro Militare Ordine Costantiniano di San Giorgio","og_description":"El domingo 24 de septiembre un grupo de Caballeros de Alejandr\u00eda, guiada por la Dama Simona Delfino, celebr\u00f3 la S. Misa en la fiesta de la Exaltaci\u00f3n de la Santa Cruz en la Iglesia de la Cofrad\u00eda de \u00abSan Rocco\u00bb en Casalnoceto (AL). Presidi\u00f3 la solemne liturgia el Vice Prior Padre Augusto Piccoli, coadyuvado por [&hellip;]","og_url":"https:\/\/constantinianorder.com\/piemonte-e-valle-daosta-esaltazione-della-santa-croce-a-casalnoceto\/","og_site_name":"Sacro Militare Ordine Costantiniano di San Giorgio","article_publisher":"https:\/\/www.facebook.com\/constantinianorder","article_published_time":"2023-10-04T16:36:46+00:00","article_modified_time":"2025-10-21T08:13:13+00:00","og_image":[{"width":1600,"height":1200,"url":"https:\/\/constantinianorder.com\/wp-content\/uploads\/2023\/10\/IMG-20230924-WA0040.webp","type":"image\/webp"}],"author":"admin","twitter_card":"summary_large_image","twitter_misc":{"Escrito por":"admin","Tiempo de lectura":"1 minuto"},"schema":{"@context":"https:\/\/schema.org","@graph":[{"@type":"Article","@id":"https:\/\/constantinianorder.com\/piemonte-e-valle-daosta-esaltazione-della-santa-croce-a-casalnoceto\/#article","isPartOf":{"@id":"https:\/\/constantinianorder.com\/piemonte-e-valle-daosta-esaltazione-della-santa-croce-a-casalnoceto\/"},"author":{"name":"admin","@id":"https:\/\/constantinianorder.com\/#\/schema\/person\/493f3b1475d575dcddda4ec923772c66"},"headline":"PIAMONTE Y VALLE DE AOSTA: EXALTACI\u00d3N DE LA SANTA CRUZ EN CASALNOCETO","datePublished":"2023-10-04T16:36:46+00:00","dateModified":"2025-10-21T08:13:13+00:00","mainEntityOfPage":{"@id":"https:\/\/constantinianorder.com\/piemonte-e-valle-daosta-esaltazione-della-santa-croce-a-casalnoceto\/"},"wordCount":169,"publisher":{"@id":"https:\/\/constantinianorder.com\/#organization"},"image":{"@id":"https:\/\/constantinianorder.com\/piemonte-e-valle-daosta-esaltazione-della-santa-croce-a-casalnoceto\/#primaryimage"},"thumbnailUrl":"https:\/\/constantinianorder.com\/wp-content\/uploads\/2023\/10\/IMG-20230924-WA0040-1024x768.jpg","articleSection":["Delegaci\u00f3n de Piamonte y Valle de Aosta"],"inLanguage":"es"},{"@type":"WebPage","@id":"https:\/\/constantinianorder.com\/piemonte-e-valle-daosta-esaltazione-della-santa-croce-a-casalnoceto\/","url":"https:\/\/constantinianorder.com\/piemonte-e-valle-daosta-esaltazione-della-santa-croce-a-casalnoceto\/","name":"PIAMONTE Y VALLE DE AOSTA: EXALTACI\u00d3N DE LA SANTA CRUZ EN CASALNOCETO - Sacro Militare Ordine Costantiniano di San Giorgio","isPartOf":{"@id":"https:\/\/constantinianorder.com\/#website"},"primaryImageOfPage":{"@id":"https:\/\/constantinianorder.com\/piemonte-e-valle-daosta-esaltazione-della-santa-croce-a-casalnoceto\/#primaryimage"},"image":{"@id":"https:\/\/constantinianorder.com\/piemonte-e-valle-daosta-esaltazione-della-santa-croce-a-casalnoceto\/#primaryimage"},"thumbnailUrl":"https:\/\/constantinianorder.com\/wp-content\/uploads\/2023\/10\/IMG-20230924-WA0040-1024x768.jpg","datePublished":"2023-10-04T16:36:46+00:00","dateModified":"2025-10-21T08:13:13+00:00","breadcrumb":{"@id":"https:\/\/constantinianorder.com\/piemonte-e-valle-daosta-esaltazione-della-santa-croce-a-casalnoceto\/#breadcrumb"},"inLanguage":"es","potentialAction":[{"@type":"ReadAction","target":["https:\/\/constantinianorder.com\/piemonte-e-valle-daosta-esaltazione-della-santa-croce-a-casalnoceto\/"]}]},{"@type":"ImageObject","inLanguage":"es","@id":"https:\/\/constantinianorder.com\/piemonte-e-valle-daosta-esaltazione-della-santa-croce-a-casalnoceto\/#primaryimage","url":"https:\/\/constantinianorder.com\/wp-content\/uploads\/2023\/10\/IMG-20230924-WA0040-1024x768.jpg","contentUrl":"https:\/\/constantinianorder.com\/wp-content\/uploads\/2023\/10\/IMG-20230924-WA0040-1024x768.jpg"},{"@type":"BreadcrumbList","@id":"https:\/\/constantinianorder.com\/piemonte-e-valle-daosta-esaltazione-della-santa-croce-a-casalnoceto\/#breadcrumb","itemListElement":[{"@type":"ListItem","position":1,"name":"Home","item":"https:\/\/constantinianorder.com\/en\/"},{"@type":"ListItem","position":2,"name":"PIAMONTE Y VALLE DE AOSTA: EXALTACI\u00d3N DE LA SANTA CRUZ EN CASALNOCETO"}]},{"@type":"WebSite","@id":"https:\/\/constantinianorder.com\/#website","url":"https:\/\/constantinianorder.com\/","name":"Sacro Militare Ordine Costantiniano di San Giorgio","description":"Ordine Ufficiale","publisher":{"@id":"https:\/\/constantinianorder.com\/#organization"},"potentialAction":[{"@type":"SearchAction","target":{"@type":"EntryPoint","urlTemplate":"https:\/\/constantinianorder.com\/?s={search_term_string}"},"query-input":{"@type":"PropertyValueSpecification","valueRequired":true,"valueName":"search_term_string"}}],"inLanguage":"es"},{"@type":"Organization","@id":"https:\/\/constantinianorder.com\/#organization","name":"Sacro Militare Ordine Costantiniano di San Giorgio","url":"https:\/\/constantinianorder.com\/","logo":{"@type":"ImageObject","inLanguage":"es","@id":"https:\/\/constantinianorder.com\/#\/schema\/logo\/image\/","url":"https:\/\/constantinianorder.com\/wp-content\/uploads\/2025\/10\/cropped-logo-costantiniano.png","contentUrl":"https:\/\/constantinianorder.com\/wp-content\/uploads\/2025\/10\/cropped-logo-costantiniano.png","width":512,"height":512,"caption":"Sacro Militare Ordine Costantiniano di San Giorgio"},"image":{"@id":"https:\/\/constantinianorder.com\/#\/schema\/logo\/image\/"},"sameAs":["https:\/\/www.facebook.com\/constantinianorder","https:\/\/www.instagram.com\/constantinianorder\/","https:\/\/www.youtube.com\/@granmagisterodelsacromilit9375"]},{"@type":"Person","@id":"https:\/\/constantinianorder.com\/#\/schema\/person\/493f3b1475d575dcddda4ec923772c66","name":"admin","sameAs":["https:\/\/constantinianorder.com"],"url":"https:\/\/constantinianorder.com\/es\/author\/domain_jlukbpo7\/"}]}},"_links":{"self":[{"href":"https:\/\/constantinianorder.com\/es\/wp-json\/wp\/v2\/posts\/74713","targetHints":{"allow":["GET"]}}],"collection":[{"href":"https:\/\/constantinianorder.com\/es\/wp-json\/wp\/v2\/posts"}],"about":[{"href":"https:\/\/constantinianorder.com\/es\/wp-json\/wp\/v2\/types\/post"}],"author":[{"embeddable":true,"href":"https:\/\/constantinianorder.com\/es\/wp-json\/wp\/v2\/users\/1"}],"replies":[{"embeddable":true,"href":"https:\/\/constantinianorder.com\/es\/wp-json\/wp\/v2\/comments?post=74713"}],"version-history":[{"count":1,"href":"https:\/\/constantinianorder.com\/es\/wp-json\/wp\/v2\/posts\/74713\/revisions"}],"predecessor-version":[{"id":82393,"href":"https:\/\/constantinianorder.com\/es\/wp-json\/wp\/v2\/posts\/74713\/revisions\/82393"}],"wp:attachment":[{"href":"https:\/\/constantinianorder.com\/es\/wp-json\/wp\/v2\/media?parent=74713"}],"wp:term":[{"taxonomy":"category","embeddable":true,"href":"https:\/\/constantinianorder.com\/es\/wp-json\/wp\/v2\/categories?post=74713"},{"taxonomy":"post_tag","embeddable":true,"href":"https:\/\/constantinianorder.com\/es\/wp-json\/wp\/v2\/tags?post=74713"}],"curies":[{"name":"wp","href":"https:\/\/api.w.org\/{rel}","templated":true}]}}