{"id":74295,"date":"2023-09-19T10:40:54","date_gmt":"2023-09-19T10:40:54","guid":{"rendered":"https:\/\/constantinianorder.net\/piemonte-e-valle-daosta-cerimonia-a-caravino\/"},"modified":"2025-10-21T08:31:19","modified_gmt":"2025-10-21T08:31:19","slug":"piamonte-ceremonia-en-caravino","status":"publish","type":"post","link":"https:\/\/constantinianorder.com\/es\/piamonte-ceremonia-en-caravino\/","title":{"rendered":"PIAMONTE: CEREMONIA EN CARAVINO"},"content":{"rendered":"\n<ul class=\"wp-block-gallery columns-3 is-cropped wp-block-gallery-1 is-layout-flex wp-block-gallery-is-layout-flex\"><li class=\"blocks-gallery-item\"><figure><img decoding=\"async\" src=\"https:\/\/constantinianorder.com\/wp-content\/uploads\/2023\/09\/DSC05735-1024x683.jpg\" alt=\"\" data-id=\"74245\" data-link=\"https:\/\/export.constantinianorder.net\/?attachment_id=74245\" class=\"wp-image-74245\"\/><figcaption>_lowlight _noise<\/figcaption><\/figure><\/li><li class=\"blocks-gallery-item\"><figure><img decoding=\"async\" src=\"https:\/\/constantinianorder.com\/wp-content\/uploads\/2023\/09\/DSC06281-1024x683.jpg\" alt=\"\" data-id=\"74249\" data-link=\"https:\/\/export.constantinianorder.net\/?attachment_id=74249\" class=\"wp-image-74249\"\/><\/figure><\/li><li class=\"blocks-gallery-item\"><figure><img decoding=\"async\" src=\"https:\/\/constantinianorder.com\/wp-content\/uploads\/2023\/09\/DSC06311-683x1024.jpg\" alt=\"\" data-id=\"74253\" data-link=\"https:\/\/export.constantinianorder.net\/?attachment_id=74253\" class=\"wp-image-74253\"\/><\/figure><\/li><li class=\"blocks-gallery-item\"><figure><img decoding=\"async\" src=\"https:\/\/constantinianorder.com\/wp-content\/uploads\/2023\/09\/DSC06335-1024x683.jpg\" alt=\"\" data-id=\"74257\" data-link=\"https:\/\/export.constantinianorder.net\/?attachment_id=74257\" class=\"wp-image-74257\"\/><\/figure><\/li><li class=\"blocks-gallery-item\"><figure><img decoding=\"async\" src=\"https:\/\/constantinianorder.com\/wp-content\/uploads\/2023\/09\/DSC06277-1024x683.jpg\" alt=\"\" data-id=\"74261\" data-link=\"https:\/\/export.constantinianorder.net\/?attachment_id=74261\" class=\"wp-image-74261\"\/><\/figure><\/li><li class=\"blocks-gallery-item\"><figure><img decoding=\"async\" src=\"https:\/\/constantinianorder.com\/wp-content\/uploads\/2023\/09\/DSC05950-1024x683.jpg\" alt=\"\" data-id=\"74265\" data-link=\"https:\/\/export.constantinianorder.net\/?attachment_id=74265\" class=\"wp-image-74265\"\/><\/figure><\/li><li class=\"blocks-gallery-item\"><figure><img decoding=\"async\" src=\"https:\/\/constantinianorder.com\/wp-content\/uploads\/2023\/09\/DSC05957-683x1024.jpg\" alt=\"\" data-id=\"74269\" data-link=\"https:\/\/export.constantinianorder.net\/?attachment_id=74269\" class=\"wp-image-74269\"\/><\/figure><\/li><li class=\"blocks-gallery-item\"><figure><img decoding=\"async\" src=\"https:\/\/constantinianorder.com\/wp-content\/uploads\/2023\/09\/DSC06057-1024x683.jpg\" alt=\"\" data-id=\"74273\" data-link=\"https:\/\/export.constantinianorder.net\/?attachment_id=74273\" class=\"wp-image-74273\"\/><\/figure><\/li><li class=\"blocks-gallery-item\"><figure><img decoding=\"async\" src=\"https:\/\/constantinianorder.com\/wp-content\/uploads\/2023\/09\/DSC05660-1024x683.jpg\" alt=\"\" data-id=\"74277\" data-link=\"https:\/\/export.constantinianorder.net\/?attachment_id=74277\" class=\"wp-image-74277\"\/><\/figure><\/li><li class=\"blocks-gallery-item\"><figure><img decoding=\"async\" src=\"https:\/\/constantinianorder.com\/wp-content\/uploads\/2023\/09\/DSC05821-1024x683.jpg\" alt=\"\" data-id=\"74281\" data-link=\"https:\/\/export.constantinianorder.net\/?attachment_id=74281\" class=\"wp-image-74281\"\/><\/figure><\/li><li class=\"blocks-gallery-item\"><figure><img decoding=\"async\" src=\"https:\/\/constantinianorder.com\/wp-content\/uploads\/2023\/09\/DSC06053-1024x683.jpg\" alt=\"\" data-id=\"74285\" data-link=\"https:\/\/export.constantinianorder.net\/?attachment_id=74285\" class=\"wp-image-74285\"\/><\/figure><\/li><li class=\"blocks-gallery-item\"><figure><img decoding=\"async\" src=\"https:\/\/constantinianorder.com\/wp-content\/uploads\/2023\/09\/DSC06159-1024x683.jpg\" alt=\"\" data-id=\"74289\" data-link=\"https:\/\/export.constantinianorder.net\/?attachment_id=74289\" class=\"wp-image-74289\"\/><\/figure><\/li><\/ul>\n\n\n\n<p>Se ha celebrado en el sugestivo Castillo de Masino en Caravino (TO) la ceremonia de las Investiduras de los nuevos Caballeros y Damas de la Delegaci\u00f3n Piamonte y Valle de Aosta.<br> El Sagrado Rito fue presidido por el Prior de la Delegaci\u00f3n S.E. Rev. Mons. Roberto Farinella, Obispo de Biella, apoyado por el Vice Prior Don Augusto Piccoli y por los Caballeros eclesi\u00e1sticos de la Delegaci\u00f3n.<br> Despu\u00e9s de la bendici\u00f3n de los diplomas, impartida por S.E. Mons. Roberto Farinella, el Delegado Conde Marco Aurelio Galateri de G\u00e9nova, otorg\u00f3 oficialmente los nuevos Caballeros y Damas. De particular importancia fueron los nombramientos otorgados a la Senadora Paola Ambroggio y a los Generales Enrico Fontana y Carlo Di Somma.<br> Inmediatamente despu\u00e9s de la concesi\u00f3n de los diplomas de nombramiento, el Vice Delegado Caballero Nicol\u00f2 Papurello entreg\u00f3 la Medalla de Benemerenza a las personas que se distinguieron por el apoyo a la Delegaci\u00f3n.<br> En la ceremonia participaron numerosas autoridades civiles y militares de todo el Piamonte, incluidos numerosos alcaldes de municipios del territorio y representantes del Parlamento.<br> A continuaci\u00f3n, por la noche, se llev\u00f3 a cabo un almuerzo de gala en el Museo de los carruajes del castillo, momento de reuni\u00f3n que involucr\u00f3 a los miembros de la Orden, las autoridades y los simpatizantes. Al comienzo de la noche, la Senadora Paola Ambroggio ley\u00f3 a los presentes el discurso del Subsecretario de Estado a la Defensa Isabella Rauti. El Caballero Roberto Ravello ha le\u00eddo un mensaje dirigido a los presentes por el Presidente de la Regi\u00f3n Piamonte Alberto Cirio.<\/p>\n","protected":false},"excerpt":{"rendered":"<p>Se ha celebrado en el sugestivo Castillo de Masino en Caravino (TO) la ceremonia de las Investiduras de los nuevos Caballeros y Damas de la Delegaci\u00f3n Piamonte y Valle de Aosta. El Sagrado Rito fue presidido por el Prior de la Delegaci\u00f3n S.E. Rev. Mons. Roberto Farinella, Obispo de Biella, apoyado por el Vice Prior [&hellip;]<\/p>\n","protected":false},"author":1,"featured_media":0,"comment_status":"closed","ping_status":"closed","sticky":false,"template":"","format":"standard","meta":{"footnotes":""},"categories":[222],"tags":[],"class_list":["post-74295","post","type-post","status-publish","format-standard","hentry","category-delegacion-de-piamonte-y-valle-de-aosta"],"yoast_head":"<!-- This site is optimized with the Yoast SEO plugin v26.5 - https:\/\/yoast.com\/wordpress\/plugins\/seo\/ -->\n<title>PIAMONTE: CEREMONIA EN CARAVINO - Sacro Militare Ordine Costantiniano di San Giorgio<\/title>\n<meta name=\"robots\" content=\"index, follow, max-snippet:-1, max-image-preview:large, max-video-preview:-1\" \/>\n<link rel=\"canonical\" href=\"https:\/\/constantinianorder.com\/piemonte-e-valle-daosta-cerimonia-a-caravino\/\" \/>\n<meta property=\"og:locale\" content=\"es_ES\" \/>\n<meta property=\"og:type\" content=\"article\" \/>\n<meta property=\"og:title\" content=\"PIAMONTE: CEREMONIA EN CARAVINO - Sacro Militare Ordine Costantiniano di San Giorgio\" \/>\n<meta property=\"og:description\" content=\"Se ha celebrado en el sugestivo Castillo de Masino en Caravino (TO) la ceremonia de las Investiduras de los nuevos Caballeros y Damas de la Delegaci\u00f3n Piamonte y Valle de Aosta. El Sagrado Rito fue presidido por el Prior de la Delegaci\u00f3n S.E. Rev. Mons. Roberto Farinella, Obispo de Biella, apoyado por el Vice Prior [&hellip;]\" \/>\n<meta property=\"og:url\" content=\"https:\/\/constantinianorder.com\/piemonte-e-valle-daosta-cerimonia-a-caravino\/\" \/>\n<meta property=\"og:site_name\" content=\"Sacro Militare Ordine Costantiniano di San Giorgio\" \/>\n<meta property=\"article:publisher\" content=\"https:\/\/www.facebook.com\/constantinianorder\" \/>\n<meta property=\"article:published_time\" content=\"2023-09-19T10:40:54+00:00\" \/>\n<meta property=\"article:modified_time\" content=\"2025-10-21T08:31:19+00:00\" \/>\n<meta property=\"og:image\" content=\"https:\/\/constantinianorder.com\/wp-content\/uploads\/2023\/09\/DSC05735-scaled-1.webp\" \/>\n\t<meta property=\"og:image:width\" content=\"1920\" \/>\n\t<meta property=\"og:image:height\" content=\"1280\" \/>\n\t<meta property=\"og:image:type\" content=\"image\/webp\" \/>\n<meta name=\"author\" content=\"admin\" \/>\n<meta name=\"twitter:card\" content=\"summary_large_image\" \/>\n<meta name=\"twitter:label1\" content=\"Escrito por\" \/>\n\t<meta name=\"twitter:data1\" content=\"admin\" \/>\n\t<meta name=\"twitter:label2\" content=\"Tiempo de lectura\" \/>\n\t<meta name=\"twitter:data2\" content=\"1 minuto\" \/>\n<script type=\"application\/ld+json\" class=\"yoast-schema-graph\">{\"@context\":\"https:\/\/schema.org\",\"@graph\":[{\"@type\":\"Article\",\"@id\":\"https:\/\/constantinianorder.com\/piemonte-e-valle-daosta-cerimonia-a-caravino\/#article\",\"isPartOf\":{\"@id\":\"https:\/\/constantinianorder.com\/piemonte-e-valle-daosta-cerimonia-a-caravino\/\"},\"author\":{\"name\":\"admin\",\"@id\":\"https:\/\/constantinianorder.com\/#\/schema\/person\/493f3b1475d575dcddda4ec923772c66\"},\"headline\":\"PIAMONTE: CEREMONIA EN CARAVINO\",\"datePublished\":\"2023-09-19T10:40:54+00:00\",\"dateModified\":\"2025-10-21T08:31:19+00:00\",\"mainEntityOfPage\":{\"@id\":\"https:\/\/constantinianorder.com\/piemonte-e-valle-daosta-cerimonia-a-caravino\/\"},\"wordCount\":277,\"publisher\":{\"@id\":\"https:\/\/constantinianorder.com\/#organization\"},\"image\":{\"@id\":\"https:\/\/constantinianorder.com\/piemonte-e-valle-daosta-cerimonia-a-caravino\/#primaryimage\"},\"thumbnailUrl\":\"https:\/\/constantinianorder.com\/wp-content\/uploads\/2023\/09\/DSC05735-1024x683.jpg\",\"articleSection\":[\"Delegaci\u00f3n de Piamonte y Valle de Aosta\"],\"inLanguage\":\"es\"},{\"@type\":\"WebPage\",\"@id\":\"https:\/\/constantinianorder.com\/piemonte-e-valle-daosta-cerimonia-a-caravino\/\",\"url\":\"https:\/\/constantinianorder.com\/piemonte-e-valle-daosta-cerimonia-a-caravino\/\",\"name\":\"PIAMONTE: CEREMONIA EN CARAVINO - Sacro Militare Ordine Costantiniano di San Giorgio\",\"isPartOf\":{\"@id\":\"https:\/\/constantinianorder.com\/#website\"},\"primaryImageOfPage\":{\"@id\":\"https:\/\/constantinianorder.com\/piemonte-e-valle-daosta-cerimonia-a-caravino\/#primaryimage\"},\"image\":{\"@id\":\"https:\/\/constantinianorder.com\/piemonte-e-valle-daosta-cerimonia-a-caravino\/#primaryimage\"},\"thumbnailUrl\":\"https:\/\/constantinianorder.com\/wp-content\/uploads\/2023\/09\/DSC05735-1024x683.jpg\",\"datePublished\":\"2023-09-19T10:40:54+00:00\",\"dateModified\":\"2025-10-21T08:31:19+00:00\",\"breadcrumb\":{\"@id\":\"https:\/\/constantinianorder.com\/piemonte-e-valle-daosta-cerimonia-a-caravino\/#breadcrumb\"},\"inLanguage\":\"es\",\"potentialAction\":[{\"@type\":\"ReadAction\",\"target\":[\"https:\/\/constantinianorder.com\/piemonte-e-valle-daosta-cerimonia-a-caravino\/\"]}]},{\"@type\":\"ImageObject\",\"inLanguage\":\"es\",\"@id\":\"https:\/\/constantinianorder.com\/piemonte-e-valle-daosta-cerimonia-a-caravino\/#primaryimage\",\"url\":\"https:\/\/constantinianorder.com\/wp-content\/uploads\/2023\/09\/DSC05735-1024x683.jpg\",\"contentUrl\":\"https:\/\/constantinianorder.com\/wp-content\/uploads\/2023\/09\/DSC05735-1024x683.jpg\"},{\"@type\":\"BreadcrumbList\",\"@id\":\"https:\/\/constantinianorder.com\/piemonte-e-valle-daosta-cerimonia-a-caravino\/#breadcrumb\",\"itemListElement\":[{\"@type\":\"ListItem\",\"position\":1,\"name\":\"Home\",\"item\":\"https:\/\/constantinianorder.com\/en\/\"},{\"@type\":\"ListItem\",\"position\":2,\"name\":\"PIAMONTE: CEREMONIA EN CARAVINO\"}]},{\"@type\":\"WebSite\",\"@id\":\"https:\/\/constantinianorder.com\/#website\",\"url\":\"https:\/\/constantinianorder.com\/\",\"name\":\"Sacro Militare Ordine Costantiniano di San Giorgio\",\"description\":\"Ordine Ufficiale\",\"publisher\":{\"@id\":\"https:\/\/constantinianorder.com\/#organization\"},\"potentialAction\":[{\"@type\":\"SearchAction\",\"target\":{\"@type\":\"EntryPoint\",\"urlTemplate\":\"https:\/\/constantinianorder.com\/?s={search_term_string}\"},\"query-input\":{\"@type\":\"PropertyValueSpecification\",\"valueRequired\":true,\"valueName\":\"search_term_string\"}}],\"inLanguage\":\"es\"},{\"@type\":\"Organization\",\"@id\":\"https:\/\/constantinianorder.com\/#organization\",\"name\":\"Sacro Militare Ordine Costantiniano di San Giorgio\",\"url\":\"https:\/\/constantinianorder.com\/\",\"logo\":{\"@type\":\"ImageObject\",\"inLanguage\":\"es\",\"@id\":\"https:\/\/constantinianorder.com\/#\/schema\/logo\/image\/\",\"url\":\"https:\/\/constantinianorder.com\/wp-content\/uploads\/2025\/10\/cropped-logo-costantiniano.png\",\"contentUrl\":\"https:\/\/constantinianorder.com\/wp-content\/uploads\/2025\/10\/cropped-logo-costantiniano.png\",\"width\":512,\"height\":512,\"caption\":\"Sacro Militare Ordine Costantiniano di San Giorgio\"},\"image\":{\"@id\":\"https:\/\/constantinianorder.com\/#\/schema\/logo\/image\/\"},\"sameAs\":[\"https:\/\/www.facebook.com\/constantinianorder\",\"https:\/\/www.instagram.com\/constantinianorder\/\",\"https:\/\/www.youtube.com\/@granmagisterodelsacromilit9375\"]},{\"@type\":\"Person\",\"@id\":\"https:\/\/constantinianorder.com\/#\/schema\/person\/493f3b1475d575dcddda4ec923772c66\",\"name\":\"admin\",\"sameAs\":[\"https:\/\/constantinianorder.com\"],\"url\":\"https:\/\/constantinianorder.com\/es\/author\/domain_jlukbpo7\/\"}]}<\/script>\n<!-- \/ Yoast SEO plugin. -->","yoast_head_json":{"title":"PIAMONTE: CEREMONIA EN CARAVINO - Sacro Militare Ordine Costantiniano di San Giorgio","robots":{"index":"index","follow":"follow","max-snippet":"max-snippet:-1","max-image-preview":"max-image-preview:large","max-video-preview":"max-video-preview:-1"},"canonical":"https:\/\/constantinianorder.com\/piemonte-e-valle-daosta-cerimonia-a-caravino\/","og_locale":"es_ES","og_type":"article","og_title":"PIAMONTE: CEREMONIA EN CARAVINO - Sacro Militare Ordine Costantiniano di San Giorgio","og_description":"Se ha celebrado en el sugestivo Castillo de Masino en Caravino (TO) la ceremonia de las Investiduras de los nuevos Caballeros y Damas de la Delegaci\u00f3n Piamonte y Valle de Aosta. El Sagrado Rito fue presidido por el Prior de la Delegaci\u00f3n S.E. Rev. Mons. Roberto Farinella, Obispo de Biella, apoyado por el Vice Prior [&hellip;]","og_url":"https:\/\/constantinianorder.com\/piemonte-e-valle-daosta-cerimonia-a-caravino\/","og_site_name":"Sacro Militare Ordine Costantiniano di San Giorgio","article_publisher":"https:\/\/www.facebook.com\/constantinianorder","article_published_time":"2023-09-19T10:40:54+00:00","article_modified_time":"2025-10-21T08:31:19+00:00","og_image":[{"width":1920,"height":1280,"url":"https:\/\/constantinianorder.com\/wp-content\/uploads\/2023\/09\/DSC05735-scaled-1.webp","type":"image\/webp"}],"author":"admin","twitter_card":"summary_large_image","twitter_misc":{"Escrito por":"admin","Tiempo de lectura":"1 minuto"},"schema":{"@context":"https:\/\/schema.org","@graph":[{"@type":"Article","@id":"https:\/\/constantinianorder.com\/piemonte-e-valle-daosta-cerimonia-a-caravino\/#article","isPartOf":{"@id":"https:\/\/constantinianorder.com\/piemonte-e-valle-daosta-cerimonia-a-caravino\/"},"author":{"name":"admin","@id":"https:\/\/constantinianorder.com\/#\/schema\/person\/493f3b1475d575dcddda4ec923772c66"},"headline":"PIAMONTE: CEREMONIA EN CARAVINO","datePublished":"2023-09-19T10:40:54+00:00","dateModified":"2025-10-21T08:31:19+00:00","mainEntityOfPage":{"@id":"https:\/\/constantinianorder.com\/piemonte-e-valle-daosta-cerimonia-a-caravino\/"},"wordCount":277,"publisher":{"@id":"https:\/\/constantinianorder.com\/#organization"},"image":{"@id":"https:\/\/constantinianorder.com\/piemonte-e-valle-daosta-cerimonia-a-caravino\/#primaryimage"},"thumbnailUrl":"https:\/\/constantinianorder.com\/wp-content\/uploads\/2023\/09\/DSC05735-1024x683.jpg","articleSection":["Delegaci\u00f3n de Piamonte y Valle de Aosta"],"inLanguage":"es"},{"@type":"WebPage","@id":"https:\/\/constantinianorder.com\/piemonte-e-valle-daosta-cerimonia-a-caravino\/","url":"https:\/\/constantinianorder.com\/piemonte-e-valle-daosta-cerimonia-a-caravino\/","name":"PIAMONTE: CEREMONIA EN CARAVINO - Sacro Militare Ordine Costantiniano di San Giorgio","isPartOf":{"@id":"https:\/\/constantinianorder.com\/#website"},"primaryImageOfPage":{"@id":"https:\/\/constantinianorder.com\/piemonte-e-valle-daosta-cerimonia-a-caravino\/#primaryimage"},"image":{"@id":"https:\/\/constantinianorder.com\/piemonte-e-valle-daosta-cerimonia-a-caravino\/#primaryimage"},"thumbnailUrl":"https:\/\/constantinianorder.com\/wp-content\/uploads\/2023\/09\/DSC05735-1024x683.jpg","datePublished":"2023-09-19T10:40:54+00:00","dateModified":"2025-10-21T08:31:19+00:00","breadcrumb":{"@id":"https:\/\/constantinianorder.com\/piemonte-e-valle-daosta-cerimonia-a-caravino\/#breadcrumb"},"inLanguage":"es","potentialAction":[{"@type":"ReadAction","target":["https:\/\/constantinianorder.com\/piemonte-e-valle-daosta-cerimonia-a-caravino\/"]}]},{"@type":"ImageObject","inLanguage":"es","@id":"https:\/\/constantinianorder.com\/piemonte-e-valle-daosta-cerimonia-a-caravino\/#primaryimage","url":"https:\/\/constantinianorder.com\/wp-content\/uploads\/2023\/09\/DSC05735-1024x683.jpg","contentUrl":"https:\/\/constantinianorder.com\/wp-content\/uploads\/2023\/09\/DSC05735-1024x683.jpg"},{"@type":"BreadcrumbList","@id":"https:\/\/constantinianorder.com\/piemonte-e-valle-daosta-cerimonia-a-caravino\/#breadcrumb","itemListElement":[{"@type":"ListItem","position":1,"name":"Home","item":"https:\/\/constantinianorder.com\/en\/"},{"@type":"ListItem","position":2,"name":"PIAMONTE: CEREMONIA EN CARAVINO"}]},{"@type":"WebSite","@id":"https:\/\/constantinianorder.com\/#website","url":"https:\/\/constantinianorder.com\/","name":"Sacro Militare Ordine Costantiniano di San Giorgio","description":"Ordine Ufficiale","publisher":{"@id":"https:\/\/constantinianorder.com\/#organization"},"potentialAction":[{"@type":"SearchAction","target":{"@type":"EntryPoint","urlTemplate":"https:\/\/constantinianorder.com\/?s={search_term_string}"},"query-input":{"@type":"PropertyValueSpecification","valueRequired":true,"valueName":"search_term_string"}}],"inLanguage":"es"},{"@type":"Organization","@id":"https:\/\/constantinianorder.com\/#organization","name":"Sacro Militare Ordine Costantiniano di San Giorgio","url":"https:\/\/constantinianorder.com\/","logo":{"@type":"ImageObject","inLanguage":"es","@id":"https:\/\/constantinianorder.com\/#\/schema\/logo\/image\/","url":"https:\/\/constantinianorder.com\/wp-content\/uploads\/2025\/10\/cropped-logo-costantiniano.png","contentUrl":"https:\/\/constantinianorder.com\/wp-content\/uploads\/2025\/10\/cropped-logo-costantiniano.png","width":512,"height":512,"caption":"Sacro Militare Ordine Costantiniano di San Giorgio"},"image":{"@id":"https:\/\/constantinianorder.com\/#\/schema\/logo\/image\/"},"sameAs":["https:\/\/www.facebook.com\/constantinianorder","https:\/\/www.instagram.com\/constantinianorder\/","https:\/\/www.youtube.com\/@granmagisterodelsacromilit9375"]},{"@type":"Person","@id":"https:\/\/constantinianorder.com\/#\/schema\/person\/493f3b1475d575dcddda4ec923772c66","name":"admin","sameAs":["https:\/\/constantinianorder.com"],"url":"https:\/\/constantinianorder.com\/es\/author\/domain_jlukbpo7\/"}]}},"_links":{"self":[{"href":"https:\/\/constantinianorder.com\/es\/wp-json\/wp\/v2\/posts\/74295","targetHints":{"allow":["GET"]}}],"collection":[{"href":"https:\/\/constantinianorder.com\/es\/wp-json\/wp\/v2\/posts"}],"about":[{"href":"https:\/\/constantinianorder.com\/es\/wp-json\/wp\/v2\/types\/post"}],"author":[{"embeddable":true,"href":"https:\/\/constantinianorder.com\/es\/wp-json\/wp\/v2\/users\/1"}],"replies":[{"embeddable":true,"href":"https:\/\/constantinianorder.com\/es\/wp-json\/wp\/v2\/comments?post=74295"}],"version-history":[{"count":1,"href":"https:\/\/constantinianorder.com\/es\/wp-json\/wp\/v2\/posts\/74295\/revisions"}],"predecessor-version":[{"id":83593,"href":"https:\/\/constantinianorder.com\/es\/wp-json\/wp\/v2\/posts\/74295\/revisions\/83593"}],"wp:attachment":[{"href":"https:\/\/constantinianorder.com\/es\/wp-json\/wp\/v2\/media?parent=74295"}],"wp:term":[{"taxonomy":"category","embeddable":true,"href":"https:\/\/constantinianorder.com\/es\/wp-json\/wp\/v2\/categories?post=74295"},{"taxonomy":"post_tag","embeddable":true,"href":"https:\/\/constantinianorder.com\/es\/wp-json\/wp\/v2\/tags?post=74295"}],"curies":[{"name":"wp","href":"https:\/\/api.w.org\/{rel}","templated":true}]}}