{"id":73786,"date":"2023-07-03T16:31:54","date_gmt":"2023-07-03T16:31:54","guid":{"rendered":"https:\/\/constantinianorder.net\/calabria-iniziative-di-giugno-2\/"},"modified":"2025-10-21T08:30:02","modified_gmt":"2025-10-21T08:30:02","slug":"calabria-iniciativas-de-junio-2","status":"publish","type":"post","link":"https:\/\/constantinianorder.com\/es\/calabria-iniciativas-de-junio-2\/","title":{"rendered":"CALABRIA: INICIATIVAS DE JUNIO"},"content":{"rendered":"\n<figure class=\"wp-block-image\"><img decoding=\"async\" src=\"https:\/\/constantinianorder.com\/wp-content\/uploads\/2023\/07\/1-1024x768.jpg\" alt=\"\" class=\"wp-image-73459\"\/><\/figure>\n\n\n\n<p>Cosenza. El domingo 11 de junio, con ocasi\u00f3n de la festividad del Corpus Christi, los Caballeros y las Damas de la Delegaci\u00f3n Calabria participaron en la celebraci\u00f3n eucar\u00edstica en la iglesia de San Luca Evangelista en el encantador y hospitalario burgo de Vadue. La Santa Misa fue oficiada por Padre Dario Montemaggiore y concelebrada por Monse\u00f1or Dario de Paola, capell\u00e1n de la milicia constantiniana para la ciudad de Cosenza. Como confirmaci\u00f3n de la importante jornada han llegado en la acogedora y abarrotada iglesia, situada en el municipio de Carolei, los Caballeros constantinianos, en representaci\u00f3n de cada provincia calabresa, recordados por la relevaci\u00f3n y representativa ocasi\u00f3n. Tambi\u00e9n estuvieron presentes los cargos m\u00e1s importantes de la delegaci\u00f3n calabresa, Don Gianpietro Sanseverino di Marcellinara, Delegado de Calabria, el Dr. Aurelio Badolati, Vice Delegado, el Dr. Giuseppe Spizzirri Marzo, Representante de la ciudad de Cosenza, y Monse\u00f1or Luigi Cannizzo, Prior Vicario de la delegaci\u00f3n. Entre las autoridades que asistieron, el Alcalde del municipio de Carolei Dr. Francesco Iannaci y el Mariscal Apollonio Esposito este \u00faltimo en representaci\u00f3n de la estaci\u00f3n local de Carabinieri. <\/p>\n\n\n\n<figure class=\"wp-block-image\"><img decoding=\"async\" src=\"https:\/\/constantinianorder.com\/wp-content\/uploads\/2023\/07\/IMG-20230531-WA0003-472x1024.jpg\" alt=\"\" class=\"wp-image-73455\"\/><\/figure>\n\n\n\n<p>El 7 de junio se donaron a la parroquia de la Candelora de Reggio Calabria 70 comidas calientes para servir en comidas individuales a los indigentes del territorio. La donaci\u00f3n fue realizada por el Caballero Antonino Campolo.<\/p>\n","protected":false},"excerpt":{"rendered":"<p>Cosenza. El domingo 11 de junio, con ocasi\u00f3n de la festividad del Corpus Christi, los Caballeros y las Damas de la Delegaci\u00f3n Calabria participaron en la celebraci\u00f3n eucar\u00edstica en la iglesia de San Luca Evangelista en el encantador y hospitalario burgo de Vadue. La Santa Misa fue oficiada por Padre Dario Montemaggiore y concelebrada por [&hellip;]<\/p>\n","protected":false},"author":1,"featured_media":0,"comment_status":"closed","ping_status":"closed","sticky":false,"template":"","format":"standard","meta":{"footnotes":""},"categories":[213],"tags":[],"class_list":["post-73786","post","type-post","status-publish","format-standard","hentry","category-delegacion-de-la-calabria"],"yoast_head":"<!-- This site is optimized with the Yoast SEO plugin v26.5 - https:\/\/yoast.com\/wordpress\/plugins\/seo\/ -->\n<title>CALABRIA: INICIATIVAS DE JUNIO - Sacro Militare Ordine Costantiniano di San Giorgio<\/title>\n<meta name=\"robots\" content=\"index, follow, max-snippet:-1, max-image-preview:large, max-video-preview:-1\" \/>\n<link rel=\"canonical\" href=\"https:\/\/constantinianorder.com\/calabria-iniziative-di-giugno-2\/\" \/>\n<meta property=\"og:locale\" content=\"es_ES\" \/>\n<meta property=\"og:type\" content=\"article\" \/>\n<meta property=\"og:title\" content=\"CALABRIA: INICIATIVAS DE JUNIO - Sacro Militare Ordine Costantiniano di San Giorgio\" \/>\n<meta property=\"og:description\" content=\"Cosenza. El domingo 11 de junio, con ocasi\u00f3n de la festividad del Corpus Christi, los Caballeros y las Damas de la Delegaci\u00f3n Calabria participaron en la celebraci\u00f3n eucar\u00edstica en la iglesia de San Luca Evangelista en el encantador y hospitalario burgo de Vadue. La Santa Misa fue oficiada por Padre Dario Montemaggiore y concelebrada por [&hellip;]\" \/>\n<meta property=\"og:url\" content=\"https:\/\/constantinianorder.com\/calabria-iniziative-di-giugno-2\/\" \/>\n<meta property=\"og:site_name\" content=\"Sacro Militare Ordine Costantiniano di San Giorgio\" \/>\n<meta property=\"article:publisher\" content=\"https:\/\/www.facebook.com\/constantinianorder\" \/>\n<meta property=\"article:published_time\" content=\"2023-07-03T16:31:54+00:00\" \/>\n<meta property=\"article:modified_time\" content=\"2025-10-21T08:30:02+00:00\" \/>\n<meta property=\"og:image\" content=\"https:\/\/constantinianorder.com\/wp-content\/uploads\/2023\/07\/1.webp\" \/>\n\t<meta property=\"og:image:width\" content=\"1024\" \/>\n\t<meta property=\"og:image:height\" content=\"768\" \/>\n\t<meta property=\"og:image:type\" content=\"image\/webp\" \/>\n<meta name=\"author\" content=\"admin\" \/>\n<meta name=\"twitter:card\" content=\"summary_large_image\" \/>\n<meta name=\"twitter:label1\" content=\"Escrito por\" \/>\n\t<meta name=\"twitter:data1\" content=\"admin\" \/>\n\t<meta name=\"twitter:label2\" content=\"Tiempo de lectura\" \/>\n\t<meta name=\"twitter:data2\" content=\"1 minuto\" \/>\n<script type=\"application\/ld+json\" class=\"yoast-schema-graph\">{\"@context\":\"https:\/\/schema.org\",\"@graph\":[{\"@type\":\"Article\",\"@id\":\"https:\/\/constantinianorder.com\/calabria-iniziative-di-giugno-2\/#article\",\"isPartOf\":{\"@id\":\"https:\/\/constantinianorder.com\/calabria-iniziative-di-giugno-2\/\"},\"author\":{\"name\":\"admin\",\"@id\":\"https:\/\/constantinianorder.com\/#\/schema\/person\/493f3b1475d575dcddda4ec923772c66\"},\"headline\":\"CALABRIA: INICIATIVAS DE JUNIO\",\"datePublished\":\"2023-07-03T16:31:54+00:00\",\"dateModified\":\"2025-10-21T08:30:02+00:00\",\"mainEntityOfPage\":{\"@id\":\"https:\/\/constantinianorder.com\/calabria-iniziative-di-giugno-2\/\"},\"wordCount\":235,\"publisher\":{\"@id\":\"https:\/\/constantinianorder.com\/#organization\"},\"image\":{\"@id\":\"https:\/\/constantinianorder.com\/calabria-iniziative-di-giugno-2\/#primaryimage\"},\"thumbnailUrl\":\"https:\/\/constantinianorder.com\/wp-content\/uploads\/2023\/07\/1-1024x768.jpg\",\"articleSection\":[\"Delegaci\u00f3n de la Calabria\"],\"inLanguage\":\"es\"},{\"@type\":\"WebPage\",\"@id\":\"https:\/\/constantinianorder.com\/calabria-iniziative-di-giugno-2\/\",\"url\":\"https:\/\/constantinianorder.com\/calabria-iniziative-di-giugno-2\/\",\"name\":\"CALABRIA: INICIATIVAS DE JUNIO - Sacro Militare Ordine Costantiniano di San Giorgio\",\"isPartOf\":{\"@id\":\"https:\/\/constantinianorder.com\/#website\"},\"primaryImageOfPage\":{\"@id\":\"https:\/\/constantinianorder.com\/calabria-iniziative-di-giugno-2\/#primaryimage\"},\"image\":{\"@id\":\"https:\/\/constantinianorder.com\/calabria-iniziative-di-giugno-2\/#primaryimage\"},\"thumbnailUrl\":\"https:\/\/constantinianorder.com\/wp-content\/uploads\/2023\/07\/1-1024x768.jpg\",\"datePublished\":\"2023-07-03T16:31:54+00:00\",\"dateModified\":\"2025-10-21T08:30:02+00:00\",\"breadcrumb\":{\"@id\":\"https:\/\/constantinianorder.com\/calabria-iniziative-di-giugno-2\/#breadcrumb\"},\"inLanguage\":\"es\",\"potentialAction\":[{\"@type\":\"ReadAction\",\"target\":[\"https:\/\/constantinianorder.com\/calabria-iniziative-di-giugno-2\/\"]}]},{\"@type\":\"ImageObject\",\"inLanguage\":\"es\",\"@id\":\"https:\/\/constantinianorder.com\/calabria-iniziative-di-giugno-2\/#primaryimage\",\"url\":\"https:\/\/constantinianorder.com\/wp-content\/uploads\/2023\/07\/1-1024x768.jpg\",\"contentUrl\":\"https:\/\/constantinianorder.com\/wp-content\/uploads\/2023\/07\/1-1024x768.jpg\"},{\"@type\":\"BreadcrumbList\",\"@id\":\"https:\/\/constantinianorder.com\/calabria-iniziative-di-giugno-2\/#breadcrumb\",\"itemListElement\":[{\"@type\":\"ListItem\",\"position\":1,\"name\":\"Home\",\"item\":\"https:\/\/constantinianorder.com\/en\/\"},{\"@type\":\"ListItem\",\"position\":2,\"name\":\"CALABRIA: INICIATIVAS DE JUNIO\"}]},{\"@type\":\"WebSite\",\"@id\":\"https:\/\/constantinianorder.com\/#website\",\"url\":\"https:\/\/constantinianorder.com\/\",\"name\":\"Sacro Militare Ordine Costantiniano di San Giorgio\",\"description\":\"Ordine Ufficiale\",\"publisher\":{\"@id\":\"https:\/\/constantinianorder.com\/#organization\"},\"potentialAction\":[{\"@type\":\"SearchAction\",\"target\":{\"@type\":\"EntryPoint\",\"urlTemplate\":\"https:\/\/constantinianorder.com\/?s={search_term_string}\"},\"query-input\":{\"@type\":\"PropertyValueSpecification\",\"valueRequired\":true,\"valueName\":\"search_term_string\"}}],\"inLanguage\":\"es\"},{\"@type\":\"Organization\",\"@id\":\"https:\/\/constantinianorder.com\/#organization\",\"name\":\"Sacro Militare Ordine Costantiniano di San Giorgio\",\"url\":\"https:\/\/constantinianorder.com\/\",\"logo\":{\"@type\":\"ImageObject\",\"inLanguage\":\"es\",\"@id\":\"https:\/\/constantinianorder.com\/#\/schema\/logo\/image\/\",\"url\":\"https:\/\/constantinianorder.com\/wp-content\/uploads\/2025\/10\/cropped-logo-costantiniano.png\",\"contentUrl\":\"https:\/\/constantinianorder.com\/wp-content\/uploads\/2025\/10\/cropped-logo-costantiniano.png\",\"width\":512,\"height\":512,\"caption\":\"Sacro Militare Ordine Costantiniano di San Giorgio\"},\"image\":{\"@id\":\"https:\/\/constantinianorder.com\/#\/schema\/logo\/image\/\"},\"sameAs\":[\"https:\/\/www.facebook.com\/constantinianorder\",\"https:\/\/www.instagram.com\/constantinianorder\/\",\"https:\/\/www.youtube.com\/@granmagisterodelsacromilit9375\"]},{\"@type\":\"Person\",\"@id\":\"https:\/\/constantinianorder.com\/#\/schema\/person\/493f3b1475d575dcddda4ec923772c66\",\"name\":\"admin\",\"sameAs\":[\"https:\/\/constantinianorder.com\"],\"url\":\"https:\/\/constantinianorder.com\/es\/author\/domain_jlukbpo7\/\"}]}<\/script>\n<!-- \/ Yoast SEO plugin. -->","yoast_head_json":{"title":"CALABRIA: INICIATIVAS DE JUNIO - Sacro Militare Ordine Costantiniano di San Giorgio","robots":{"index":"index","follow":"follow","max-snippet":"max-snippet:-1","max-image-preview":"max-image-preview:large","max-video-preview":"max-video-preview:-1"},"canonical":"https:\/\/constantinianorder.com\/calabria-iniziative-di-giugno-2\/","og_locale":"es_ES","og_type":"article","og_title":"CALABRIA: INICIATIVAS DE JUNIO - Sacro Militare Ordine Costantiniano di San Giorgio","og_description":"Cosenza. El domingo 11 de junio, con ocasi\u00f3n de la festividad del Corpus Christi, los Caballeros y las Damas de la Delegaci\u00f3n Calabria participaron en la celebraci\u00f3n eucar\u00edstica en la iglesia de San Luca Evangelista en el encantador y hospitalario burgo de Vadue. La Santa Misa fue oficiada por Padre Dario Montemaggiore y concelebrada por [&hellip;]","og_url":"https:\/\/constantinianorder.com\/calabria-iniziative-di-giugno-2\/","og_site_name":"Sacro Militare Ordine Costantiniano di San Giorgio","article_publisher":"https:\/\/www.facebook.com\/constantinianorder","article_published_time":"2023-07-03T16:31:54+00:00","article_modified_time":"2025-10-21T08:30:02+00:00","og_image":[{"width":1024,"height":768,"url":"https:\/\/constantinianorder.com\/wp-content\/uploads\/2023\/07\/1.webp","type":"image\/webp"}],"author":"admin","twitter_card":"summary_large_image","twitter_misc":{"Escrito por":"admin","Tiempo de lectura":"1 minuto"},"schema":{"@context":"https:\/\/schema.org","@graph":[{"@type":"Article","@id":"https:\/\/constantinianorder.com\/calabria-iniziative-di-giugno-2\/#article","isPartOf":{"@id":"https:\/\/constantinianorder.com\/calabria-iniziative-di-giugno-2\/"},"author":{"name":"admin","@id":"https:\/\/constantinianorder.com\/#\/schema\/person\/493f3b1475d575dcddda4ec923772c66"},"headline":"CALABRIA: INICIATIVAS DE JUNIO","datePublished":"2023-07-03T16:31:54+00:00","dateModified":"2025-10-21T08:30:02+00:00","mainEntityOfPage":{"@id":"https:\/\/constantinianorder.com\/calabria-iniziative-di-giugno-2\/"},"wordCount":235,"publisher":{"@id":"https:\/\/constantinianorder.com\/#organization"},"image":{"@id":"https:\/\/constantinianorder.com\/calabria-iniziative-di-giugno-2\/#primaryimage"},"thumbnailUrl":"https:\/\/constantinianorder.com\/wp-content\/uploads\/2023\/07\/1-1024x768.jpg","articleSection":["Delegaci\u00f3n de la Calabria"],"inLanguage":"es"},{"@type":"WebPage","@id":"https:\/\/constantinianorder.com\/calabria-iniziative-di-giugno-2\/","url":"https:\/\/constantinianorder.com\/calabria-iniziative-di-giugno-2\/","name":"CALABRIA: INICIATIVAS DE JUNIO - Sacro Militare Ordine Costantiniano di San Giorgio","isPartOf":{"@id":"https:\/\/constantinianorder.com\/#website"},"primaryImageOfPage":{"@id":"https:\/\/constantinianorder.com\/calabria-iniziative-di-giugno-2\/#primaryimage"},"image":{"@id":"https:\/\/constantinianorder.com\/calabria-iniziative-di-giugno-2\/#primaryimage"},"thumbnailUrl":"https:\/\/constantinianorder.com\/wp-content\/uploads\/2023\/07\/1-1024x768.jpg","datePublished":"2023-07-03T16:31:54+00:00","dateModified":"2025-10-21T08:30:02+00:00","breadcrumb":{"@id":"https:\/\/constantinianorder.com\/calabria-iniziative-di-giugno-2\/#breadcrumb"},"inLanguage":"es","potentialAction":[{"@type":"ReadAction","target":["https:\/\/constantinianorder.com\/calabria-iniziative-di-giugno-2\/"]}]},{"@type":"ImageObject","inLanguage":"es","@id":"https:\/\/constantinianorder.com\/calabria-iniziative-di-giugno-2\/#primaryimage","url":"https:\/\/constantinianorder.com\/wp-content\/uploads\/2023\/07\/1-1024x768.jpg","contentUrl":"https:\/\/constantinianorder.com\/wp-content\/uploads\/2023\/07\/1-1024x768.jpg"},{"@type":"BreadcrumbList","@id":"https:\/\/constantinianorder.com\/calabria-iniziative-di-giugno-2\/#breadcrumb","itemListElement":[{"@type":"ListItem","position":1,"name":"Home","item":"https:\/\/constantinianorder.com\/en\/"},{"@type":"ListItem","position":2,"name":"CALABRIA: INICIATIVAS DE JUNIO"}]},{"@type":"WebSite","@id":"https:\/\/constantinianorder.com\/#website","url":"https:\/\/constantinianorder.com\/","name":"Sacro Militare Ordine Costantiniano di San Giorgio","description":"Ordine Ufficiale","publisher":{"@id":"https:\/\/constantinianorder.com\/#organization"},"potentialAction":[{"@type":"SearchAction","target":{"@type":"EntryPoint","urlTemplate":"https:\/\/constantinianorder.com\/?s={search_term_string}"},"query-input":{"@type":"PropertyValueSpecification","valueRequired":true,"valueName":"search_term_string"}}],"inLanguage":"es"},{"@type":"Organization","@id":"https:\/\/constantinianorder.com\/#organization","name":"Sacro Militare Ordine Costantiniano di San Giorgio","url":"https:\/\/constantinianorder.com\/","logo":{"@type":"ImageObject","inLanguage":"es","@id":"https:\/\/constantinianorder.com\/#\/schema\/logo\/image\/","url":"https:\/\/constantinianorder.com\/wp-content\/uploads\/2025\/10\/cropped-logo-costantiniano.png","contentUrl":"https:\/\/constantinianorder.com\/wp-content\/uploads\/2025\/10\/cropped-logo-costantiniano.png","width":512,"height":512,"caption":"Sacro Militare Ordine Costantiniano di San Giorgio"},"image":{"@id":"https:\/\/constantinianorder.com\/#\/schema\/logo\/image\/"},"sameAs":["https:\/\/www.facebook.com\/constantinianorder","https:\/\/www.instagram.com\/constantinianorder\/","https:\/\/www.youtube.com\/@granmagisterodelsacromilit9375"]},{"@type":"Person","@id":"https:\/\/constantinianorder.com\/#\/schema\/person\/493f3b1475d575dcddda4ec923772c66","name":"admin","sameAs":["https:\/\/constantinianorder.com"],"url":"https:\/\/constantinianorder.com\/es\/author\/domain_jlukbpo7\/"}]}},"_links":{"self":[{"href":"https:\/\/constantinianorder.com\/es\/wp-json\/wp\/v2\/posts\/73786","targetHints":{"allow":["GET"]}}],"collection":[{"href":"https:\/\/constantinianorder.com\/es\/wp-json\/wp\/v2\/posts"}],"about":[{"href":"https:\/\/constantinianorder.com\/es\/wp-json\/wp\/v2\/types\/post"}],"author":[{"embeddable":true,"href":"https:\/\/constantinianorder.com\/es\/wp-json\/wp\/v2\/users\/1"}],"replies":[{"embeddable":true,"href":"https:\/\/constantinianorder.com\/es\/wp-json\/wp\/v2\/comments?post=73786"}],"version-history":[{"count":1,"href":"https:\/\/constantinianorder.com\/es\/wp-json\/wp\/v2\/posts\/73786\/revisions"}],"predecessor-version":[{"id":83188,"href":"https:\/\/constantinianorder.com\/es\/wp-json\/wp\/v2\/posts\/73786\/revisions\/83188"}],"wp:attachment":[{"href":"https:\/\/constantinianorder.com\/es\/wp-json\/wp\/v2\/media?parent=73786"}],"wp:term":[{"taxonomy":"category","embeddable":true,"href":"https:\/\/constantinianorder.com\/es\/wp-json\/wp\/v2\/categories?post=73786"},{"taxonomy":"post_tag","embeddable":true,"href":"https:\/\/constantinianorder.com\/es\/wp-json\/wp\/v2\/tags?post=73786"}],"curies":[{"name":"wp","href":"https:\/\/api.w.org\/{rel}","templated":true}]}}