{"id":72738,"date":"2021-09-02T09:32:36","date_gmt":"2021-09-02T09:32:36","guid":{"rendered":"https:\/\/constantinianorder.net\/lombardia-le-attivita-estive-della-delegazione\/"},"modified":"2025-10-21T17:31:30","modified_gmt":"2025-10-21T17:31:30","slug":"lombardia-actividades-de-verano-de-la-delegacion","status":"publish","type":"post","link":"https:\/\/constantinianorder.com\/es\/lombardia-actividades-de-verano-de-la-delegacion\/","title":{"rendered":"LOMBARD\u00cdA: ACTIVIDADES DE VERANO DE LA DELEGACI\u00d3N"},"content":{"rendered":"\n<figure class=\"wp-block-image\"><img fetchpriority=\"high\" decoding=\"async\" width=\"969\" height=\"759\" src=\"https:\/\/constantinianorder.com\/wp-content\/uploads\/2021\/08\/2-AGOSTO.jpg\" alt=\"\" class=\"wp-image-60205\" srcset=\"https:\/\/constantinianorder.com\/wp-content\/uploads\/2021\/08\/2-AGOSTO.jpg 969w, https:\/\/constantinianorder.com\/wp-content\/uploads\/2021\/08\/2-AGOSTO-300x235.jpg 300w, https:\/\/constantinianorder.com\/wp-content\/uploads\/2021\/08\/2-AGOSTO-768x602.jpg 768w\" sizes=\"(max-width: 969px) 100vw, 969px\" \/><\/figure>\n\n\n\n<p>Brescia, 02 de agosto de 2021 &#8211;  El Caballero Maurizio Mirandola, junto con el Comm. Ecl. Mons. Pierantoni Bodini, Capell\u00e1n de la Fundaci\u00f3n, a los Caballeros  Romano Savi y Stefano Villotta y a los Decorados Vincenzo Porzio y Francesca Ghidini, han entregado para la RSA \u00abFondazione Casa di Dio\u00bb de Brescia, en presencia de la Directora General Stefania Mosconi y del Director Sanitario Dr. Corrado Carabellese, una gran cantidad de material adecuado, que incluye: mascarillas quir\u00fargicas FFP2, mascarillas de pico, guantes de l\u00e1tex y otros productos sanitarios donados por la Firma Federico Bonomi, por Donati Ruggero y por la Sociedad Omec de Camplani Marino.<br>La Doctora Mosconi ha expresado su gratitud por la donaci\u00f3n recibida y tambi\u00e9n por la fructuosa colaboraci\u00f3n con la Orden Constantiniana que, en concierto con la Di\u00f3cesis de Brescia, Mons. Bodini y Mons. Morandi, con la disponibilidad generosa de los Caballeros, Decorados y Voluntarios, custodia el santuario ciudadano de Santa Mar\u00eda del Lino, del que la Fundaci\u00f3n es propietaria.<\/p>\n\n\n\n<figure class=\"wp-block-image\"><img decoding=\"async\" width=\"1024\" height=\"768\" src=\"https:\/\/constantinianorder.com\/wp-content\/uploads\/2021\/08\/MILANO-1-1-1024x768.jpeg\" alt=\"\" class=\"wp-image-60209\" srcset=\"https:\/\/constantinianorder.com\/wp-content\/uploads\/2021\/08\/MILANO-1-1-1024x768.jpeg 1024w, https:\/\/constantinianorder.com\/wp-content\/uploads\/2021\/08\/MILANO-1-1-300x225.jpeg 300w, https:\/\/constantinianorder.com\/wp-content\/uploads\/2021\/08\/MILANO-1-1-768x576.jpeg 768w, https:\/\/constantinianorder.com\/wp-content\/uploads\/2021\/08\/MILANO-1-1-1536x1152.jpeg 1536w, https:\/\/constantinianorder.com\/wp-content\/uploads\/2021\/08\/MILANO-1-1.jpeg 1600w\" sizes=\"(max-width: 1024px) 100vw, 1024px\" \/><\/figure>\n\n\n\n<p>Mil\u00e1n &#8211; El Noble Doctor Giuseppe Rizzani, Comendador de Justicia, en su calidad de Vice Delegado, junto con el representante de la ciudad metropolitana de Mil\u00e1n, On. Gabriele Albertini, en presencia del Dr. Federico Pizzi, entreg\u00f3, en la sede del Palacio Cusani, la medalla de plata de benem\u00e9rita al General de Brigada Alfonso Miro, al Jefe del Mando Militar del Ej\u00e9rcito Lombardo y al Coronel Emanuele Carozzi, Director del C\u00edrculo de Oficiales, como signo tangible de la profunda sinergia existente entre la Orden Constantiniana y el Ej\u00e9rcito Italiano.<\/p>\n\n\n\n<figure class=\"wp-block-image\"><img decoding=\"async\" width=\"1024\" height=\"997\" src=\"https:\/\/constantinianorder.com\/wp-content\/uploads\/2021\/08\/3-ago-1024x997.jpg\" alt=\"\" class=\"wp-image-60273\" srcset=\"https:\/\/constantinianorder.com\/wp-content\/uploads\/2021\/08\/3-ago-1024x997.jpg 1024w, https:\/\/constantinianorder.com\/wp-content\/uploads\/2021\/08\/3-ago-300x292.jpg 300w, https:\/\/constantinianorder.com\/wp-content\/uploads\/2021\/08\/3-ago-768x748.jpg 768w, https:\/\/constantinianorder.com\/wp-content\/uploads\/2021\/08\/3-ago.jpg 1080w\" sizes=\"(max-width: 1024px) 100vw, 1024px\" \/><\/figure>\n\n\n\n<p>Corte Franca (BS), 3 de agosto de 2021 &#8211; El Caballero Giuseppe Scolaro ha adquirido y donado a Caritas parroquial de Corte Franca varios productos alimenticios, incluyendo pasta, pasta de tomate, latas variadas, junto con gel desinfectante, entregando todo a Don Lorenzo Medeghini en la Parroquia de los Santos Cosme y Dami\u00e1n de Timoline. La donaci\u00f3n se sit\u00faa en el \u00e1mbito de la actividad caritativa para apoyar a las familias y ancianos de la zona. <\/p>\n\n\n\n<figure class=\"wp-block-image\"><img loading=\"lazy\" decoding=\"async\" width=\"768\" height=\"1024\" src=\"https:\/\/constantinianorder.com\/wp-content\/uploads\/2021\/08\/5-ago-768x1024.jpg\" alt=\"\" class=\"wp-image-60277\" srcset=\"https:\/\/constantinianorder.com\/wp-content\/uploads\/2021\/08\/5-ago-768x1024.jpg 768w, https:\/\/constantinianorder.com\/wp-content\/uploads\/2021\/08\/5-ago-225x300.jpg 225w, https:\/\/constantinianorder.com\/wp-content\/uploads\/2021\/08\/5-ago.jpg 1080w\" sizes=\"(max-width: 768px) 100vw, 768px\" \/><\/figure>\n\n\n\n<p>Nave (BS), 5 de agosto de 2021 &#8211; El Caballero Stefano Villotta y el Decorado Vincenzo Porzio han entregado al referente Caritas de la Di\u00f3cesis de Brescia para los municipios de Nave y Caino, Sr. Leonardo Napoli, varios alimentos que se destinar\u00e1n a personas y familias de la zona en dificultades. <\/p>\n\n\n\n<figure class=\"wp-block-image\"><img loading=\"lazy\" decoding=\"async\" width=\"958\" height=\"1024\" src=\"https:\/\/constantinianorder.com\/wp-content\/uploads\/2021\/08\/8-ago-958x1024.jpg\" alt=\"\" class=\"wp-image-60281\" srcset=\"https:\/\/constantinianorder.com\/wp-content\/uploads\/2021\/08\/8-ago-958x1024.jpg 958w, https:\/\/constantinianorder.com\/wp-content\/uploads\/2021\/08\/8-ago-281x300.jpg 281w, https:\/\/constantinianorder.com\/wp-content\/uploads\/2021\/08\/8-ago-768x821.jpg 768w, https:\/\/constantinianorder.com\/wp-content\/uploads\/2021\/08\/8-ago.jpg 1080w\" sizes=\"(max-width: 958px) 100vw, 958px\" \/><\/figure>\n\n\n\n<p><strong> <\/strong>Iseo (BS), 8 de agosto de 2021 &#8211; El Caballero Giuseppe Scolaro ha adquirido y donado varios productos alimenticios frescos, incluyendo productos de cocina, verduras, ensaladas, zumos de frutas, entregando a varias familias, ya seguidas por la Caritas parroquial de Iseo, directamente en sus hogares. Una parte de los productos fue entregada al Presidente del Comit\u00e9 de Fracci\u00f3n de Cremignane para su distribuci\u00f3n a otras familias en estado de necesidad. <\/p>\n\n\n\n<figure class=\"wp-block-image\"><img decoding=\"async\" src=\"https:\/\/constantinianorder.com\/wp-content\/uploads\/2021\/08\/IMG-20210818-WA0012-1024x564.jpg\" alt=\"\" class=\"wp-image-60335\"\/><\/figure>\n\n\n\n<p>MARTES 17 DE AGOSTO DE 2021, 134\u00b0 ANIVERSARIO DEL GENETLIACO DEL BEATO EMPERADOR CARLOS DE AUSTRIA. MONS. DOMENICO SIGALINI, CABALLERO DE GRAN CRUZ DE GRACIA, EL ARCHIDUQUE MARTINO DE HABSBURGO, DECORADO CON COLLAR, MIEMBRO DE LA REAL DIPUTACI\u00d3N Y EL VICE DELEGADO DE LOMBARD\u00cdA, NOB. DR. GIUSEPPE RIZZANI EN BRESCIA CON LOS CABALLEROS CONSTANTINIANOS Y MONS. ARNALDO MORANDI PARA LA CONMEMORACI\u00d3N.<br>La manifestaci\u00f3n oficial, promovida por la Gebetsliga italiana, se desarroll\u00f3 a las 20.00 horas del martes 17 de agosto con la S. Misa en Brescia en la parroquia de S. Gottardo, actual sede del Prior de Lombard\u00eda y Delegado Nacional de la Gebetsliga Padre Arnaldo Morandi. La solemne liturgia, presidida por Mons. Domenico Sigalini, Obispo em\u00e9rito de Palestrina, ha sido concelebrada por varios sacerdotes, todos Caballeros de gracia eclesi\u00e1sticos. Presentes numerosos Caballeros y Damas de la Orden y de la secretar\u00eda guiada por el Caballero Oficial Maurizio Mirandola que generosamente ofreci\u00f3 el servicio de orden. Tambi\u00e9n estuvieron presentes representantes de las Ordenes Din\u00e1sticas de la Casa de Saboya, de las Ordenes Pontificias, personalidades civiles y militares y numerosos fieles.<br>Al final de la celebraci\u00f3n eucar\u00edstica, despu\u00e9s de la bendici\u00f3n con las reliquias del Beato Carlos y de San Juan Pablo II, esta \u00faltima donada por Su Eminencia el Card. Stanislao Dziwisz, la noche contin\u00faa gratamente en el sugestivo entorno del claustro de la parroquia de San Gottardo con un buffet preparado y ofrecido por algunos benem\u00e9ritos y parroquianos que han sabido acoger a los hu\u00e9spedes en un apreciado clima de serena familia. Padre Arnaldo Morandi, p\u00e1rroco de San Gotardo, postulador acreditado ante la Congregaci\u00f3n Pontificia de las Causas de los Santos y V. Postulador en el Proceso de Canonizaci\u00f3n sobre el milagro del Beato Carlos, Desde 2007 trabaja en la Uni\u00f3n de Oraci\u00f3n Carlos por la Paz y la Fraternidad entre los Pueblos (Gebetsliga) y desde 2013 es Delegado Nacional para Italia. <\/p>\n\n\n\n<figure class=\"wp-block-image\"><img loading=\"lazy\" decoding=\"async\" width=\"1024\" height=\"768\" src=\"https:\/\/constantinianorder.com\/wp-content\/uploads\/2021\/09\/1-1024x768.jpg\" alt=\"\" class=\"wp-image-60405\" srcset=\"https:\/\/constantinianorder.com\/wp-content\/uploads\/2021\/09\/1-1024x768.jpg 1024w, https:\/\/constantinianorder.com\/wp-content\/uploads\/2021\/09\/1-300x225.jpg 300w, https:\/\/constantinianorder.com\/wp-content\/uploads\/2021\/09\/1-768x576.jpg 768w, https:\/\/constantinianorder.com\/wp-content\/uploads\/2021\/09\/1-1536x1152.jpg 1536w, https:\/\/constantinianorder.com\/wp-content\/uploads\/2021\/09\/1.jpg 2048w\" sizes=\"(max-width: 1024px) 100vw, 1024px\" \/><\/figure>\n\n\n\n<p>Brescia, 27 de agosto de 2021. En la continuaci\u00f3n del apoyo a la parroquia de San Luis Gonzaga de Brescia, solicitado por el p\u00e1rroco Padre Fabrizio Maffetti, el Caballero Maurizio Mirandola, junto con los Caballeros Luciano Mazzola, Claudio Gaole y el Decorado Giuseppe La Tegola, entregaron a la Caritas local, en la persona del Sr. Giacomo Fanetti, una cantidad considerable de alimentos que se destinar\u00e1n a las familias y a las personas mayores afectadas por problemas econ\u00f3micos, como consecuencia de la situaci\u00f3n pand\u00e9mica.<\/p>\n\n\n\n<figure class=\"wp-block-image\"><img loading=\"lazy\" decoding=\"async\" width=\"768\" height=\"1024\" src=\"https:\/\/constantinianorder.com\/wp-content\/uploads\/2021\/09\/IMG-20210829-WA0006-768x1024.jpg\" alt=\"\" class=\"wp-image-60409\" srcset=\"https:\/\/constantinianorder.com\/wp-content\/uploads\/2021\/09\/IMG-20210829-WA0006-768x1024.jpg 768w, https:\/\/constantinianorder.com\/wp-content\/uploads\/2021\/09\/IMG-20210829-WA0006-225x300.jpg 225w, https:\/\/constantinianorder.com\/wp-content\/uploads\/2021\/09\/IMG-20210829-WA0006-1152x1536.jpg 1152w, https:\/\/constantinianorder.com\/wp-content\/uploads\/2021\/09\/IMG-20210829-WA0006.jpg 1200w\" sizes=\"(max-width: 768px) 100vw, 768px\" \/><\/figure>\n\n\n\n<p> Curtatone (MN), 28 de agosto de 2021 &#8211; El Representante de Mantua, Caballero Oficial Maurizio Mirandola, junto con los Caballeros Andrea Moretti, Alessandro Sereni y su esposa Laura, han adquirido y entregado a la persona de contacto de la Casa Familia San Giovanni Bosco de la Asociaci\u00f3n Comunitaria Papa Juan XXIII de Curtatone, Sra Eleonora Pisani, diversos productos alimenticios que se destinar\u00e1n a las necesidades de las personas que los acojan y\/o reciban asistencia. <\/p>\n\n\n\n<figure class=\"wp-block-image\"><img loading=\"lazy\" decoding=\"async\" width=\"768\" height=\"1024\" src=\"https:\/\/constantinianorder.com\/wp-content\/uploads\/2021\/09\/2-768x1024.jpg\" alt=\"\" class=\"wp-image-60445\" srcset=\"https:\/\/constantinianorder.com\/wp-content\/uploads\/2021\/09\/2-768x1024.jpg 768w, https:\/\/constantinianorder.com\/wp-content\/uploads\/2021\/09\/2-225x300.jpg 225w, https:\/\/constantinianorder.com\/wp-content\/uploads\/2021\/09\/2-1152x1536.jpg 1152w, https:\/\/constantinianorder.com\/wp-content\/uploads\/2021\/09\/2.jpg 1500w\" sizes=\"(max-width: 768px) 100vw, 768px\" \/><\/figure>\n\n\n\n<p>Brescia Travagliato (BS), 02 de septiembre de 2021 &#8211; A ra\u00edz de la solicitud de apoyo de Padre Tino Decca, P\u00e1rroco de la parroquia de los SS Pietro y Paolo di Travagliato, los Caballeros Pietro Santacroce y Luciano Mazzola han entregado al referente Caritas Sr. Giambattista Dossi varios alimentos que se destinar\u00e1n a las familias necesitadas de la zona.<\/p>\n\n\n\n<figure class=\"wp-block-image\"><img loading=\"lazy\" decoding=\"async\" width=\"768\" height=\"1024\" src=\"https:\/\/constantinianorder.com\/wp-content\/uploads\/2021\/09\/31-768x1024.jpg\" alt=\"\" class=\"wp-image-60449\" srcset=\"https:\/\/constantinianorder.com\/wp-content\/uploads\/2021\/09\/31-768x1024.jpg 768w, https:\/\/constantinianorder.com\/wp-content\/uploads\/2021\/09\/31-225x300.jpg 225w, https:\/\/constantinianorder.com\/wp-content\/uploads\/2021\/09\/31-1152x1536.jpg 1152w, https:\/\/constantinianorder.com\/wp-content\/uploads\/2021\/09\/31.jpg 1536w\" sizes=\"(max-width: 768px) 100vw, 768px\" \/><\/figure>\n\n\n\n<p>Lumezzane (BS), 31 de agosto de 2021 &#8211; A ra\u00edz de la solicitud de apoyo de la Caritas zonal de las parroquias de San Sebasti\u00e1n y San Apolonio de Lumezzane, el Caballero Romano Savi y la Decorada Francesca Ghidini han entregado al P\u00e1rroco Padre Francesco Zaniboni una cantidad razonable de alimentos que se destinar\u00e1n a las familias necesitadas.<\/p>\n","protected":false},"excerpt":{"rendered":"<p>Brescia, 02 de agosto de 2021 &#8211; El Caballero Maurizio Mirandola, junto con el Comm. Ecl. Mons. Pierantoni Bodini, Capell\u00e1n de la Fundaci\u00f3n, a los Caballeros Romano Savi y Stefano Villotta y a los Decorados Vincenzo Porzio y Francesca Ghidini, han entregado para la RSA \u00abFondazione Casa di Dio\u00bb de Brescia, en presencia de la [&hellip;]<\/p>\n","protected":false},"author":1,"featured_media":0,"comment_status":"closed","ping_status":"closed","sticky":false,"template":"","format":"standard","meta":{"footnotes":""},"categories":[218],"tags":[],"class_list":["post-72738","post","type-post","status-publish","format-standard","hentry","category-delegacion-de-lombardia"],"yoast_head":"<!-- This site is optimized with the Yoast SEO plugin v26.5 - https:\/\/yoast.com\/wordpress\/plugins\/seo\/ -->\n<title>LOMBARD\u00cdA: ACTIVIDADES DE VERANO DE LA DELEGACI\u00d3N - Sacro Militare Ordine Costantiniano di San Giorgio<\/title>\n<meta name=\"robots\" content=\"index, follow, max-snippet:-1, max-image-preview:large, max-video-preview:-1\" \/>\n<link rel=\"canonical\" href=\"https:\/\/constantinianorder.com\/lombardia-le-attivita-estive-della-delegazione\/\" \/>\n<meta property=\"og:locale\" content=\"es_ES\" \/>\n<meta property=\"og:type\" content=\"article\" \/>\n<meta property=\"og:title\" content=\"LOMBARD\u00cdA: ACTIVIDADES DE VERANO DE LA DELEGACI\u00d3N - Sacro Militare Ordine Costantiniano di San Giorgio\" \/>\n<meta property=\"og:description\" content=\"Brescia, 02 de agosto de 2021 &#8211; El Caballero Maurizio Mirandola, junto con el Comm. Ecl. Mons. Pierantoni Bodini, Capell\u00e1n de la Fundaci\u00f3n, a los Caballeros Romano Savi y Stefano Villotta y a los Decorados Vincenzo Porzio y Francesca Ghidini, han entregado para la RSA \u00abFondazione Casa di Dio\u00bb de Brescia, en presencia de la [&hellip;]\" \/>\n<meta property=\"og:url\" content=\"https:\/\/constantinianorder.com\/lombardia-le-attivita-estive-della-delegazione\/\" \/>\n<meta property=\"og:site_name\" content=\"Sacro Militare Ordine Costantiniano di San Giorgio\" \/>\n<meta property=\"article:publisher\" content=\"https:\/\/www.facebook.com\/constantinianorder\" \/>\n<meta property=\"article:published_time\" content=\"2021-09-02T09:32:36+00:00\" \/>\n<meta property=\"article:modified_time\" content=\"2025-10-21T17:31:30+00:00\" \/>\n<meta property=\"og:image\" content=\"https:\/\/constantinianorder.com\/wp-content\/uploads\/2021\/08\/2-AGOSTO.jpg\" \/>\n\t<meta property=\"og:image:width\" content=\"969\" \/>\n\t<meta property=\"og:image:height\" content=\"759\" \/>\n\t<meta property=\"og:image:type\" content=\"image\/jpeg\" \/>\n<meta name=\"author\" content=\"admin\" \/>\n<meta name=\"twitter:card\" content=\"summary_large_image\" \/>\n<meta name=\"twitter:label1\" content=\"Escrito por\" \/>\n\t<meta name=\"twitter:data1\" content=\"admin\" \/>\n\t<meta name=\"twitter:label2\" content=\"Tiempo de lectura\" \/>\n\t<meta name=\"twitter:data2\" content=\"5 minutos\" \/>\n<script type=\"application\/ld+json\" class=\"yoast-schema-graph\">{\"@context\":\"https:\/\/schema.org\",\"@graph\":[{\"@type\":\"Article\",\"@id\":\"https:\/\/constantinianorder.com\/lombardia-le-attivita-estive-della-delegazione\/#article\",\"isPartOf\":{\"@id\":\"https:\/\/constantinianorder.com\/lombardia-le-attivita-estive-della-delegazione\/\"},\"author\":{\"name\":\"admin\",\"@id\":\"https:\/\/constantinianorder.com\/#\/schema\/person\/493f3b1475d575dcddda4ec923772c66\"},\"headline\":\"LOMBARD\u00cdA: ACTIVIDADES DE VERANO DE LA DELEGACI\u00d3N\",\"datePublished\":\"2021-09-02T09:32:36+00:00\",\"dateModified\":\"2025-10-21T17:31:30+00:00\",\"mainEntityOfPage\":{\"@id\":\"https:\/\/constantinianorder.com\/lombardia-le-attivita-estive-della-delegazione\/\"},\"wordCount\":1081,\"publisher\":{\"@id\":\"https:\/\/constantinianorder.com\/#organization\"},\"image\":{\"@id\":\"https:\/\/constantinianorder.com\/lombardia-le-attivita-estive-della-delegazione\/#primaryimage\"},\"thumbnailUrl\":\"https:\/\/constantinianorder.com\/wp-content\/uploads\/2021\/08\/2-AGOSTO.jpg\",\"articleSection\":[\"Delegaci\u00f3n de Lombardia\"],\"inLanguage\":\"es\"},{\"@type\":\"WebPage\",\"@id\":\"https:\/\/constantinianorder.com\/lombardia-le-attivita-estive-della-delegazione\/\",\"url\":\"https:\/\/constantinianorder.com\/lombardia-le-attivita-estive-della-delegazione\/\",\"name\":\"LOMBARD\u00cdA: ACTIVIDADES DE VERANO DE LA DELEGACI\u00d3N - Sacro Militare Ordine Costantiniano di San Giorgio\",\"isPartOf\":{\"@id\":\"https:\/\/constantinianorder.com\/#website\"},\"primaryImageOfPage\":{\"@id\":\"https:\/\/constantinianorder.com\/lombardia-le-attivita-estive-della-delegazione\/#primaryimage\"},\"image\":{\"@id\":\"https:\/\/constantinianorder.com\/lombardia-le-attivita-estive-della-delegazione\/#primaryimage\"},\"thumbnailUrl\":\"https:\/\/constantinianorder.com\/wp-content\/uploads\/2021\/08\/2-AGOSTO.jpg\",\"datePublished\":\"2021-09-02T09:32:36+00:00\",\"dateModified\":\"2025-10-21T17:31:30+00:00\",\"breadcrumb\":{\"@id\":\"https:\/\/constantinianorder.com\/lombardia-le-attivita-estive-della-delegazione\/#breadcrumb\"},\"inLanguage\":\"es\",\"potentialAction\":[{\"@type\":\"ReadAction\",\"target\":[\"https:\/\/constantinianorder.com\/lombardia-le-attivita-estive-della-delegazione\/\"]}]},{\"@type\":\"ImageObject\",\"inLanguage\":\"es\",\"@id\":\"https:\/\/constantinianorder.com\/lombardia-le-attivita-estive-della-delegazione\/#primaryimage\",\"url\":\"https:\/\/constantinianorder.com\/wp-content\/uploads\/2021\/08\/2-AGOSTO.jpg\",\"contentUrl\":\"https:\/\/constantinianorder.com\/wp-content\/uploads\/2021\/08\/2-AGOSTO.jpg\"},{\"@type\":\"BreadcrumbList\",\"@id\":\"https:\/\/constantinianorder.com\/lombardia-le-attivita-estive-della-delegazione\/#breadcrumb\",\"itemListElement\":[{\"@type\":\"ListItem\",\"position\":1,\"name\":\"Home\",\"item\":\"https:\/\/constantinianorder.com\/en\/\"},{\"@type\":\"ListItem\",\"position\":2,\"name\":\"LOMBARD\u00cdA: ACTIVIDADES DE VERANO DE LA DELEGACI\u00d3N\"}]},{\"@type\":\"WebSite\",\"@id\":\"https:\/\/constantinianorder.com\/#website\",\"url\":\"https:\/\/constantinianorder.com\/\",\"name\":\"Sacro Militare Ordine Costantiniano di San Giorgio\",\"description\":\"Ordine Ufficiale\",\"publisher\":{\"@id\":\"https:\/\/constantinianorder.com\/#organization\"},\"potentialAction\":[{\"@type\":\"SearchAction\",\"target\":{\"@type\":\"EntryPoint\",\"urlTemplate\":\"https:\/\/constantinianorder.com\/?s={search_term_string}\"},\"query-input\":{\"@type\":\"PropertyValueSpecification\",\"valueRequired\":true,\"valueName\":\"search_term_string\"}}],\"inLanguage\":\"es\"},{\"@type\":\"Organization\",\"@id\":\"https:\/\/constantinianorder.com\/#organization\",\"name\":\"Sacro Militare Ordine Costantiniano di San Giorgio\",\"url\":\"https:\/\/constantinianorder.com\/\",\"logo\":{\"@type\":\"ImageObject\",\"inLanguage\":\"es\",\"@id\":\"https:\/\/constantinianorder.com\/#\/schema\/logo\/image\/\",\"url\":\"https:\/\/constantinianorder.com\/wp-content\/uploads\/2025\/10\/cropped-logo-costantiniano.png\",\"contentUrl\":\"https:\/\/constantinianorder.com\/wp-content\/uploads\/2025\/10\/cropped-logo-costantiniano.png\",\"width\":512,\"height\":512,\"caption\":\"Sacro Militare Ordine Costantiniano di San Giorgio\"},\"image\":{\"@id\":\"https:\/\/constantinianorder.com\/#\/schema\/logo\/image\/\"},\"sameAs\":[\"https:\/\/www.facebook.com\/constantinianorder\",\"https:\/\/www.instagram.com\/constantinianorder\/\",\"https:\/\/www.youtube.com\/@granmagisterodelsacromilit9375\"]},{\"@type\":\"Person\",\"@id\":\"https:\/\/constantinianorder.com\/#\/schema\/person\/493f3b1475d575dcddda4ec923772c66\",\"name\":\"admin\",\"sameAs\":[\"https:\/\/constantinianorder.com\"],\"url\":\"https:\/\/constantinianorder.com\/es\/author\/domain_jlukbpo7\/\"}]}<\/script>\n<!-- \/ Yoast SEO plugin. -->","yoast_head_json":{"title":"LOMBARD\u00cdA: ACTIVIDADES DE VERANO DE LA DELEGACI\u00d3N - Sacro Militare Ordine Costantiniano di San Giorgio","robots":{"index":"index","follow":"follow","max-snippet":"max-snippet:-1","max-image-preview":"max-image-preview:large","max-video-preview":"max-video-preview:-1"},"canonical":"https:\/\/constantinianorder.com\/lombardia-le-attivita-estive-della-delegazione\/","og_locale":"es_ES","og_type":"article","og_title":"LOMBARD\u00cdA: ACTIVIDADES DE VERANO DE LA DELEGACI\u00d3N - Sacro Militare Ordine Costantiniano di San Giorgio","og_description":"Brescia, 02 de agosto de 2021 &#8211; El Caballero Maurizio Mirandola, junto con el Comm. Ecl. Mons. Pierantoni Bodini, Capell\u00e1n de la Fundaci\u00f3n, a los Caballeros Romano Savi y Stefano Villotta y a los Decorados Vincenzo Porzio y Francesca Ghidini, han entregado para la RSA \u00abFondazione Casa di Dio\u00bb de Brescia, en presencia de la [&hellip;]","og_url":"https:\/\/constantinianorder.com\/lombardia-le-attivita-estive-della-delegazione\/","og_site_name":"Sacro Militare Ordine Costantiniano di San Giorgio","article_publisher":"https:\/\/www.facebook.com\/constantinianorder","article_published_time":"2021-09-02T09:32:36+00:00","article_modified_time":"2025-10-21T17:31:30+00:00","og_image":[{"width":969,"height":759,"url":"https:\/\/constantinianorder.com\/wp-content\/uploads\/2021\/08\/2-AGOSTO.jpg","type":"image\/jpeg"}],"author":"admin","twitter_card":"summary_large_image","twitter_misc":{"Escrito por":"admin","Tiempo de lectura":"5 minutos"},"schema":{"@context":"https:\/\/schema.org","@graph":[{"@type":"Article","@id":"https:\/\/constantinianorder.com\/lombardia-le-attivita-estive-della-delegazione\/#article","isPartOf":{"@id":"https:\/\/constantinianorder.com\/lombardia-le-attivita-estive-della-delegazione\/"},"author":{"name":"admin","@id":"https:\/\/constantinianorder.com\/#\/schema\/person\/493f3b1475d575dcddda4ec923772c66"},"headline":"LOMBARD\u00cdA: ACTIVIDADES DE VERANO DE LA DELEGACI\u00d3N","datePublished":"2021-09-02T09:32:36+00:00","dateModified":"2025-10-21T17:31:30+00:00","mainEntityOfPage":{"@id":"https:\/\/constantinianorder.com\/lombardia-le-attivita-estive-della-delegazione\/"},"wordCount":1081,"publisher":{"@id":"https:\/\/constantinianorder.com\/#organization"},"image":{"@id":"https:\/\/constantinianorder.com\/lombardia-le-attivita-estive-della-delegazione\/#primaryimage"},"thumbnailUrl":"https:\/\/constantinianorder.com\/wp-content\/uploads\/2021\/08\/2-AGOSTO.jpg","articleSection":["Delegaci\u00f3n de Lombardia"],"inLanguage":"es"},{"@type":"WebPage","@id":"https:\/\/constantinianorder.com\/lombardia-le-attivita-estive-della-delegazione\/","url":"https:\/\/constantinianorder.com\/lombardia-le-attivita-estive-della-delegazione\/","name":"LOMBARD\u00cdA: ACTIVIDADES DE VERANO DE LA DELEGACI\u00d3N - Sacro Militare Ordine Costantiniano di San Giorgio","isPartOf":{"@id":"https:\/\/constantinianorder.com\/#website"},"primaryImageOfPage":{"@id":"https:\/\/constantinianorder.com\/lombardia-le-attivita-estive-della-delegazione\/#primaryimage"},"image":{"@id":"https:\/\/constantinianorder.com\/lombardia-le-attivita-estive-della-delegazione\/#primaryimage"},"thumbnailUrl":"https:\/\/constantinianorder.com\/wp-content\/uploads\/2021\/08\/2-AGOSTO.jpg","datePublished":"2021-09-02T09:32:36+00:00","dateModified":"2025-10-21T17:31:30+00:00","breadcrumb":{"@id":"https:\/\/constantinianorder.com\/lombardia-le-attivita-estive-della-delegazione\/#breadcrumb"},"inLanguage":"es","potentialAction":[{"@type":"ReadAction","target":["https:\/\/constantinianorder.com\/lombardia-le-attivita-estive-della-delegazione\/"]}]},{"@type":"ImageObject","inLanguage":"es","@id":"https:\/\/constantinianorder.com\/lombardia-le-attivita-estive-della-delegazione\/#primaryimage","url":"https:\/\/constantinianorder.com\/wp-content\/uploads\/2021\/08\/2-AGOSTO.jpg","contentUrl":"https:\/\/constantinianorder.com\/wp-content\/uploads\/2021\/08\/2-AGOSTO.jpg"},{"@type":"BreadcrumbList","@id":"https:\/\/constantinianorder.com\/lombardia-le-attivita-estive-della-delegazione\/#breadcrumb","itemListElement":[{"@type":"ListItem","position":1,"name":"Home","item":"https:\/\/constantinianorder.com\/en\/"},{"@type":"ListItem","position":2,"name":"LOMBARD\u00cdA: ACTIVIDADES DE VERANO DE LA DELEGACI\u00d3N"}]},{"@type":"WebSite","@id":"https:\/\/constantinianorder.com\/#website","url":"https:\/\/constantinianorder.com\/","name":"Sacro Militare Ordine Costantiniano di San Giorgio","description":"Ordine Ufficiale","publisher":{"@id":"https:\/\/constantinianorder.com\/#organization"},"potentialAction":[{"@type":"SearchAction","target":{"@type":"EntryPoint","urlTemplate":"https:\/\/constantinianorder.com\/?s={search_term_string}"},"query-input":{"@type":"PropertyValueSpecification","valueRequired":true,"valueName":"search_term_string"}}],"inLanguage":"es"},{"@type":"Organization","@id":"https:\/\/constantinianorder.com\/#organization","name":"Sacro Militare Ordine Costantiniano di San Giorgio","url":"https:\/\/constantinianorder.com\/","logo":{"@type":"ImageObject","inLanguage":"es","@id":"https:\/\/constantinianorder.com\/#\/schema\/logo\/image\/","url":"https:\/\/constantinianorder.com\/wp-content\/uploads\/2025\/10\/cropped-logo-costantiniano.png","contentUrl":"https:\/\/constantinianorder.com\/wp-content\/uploads\/2025\/10\/cropped-logo-costantiniano.png","width":512,"height":512,"caption":"Sacro Militare Ordine Costantiniano di San Giorgio"},"image":{"@id":"https:\/\/constantinianorder.com\/#\/schema\/logo\/image\/"},"sameAs":["https:\/\/www.facebook.com\/constantinianorder","https:\/\/www.instagram.com\/constantinianorder\/","https:\/\/www.youtube.com\/@granmagisterodelsacromilit9375"]},{"@type":"Person","@id":"https:\/\/constantinianorder.com\/#\/schema\/person\/493f3b1475d575dcddda4ec923772c66","name":"admin","sameAs":["https:\/\/constantinianorder.com"],"url":"https:\/\/constantinianorder.com\/es\/author\/domain_jlukbpo7\/"}]}},"_links":{"self":[{"href":"https:\/\/constantinianorder.com\/es\/wp-json\/wp\/v2\/posts\/72738","targetHints":{"allow":["GET"]}}],"collection":[{"href":"https:\/\/constantinianorder.com\/es\/wp-json\/wp\/v2\/posts"}],"about":[{"href":"https:\/\/constantinianorder.com\/es\/wp-json\/wp\/v2\/types\/post"}],"author":[{"embeddable":true,"href":"https:\/\/constantinianorder.com\/es\/wp-json\/wp\/v2\/users\/1"}],"replies":[{"embeddable":true,"href":"https:\/\/constantinianorder.com\/es\/wp-json\/wp\/v2\/comments?post=72738"}],"version-history":[{"count":1,"href":"https:\/\/constantinianorder.com\/es\/wp-json\/wp\/v2\/posts\/72738\/revisions"}],"predecessor-version":[{"id":89408,"href":"https:\/\/constantinianorder.com\/es\/wp-json\/wp\/v2\/posts\/72738\/revisions\/89408"}],"wp:attachment":[{"href":"https:\/\/constantinianorder.com\/es\/wp-json\/wp\/v2\/media?parent=72738"}],"wp:term":[{"taxonomy":"category","embeddable":true,"href":"https:\/\/constantinianorder.com\/es\/wp-json\/wp\/v2\/categories?post=72738"},{"taxonomy":"post_tag","embeddable":true,"href":"https:\/\/constantinianorder.com\/es\/wp-json\/wp\/v2\/tags?post=72738"}],"curies":[{"name":"wp","href":"https:\/\/api.w.org\/{rel}","templated":true}]}}