{"id":71792,"date":"2022-10-31T10:25:48","date_gmt":"2022-10-31T10:25:48","guid":{"rendered":"https:\/\/constantinianorder.net\/donazione-allelemosineria-vaticana-del-26-ottobre\/"},"modified":"2025-10-21T15:21:54","modified_gmt":"2025-10-21T15:21:54","slug":"donacion-a-la-limosneria-vaticana-del-26-de-octubre","status":"publish","type":"post","link":"https:\/\/constantinianorder.com\/es\/donacion-a-la-limosneria-vaticana-del-26-de-octubre\/","title":{"rendered":"DONACI\u00d3N A LA LIMOSNER\u00cdA VATICANA DEL 26 DE OCTUBRE"},"content":{"rendered":"<p><!--StartFragment--><\/p>\n\n\n<p>El 26 de octubre pasado, la Sagrada Orden Militar Constantiniana de San Jorge realiz\u00f3 una nueva donaci\u00f3n a favor de la Limosner\u00eda Vaticana en presencia del Reverendo Padre Francesco Mazzitelli, Jefe de la Oficina de la Limosner\u00eda Apost\u00f3lica. El ilustre prelado ha tra\u00eddo el saludo y el agradecimiento de Su Eminencia Reverend\u00edsima el Se\u00f1or Cardenal Konrad Krajewski, que, debido a unos compromisos, no ha podido participar en este encuentro.<\/p>\n\n\n\n<div class=\"wp-block-image\"><figure class=\"aligncenter\"><img decoding=\"async\" src=\"https:\/\/constantinianorder.com\/wp-content\/uploads\/2022\/10\/IMG-20221026-WA0021-768x1024.jpg\" alt=\"\" class=\"wp-image-68527\"\/><\/figure><\/div>\n\n\n\n<p>Para esta ocasi\u00f3n, la Orden Constantiniana ha implicado a algunas de sus delegaciones italianas, entre ellas Abruzzo y Molise, Basilicata, Emilia-Roma\u00f1a, Liguria y Cerde\u00f1a, que participaron activamente en el evento a trav\u00e9s del suministro de bienes de primera necesidad como alimentos de larga conservaci\u00f3n.<\/p>\n\n\n\n<ul class=\"wp-block-gallery aligncenter columns-3 is-cropped wp-block-gallery-1 is-layout-flex wp-block-gallery-is-layout-flex\"><li class=\"blocks-gallery-item\"><figure><img decoding=\"async\" src=\"https:\/\/constantinianorder.com\/wp-content\/uploads\/2022\/10\/IMG-20221026-WA0007-768x1024.jpg\" alt=\"\" data-id=\"68531\" data-link=\"https:\/\/export.constantinianorder.net\/?attachment_id=68531\" class=\"wp-image-68531\"\/><\/figure><\/li><li class=\"blocks-gallery-item\"><figure><img decoding=\"async\" src=\"https:\/\/constantinianorder.com\/wp-content\/uploads\/2022\/10\/IMG-20221026-WA0010-768x1024.jpg\" alt=\"\" data-id=\"68535\" data-link=\"https:\/\/export.constantinianorder.net\/?attachment_id=68535\" class=\"wp-image-68535\"\/><\/figure><\/li><li class=\"blocks-gallery-item\"><figure><img decoding=\"async\" src=\"https:\/\/constantinianorder.com\/wp-content\/uploads\/2022\/10\/IMG-20221026-WA0013-768x1024.jpg\" alt=\"\" data-id=\"68539\" data-link=\"https:\/\/export.constantinianorder.net\/?attachment_id=68539\" class=\"wp-image-68539\"\/><\/figure><\/li><li class=\"blocks-gallery-item\"><figure><img decoding=\"async\" src=\"https:\/\/constantinianorder.com\/wp-content\/uploads\/2022\/10\/Immagine-WhatsApp-2022-10-26-ore-14.52.56-768x1024.jpg\" alt=\"\" data-id=\"68543\" data-link=\"https:\/\/export.constantinianorder.net\/?attachment_id=68543\" class=\"wp-image-68543\"\/><\/figure><\/li><\/ul>\n\n\n<p>Tambi\u00e9n estuvo presente en la importante reuni\u00f3n el Secretario General de la Orden Constantiniana, el Dr. Giampaolo Grazian, que tambi\u00e9n trajo saludos de los Delegados de Basilicata, Noble Doctor Massimo Calenda, y Emilia-Roma\u00f1a, el Noble Abogado Corrado Sforza Fogliani y el Doctor Pietro Coppelli, que, a pesar de no poder intervenir personalmente, han hecho llegar al Vaticano las ayudas de las Delegaciones que dirigen.<\/p>\n\n\n<div class=\"wp-block-image\"><figure class=\"aligncenter\"><img decoding=\"async\" src=\"https:\/\/constantinianorder.com\/wp-content\/uploads\/2022\/10\/FOTO-GRUPPO-1024x768.jpg\" alt=\"\" class=\"wp-image-68523\"\/><figcaption><em>Desde la izquierda: Abogado Massimiliano Masia, Delegado para Cerde\u00f1a, el Prof. Franco Ciufo, Delegado para Abruzzo y Molise, Padre Francesco Mazzitelli, el Dr. Giampaolo Grazian y el Ing. Giovanni Chersola, Delegado para Liguria<\/em><\/figcaption><\/figure><\/div>\n","protected":false},"excerpt":{"rendered":"<p>El 26 de octubre pasado, la Sagrada Orden Militar Constantiniana de San Jorge realiz\u00f3 una nueva donaci\u00f3n a favor de la Limosner\u00eda Vaticana en presencia del Reverendo Padre Francesco Mazzitelli, Jefe de la Oficina de la Limosner\u00eda Apost\u00f3lica. El ilustre prelado ha tra\u00eddo el saludo y el agradecimiento de Su Eminencia Reverend\u00edsima el Se\u00f1or Cardenal [&hellip;]<\/p>\n","protected":false},"author":1,"featured_media":0,"comment_status":"closed","ping_status":"closed","sticky":false,"template":"","format":"standard","meta":{"footnotes":""},"categories":[81,131],"tags":[],"class_list":["post-71792","post","type-post","status-publish","format-standard","hentry","category-comunicados-del-gran-magisterio","category-delegazione-abruzzo-e-molise"],"yoast_head":"<!-- This site is optimized with the Yoast SEO plugin v26.5 - https:\/\/yoast.com\/wordpress\/plugins\/seo\/ -->\n<title>DONACI\u00d3N A LA LIMOSNER\u00cdA VATICANA DEL 26 DE OCTUBRE - Sacro Militare Ordine Costantiniano di San Giorgio<\/title>\n<meta name=\"robots\" content=\"index, follow, max-snippet:-1, max-image-preview:large, max-video-preview:-1\" \/>\n<link rel=\"canonical\" href=\"https:\/\/constantinianorder.com\/donazione-allelemosineria-vaticana-del-26-ottobre\/\" \/>\n<meta property=\"og:locale\" content=\"es_ES\" \/>\n<meta property=\"og:type\" content=\"article\" \/>\n<meta property=\"og:title\" content=\"DONACI\u00d3N A LA LIMOSNER\u00cdA VATICANA DEL 26 DE OCTUBRE - Sacro Militare Ordine Costantiniano di San Giorgio\" \/>\n<meta property=\"og:description\" content=\"El 26 de octubre pasado, la Sagrada Orden Militar Constantiniana de San Jorge realiz\u00f3 una nueva donaci\u00f3n a favor de la Limosner\u00eda Vaticana en presencia del Reverendo Padre Francesco Mazzitelli, Jefe de la Oficina de la Limosner\u00eda Apost\u00f3lica. El ilustre prelado ha tra\u00eddo el saludo y el agradecimiento de Su Eminencia Reverend\u00edsima el Se\u00f1or Cardenal [&hellip;]\" \/>\n<meta property=\"og:url\" content=\"https:\/\/constantinianorder.com\/donazione-allelemosineria-vaticana-del-26-ottobre\/\" \/>\n<meta property=\"og:site_name\" content=\"Sacro Militare Ordine Costantiniano di San Giorgio\" \/>\n<meta property=\"article:publisher\" content=\"https:\/\/www.facebook.com\/constantinianorder\" \/>\n<meta property=\"article:published_time\" content=\"2022-10-31T10:25:48+00:00\" \/>\n<meta property=\"article:modified_time\" content=\"2025-10-21T15:21:54+00:00\" \/>\n<meta property=\"og:image\" content=\"https:\/\/constantinianorder.com\/wp-content\/uploads\/2022\/10\/IMG-20221026-WA0021.webp\" \/>\n\t<meta property=\"og:image:width\" content=\"768\" \/>\n\t<meta property=\"og:image:height\" content=\"1024\" \/>\n\t<meta property=\"og:image:type\" content=\"image\/webp\" \/>\n<meta name=\"author\" content=\"admin\" \/>\n<meta name=\"twitter:card\" content=\"summary_large_image\" \/>\n<meta name=\"twitter:label1\" content=\"Escrito por\" \/>\n\t<meta name=\"twitter:data1\" content=\"admin\" \/>\n\t<meta name=\"twitter:label2\" content=\"Tiempo de lectura\" \/>\n\t<meta name=\"twitter:data2\" content=\"1 minuto\" \/>\n<script type=\"application\/ld+json\" class=\"yoast-schema-graph\">{\"@context\":\"https:\/\/schema.org\",\"@graph\":[{\"@type\":\"Article\",\"@id\":\"https:\/\/constantinianorder.com\/donazione-allelemosineria-vaticana-del-26-ottobre\/#article\",\"isPartOf\":{\"@id\":\"https:\/\/constantinianorder.com\/donazione-allelemosineria-vaticana-del-26-ottobre\/\"},\"author\":{\"name\":\"admin\",\"@id\":\"https:\/\/constantinianorder.com\/#\/schema\/person\/493f3b1475d575dcddda4ec923772c66\"},\"headline\":\"DONACI\u00d3N A LA LIMOSNER\u00cdA VATICANA DEL 26 DE OCTUBRE\",\"datePublished\":\"2022-10-31T10:25:48+00:00\",\"dateModified\":\"2025-10-21T15:21:54+00:00\",\"mainEntityOfPage\":{\"@id\":\"https:\/\/constantinianorder.com\/donazione-allelemosineria-vaticana-del-26-ottobre\/\"},\"wordCount\":236,\"publisher\":{\"@id\":\"https:\/\/constantinianorder.com\/#organization\"},\"image\":{\"@id\":\"https:\/\/constantinianorder.com\/donazione-allelemosineria-vaticana-del-26-ottobre\/#primaryimage\"},\"thumbnailUrl\":\"https:\/\/constantinianorder.com\/wp-content\/uploads\/2022\/10\/IMG-20221026-WA0021-768x1024.jpg\",\"articleSection\":[\"Comunicados del Gran Magisterio\",\"Delegazione Abruzzo e Molise\"],\"inLanguage\":\"es\"},{\"@type\":\"WebPage\",\"@id\":\"https:\/\/constantinianorder.com\/donazione-allelemosineria-vaticana-del-26-ottobre\/\",\"url\":\"https:\/\/constantinianorder.com\/donazione-allelemosineria-vaticana-del-26-ottobre\/\",\"name\":\"DONACI\u00d3N A LA LIMOSNER\u00cdA VATICANA DEL 26 DE OCTUBRE - Sacro Militare Ordine Costantiniano di San Giorgio\",\"isPartOf\":{\"@id\":\"https:\/\/constantinianorder.com\/#website\"},\"primaryImageOfPage\":{\"@id\":\"https:\/\/constantinianorder.com\/donazione-allelemosineria-vaticana-del-26-ottobre\/#primaryimage\"},\"image\":{\"@id\":\"https:\/\/constantinianorder.com\/donazione-allelemosineria-vaticana-del-26-ottobre\/#primaryimage\"},\"thumbnailUrl\":\"https:\/\/constantinianorder.com\/wp-content\/uploads\/2022\/10\/IMG-20221026-WA0021-768x1024.jpg\",\"datePublished\":\"2022-10-31T10:25:48+00:00\",\"dateModified\":\"2025-10-21T15:21:54+00:00\",\"breadcrumb\":{\"@id\":\"https:\/\/constantinianorder.com\/donazione-allelemosineria-vaticana-del-26-ottobre\/#breadcrumb\"},\"inLanguage\":\"es\",\"potentialAction\":[{\"@type\":\"ReadAction\",\"target\":[\"https:\/\/constantinianorder.com\/donazione-allelemosineria-vaticana-del-26-ottobre\/\"]}]},{\"@type\":\"ImageObject\",\"inLanguage\":\"es\",\"@id\":\"https:\/\/constantinianorder.com\/donazione-allelemosineria-vaticana-del-26-ottobre\/#primaryimage\",\"url\":\"https:\/\/constantinianorder.com\/wp-content\/uploads\/2022\/10\/IMG-20221026-WA0021-768x1024.jpg\",\"contentUrl\":\"https:\/\/constantinianorder.com\/wp-content\/uploads\/2022\/10\/IMG-20221026-WA0021-768x1024.jpg\"},{\"@type\":\"BreadcrumbList\",\"@id\":\"https:\/\/constantinianorder.com\/donazione-allelemosineria-vaticana-del-26-ottobre\/#breadcrumb\",\"itemListElement\":[{\"@type\":\"ListItem\",\"position\":1,\"name\":\"Home\",\"item\":\"https:\/\/constantinianorder.com\/en\/\"},{\"@type\":\"ListItem\",\"position\":2,\"name\":\"DONACI\u00d3N A LA LIMOSNER\u00cdA VATICANA DEL 26 DE OCTUBRE\"}]},{\"@type\":\"WebSite\",\"@id\":\"https:\/\/constantinianorder.com\/#website\",\"url\":\"https:\/\/constantinianorder.com\/\",\"name\":\"Sacro Militare Ordine Costantiniano di San Giorgio\",\"description\":\"Ordine Ufficiale\",\"publisher\":{\"@id\":\"https:\/\/constantinianorder.com\/#organization\"},\"potentialAction\":[{\"@type\":\"SearchAction\",\"target\":{\"@type\":\"EntryPoint\",\"urlTemplate\":\"https:\/\/constantinianorder.com\/?s={search_term_string}\"},\"query-input\":{\"@type\":\"PropertyValueSpecification\",\"valueRequired\":true,\"valueName\":\"search_term_string\"}}],\"inLanguage\":\"es\"},{\"@type\":\"Organization\",\"@id\":\"https:\/\/constantinianorder.com\/#organization\",\"name\":\"Sacro Militare Ordine Costantiniano di San Giorgio\",\"url\":\"https:\/\/constantinianorder.com\/\",\"logo\":{\"@type\":\"ImageObject\",\"inLanguage\":\"es\",\"@id\":\"https:\/\/constantinianorder.com\/#\/schema\/logo\/image\/\",\"url\":\"https:\/\/constantinianorder.com\/wp-content\/uploads\/2025\/10\/cropped-logo-costantiniano.png\",\"contentUrl\":\"https:\/\/constantinianorder.com\/wp-content\/uploads\/2025\/10\/cropped-logo-costantiniano.png\",\"width\":512,\"height\":512,\"caption\":\"Sacro Militare Ordine Costantiniano di San Giorgio\"},\"image\":{\"@id\":\"https:\/\/constantinianorder.com\/#\/schema\/logo\/image\/\"},\"sameAs\":[\"https:\/\/www.facebook.com\/constantinianorder\",\"https:\/\/www.instagram.com\/constantinianorder\/\",\"https:\/\/www.youtube.com\/@granmagisterodelsacromilit9375\"]},{\"@type\":\"Person\",\"@id\":\"https:\/\/constantinianorder.com\/#\/schema\/person\/493f3b1475d575dcddda4ec923772c66\",\"name\":\"admin\",\"sameAs\":[\"https:\/\/constantinianorder.com\"],\"url\":\"https:\/\/constantinianorder.com\/es\/author\/domain_jlukbpo7\/\"}]}<\/script>\n<!-- \/ Yoast SEO plugin. -->","yoast_head_json":{"title":"DONACI\u00d3N A LA LIMOSNER\u00cdA VATICANA DEL 26 DE OCTUBRE - Sacro Militare Ordine Costantiniano di San Giorgio","robots":{"index":"index","follow":"follow","max-snippet":"max-snippet:-1","max-image-preview":"max-image-preview:large","max-video-preview":"max-video-preview:-1"},"canonical":"https:\/\/constantinianorder.com\/donazione-allelemosineria-vaticana-del-26-ottobre\/","og_locale":"es_ES","og_type":"article","og_title":"DONACI\u00d3N A LA LIMOSNER\u00cdA VATICANA DEL 26 DE OCTUBRE - Sacro Militare Ordine Costantiniano di San Giorgio","og_description":"El 26 de octubre pasado, la Sagrada Orden Militar Constantiniana de San Jorge realiz\u00f3 una nueva donaci\u00f3n a favor de la Limosner\u00eda Vaticana en presencia del Reverendo Padre Francesco Mazzitelli, Jefe de la Oficina de la Limosner\u00eda Apost\u00f3lica. El ilustre prelado ha tra\u00eddo el saludo y el agradecimiento de Su Eminencia Reverend\u00edsima el Se\u00f1or Cardenal [&hellip;]","og_url":"https:\/\/constantinianorder.com\/donazione-allelemosineria-vaticana-del-26-ottobre\/","og_site_name":"Sacro Militare Ordine Costantiniano di San Giorgio","article_publisher":"https:\/\/www.facebook.com\/constantinianorder","article_published_time":"2022-10-31T10:25:48+00:00","article_modified_time":"2025-10-21T15:21:54+00:00","og_image":[{"width":768,"height":1024,"url":"https:\/\/constantinianorder.com\/wp-content\/uploads\/2022\/10\/IMG-20221026-WA0021.webp","type":"image\/webp"}],"author":"admin","twitter_card":"summary_large_image","twitter_misc":{"Escrito por":"admin","Tiempo de lectura":"1 minuto"},"schema":{"@context":"https:\/\/schema.org","@graph":[{"@type":"Article","@id":"https:\/\/constantinianorder.com\/donazione-allelemosineria-vaticana-del-26-ottobre\/#article","isPartOf":{"@id":"https:\/\/constantinianorder.com\/donazione-allelemosineria-vaticana-del-26-ottobre\/"},"author":{"name":"admin","@id":"https:\/\/constantinianorder.com\/#\/schema\/person\/493f3b1475d575dcddda4ec923772c66"},"headline":"DONACI\u00d3N A LA LIMOSNER\u00cdA VATICANA DEL 26 DE OCTUBRE","datePublished":"2022-10-31T10:25:48+00:00","dateModified":"2025-10-21T15:21:54+00:00","mainEntityOfPage":{"@id":"https:\/\/constantinianorder.com\/donazione-allelemosineria-vaticana-del-26-ottobre\/"},"wordCount":236,"publisher":{"@id":"https:\/\/constantinianorder.com\/#organization"},"image":{"@id":"https:\/\/constantinianorder.com\/donazione-allelemosineria-vaticana-del-26-ottobre\/#primaryimage"},"thumbnailUrl":"https:\/\/constantinianorder.com\/wp-content\/uploads\/2022\/10\/IMG-20221026-WA0021-768x1024.jpg","articleSection":["Comunicados del Gran Magisterio","Delegazione Abruzzo e Molise"],"inLanguage":"es"},{"@type":"WebPage","@id":"https:\/\/constantinianorder.com\/donazione-allelemosineria-vaticana-del-26-ottobre\/","url":"https:\/\/constantinianorder.com\/donazione-allelemosineria-vaticana-del-26-ottobre\/","name":"DONACI\u00d3N A LA LIMOSNER\u00cdA VATICANA DEL 26 DE OCTUBRE - Sacro Militare Ordine Costantiniano di San Giorgio","isPartOf":{"@id":"https:\/\/constantinianorder.com\/#website"},"primaryImageOfPage":{"@id":"https:\/\/constantinianorder.com\/donazione-allelemosineria-vaticana-del-26-ottobre\/#primaryimage"},"image":{"@id":"https:\/\/constantinianorder.com\/donazione-allelemosineria-vaticana-del-26-ottobre\/#primaryimage"},"thumbnailUrl":"https:\/\/constantinianorder.com\/wp-content\/uploads\/2022\/10\/IMG-20221026-WA0021-768x1024.jpg","datePublished":"2022-10-31T10:25:48+00:00","dateModified":"2025-10-21T15:21:54+00:00","breadcrumb":{"@id":"https:\/\/constantinianorder.com\/donazione-allelemosineria-vaticana-del-26-ottobre\/#breadcrumb"},"inLanguage":"es","potentialAction":[{"@type":"ReadAction","target":["https:\/\/constantinianorder.com\/donazione-allelemosineria-vaticana-del-26-ottobre\/"]}]},{"@type":"ImageObject","inLanguage":"es","@id":"https:\/\/constantinianorder.com\/donazione-allelemosineria-vaticana-del-26-ottobre\/#primaryimage","url":"https:\/\/constantinianorder.com\/wp-content\/uploads\/2022\/10\/IMG-20221026-WA0021-768x1024.jpg","contentUrl":"https:\/\/constantinianorder.com\/wp-content\/uploads\/2022\/10\/IMG-20221026-WA0021-768x1024.jpg"},{"@type":"BreadcrumbList","@id":"https:\/\/constantinianorder.com\/donazione-allelemosineria-vaticana-del-26-ottobre\/#breadcrumb","itemListElement":[{"@type":"ListItem","position":1,"name":"Home","item":"https:\/\/constantinianorder.com\/en\/"},{"@type":"ListItem","position":2,"name":"DONACI\u00d3N A LA LIMOSNER\u00cdA VATICANA DEL 26 DE OCTUBRE"}]},{"@type":"WebSite","@id":"https:\/\/constantinianorder.com\/#website","url":"https:\/\/constantinianorder.com\/","name":"Sacro Militare Ordine Costantiniano di San Giorgio","description":"Ordine Ufficiale","publisher":{"@id":"https:\/\/constantinianorder.com\/#organization"},"potentialAction":[{"@type":"SearchAction","target":{"@type":"EntryPoint","urlTemplate":"https:\/\/constantinianorder.com\/?s={search_term_string}"},"query-input":{"@type":"PropertyValueSpecification","valueRequired":true,"valueName":"search_term_string"}}],"inLanguage":"es"},{"@type":"Organization","@id":"https:\/\/constantinianorder.com\/#organization","name":"Sacro Militare Ordine Costantiniano di San Giorgio","url":"https:\/\/constantinianorder.com\/","logo":{"@type":"ImageObject","inLanguage":"es","@id":"https:\/\/constantinianorder.com\/#\/schema\/logo\/image\/","url":"https:\/\/constantinianorder.com\/wp-content\/uploads\/2025\/10\/cropped-logo-costantiniano.png","contentUrl":"https:\/\/constantinianorder.com\/wp-content\/uploads\/2025\/10\/cropped-logo-costantiniano.png","width":512,"height":512,"caption":"Sacro Militare Ordine Costantiniano di San Giorgio"},"image":{"@id":"https:\/\/constantinianorder.com\/#\/schema\/logo\/image\/"},"sameAs":["https:\/\/www.facebook.com\/constantinianorder","https:\/\/www.instagram.com\/constantinianorder\/","https:\/\/www.youtube.com\/@granmagisterodelsacromilit9375"]},{"@type":"Person","@id":"https:\/\/constantinianorder.com\/#\/schema\/person\/493f3b1475d575dcddda4ec923772c66","name":"admin","sameAs":["https:\/\/constantinianorder.com"],"url":"https:\/\/constantinianorder.com\/es\/author\/domain_jlukbpo7\/"}]}},"_links":{"self":[{"href":"https:\/\/constantinianorder.com\/es\/wp-json\/wp\/v2\/posts\/71792","targetHints":{"allow":["GET"]}}],"collection":[{"href":"https:\/\/constantinianorder.com\/es\/wp-json\/wp\/v2\/posts"}],"about":[{"href":"https:\/\/constantinianorder.com\/es\/wp-json\/wp\/v2\/types\/post"}],"author":[{"embeddable":true,"href":"https:\/\/constantinianorder.com\/es\/wp-json\/wp\/v2\/users\/1"}],"replies":[{"embeddable":true,"href":"https:\/\/constantinianorder.com\/es\/wp-json\/wp\/v2\/comments?post=71792"}],"version-history":[{"count":1,"href":"https:\/\/constantinianorder.com\/es\/wp-json\/wp\/v2\/posts\/71792\/revisions"}],"predecessor-version":[{"id":85555,"href":"https:\/\/constantinianorder.com\/es\/wp-json\/wp\/v2\/posts\/71792\/revisions\/85555"}],"wp:attachment":[{"href":"https:\/\/constantinianorder.com\/es\/wp-json\/wp\/v2\/media?parent=71792"}],"wp:term":[{"taxonomy":"category","embeddable":true,"href":"https:\/\/constantinianorder.com\/es\/wp-json\/wp\/v2\/categories?post=71792"},{"taxonomy":"post_tag","embeddable":true,"href":"https:\/\/constantinianorder.com\/es\/wp-json\/wp\/v2\/tags?post=71792"}],"curies":[{"name":"wp","href":"https:\/\/api.w.org\/{rel}","templated":true}]}}