{"id":71781,"date":"2022-11-23T14:57:13","date_gmt":"2022-11-23T14:57:13","guid":{"rendered":"https:\/\/constantinianorder.net\/90esimo-genetliaco-di-s-e-rev-ma-il-cardinale-martino-gran-priore\/"},"modified":"2025-10-21T15:22:18","modified_gmt":"2025-10-21T15:22:18","slug":"90o-cumpleanos-de-s-e-rev-ma-el-cardenal-martino-gran-prior","status":"publish","type":"post","link":"https:\/\/constantinianorder.com\/es\/90o-cumpleanos-de-s-e-rev-ma-el-cardenal-martino-gran-prior\/","title":{"rendered":"90\u00ba CUMPLEA\u00d1OS DE S.E.REV.MA EL CARDENAL MARTINO, GRAN PRIOR"},"content":{"rendered":"\n<div class=\"wp-block-image\"><figure class=\"aligncenter\"><img decoding=\"async\" src=\"https:\/\/constantinianorder.com\/wp-content\/uploads\/2022\/11\/CARDINALE-GRAN-PRIORE-692x1024.jpg\" alt=\"\" class=\"wp-image-69123\"\/><\/figure><\/div>\n\n\n\n<p>Roma\u2013 El 23 de noviembre de 2022, S.E.Rev.ma el Cardenal Renato Raffaele Martino, Protodi\u00e1cono de Santa Romana Iglesia y Gran Prior de la Orden Constantiniana, celebr\u00f3 su nonag\u00e9simo cumplea\u00f1os.<br>Con particular \u00e9nfasis y emoci\u00f3n por este importante logro, Su Alteza Real el Pr\u00edncipe Carlo de Borb\u00f3n de las Dos Sicilias, Duque de Castro y Gran Maestro, en nombre de toda la Familia Real y de la Orden, desea expresar los mejores deseos a Su Eminencia Reverend\u00edsima, reiterando sus sentimientos de devoci\u00f3n filial y amistad, as\u00ed como de gratitud por su valiosa gu\u00eda espiritual, profundo alimento a la experiencia de fe y a la formaci\u00f3n cristiana de todos los miembros de la Orden, llevada a cabo desde 2010.<\/p>\n","protected":false},"excerpt":{"rendered":"<p>Roma\u2013 El 23 de noviembre de 2022, S.E.Rev.ma el Cardenal Renato Raffaele Martino, Protodi\u00e1cono de Santa Romana Iglesia y Gran Prior de la Orden Constantiniana, celebr\u00f3 su nonag\u00e9simo cumplea\u00f1os.Con particular \u00e9nfasis y emoci\u00f3n por este importante logro, Su Alteza Real el Pr\u00edncipe Carlo de Borb\u00f3n de las Dos Sicilias, Duque de Castro y Gran Maestro, [&hellip;]<\/p>\n","protected":false},"author":1,"featured_media":0,"comment_status":"closed","ping_status":"closed","sticky":false,"template":"","format":"standard","meta":{"footnotes":""},"categories":[81],"tags":[],"class_list":["post-71781","post","type-post","status-publish","format-standard","hentry","category-comunicados-del-gran-magisterio"],"yoast_head":"<!-- This site is optimized with the Yoast SEO plugin v26.5 - https:\/\/yoast.com\/wordpress\/plugins\/seo\/ -->\n<title>90\u00ba CUMPLEA\u00d1OS DE S.E.REV.MA EL CARDENAL MARTINO, GRAN PRIOR - Sacro Militare Ordine Costantiniano di San Giorgio<\/title>\n<meta name=\"robots\" content=\"index, follow, max-snippet:-1, max-image-preview:large, max-video-preview:-1\" \/>\n<link rel=\"canonical\" href=\"https:\/\/constantinianorder.com\/90esimo-genetliaco-di-s-e-rev-ma-il-cardinale-martino-gran-priore\/\" \/>\n<meta property=\"og:locale\" content=\"es_ES\" \/>\n<meta property=\"og:type\" content=\"article\" \/>\n<meta property=\"og:title\" content=\"90\u00ba CUMPLEA\u00d1OS DE S.E.REV.MA EL CARDENAL MARTINO, GRAN PRIOR - Sacro Militare Ordine Costantiniano di San Giorgio\" \/>\n<meta property=\"og:description\" content=\"Roma\u2013 El 23 de noviembre de 2022, S.E.Rev.ma el Cardenal Renato Raffaele Martino, Protodi\u00e1cono de Santa Romana Iglesia y Gran Prior de la Orden Constantiniana, celebr\u00f3 su nonag\u00e9simo cumplea\u00f1os.Con particular \u00e9nfasis y emoci\u00f3n por este importante logro, Su Alteza Real el Pr\u00edncipe Carlo de Borb\u00f3n de las Dos Sicilias, Duque de Castro y Gran Maestro, [&hellip;]\" \/>\n<meta property=\"og:url\" content=\"https:\/\/constantinianorder.com\/90esimo-genetliaco-di-s-e-rev-ma-il-cardinale-martino-gran-priore\/\" \/>\n<meta property=\"og:site_name\" content=\"Sacro Militare Ordine Costantiniano di San Giorgio\" \/>\n<meta property=\"article:publisher\" content=\"https:\/\/www.facebook.com\/constantinianorder\" \/>\n<meta property=\"article:published_time\" content=\"2022-11-23T14:57:13+00:00\" \/>\n<meta property=\"article:modified_time\" content=\"2025-10-21T15:22:18+00:00\" \/>\n<meta property=\"og:image\" content=\"https:\/\/constantinianorder.com\/wp-content\/uploads\/2022\/11\/CARDINALE-GRAN-PRIORE.webp\" \/>\n\t<meta property=\"og:image:width\" content=\"1298\" \/>\n\t<meta property=\"og:image:height\" content=\"1920\" \/>\n\t<meta property=\"og:image:type\" content=\"image\/webp\" \/>\n<meta name=\"author\" content=\"admin\" \/>\n<meta name=\"twitter:card\" content=\"summary_large_image\" \/>\n<meta name=\"twitter:label1\" content=\"Escrito por\" \/>\n\t<meta name=\"twitter:data1\" content=\"admin\" \/>\n\t<meta name=\"twitter:label2\" content=\"Tiempo de lectura\" \/>\n\t<meta name=\"twitter:data2\" content=\"1 minuto\" \/>\n<script type=\"application\/ld+json\" class=\"yoast-schema-graph\">{\"@context\":\"https:\/\/schema.org\",\"@graph\":[{\"@type\":\"Article\",\"@id\":\"https:\/\/constantinianorder.com\/90esimo-genetliaco-di-s-e-rev-ma-il-cardinale-martino-gran-priore\/#article\",\"isPartOf\":{\"@id\":\"https:\/\/constantinianorder.com\/90esimo-genetliaco-di-s-e-rev-ma-il-cardinale-martino-gran-priore\/\"},\"author\":{\"name\":\"admin\",\"@id\":\"https:\/\/constantinianorder.com\/#\/schema\/person\/493f3b1475d575dcddda4ec923772c66\"},\"headline\":\"90\u00ba CUMPLEA\u00d1OS DE S.E.REV.MA EL CARDENAL MARTINO, GRAN PRIOR\",\"datePublished\":\"2022-11-23T14:57:13+00:00\",\"dateModified\":\"2025-10-21T15:22:18+00:00\",\"mainEntityOfPage\":{\"@id\":\"https:\/\/constantinianorder.com\/90esimo-genetliaco-di-s-e-rev-ma-il-cardinale-martino-gran-priore\/\"},\"wordCount\":139,\"publisher\":{\"@id\":\"https:\/\/constantinianorder.com\/#organization\"},\"image\":{\"@id\":\"https:\/\/constantinianorder.com\/90esimo-genetliaco-di-s-e-rev-ma-il-cardinale-martino-gran-priore\/#primaryimage\"},\"thumbnailUrl\":\"https:\/\/constantinianorder.com\/wp-content\/uploads\/2022\/11\/CARDINALE-GRAN-PRIORE-692x1024.jpg\",\"articleSection\":[\"Comunicados del Gran Magisterio\"],\"inLanguage\":\"es\"},{\"@type\":\"WebPage\",\"@id\":\"https:\/\/constantinianorder.com\/90esimo-genetliaco-di-s-e-rev-ma-il-cardinale-martino-gran-priore\/\",\"url\":\"https:\/\/constantinianorder.com\/90esimo-genetliaco-di-s-e-rev-ma-il-cardinale-martino-gran-priore\/\",\"name\":\"90\u00ba CUMPLEA\u00d1OS DE S.E.REV.MA EL CARDENAL MARTINO, GRAN PRIOR - Sacro Militare Ordine Costantiniano di San Giorgio\",\"isPartOf\":{\"@id\":\"https:\/\/constantinianorder.com\/#website\"},\"primaryImageOfPage\":{\"@id\":\"https:\/\/constantinianorder.com\/90esimo-genetliaco-di-s-e-rev-ma-il-cardinale-martino-gran-priore\/#primaryimage\"},\"image\":{\"@id\":\"https:\/\/constantinianorder.com\/90esimo-genetliaco-di-s-e-rev-ma-il-cardinale-martino-gran-priore\/#primaryimage\"},\"thumbnailUrl\":\"https:\/\/constantinianorder.com\/wp-content\/uploads\/2022\/11\/CARDINALE-GRAN-PRIORE-692x1024.jpg\",\"datePublished\":\"2022-11-23T14:57:13+00:00\",\"dateModified\":\"2025-10-21T15:22:18+00:00\",\"breadcrumb\":{\"@id\":\"https:\/\/constantinianorder.com\/90esimo-genetliaco-di-s-e-rev-ma-il-cardinale-martino-gran-priore\/#breadcrumb\"},\"inLanguage\":\"es\",\"potentialAction\":[{\"@type\":\"ReadAction\",\"target\":[\"https:\/\/constantinianorder.com\/90esimo-genetliaco-di-s-e-rev-ma-il-cardinale-martino-gran-priore\/\"]}]},{\"@type\":\"ImageObject\",\"inLanguage\":\"es\",\"@id\":\"https:\/\/constantinianorder.com\/90esimo-genetliaco-di-s-e-rev-ma-il-cardinale-martino-gran-priore\/#primaryimage\",\"url\":\"https:\/\/constantinianorder.com\/wp-content\/uploads\/2022\/11\/CARDINALE-GRAN-PRIORE-692x1024.jpg\",\"contentUrl\":\"https:\/\/constantinianorder.com\/wp-content\/uploads\/2022\/11\/CARDINALE-GRAN-PRIORE-692x1024.jpg\"},{\"@type\":\"BreadcrumbList\",\"@id\":\"https:\/\/constantinianorder.com\/90esimo-genetliaco-di-s-e-rev-ma-il-cardinale-martino-gran-priore\/#breadcrumb\",\"itemListElement\":[{\"@type\":\"ListItem\",\"position\":1,\"name\":\"Home\",\"item\":\"https:\/\/constantinianorder.com\/en\/\"},{\"@type\":\"ListItem\",\"position\":2,\"name\":\"90\u00ba CUMPLEA\u00d1OS DE S.E.REV.MA EL CARDENAL MARTINO, GRAN PRIOR\"}]},{\"@type\":\"WebSite\",\"@id\":\"https:\/\/constantinianorder.com\/#website\",\"url\":\"https:\/\/constantinianorder.com\/\",\"name\":\"Sacro Militare Ordine Costantiniano di San Giorgio\",\"description\":\"Ordine Ufficiale\",\"publisher\":{\"@id\":\"https:\/\/constantinianorder.com\/#organization\"},\"potentialAction\":[{\"@type\":\"SearchAction\",\"target\":{\"@type\":\"EntryPoint\",\"urlTemplate\":\"https:\/\/constantinianorder.com\/?s={search_term_string}\"},\"query-input\":{\"@type\":\"PropertyValueSpecification\",\"valueRequired\":true,\"valueName\":\"search_term_string\"}}],\"inLanguage\":\"es\"},{\"@type\":\"Organization\",\"@id\":\"https:\/\/constantinianorder.com\/#organization\",\"name\":\"Sacro Militare Ordine Costantiniano di San Giorgio\",\"url\":\"https:\/\/constantinianorder.com\/\",\"logo\":{\"@type\":\"ImageObject\",\"inLanguage\":\"es\",\"@id\":\"https:\/\/constantinianorder.com\/#\/schema\/logo\/image\/\",\"url\":\"https:\/\/constantinianorder.com\/wp-content\/uploads\/2025\/10\/cropped-logo-costantiniano.png\",\"contentUrl\":\"https:\/\/constantinianorder.com\/wp-content\/uploads\/2025\/10\/cropped-logo-costantiniano.png\",\"width\":512,\"height\":512,\"caption\":\"Sacro Militare Ordine Costantiniano di San Giorgio\"},\"image\":{\"@id\":\"https:\/\/constantinianorder.com\/#\/schema\/logo\/image\/\"},\"sameAs\":[\"https:\/\/www.facebook.com\/constantinianorder\",\"https:\/\/www.instagram.com\/constantinianorder\/\",\"https:\/\/www.youtube.com\/@granmagisterodelsacromilit9375\"]},{\"@type\":\"Person\",\"@id\":\"https:\/\/constantinianorder.com\/#\/schema\/person\/493f3b1475d575dcddda4ec923772c66\",\"name\":\"admin\",\"sameAs\":[\"https:\/\/constantinianorder.com\"],\"url\":\"https:\/\/constantinianorder.com\/es\/author\/domain_jlukbpo7\/\"}]}<\/script>\n<!-- \/ Yoast SEO plugin. -->","yoast_head_json":{"title":"90\u00ba CUMPLEA\u00d1OS DE S.E.REV.MA EL CARDENAL MARTINO, GRAN PRIOR - Sacro Militare Ordine Costantiniano di San Giorgio","robots":{"index":"index","follow":"follow","max-snippet":"max-snippet:-1","max-image-preview":"max-image-preview:large","max-video-preview":"max-video-preview:-1"},"canonical":"https:\/\/constantinianorder.com\/90esimo-genetliaco-di-s-e-rev-ma-il-cardinale-martino-gran-priore\/","og_locale":"es_ES","og_type":"article","og_title":"90\u00ba CUMPLEA\u00d1OS DE S.E.REV.MA EL CARDENAL MARTINO, GRAN PRIOR - Sacro Militare Ordine Costantiniano di San Giorgio","og_description":"Roma\u2013 El 23 de noviembre de 2022, S.E.Rev.ma el Cardenal Renato Raffaele Martino, Protodi\u00e1cono de Santa Romana Iglesia y Gran Prior de la Orden Constantiniana, celebr\u00f3 su nonag\u00e9simo cumplea\u00f1os.Con particular \u00e9nfasis y emoci\u00f3n por este importante logro, Su Alteza Real el Pr\u00edncipe Carlo de Borb\u00f3n de las Dos Sicilias, Duque de Castro y Gran Maestro, [&hellip;]","og_url":"https:\/\/constantinianorder.com\/90esimo-genetliaco-di-s-e-rev-ma-il-cardinale-martino-gran-priore\/","og_site_name":"Sacro Militare Ordine Costantiniano di San Giorgio","article_publisher":"https:\/\/www.facebook.com\/constantinianorder","article_published_time":"2022-11-23T14:57:13+00:00","article_modified_time":"2025-10-21T15:22:18+00:00","og_image":[{"width":1298,"height":1920,"url":"https:\/\/constantinianorder.com\/wp-content\/uploads\/2022\/11\/CARDINALE-GRAN-PRIORE.webp","type":"image\/webp"}],"author":"admin","twitter_card":"summary_large_image","twitter_misc":{"Escrito por":"admin","Tiempo de lectura":"1 minuto"},"schema":{"@context":"https:\/\/schema.org","@graph":[{"@type":"Article","@id":"https:\/\/constantinianorder.com\/90esimo-genetliaco-di-s-e-rev-ma-il-cardinale-martino-gran-priore\/#article","isPartOf":{"@id":"https:\/\/constantinianorder.com\/90esimo-genetliaco-di-s-e-rev-ma-il-cardinale-martino-gran-priore\/"},"author":{"name":"admin","@id":"https:\/\/constantinianorder.com\/#\/schema\/person\/493f3b1475d575dcddda4ec923772c66"},"headline":"90\u00ba CUMPLEA\u00d1OS DE S.E.REV.MA EL CARDENAL MARTINO, GRAN PRIOR","datePublished":"2022-11-23T14:57:13+00:00","dateModified":"2025-10-21T15:22:18+00:00","mainEntityOfPage":{"@id":"https:\/\/constantinianorder.com\/90esimo-genetliaco-di-s-e-rev-ma-il-cardinale-martino-gran-priore\/"},"wordCount":139,"publisher":{"@id":"https:\/\/constantinianorder.com\/#organization"},"image":{"@id":"https:\/\/constantinianorder.com\/90esimo-genetliaco-di-s-e-rev-ma-il-cardinale-martino-gran-priore\/#primaryimage"},"thumbnailUrl":"https:\/\/constantinianorder.com\/wp-content\/uploads\/2022\/11\/CARDINALE-GRAN-PRIORE-692x1024.jpg","articleSection":["Comunicados del Gran Magisterio"],"inLanguage":"es"},{"@type":"WebPage","@id":"https:\/\/constantinianorder.com\/90esimo-genetliaco-di-s-e-rev-ma-il-cardinale-martino-gran-priore\/","url":"https:\/\/constantinianorder.com\/90esimo-genetliaco-di-s-e-rev-ma-il-cardinale-martino-gran-priore\/","name":"90\u00ba CUMPLEA\u00d1OS DE S.E.REV.MA EL CARDENAL MARTINO, GRAN PRIOR - Sacro Militare Ordine Costantiniano di San Giorgio","isPartOf":{"@id":"https:\/\/constantinianorder.com\/#website"},"primaryImageOfPage":{"@id":"https:\/\/constantinianorder.com\/90esimo-genetliaco-di-s-e-rev-ma-il-cardinale-martino-gran-priore\/#primaryimage"},"image":{"@id":"https:\/\/constantinianorder.com\/90esimo-genetliaco-di-s-e-rev-ma-il-cardinale-martino-gran-priore\/#primaryimage"},"thumbnailUrl":"https:\/\/constantinianorder.com\/wp-content\/uploads\/2022\/11\/CARDINALE-GRAN-PRIORE-692x1024.jpg","datePublished":"2022-11-23T14:57:13+00:00","dateModified":"2025-10-21T15:22:18+00:00","breadcrumb":{"@id":"https:\/\/constantinianorder.com\/90esimo-genetliaco-di-s-e-rev-ma-il-cardinale-martino-gran-priore\/#breadcrumb"},"inLanguage":"es","potentialAction":[{"@type":"ReadAction","target":["https:\/\/constantinianorder.com\/90esimo-genetliaco-di-s-e-rev-ma-il-cardinale-martino-gran-priore\/"]}]},{"@type":"ImageObject","inLanguage":"es","@id":"https:\/\/constantinianorder.com\/90esimo-genetliaco-di-s-e-rev-ma-il-cardinale-martino-gran-priore\/#primaryimage","url":"https:\/\/constantinianorder.com\/wp-content\/uploads\/2022\/11\/CARDINALE-GRAN-PRIORE-692x1024.jpg","contentUrl":"https:\/\/constantinianorder.com\/wp-content\/uploads\/2022\/11\/CARDINALE-GRAN-PRIORE-692x1024.jpg"},{"@type":"BreadcrumbList","@id":"https:\/\/constantinianorder.com\/90esimo-genetliaco-di-s-e-rev-ma-il-cardinale-martino-gran-priore\/#breadcrumb","itemListElement":[{"@type":"ListItem","position":1,"name":"Home","item":"https:\/\/constantinianorder.com\/en\/"},{"@type":"ListItem","position":2,"name":"90\u00ba CUMPLEA\u00d1OS DE S.E.REV.MA EL CARDENAL MARTINO, GRAN PRIOR"}]},{"@type":"WebSite","@id":"https:\/\/constantinianorder.com\/#website","url":"https:\/\/constantinianorder.com\/","name":"Sacro Militare Ordine Costantiniano di San Giorgio","description":"Ordine Ufficiale","publisher":{"@id":"https:\/\/constantinianorder.com\/#organization"},"potentialAction":[{"@type":"SearchAction","target":{"@type":"EntryPoint","urlTemplate":"https:\/\/constantinianorder.com\/?s={search_term_string}"},"query-input":{"@type":"PropertyValueSpecification","valueRequired":true,"valueName":"search_term_string"}}],"inLanguage":"es"},{"@type":"Organization","@id":"https:\/\/constantinianorder.com\/#organization","name":"Sacro Militare Ordine Costantiniano di San Giorgio","url":"https:\/\/constantinianorder.com\/","logo":{"@type":"ImageObject","inLanguage":"es","@id":"https:\/\/constantinianorder.com\/#\/schema\/logo\/image\/","url":"https:\/\/constantinianorder.com\/wp-content\/uploads\/2025\/10\/cropped-logo-costantiniano.png","contentUrl":"https:\/\/constantinianorder.com\/wp-content\/uploads\/2025\/10\/cropped-logo-costantiniano.png","width":512,"height":512,"caption":"Sacro Militare Ordine Costantiniano di San Giorgio"},"image":{"@id":"https:\/\/constantinianorder.com\/#\/schema\/logo\/image\/"},"sameAs":["https:\/\/www.facebook.com\/constantinianorder","https:\/\/www.instagram.com\/constantinianorder\/","https:\/\/www.youtube.com\/@granmagisterodelsacromilit9375"]},{"@type":"Person","@id":"https:\/\/constantinianorder.com\/#\/schema\/person\/493f3b1475d575dcddda4ec923772c66","name":"admin","sameAs":["https:\/\/constantinianorder.com"],"url":"https:\/\/constantinianorder.com\/es\/author\/domain_jlukbpo7\/"}]}},"_links":{"self":[{"href":"https:\/\/constantinianorder.com\/es\/wp-json\/wp\/v2\/posts\/71781","targetHints":{"allow":["GET"]}}],"collection":[{"href":"https:\/\/constantinianorder.com\/es\/wp-json\/wp\/v2\/posts"}],"about":[{"href":"https:\/\/constantinianorder.com\/es\/wp-json\/wp\/v2\/types\/post"}],"author":[{"embeddable":true,"href":"https:\/\/constantinianorder.com\/es\/wp-json\/wp\/v2\/users\/1"}],"replies":[{"embeddable":true,"href":"https:\/\/constantinianorder.com\/es\/wp-json\/wp\/v2\/comments?post=71781"}],"version-history":[{"count":1,"href":"https:\/\/constantinianorder.com\/es\/wp-json\/wp\/v2\/posts\/71781\/revisions"}],"predecessor-version":[{"id":85651,"href":"https:\/\/constantinianorder.com\/es\/wp-json\/wp\/v2\/posts\/71781\/revisions\/85651"}],"wp:attachment":[{"href":"https:\/\/constantinianorder.com\/es\/wp-json\/wp\/v2\/media?parent=71781"}],"wp:term":[{"taxonomy":"category","embeddable":true,"href":"https:\/\/constantinianorder.com\/es\/wp-json\/wp\/v2\/categories?post=71781"},{"taxonomy":"post_tag","embeddable":true,"href":"https:\/\/constantinianorder.com\/es\/wp-json\/wp\/v2\/tags?post=71781"}],"curies":[{"name":"wp","href":"https:\/\/api.w.org\/{rel}","templated":true}]}}