{"id":71652,"date":"2023-04-03T16:40:55","date_gmt":"2023-04-03T16:40:55","guid":{"rendered":"https:\/\/constantinianorder.net\/lombardia-attivita-a-marzo\/"},"modified":"2025-10-21T10:44:54","modified_gmt":"2025-10-21T10:44:54","slug":"lombardia-actividades-de-marzo-2","status":"publish","type":"post","link":"https:\/\/constantinianorder.com\/es\/lombardia-actividades-de-marzo-2\/","title":{"rendered":"LOMBARD\u00cdA: ACTIVIDADES DE MARZO"},"content":{"rendered":"\n<figure class=\"wp-block-image\"><img decoding=\"async\" src=\"https:\/\/constantinianorder.com\/wp-content\/uploads\/2023\/04\/IMG-20230224-WA0015-943x1024.jpg\" alt=\"\" class=\"wp-image-71423\"\/><\/figure>\n\n\n\n<p> Brescia, 24 de febrero de 2023 \u2013 Contin\u00faa la colaboraci\u00f3n entre la Orden Constantiniana y la Cruz Roja Italiana. El Caballero Daniele Gavezzoli ha donado 2000 mascarillas quir\u00fargicas a la Cruz Roja Italiana &#8211; Comit\u00e9 de Brescia. Los dispositivos m\u00e9dicos, recibidos con alegr\u00eda y agradecimiento, ser\u00e1n utilizados por el personal voluntario de la CRI. <\/p>\n\n\n\n<figure class=\"wp-block-image\"><img decoding=\"async\" src=\"https:\/\/constantinianorder.com\/wp-content\/uploads\/2023\/04\/IMG-20230320-WA0010-770x1024.jpg\" alt=\"\" class=\"wp-image-71427\"\/><\/figure>\n\n\n\n<p>Verona, 18 de marzo de 2023 &#8211; Los Caballeros Luciano Mazzola y Claudio Gaole, junto con el Decorado Giuseppe Lategola y con los benem\u00e9ritos Vincenzo Porzio y Nicola Schiavone, implicados en la situaci\u00f3n de una persona anciana con problemas de movilidad residente en Verona, han comprado y donado a la misma un sill\u00f3n motorizado equipado con mandos el\u00e9ctricos. <\/p>\n\n\n\n<figure class=\"wp-block-image\"><img decoding=\"async\" src=\"https:\/\/constantinianorder.com\/wp-content\/uploads\/2023\/04\/IMG-20230318-WA0048-1024x768.jpg\" alt=\"\" class=\"wp-image-71431\"\/><\/figure>\n\n\n\n<p>Mantova, 18 de marzo de 2023 &#8211;  El Caballero Oficial Maurizio Mirandola, Representante de la ciudad de Mantova, junto con el Caballero Oficial Benedetto Magro, el Caballero de M\u00e9rito Fabio Serravalle y el postulante Stefano Solci, ha participado en el solemne pontifical presidido por el Cardenal Oscar Cantoni, junto con el Obispo de Mantova Marco Busca y numerosos sacerdotes y fieles, para la fiesta de San Anselmo, patrono de la ciudad y de la di\u00f3cesis. En la ceremonia estuvieron presentes las m\u00e1ximas autoridades civiles y militares. <\/p>\n\n\n\n<figure class=\"wp-block-image\"><img decoding=\"async\" src=\"https:\/\/constantinianorder.com\/wp-content\/uploads\/2023\/04\/IMG-20230317-WA0010-1024x768.jpg\" alt=\"\" class=\"wp-image-71435\"\/><\/figure>\n\n\n\n<p>Nave, 6 de marzo de 2023 &#8211; El Caballero Luciano Mazzola y los decorados Giuseppe Lategola, Vincenzo Porzio y el benem\u00e9rito Nicola Schiavone, por necesidad comprobada, han adquirido, donado y colocado mobiliario de recuperaci\u00f3n en buen estado a la R.S.A. Villafiori di Nave (BS). Muebles para uso de personas mayores alojados en el establecimiento. <\/p>\n\n\n\n<figure class=\"wp-block-image\"><img decoding=\"async\" src=\"https:\/\/constantinianorder.com\/wp-content\/uploads\/2023\/04\/IMG-20230318-WA0022-768x1024.jpg\" alt=\"\" class=\"wp-image-71439\"\/><\/figure>\n\n\n\n<p>Brescia, 18 de marzo de 2023 &#8211; Lista para partir la quinta expedici\u00f3n organizada por la Dama Katia Chiari, Presidente de la Fundaci\u00f3n Tanghetti &amp; Chiari Onlus con la participaci\u00f3n de la Orden Constantiniana en favor de las poblaciones ucranianas. Un gran cami\u00f3n se ha llenado en estos d\u00edas con un mont\u00f3n de muebles que servir\u00e1n en la reconstrucci\u00f3n de las viviendas arrasadas. Los voluntarios tambi\u00e9n transportar\u00e1n material de alimentaci\u00f3n, ropa, muchos medicamentos y productos m\u00e9dicos quir\u00fargicos, as\u00ed como varios tipos de necesidades b\u00e1sicas.<\/p>\n\n\n\n<figure class=\"wp-block-image\"><img decoding=\"async\" src=\"https:\/\/constantinianorder.com\/wp-content\/uploads\/2023\/04\/IMG-20230321-WA0007-768x1024.jpg\" alt=\"\" class=\"wp-image-71443\"\/><\/figure>\n\n\n\n<p>Lumezzane (BS), 21 de marzo de 2023. El Caballero Romano Savi y la Decorada Francesca Ghidini han adquirido varios paquetes de alimentos destinados a la Caritas de Lumezzane. Los alimentos fueron donados por la Pataro&#8217; de Roberto Zampedri. <\/p>\n\n\n\n<figure class=\"wp-block-image\"><img decoding=\"async\" src=\"https:\/\/constantinianorder.com\/wp-content\/uploads\/2023\/04\/20230321_155236-1024x768.jpg\" alt=\"\" class=\"wp-image-71447\"\/><\/figure>\n\n\n\n<p>Brescia, 21 de marzo de 2022. Con la colaboraci\u00f3n del Grupo Cinofili Brescia, el Caballero Luciano Mazzola ha adquirido y entregado a San Vicente de la parroquia ciudadana del Buen Pastor pasta y diversos productos alimenticios para las necesidades de las familias y personas asistidas. <\/p>\n\n\n\n<figure class=\"wp-block-image\"><img decoding=\"async\" src=\"https:\/\/constantinianorder.com\/wp-content\/uploads\/2023\/04\/IMG-20230321-WA0026-1024x768.jpg\" alt=\"\" class=\"wp-image-71451\"\/><\/figure>\n\n\n\n<p>Brescia, 21 de marzo de 2022. En la sede del Comando Provincial del Arma dei Carabinieri, el Coronel Vittorio Fragal\u00e0 ha recibido al Noble Dr. Giuseppe dei Conti Rizzani, Delegado de Lombard\u00eda, acompa\u00f1ado por el Prior Mons. Arnaldo Morandi y por el Caballero Oficial Maurizio Mirandola. En el marco del encuentro, que tuvo lugar en un clima de extrema cordialidad, el Delegado otorg\u00f3 al Coronel Fragal\u00e0 el diploma de promoci\u00f3n a Caballero Oficial. El Coronel, Tomando nota favorablemente del clima de amistad y colaboraci\u00f3n que existe tambi\u00e9n en su jurisdicci\u00f3n entre el Arma dei Carabinieri y la Orden Constantiniana, se ha declarado honrado del reconocimiento al desear nuevas iniciativas futuras a favor y al servicio del territorio y de las personas en diversas situaciones de necesidad. <\/p>\n\n\n\n<figure class=\"wp-block-image\"><img decoding=\"async\" src=\"https:\/\/constantinianorder.com\/wp-content\/uploads\/2023\/04\/20230322_211132-1024x768.jpg\" alt=\"\" class=\"wp-image-71455\"\/><\/figure>\n\n\n\n<p>Brescia, 22 de marzo de 2023. En el marco de la recogida de medicamentos para la emergencia del L\u00edbano propuesta por la Delegaci\u00f3n Lombard\u00eda, en respuesta al llamado del padre Charbel de la congregaci\u00f3n de los padres Maronitas, el Caballero de Gracia Eclesi\u00e1stico Padre Faustino Pari, arcipreste de la bas\u00edlica romana menor parroquial de Santa Maria Assunta en Bagnolo Mella, ha entregado al Prior de Lombard\u00eda una notable cantidad de material farmac\u00e9utico y productos m\u00e9dicos quir\u00fargicos, fruto de la generosa cosecha efectuada en la populosa parroquia de Bagnolo Mella. <\/p>\n","protected":false},"excerpt":{"rendered":"<p>Brescia, 24 de febrero de 2023 \u2013 Contin\u00faa la colaboraci\u00f3n entre la Orden Constantiniana y la Cruz Roja Italiana. El Caballero Daniele Gavezzoli ha donado 2000 mascarillas quir\u00fargicas a la Cruz Roja Italiana &#8211; Comit\u00e9 de Brescia. Los dispositivos m\u00e9dicos, recibidos con alegr\u00eda y agradecimiento, ser\u00e1n utilizados por el personal voluntario de la CRI. Verona, [&hellip;]<\/p>\n","protected":false},"author":1,"featured_media":0,"comment_status":"closed","ping_status":"closed","sticky":false,"template":"","format":"standard","meta":{"footnotes":""},"categories":[218],"tags":[],"class_list":["post-71652","post","type-post","status-publish","format-standard","hentry","category-delegacion-de-lombardia"],"yoast_head":"<!-- This site is optimized with the Yoast SEO plugin v26.5 - https:\/\/yoast.com\/wordpress\/plugins\/seo\/ -->\n<title>LOMBARD\u00cdA: ACTIVIDADES DE MARZO - Sacro Militare Ordine Costantiniano di San Giorgio<\/title>\n<meta name=\"robots\" content=\"index, follow, max-snippet:-1, max-image-preview:large, max-video-preview:-1\" \/>\n<link rel=\"canonical\" href=\"https:\/\/constantinianorder.com\/lombardia-attivita-a-marzo\/\" \/>\n<meta property=\"og:locale\" content=\"es_ES\" \/>\n<meta property=\"og:type\" content=\"article\" \/>\n<meta property=\"og:title\" content=\"LOMBARD\u00cdA: ACTIVIDADES DE MARZO - Sacro Militare Ordine Costantiniano di San Giorgio\" \/>\n<meta property=\"og:description\" content=\"Brescia, 24 de febrero de 2023 \u2013 Contin\u00faa la colaboraci\u00f3n entre la Orden Constantiniana y la Cruz Roja Italiana. El Caballero Daniele Gavezzoli ha donado 2000 mascarillas quir\u00fargicas a la Cruz Roja Italiana &#8211; Comit\u00e9 de Brescia. Los dispositivos m\u00e9dicos, recibidos con alegr\u00eda y agradecimiento, ser\u00e1n utilizados por el personal voluntario de la CRI. Verona, [&hellip;]\" \/>\n<meta property=\"og:url\" content=\"https:\/\/constantinianorder.com\/lombardia-attivita-a-marzo\/\" \/>\n<meta property=\"og:site_name\" content=\"Sacro Militare Ordine Costantiniano di San Giorgio\" \/>\n<meta property=\"article:publisher\" content=\"https:\/\/www.facebook.com\/constantinianorder\" \/>\n<meta property=\"article:published_time\" content=\"2023-04-03T16:40:55+00:00\" \/>\n<meta property=\"article:modified_time\" content=\"2025-10-21T10:44:54+00:00\" \/>\n<meta property=\"og:image\" content=\"https:\/\/constantinianorder.com\/wp-content\/uploads\/2023\/04\/IMG-20230224-WA0015.webp\" \/>\n\t<meta property=\"og:image:width\" content=\"1268\" \/>\n\t<meta property=\"og:image:height\" content=\"1377\" \/>\n\t<meta property=\"og:image:type\" content=\"image\/webp\" \/>\n<meta name=\"author\" content=\"admin\" \/>\n<meta name=\"twitter:card\" content=\"summary_large_image\" \/>\n<meta name=\"twitter:label1\" content=\"Escrito por\" \/>\n\t<meta name=\"twitter:data1\" content=\"admin\" \/>\n\t<meta name=\"twitter:label2\" content=\"Tiempo de lectura\" \/>\n\t<meta name=\"twitter:data2\" content=\"3 minutos\" \/>\n<script type=\"application\/ld+json\" class=\"yoast-schema-graph\">{\"@context\":\"https:\/\/schema.org\",\"@graph\":[{\"@type\":\"Article\",\"@id\":\"https:\/\/constantinianorder.com\/lombardia-attivita-a-marzo\/#article\",\"isPartOf\":{\"@id\":\"https:\/\/constantinianorder.com\/lombardia-attivita-a-marzo\/\"},\"author\":{\"name\":\"admin\",\"@id\":\"https:\/\/constantinianorder.com\/#\/schema\/person\/493f3b1475d575dcddda4ec923772c66\"},\"headline\":\"LOMBARD\u00cdA: ACTIVIDADES DE MARZO\",\"datePublished\":\"2023-04-03T16:40:55+00:00\",\"dateModified\":\"2025-10-21T10:44:54+00:00\",\"mainEntityOfPage\":{\"@id\":\"https:\/\/constantinianorder.com\/lombardia-attivita-a-marzo\/\"},\"wordCount\":667,\"publisher\":{\"@id\":\"https:\/\/constantinianorder.com\/#organization\"},\"image\":{\"@id\":\"https:\/\/constantinianorder.com\/lombardia-attivita-a-marzo\/#primaryimage\"},\"thumbnailUrl\":\"https:\/\/constantinianorder.com\/wp-content\/uploads\/2023\/04\/IMG-20230224-WA0015-943x1024.jpg\",\"articleSection\":[\"Delegaci\u00f3n de Lombardia\"],\"inLanguage\":\"es\"},{\"@type\":\"WebPage\",\"@id\":\"https:\/\/constantinianorder.com\/lombardia-attivita-a-marzo\/\",\"url\":\"https:\/\/constantinianorder.com\/lombardia-attivita-a-marzo\/\",\"name\":\"LOMBARD\u00cdA: ACTIVIDADES DE MARZO - Sacro Militare Ordine Costantiniano di San Giorgio\",\"isPartOf\":{\"@id\":\"https:\/\/constantinianorder.com\/#website\"},\"primaryImageOfPage\":{\"@id\":\"https:\/\/constantinianorder.com\/lombardia-attivita-a-marzo\/#primaryimage\"},\"image\":{\"@id\":\"https:\/\/constantinianorder.com\/lombardia-attivita-a-marzo\/#primaryimage\"},\"thumbnailUrl\":\"https:\/\/constantinianorder.com\/wp-content\/uploads\/2023\/04\/IMG-20230224-WA0015-943x1024.jpg\",\"datePublished\":\"2023-04-03T16:40:55+00:00\",\"dateModified\":\"2025-10-21T10:44:54+00:00\",\"breadcrumb\":{\"@id\":\"https:\/\/constantinianorder.com\/lombardia-attivita-a-marzo\/#breadcrumb\"},\"inLanguage\":\"es\",\"potentialAction\":[{\"@type\":\"ReadAction\",\"target\":[\"https:\/\/constantinianorder.com\/lombardia-attivita-a-marzo\/\"]}]},{\"@type\":\"ImageObject\",\"inLanguage\":\"es\",\"@id\":\"https:\/\/constantinianorder.com\/lombardia-attivita-a-marzo\/#primaryimage\",\"url\":\"https:\/\/constantinianorder.com\/wp-content\/uploads\/2023\/04\/IMG-20230224-WA0015-943x1024.jpg\",\"contentUrl\":\"https:\/\/constantinianorder.com\/wp-content\/uploads\/2023\/04\/IMG-20230224-WA0015-943x1024.jpg\"},{\"@type\":\"BreadcrumbList\",\"@id\":\"https:\/\/constantinianorder.com\/lombardia-attivita-a-marzo\/#breadcrumb\",\"itemListElement\":[{\"@type\":\"ListItem\",\"position\":1,\"name\":\"Home\",\"item\":\"https:\/\/constantinianorder.com\/en\/\"},{\"@type\":\"ListItem\",\"position\":2,\"name\":\"LOMBARD\u00cdA: ACTIVIDADES DE MARZO\"}]},{\"@type\":\"WebSite\",\"@id\":\"https:\/\/constantinianorder.com\/#website\",\"url\":\"https:\/\/constantinianorder.com\/\",\"name\":\"Sacro Militare Ordine Costantiniano di San Giorgio\",\"description\":\"Ordine Ufficiale\",\"publisher\":{\"@id\":\"https:\/\/constantinianorder.com\/#organization\"},\"potentialAction\":[{\"@type\":\"SearchAction\",\"target\":{\"@type\":\"EntryPoint\",\"urlTemplate\":\"https:\/\/constantinianorder.com\/?s={search_term_string}\"},\"query-input\":{\"@type\":\"PropertyValueSpecification\",\"valueRequired\":true,\"valueName\":\"search_term_string\"}}],\"inLanguage\":\"es\"},{\"@type\":\"Organization\",\"@id\":\"https:\/\/constantinianorder.com\/#organization\",\"name\":\"Sacro Militare Ordine Costantiniano di San Giorgio\",\"url\":\"https:\/\/constantinianorder.com\/\",\"logo\":{\"@type\":\"ImageObject\",\"inLanguage\":\"es\",\"@id\":\"https:\/\/constantinianorder.com\/#\/schema\/logo\/image\/\",\"url\":\"https:\/\/constantinianorder.com\/wp-content\/uploads\/2025\/10\/cropped-logo-costantiniano.png\",\"contentUrl\":\"https:\/\/constantinianorder.com\/wp-content\/uploads\/2025\/10\/cropped-logo-costantiniano.png\",\"width\":512,\"height\":512,\"caption\":\"Sacro Militare Ordine Costantiniano di San Giorgio\"},\"image\":{\"@id\":\"https:\/\/constantinianorder.com\/#\/schema\/logo\/image\/\"},\"sameAs\":[\"https:\/\/www.facebook.com\/constantinianorder\",\"https:\/\/www.instagram.com\/constantinianorder\/\",\"https:\/\/www.youtube.com\/@granmagisterodelsacromilit9375\"]},{\"@type\":\"Person\",\"@id\":\"https:\/\/constantinianorder.com\/#\/schema\/person\/493f3b1475d575dcddda4ec923772c66\",\"name\":\"admin\",\"sameAs\":[\"https:\/\/constantinianorder.com\"],\"url\":\"https:\/\/constantinianorder.com\/es\/author\/domain_jlukbpo7\/\"}]}<\/script>\n<!-- \/ Yoast SEO plugin. -->","yoast_head_json":{"title":"LOMBARD\u00cdA: ACTIVIDADES DE MARZO - Sacro Militare Ordine Costantiniano di San Giorgio","robots":{"index":"index","follow":"follow","max-snippet":"max-snippet:-1","max-image-preview":"max-image-preview:large","max-video-preview":"max-video-preview:-1"},"canonical":"https:\/\/constantinianorder.com\/lombardia-attivita-a-marzo\/","og_locale":"es_ES","og_type":"article","og_title":"LOMBARD\u00cdA: ACTIVIDADES DE MARZO - Sacro Militare Ordine Costantiniano di San Giorgio","og_description":"Brescia, 24 de febrero de 2023 \u2013 Contin\u00faa la colaboraci\u00f3n entre la Orden Constantiniana y la Cruz Roja Italiana. El Caballero Daniele Gavezzoli ha donado 2000 mascarillas quir\u00fargicas a la Cruz Roja Italiana &#8211; Comit\u00e9 de Brescia. Los dispositivos m\u00e9dicos, recibidos con alegr\u00eda y agradecimiento, ser\u00e1n utilizados por el personal voluntario de la CRI. Verona, [&hellip;]","og_url":"https:\/\/constantinianorder.com\/lombardia-attivita-a-marzo\/","og_site_name":"Sacro Militare Ordine Costantiniano di San Giorgio","article_publisher":"https:\/\/www.facebook.com\/constantinianorder","article_published_time":"2023-04-03T16:40:55+00:00","article_modified_time":"2025-10-21T10:44:54+00:00","og_image":[{"width":1268,"height":1377,"url":"https:\/\/constantinianorder.com\/wp-content\/uploads\/2023\/04\/IMG-20230224-WA0015.webp","type":"image\/webp"}],"author":"admin","twitter_card":"summary_large_image","twitter_misc":{"Escrito por":"admin","Tiempo de lectura":"3 minutos"},"schema":{"@context":"https:\/\/schema.org","@graph":[{"@type":"Article","@id":"https:\/\/constantinianorder.com\/lombardia-attivita-a-marzo\/#article","isPartOf":{"@id":"https:\/\/constantinianorder.com\/lombardia-attivita-a-marzo\/"},"author":{"name":"admin","@id":"https:\/\/constantinianorder.com\/#\/schema\/person\/493f3b1475d575dcddda4ec923772c66"},"headline":"LOMBARD\u00cdA: ACTIVIDADES DE MARZO","datePublished":"2023-04-03T16:40:55+00:00","dateModified":"2025-10-21T10:44:54+00:00","mainEntityOfPage":{"@id":"https:\/\/constantinianorder.com\/lombardia-attivita-a-marzo\/"},"wordCount":667,"publisher":{"@id":"https:\/\/constantinianorder.com\/#organization"},"image":{"@id":"https:\/\/constantinianorder.com\/lombardia-attivita-a-marzo\/#primaryimage"},"thumbnailUrl":"https:\/\/constantinianorder.com\/wp-content\/uploads\/2023\/04\/IMG-20230224-WA0015-943x1024.jpg","articleSection":["Delegaci\u00f3n de Lombardia"],"inLanguage":"es"},{"@type":"WebPage","@id":"https:\/\/constantinianorder.com\/lombardia-attivita-a-marzo\/","url":"https:\/\/constantinianorder.com\/lombardia-attivita-a-marzo\/","name":"LOMBARD\u00cdA: ACTIVIDADES DE MARZO - Sacro Militare Ordine Costantiniano di San Giorgio","isPartOf":{"@id":"https:\/\/constantinianorder.com\/#website"},"primaryImageOfPage":{"@id":"https:\/\/constantinianorder.com\/lombardia-attivita-a-marzo\/#primaryimage"},"image":{"@id":"https:\/\/constantinianorder.com\/lombardia-attivita-a-marzo\/#primaryimage"},"thumbnailUrl":"https:\/\/constantinianorder.com\/wp-content\/uploads\/2023\/04\/IMG-20230224-WA0015-943x1024.jpg","datePublished":"2023-04-03T16:40:55+00:00","dateModified":"2025-10-21T10:44:54+00:00","breadcrumb":{"@id":"https:\/\/constantinianorder.com\/lombardia-attivita-a-marzo\/#breadcrumb"},"inLanguage":"es","potentialAction":[{"@type":"ReadAction","target":["https:\/\/constantinianorder.com\/lombardia-attivita-a-marzo\/"]}]},{"@type":"ImageObject","inLanguage":"es","@id":"https:\/\/constantinianorder.com\/lombardia-attivita-a-marzo\/#primaryimage","url":"https:\/\/constantinianorder.com\/wp-content\/uploads\/2023\/04\/IMG-20230224-WA0015-943x1024.jpg","contentUrl":"https:\/\/constantinianorder.com\/wp-content\/uploads\/2023\/04\/IMG-20230224-WA0015-943x1024.jpg"},{"@type":"BreadcrumbList","@id":"https:\/\/constantinianorder.com\/lombardia-attivita-a-marzo\/#breadcrumb","itemListElement":[{"@type":"ListItem","position":1,"name":"Home","item":"https:\/\/constantinianorder.com\/en\/"},{"@type":"ListItem","position":2,"name":"LOMBARD\u00cdA: ACTIVIDADES DE MARZO"}]},{"@type":"WebSite","@id":"https:\/\/constantinianorder.com\/#website","url":"https:\/\/constantinianorder.com\/","name":"Sacro Militare Ordine Costantiniano di San Giorgio","description":"Ordine Ufficiale","publisher":{"@id":"https:\/\/constantinianorder.com\/#organization"},"potentialAction":[{"@type":"SearchAction","target":{"@type":"EntryPoint","urlTemplate":"https:\/\/constantinianorder.com\/?s={search_term_string}"},"query-input":{"@type":"PropertyValueSpecification","valueRequired":true,"valueName":"search_term_string"}}],"inLanguage":"es"},{"@type":"Organization","@id":"https:\/\/constantinianorder.com\/#organization","name":"Sacro Militare Ordine Costantiniano di San Giorgio","url":"https:\/\/constantinianorder.com\/","logo":{"@type":"ImageObject","inLanguage":"es","@id":"https:\/\/constantinianorder.com\/#\/schema\/logo\/image\/","url":"https:\/\/constantinianorder.com\/wp-content\/uploads\/2025\/10\/cropped-logo-costantiniano.png","contentUrl":"https:\/\/constantinianorder.com\/wp-content\/uploads\/2025\/10\/cropped-logo-costantiniano.png","width":512,"height":512,"caption":"Sacro Militare Ordine Costantiniano di San Giorgio"},"image":{"@id":"https:\/\/constantinianorder.com\/#\/schema\/logo\/image\/"},"sameAs":["https:\/\/www.facebook.com\/constantinianorder","https:\/\/www.instagram.com\/constantinianorder\/","https:\/\/www.youtube.com\/@granmagisterodelsacromilit9375"]},{"@type":"Person","@id":"https:\/\/constantinianorder.com\/#\/schema\/person\/493f3b1475d575dcddda4ec923772c66","name":"admin","sameAs":["https:\/\/constantinianorder.com"],"url":"https:\/\/constantinianorder.com\/es\/author\/domain_jlukbpo7\/"}]}},"_links":{"self":[{"href":"https:\/\/constantinianorder.com\/es\/wp-json\/wp\/v2\/posts\/71652","targetHints":{"allow":["GET"]}}],"collection":[{"href":"https:\/\/constantinianorder.com\/es\/wp-json\/wp\/v2\/posts"}],"about":[{"href":"https:\/\/constantinianorder.com\/es\/wp-json\/wp\/v2\/types\/post"}],"author":[{"embeddable":true,"href":"https:\/\/constantinianorder.com\/es\/wp-json\/wp\/v2\/users\/1"}],"replies":[{"embeddable":true,"href":"https:\/\/constantinianorder.com\/es\/wp-json\/wp\/v2\/comments?post=71652"}],"version-history":[{"count":1,"href":"https:\/\/constantinianorder.com\/es\/wp-json\/wp\/v2\/posts\/71652\/revisions"}],"predecessor-version":[{"id":83783,"href":"https:\/\/constantinianorder.com\/es\/wp-json\/wp\/v2\/posts\/71652\/revisions\/83783"}],"wp:attachment":[{"href":"https:\/\/constantinianorder.com\/es\/wp-json\/wp\/v2\/media?parent=71652"}],"wp:term":[{"taxonomy":"category","embeddable":true,"href":"https:\/\/constantinianorder.com\/es\/wp-json\/wp\/v2\/categories?post=71652"},{"taxonomy":"post_tag","embeddable":true,"href":"https:\/\/constantinianorder.com\/es\/wp-json\/wp\/v2\/tags?post=71652"}],"curies":[{"name":"wp","href":"https:\/\/api.w.org\/{rel}","templated":true}]}}