{"id":71636,"date":"2023-04-03T16:58:56","date_gmt":"2023-04-03T16:58:56","guid":{"rendered":"https:\/\/constantinianorder.net\/toscana-eventi-primo-trimestre-del-2023\/"},"modified":"2025-10-21T10:44:59","modified_gmt":"2025-10-21T10:44:59","slug":"toscana-eventos-del-primer-trimestre-de-2023","status":"publish","type":"post","link":"https:\/\/constantinianorder.com\/es\/toscana-eventos-del-primer-trimestre-de-2023\/","title":{"rendered":"TOSCANA: EVENTOS DEL PRIMER TRIMESTRE DE 2023"},"content":{"rendered":"\n<figure class=\"wp-block-image\"><img decoding=\"async\" src=\"https:\/\/constantinianorder.com\/wp-content\/uploads\/2023\/04\/Rettore-3-1024x577.jpg\" alt=\"\" class=\"wp-image-71467\"\/><\/figure>\n\n\n\n<p>Avenza \u2013 Massa Carrara, 18 de marzo de 2023.\u00a0Despu\u00e9s de la visita oficial a la Delegaci\u00f3n Toscana del Obispo de Goma, Monse\u00f1or Willy Ngumbi Ngengele, que tuvo lugar el 18 y 19 de octubre de 2022, el s\u00e1bado 18 de marzo la Delegaci\u00f3n acogi\u00f3 al Rector Magn\u00edfico de la Universidad <em>La Sapienza<\/em>\u00a0de Goma, el Profesor Innocenzo Nyirindekwe, que hab\u00eda venido a Toscana para unos encuentros institucionales. En esta ocasi\u00f3n, en colaboraci\u00f3n con la escuela  Zaccagni &#8211; Galilei, que nos acogi\u00f3 en una de sus salas, la Delegaci\u00f3n organiz\u00f3 una conferencia, titulada <em>Studiare in tempo di guerra<\/em>, en la que habl\u00f3 el mismo Rector. A finales del evento, Padre Modestus Ben Subwanone, Vice Cura de la di\u00f3cesis de Massa Carrara &#8211; Pontremoli, habl\u00f3 de sus actividades educativas del a\u00f1o pasado que involucraron a m\u00e1s de 3.000 j\u00f3venes de la ciudad de Goma. Tambi\u00e9n unos Caballeros de Massa Carrara y Versilia, junto al Delegado de Toscana, Ranieri Gastone Adorni Braccesi, participaron en la conferencia. Adem\u00e1s de los estudiantes de la escuela, en la conferencia participaron la Directora del Instituto, Profesora Silvia Arrighi, la Profesora Marta Castagna del Cuerpo de Inspecci\u00f3n de la Oficina Escolar de Toscana (ex Directora del I.I.S.), el Vicario General de la Di\u00f3cesis de Massa Carrara, Padre Marino Navalesi, el Director de la Oficina Misionera, Gianni Lazzarotti, el Director de la Oficina Diocesana de Comunicaciones, Padre Alessandro Biancalani, y el P\u00e1rroco del Santuario de la Virgen del Quercioli, Padre Mario Amadi. Despu\u00e9s de la conferencia, en la Iglesia Mar\u00eda Sant\u00edsima Mediadora, dos oradores celebraron la Santa Misa en honor de las v\u00edctimas de la Rep\u00fablica Democr\u00e1tica del Congo y por la paz de aquella zona. El evento se concluy\u00f3 con un almuerzo convivial.  <\/p>\n\n\n\n<ul class=\"wp-block-gallery columns-3 is-cropped wp-block-gallery-1 is-layout-flex wp-block-gallery-is-layout-flex\"><li class=\"blocks-gallery-item\"><figure><img decoding=\"async\" src=\"https:\/\/constantinianorder.com\/wp-content\/uploads\/2023\/04\/Foto-3-Firenze-1024x576.jpg\" alt=\"\" data-id=\"71471\" data-link=\"https:\/\/export.constantinianorder.net\/?attachment_id=71471\" class=\"wp-image-71471\"\/><\/figure><\/li><li class=\"blocks-gallery-item\"><figure><img decoding=\"async\" src=\"https:\/\/constantinianorder.com\/wp-content\/uploads\/2023\/04\/Foto-4-Avenza-1024x729.jpg\" alt=\"\" data-id=\"71475\" data-link=\"https:\/\/export.constantinianorder.net\/?attachment_id=71475\" class=\"wp-image-71475\"\/><\/figure><\/li><li class=\"blocks-gallery-item\"><figure><img decoding=\"async\" src=\"https:\/\/constantinianorder.com\/wp-content\/uploads\/2023\/04\/Foto-1-S.-Giovanni-V.-1024x768.jpg\" alt=\"\" data-id=\"71479\" data-link=\"https:\/\/export.constantinianorder.net\/?attachment_id=71479\" class=\"wp-image-71479\"\/><\/figure><\/li><\/ul>\n\n\n\n<p> PINCHA <a href=\"https:\/\/constantinianorder.com\/wp-content\/uploads\/2023\/04\/6-%C2%B0-Donazioni-I-trimestre-23.pdf\">AQUI<\/a> para leer el comunicado de prensa sobre las donaciones que la Delegaci\u00f3n Toscana hizo durante el primer trimestre de 2023.<\/p>\n","protected":false},"excerpt":{"rendered":"<p>Avenza \u2013 Massa Carrara, 18 de marzo de 2023.\u00a0Despu\u00e9s de la visita oficial a la Delegaci\u00f3n Toscana del Obispo de Goma, Monse\u00f1or Willy Ngumbi Ngengele, que tuvo lugar el 18 y 19 de octubre de 2022, el s\u00e1bado 18 de marzo la Delegaci\u00f3n acogi\u00f3 al Rector Magn\u00edfico de la Universidad La Sapienza\u00a0de Goma, el Profesor [&hellip;]<\/p>\n","protected":false},"author":1,"featured_media":0,"comment_status":"closed","ping_status":"closed","sticky":false,"template":"","format":"standard","meta":{"footnotes":""},"categories":[216],"tags":[],"class_list":["post-71636","post","type-post","status-publish","format-standard","hentry","category-delegacion-de-la-toscana"],"yoast_head":"<!-- This site is optimized with the Yoast SEO plugin v26.5 - https:\/\/yoast.com\/wordpress\/plugins\/seo\/ -->\n<title>TOSCANA: EVENTOS DEL PRIMER TRIMESTRE DE 2023 - Sacro Militare Ordine Costantiniano di San Giorgio<\/title>\n<meta name=\"robots\" content=\"index, follow, max-snippet:-1, max-image-preview:large, max-video-preview:-1\" \/>\n<link rel=\"canonical\" href=\"https:\/\/constantinianorder.com\/toscana-eventi-primo-trimestre-del-2023\/\" \/>\n<meta property=\"og:locale\" content=\"es_ES\" \/>\n<meta property=\"og:type\" content=\"article\" \/>\n<meta property=\"og:title\" content=\"TOSCANA: EVENTOS DEL PRIMER TRIMESTRE DE 2023 - Sacro Militare Ordine Costantiniano di San Giorgio\" \/>\n<meta property=\"og:description\" content=\"Avenza \u2013 Massa Carrara, 18 de marzo de 2023.\u00a0Despu\u00e9s de la visita oficial a la Delegaci\u00f3n Toscana del Obispo de Goma, Monse\u00f1or Willy Ngumbi Ngengele, que tuvo lugar el 18 y 19 de octubre de 2022, el s\u00e1bado 18 de marzo la Delegaci\u00f3n acogi\u00f3 al Rector Magn\u00edfico de la Universidad La Sapienza\u00a0de Goma, el Profesor [&hellip;]\" \/>\n<meta property=\"og:url\" content=\"https:\/\/constantinianorder.com\/toscana-eventi-primo-trimestre-del-2023\/\" \/>\n<meta property=\"og:site_name\" content=\"Sacro Militare Ordine Costantiniano di San Giorgio\" \/>\n<meta property=\"article:publisher\" content=\"https:\/\/www.facebook.com\/constantinianorder\" \/>\n<meta property=\"article:published_time\" content=\"2023-04-03T16:58:56+00:00\" \/>\n<meta property=\"article:modified_time\" content=\"2025-10-21T10:44:59+00:00\" \/>\n<meta property=\"og:image\" content=\"https:\/\/constantinianorder.com\/wp-content\/uploads\/2023\/04\/Rettore-3.webp\" \/>\n\t<meta property=\"og:image:width\" content=\"1312\" \/>\n\t<meta property=\"og:image:height\" content=\"739\" \/>\n\t<meta property=\"og:image:type\" content=\"image\/webp\" \/>\n<meta name=\"author\" content=\"admin\" \/>\n<meta name=\"twitter:card\" content=\"summary_large_image\" \/>\n<meta name=\"twitter:label1\" content=\"Escrito por\" \/>\n\t<meta name=\"twitter:data1\" content=\"admin\" \/>\n\t<meta name=\"twitter:label2\" content=\"Tiempo de lectura\" \/>\n\t<meta name=\"twitter:data2\" content=\"2 minutos\" \/>\n<script type=\"application\/ld+json\" class=\"yoast-schema-graph\">{\"@context\":\"https:\/\/schema.org\",\"@graph\":[{\"@type\":\"Article\",\"@id\":\"https:\/\/constantinianorder.com\/toscana-eventi-primo-trimestre-del-2023\/#article\",\"isPartOf\":{\"@id\":\"https:\/\/constantinianorder.com\/toscana-eventi-primo-trimestre-del-2023\/\"},\"author\":{\"name\":\"admin\",\"@id\":\"https:\/\/constantinianorder.com\/#\/schema\/person\/493f3b1475d575dcddda4ec923772c66\"},\"headline\":\"TOSCANA: EVENTOS DEL PRIMER TRIMESTRE DE 2023\",\"datePublished\":\"2023-04-03T16:58:56+00:00\",\"dateModified\":\"2025-10-21T10:44:59+00:00\",\"mainEntityOfPage\":{\"@id\":\"https:\/\/constantinianorder.com\/toscana-eventi-primo-trimestre-del-2023\/\"},\"wordCount\":333,\"publisher\":{\"@id\":\"https:\/\/constantinianorder.com\/#organization\"},\"image\":{\"@id\":\"https:\/\/constantinianorder.com\/toscana-eventi-primo-trimestre-del-2023\/#primaryimage\"},\"thumbnailUrl\":\"https:\/\/constantinianorder.com\/wp-content\/uploads\/2023\/04\/Rettore-3-1024x577.jpg\",\"articleSection\":[\"Delegaci\u00f3n de la Toscana\"],\"inLanguage\":\"es\"},{\"@type\":\"WebPage\",\"@id\":\"https:\/\/constantinianorder.com\/toscana-eventi-primo-trimestre-del-2023\/\",\"url\":\"https:\/\/constantinianorder.com\/toscana-eventi-primo-trimestre-del-2023\/\",\"name\":\"TOSCANA: EVENTOS DEL PRIMER TRIMESTRE DE 2023 - Sacro Militare Ordine Costantiniano di San Giorgio\",\"isPartOf\":{\"@id\":\"https:\/\/constantinianorder.com\/#website\"},\"primaryImageOfPage\":{\"@id\":\"https:\/\/constantinianorder.com\/toscana-eventi-primo-trimestre-del-2023\/#primaryimage\"},\"image\":{\"@id\":\"https:\/\/constantinianorder.com\/toscana-eventi-primo-trimestre-del-2023\/#primaryimage\"},\"thumbnailUrl\":\"https:\/\/constantinianorder.com\/wp-content\/uploads\/2023\/04\/Rettore-3-1024x577.jpg\",\"datePublished\":\"2023-04-03T16:58:56+00:00\",\"dateModified\":\"2025-10-21T10:44:59+00:00\",\"breadcrumb\":{\"@id\":\"https:\/\/constantinianorder.com\/toscana-eventi-primo-trimestre-del-2023\/#breadcrumb\"},\"inLanguage\":\"es\",\"potentialAction\":[{\"@type\":\"ReadAction\",\"target\":[\"https:\/\/constantinianorder.com\/toscana-eventi-primo-trimestre-del-2023\/\"]}]},{\"@type\":\"ImageObject\",\"inLanguage\":\"es\",\"@id\":\"https:\/\/constantinianorder.com\/toscana-eventi-primo-trimestre-del-2023\/#primaryimage\",\"url\":\"https:\/\/constantinianorder.com\/wp-content\/uploads\/2023\/04\/Rettore-3-1024x577.jpg\",\"contentUrl\":\"https:\/\/constantinianorder.com\/wp-content\/uploads\/2023\/04\/Rettore-3-1024x577.jpg\"},{\"@type\":\"BreadcrumbList\",\"@id\":\"https:\/\/constantinianorder.com\/toscana-eventi-primo-trimestre-del-2023\/#breadcrumb\",\"itemListElement\":[{\"@type\":\"ListItem\",\"position\":1,\"name\":\"Home\",\"item\":\"https:\/\/constantinianorder.com\/en\/\"},{\"@type\":\"ListItem\",\"position\":2,\"name\":\"TOSCANA: EVENTOS DEL PRIMER TRIMESTRE DE 2023\"}]},{\"@type\":\"WebSite\",\"@id\":\"https:\/\/constantinianorder.com\/#website\",\"url\":\"https:\/\/constantinianorder.com\/\",\"name\":\"Sacro Militare Ordine Costantiniano di San Giorgio\",\"description\":\"Ordine Ufficiale\",\"publisher\":{\"@id\":\"https:\/\/constantinianorder.com\/#organization\"},\"potentialAction\":[{\"@type\":\"SearchAction\",\"target\":{\"@type\":\"EntryPoint\",\"urlTemplate\":\"https:\/\/constantinianorder.com\/?s={search_term_string}\"},\"query-input\":{\"@type\":\"PropertyValueSpecification\",\"valueRequired\":true,\"valueName\":\"search_term_string\"}}],\"inLanguage\":\"es\"},{\"@type\":\"Organization\",\"@id\":\"https:\/\/constantinianorder.com\/#organization\",\"name\":\"Sacro Militare Ordine Costantiniano di San Giorgio\",\"url\":\"https:\/\/constantinianorder.com\/\",\"logo\":{\"@type\":\"ImageObject\",\"inLanguage\":\"es\",\"@id\":\"https:\/\/constantinianorder.com\/#\/schema\/logo\/image\/\",\"url\":\"https:\/\/constantinianorder.com\/wp-content\/uploads\/2025\/10\/cropped-logo-costantiniano.png\",\"contentUrl\":\"https:\/\/constantinianorder.com\/wp-content\/uploads\/2025\/10\/cropped-logo-costantiniano.png\",\"width\":512,\"height\":512,\"caption\":\"Sacro Militare Ordine Costantiniano di San Giorgio\"},\"image\":{\"@id\":\"https:\/\/constantinianorder.com\/#\/schema\/logo\/image\/\"},\"sameAs\":[\"https:\/\/www.facebook.com\/constantinianorder\",\"https:\/\/www.instagram.com\/constantinianorder\/\",\"https:\/\/www.youtube.com\/@granmagisterodelsacromilit9375\"]},{\"@type\":\"Person\",\"@id\":\"https:\/\/constantinianorder.com\/#\/schema\/person\/493f3b1475d575dcddda4ec923772c66\",\"name\":\"admin\",\"sameAs\":[\"https:\/\/constantinianorder.com\"],\"url\":\"https:\/\/constantinianorder.com\/es\/author\/domain_jlukbpo7\/\"}]}<\/script>\n<!-- \/ Yoast SEO plugin. -->","yoast_head_json":{"title":"TOSCANA: EVENTOS DEL PRIMER TRIMESTRE DE 2023 - Sacro Militare Ordine Costantiniano di San Giorgio","robots":{"index":"index","follow":"follow","max-snippet":"max-snippet:-1","max-image-preview":"max-image-preview:large","max-video-preview":"max-video-preview:-1"},"canonical":"https:\/\/constantinianorder.com\/toscana-eventi-primo-trimestre-del-2023\/","og_locale":"es_ES","og_type":"article","og_title":"TOSCANA: EVENTOS DEL PRIMER TRIMESTRE DE 2023 - Sacro Militare Ordine Costantiniano di San Giorgio","og_description":"Avenza \u2013 Massa Carrara, 18 de marzo de 2023.\u00a0Despu\u00e9s de la visita oficial a la Delegaci\u00f3n Toscana del Obispo de Goma, Monse\u00f1or Willy Ngumbi Ngengele, que tuvo lugar el 18 y 19 de octubre de 2022, el s\u00e1bado 18 de marzo la Delegaci\u00f3n acogi\u00f3 al Rector Magn\u00edfico de la Universidad La Sapienza\u00a0de Goma, el Profesor [&hellip;]","og_url":"https:\/\/constantinianorder.com\/toscana-eventi-primo-trimestre-del-2023\/","og_site_name":"Sacro Militare Ordine Costantiniano di San Giorgio","article_publisher":"https:\/\/www.facebook.com\/constantinianorder","article_published_time":"2023-04-03T16:58:56+00:00","article_modified_time":"2025-10-21T10:44:59+00:00","og_image":[{"width":1312,"height":739,"url":"https:\/\/constantinianorder.com\/wp-content\/uploads\/2023\/04\/Rettore-3.webp","type":"image\/webp"}],"author":"admin","twitter_card":"summary_large_image","twitter_misc":{"Escrito por":"admin","Tiempo de lectura":"2 minutos"},"schema":{"@context":"https:\/\/schema.org","@graph":[{"@type":"Article","@id":"https:\/\/constantinianorder.com\/toscana-eventi-primo-trimestre-del-2023\/#article","isPartOf":{"@id":"https:\/\/constantinianorder.com\/toscana-eventi-primo-trimestre-del-2023\/"},"author":{"name":"admin","@id":"https:\/\/constantinianorder.com\/#\/schema\/person\/493f3b1475d575dcddda4ec923772c66"},"headline":"TOSCANA: EVENTOS DEL PRIMER TRIMESTRE DE 2023","datePublished":"2023-04-03T16:58:56+00:00","dateModified":"2025-10-21T10:44:59+00:00","mainEntityOfPage":{"@id":"https:\/\/constantinianorder.com\/toscana-eventi-primo-trimestre-del-2023\/"},"wordCount":333,"publisher":{"@id":"https:\/\/constantinianorder.com\/#organization"},"image":{"@id":"https:\/\/constantinianorder.com\/toscana-eventi-primo-trimestre-del-2023\/#primaryimage"},"thumbnailUrl":"https:\/\/constantinianorder.com\/wp-content\/uploads\/2023\/04\/Rettore-3-1024x577.jpg","articleSection":["Delegaci\u00f3n de la Toscana"],"inLanguage":"es"},{"@type":"WebPage","@id":"https:\/\/constantinianorder.com\/toscana-eventi-primo-trimestre-del-2023\/","url":"https:\/\/constantinianorder.com\/toscana-eventi-primo-trimestre-del-2023\/","name":"TOSCANA: EVENTOS DEL PRIMER TRIMESTRE DE 2023 - Sacro Militare Ordine Costantiniano di San Giorgio","isPartOf":{"@id":"https:\/\/constantinianorder.com\/#website"},"primaryImageOfPage":{"@id":"https:\/\/constantinianorder.com\/toscana-eventi-primo-trimestre-del-2023\/#primaryimage"},"image":{"@id":"https:\/\/constantinianorder.com\/toscana-eventi-primo-trimestre-del-2023\/#primaryimage"},"thumbnailUrl":"https:\/\/constantinianorder.com\/wp-content\/uploads\/2023\/04\/Rettore-3-1024x577.jpg","datePublished":"2023-04-03T16:58:56+00:00","dateModified":"2025-10-21T10:44:59+00:00","breadcrumb":{"@id":"https:\/\/constantinianorder.com\/toscana-eventi-primo-trimestre-del-2023\/#breadcrumb"},"inLanguage":"es","potentialAction":[{"@type":"ReadAction","target":["https:\/\/constantinianorder.com\/toscana-eventi-primo-trimestre-del-2023\/"]}]},{"@type":"ImageObject","inLanguage":"es","@id":"https:\/\/constantinianorder.com\/toscana-eventi-primo-trimestre-del-2023\/#primaryimage","url":"https:\/\/constantinianorder.com\/wp-content\/uploads\/2023\/04\/Rettore-3-1024x577.jpg","contentUrl":"https:\/\/constantinianorder.com\/wp-content\/uploads\/2023\/04\/Rettore-3-1024x577.jpg"},{"@type":"BreadcrumbList","@id":"https:\/\/constantinianorder.com\/toscana-eventi-primo-trimestre-del-2023\/#breadcrumb","itemListElement":[{"@type":"ListItem","position":1,"name":"Home","item":"https:\/\/constantinianorder.com\/en\/"},{"@type":"ListItem","position":2,"name":"TOSCANA: EVENTOS DEL PRIMER TRIMESTRE DE 2023"}]},{"@type":"WebSite","@id":"https:\/\/constantinianorder.com\/#website","url":"https:\/\/constantinianorder.com\/","name":"Sacro Militare Ordine Costantiniano di San Giorgio","description":"Ordine Ufficiale","publisher":{"@id":"https:\/\/constantinianorder.com\/#organization"},"potentialAction":[{"@type":"SearchAction","target":{"@type":"EntryPoint","urlTemplate":"https:\/\/constantinianorder.com\/?s={search_term_string}"},"query-input":{"@type":"PropertyValueSpecification","valueRequired":true,"valueName":"search_term_string"}}],"inLanguage":"es"},{"@type":"Organization","@id":"https:\/\/constantinianorder.com\/#organization","name":"Sacro Militare Ordine Costantiniano di San Giorgio","url":"https:\/\/constantinianorder.com\/","logo":{"@type":"ImageObject","inLanguage":"es","@id":"https:\/\/constantinianorder.com\/#\/schema\/logo\/image\/","url":"https:\/\/constantinianorder.com\/wp-content\/uploads\/2025\/10\/cropped-logo-costantiniano.png","contentUrl":"https:\/\/constantinianorder.com\/wp-content\/uploads\/2025\/10\/cropped-logo-costantiniano.png","width":512,"height":512,"caption":"Sacro Militare Ordine Costantiniano di San Giorgio"},"image":{"@id":"https:\/\/constantinianorder.com\/#\/schema\/logo\/image\/"},"sameAs":["https:\/\/www.facebook.com\/constantinianorder","https:\/\/www.instagram.com\/constantinianorder\/","https:\/\/www.youtube.com\/@granmagisterodelsacromilit9375"]},{"@type":"Person","@id":"https:\/\/constantinianorder.com\/#\/schema\/person\/493f3b1475d575dcddda4ec923772c66","name":"admin","sameAs":["https:\/\/constantinianorder.com"],"url":"https:\/\/constantinianorder.com\/es\/author\/domain_jlukbpo7\/"}]}},"_links":{"self":[{"href":"https:\/\/constantinianorder.com\/es\/wp-json\/wp\/v2\/posts\/71636","targetHints":{"allow":["GET"]}}],"collection":[{"href":"https:\/\/constantinianorder.com\/es\/wp-json\/wp\/v2\/posts"}],"about":[{"href":"https:\/\/constantinianorder.com\/es\/wp-json\/wp\/v2\/types\/post"}],"author":[{"embeddable":true,"href":"https:\/\/constantinianorder.com\/es\/wp-json\/wp\/v2\/users\/1"}],"replies":[{"embeddable":true,"href":"https:\/\/constantinianorder.com\/es\/wp-json\/wp\/v2\/comments?post=71636"}],"version-history":[{"count":1,"href":"https:\/\/constantinianorder.com\/es\/wp-json\/wp\/v2\/posts\/71636\/revisions"}],"predecessor-version":[{"id":83811,"href":"https:\/\/constantinianorder.com\/es\/wp-json\/wp\/v2\/posts\/71636\/revisions\/83811"}],"wp:attachment":[{"href":"https:\/\/constantinianorder.com\/es\/wp-json\/wp\/v2\/media?parent=71636"}],"wp:term":[{"taxonomy":"category","embeddable":true,"href":"https:\/\/constantinianorder.com\/es\/wp-json\/wp\/v2\/categories?post=71636"},{"taxonomy":"post_tag","embeddable":true,"href":"https:\/\/constantinianorder.com\/es\/wp-json\/wp\/v2\/tags?post=71636"}],"curies":[{"name":"wp","href":"https:\/\/api.w.org\/{rel}","templated":true}]}}