{"id":71632,"date":"2023-04-03T17:16:06","date_gmt":"2023-04-03T17:16:06","guid":{"rendered":"https:\/\/constantinianorder.net\/emilia-romagna-attivita-recenti-a-piacenza-e-ferrara\/"},"modified":"2025-10-21T10:45:05","modified_gmt":"2025-10-21T10:45:05","slug":"emilia-romagna-actividades-recientes-en-ferrara-y-piacenza","status":"publish","type":"post","link":"https:\/\/constantinianorder.com\/es\/emilia-romagna-actividades-recientes-en-ferrara-y-piacenza\/","title":{"rendered":"EMILIA ROMAGNA: ACTIVIDADES RECIENTES EN FERRARA Y PIACENZA"},"content":{"rendered":"\n<ul class=\"wp-block-gallery columns-3 is-cropped wp-block-gallery-1 is-layout-flex wp-block-gallery-is-layout-flex\"><li class=\"blocks-gallery-item\"><figure><img decoding=\"async\" src=\"https:\/\/constantinianorder.com\/wp-content\/uploads\/2023\/04\/IMG-8985-1024x768.jpg\" alt=\"\" data-id=\"71489\" data-link=\"https:\/\/export.constantinianorder.net\/?attachment_id=71489\" class=\"wp-image-71489\"\/><\/figure><\/li><li class=\"blocks-gallery-item\"><figure><img decoding=\"async\" src=\"https:\/\/constantinianorder.com\/wp-content\/uploads\/2023\/04\/IMG-8987-1024x768.jpg\" alt=\"\" data-id=\"71493\" data-link=\"https:\/\/export.constantinianorder.net\/?attachment_id=71493\" class=\"wp-image-71493\"\/><\/figure><\/li><li class=\"blocks-gallery-item\"><figure><img decoding=\"async\" src=\"https:\/\/constantinianorder.com\/wp-content\/uploads\/2023\/04\/FB_IMG_1678271454444-576x1024.jpg\" alt=\"\" data-id=\"71497\" data-link=\"https:\/\/export.constantinianorder.net\/?attachment_id=71497\" class=\"wp-image-71497\"\/><\/figure><\/li><li class=\"blocks-gallery-item\"><figure><img decoding=\"async\" src=\"https:\/\/constantinianorder.com\/wp-content\/uploads\/2023\/04\/FB_IMG_1678271468020-768x1024.jpg\" alt=\"\" data-id=\"71501\" data-link=\"https:\/\/export.constantinianorder.net\/?attachment_id=71501\" class=\"wp-image-71501\"\/><\/figure><\/li><\/ul>\n\n\n\n<p>Piacenza, 1 de abril &#8211;  En ocasi\u00f3n de la Santa Pascua, las Damas y Caballeros de la Delegaci\u00f3n Emilia Romagna &#8211; Piacenza se reunieron en la Biblioteca del convento de los frailes franciscanos de Santa Maria de Campagna para donar m\u00e1s de cien bolsos (con el s\u00edmbolo de la Orden) que llevaban dentro comida para familias necesidadas. En esta situaci\u00f3n complicada, empeorada por la inflaci\u00f3n de los productos de primera necesidad, un gesto de solidaridad de los Caballeros de la Orden que nos transmite un mensaje de apoyo hacia todas aquellas familias que estan pasando por un mal momento. El Vice Prior de la Delegaci\u00f3n Padre Stefano Antonelli, junto con Padre Bellati, Superior de los fr\u00e1iles menores y guardi\u00e1n del convento, bendijo los bolsos y dijo unas oraciones junto a los Caballeros. El Vice Delegado, el Caballero Pietro Copelli, quiso hacer un homenaje al Delegado Corrado Sforza Fogliani, Caballero de Gran Cruz, que desempe\u00f1\u00f3 un papel fundamental en la afirmaci\u00f3n de la Orden en el territorio. El Vice Prior Padre Stefano Antonelli ley\u00f3 tambi\u00e9n la carta que el Gran Prior de la Orden, el Cardinal Renato Raffaele Martino escribi\u00f3 a las Damas y Caballeros en ocasi\u00f3n de la Santa Pascua.                 <\/p>\n\n\n\n<p>Ferrara, 18 de febrero de 2023 &#8211; Durante los primeros meses del a\u00f1o, reemprendemos la actividad caritativa de nuestra Delegaci\u00f3n gestionada por el Representante Padre Davide Benini. El s\u00e1bado 18 de febrero, de hecho, se llevaron a cabo dos grandes donaciones en favor de la asociaci\u00f3n de voluntariado \u201cServizio Accoglienza alla Vita\u201d &#8211; SAV de Ferrara, qu trabaja para ayudar a las madres y a las familias necesidadas. Despu\u00e9s de las peticiones de Navidad, el volutario Matteo Zaganelli, don\u00f3 juguetes, complementos y vestidos para ni\u00f1os, ni\u00f1as y madres. El Caballero Davide Zamboni, en cambio, don\u00f3 una lavadora para el apartamento del SAV construido para las familias necesidadas. Los representantes y voluntarios del SAV, que agradecemos por su acogida, presenciaron a la entrega de los regalos.     <\/p>\n\n\n\n<p>Ferrara, 26 de marzo de 2023 &#8211; Se realiz\u00f3  una donaci\u00f3n a la asociaci\u00f3n de voluntariado \u201cServizio Accoglienza alla Vita\u201d &#8211; SAV de Ferrara, que trabaja para aydar a madres y familias necesidadas. El voluntario Matteo Zaganelli junto al Caballero Davide Zamboni y al Representate, Padre Davide Benini, donaron juguetes, vestidos para ni\u00f1os, comida, huevos de Pascua y dulces t\u00edpicos italianos. Los voluntarios y el Representante donaron tambi\u00e9n una l\u00e1mpara especial para el apartamento que el SAV construy\u00f3 para las familias necesitadas.          <\/p>\n","protected":false},"excerpt":{"rendered":"<p>Piacenza, 1 de abril &#8211; En ocasi\u00f3n de la Santa Pascua, las Damas y Caballeros de la Delegaci\u00f3n Emilia Romagna &#8211; Piacenza se reunieron en la Biblioteca del convento de los frailes franciscanos de Santa Maria de Campagna para donar m\u00e1s de cien bolsos (con el s\u00edmbolo de la Orden) que llevaban dentro comida para [&hellip;]<\/p>\n","protected":false},"author":1,"featured_media":0,"comment_status":"closed","ping_status":"closed","sticky":false,"template":"","format":"standard","meta":{"footnotes":""},"categories":[212,30],"tags":[],"class_list":["post-71632","post","type-post","status-publish","format-standard","hentry","category-delegacion-de-lemilia-romagna","category-sin-categoria"],"yoast_head":"<!-- This site is optimized with the Yoast SEO plugin v26.5 - https:\/\/yoast.com\/wordpress\/plugins\/seo\/ -->\n<title>EMILIA ROMAGNA: ACTIVIDADES RECIENTES EN FERRARA Y PIACENZA - Sacro Militare Ordine Costantiniano di San Giorgio<\/title>\n<meta name=\"robots\" content=\"index, follow, max-snippet:-1, max-image-preview:large, max-video-preview:-1\" \/>\n<link rel=\"canonical\" href=\"https:\/\/constantinianorder.com\/emilia-romagna-attivita-recenti-a-piacenza-e-ferrara\/\" \/>\n<meta property=\"og:locale\" content=\"es_ES\" \/>\n<meta property=\"og:type\" content=\"article\" \/>\n<meta property=\"og:title\" content=\"EMILIA ROMAGNA: ACTIVIDADES RECIENTES EN FERRARA Y PIACENZA - Sacro Militare Ordine Costantiniano di San Giorgio\" \/>\n<meta property=\"og:description\" content=\"Piacenza, 1 de abril &#8211; En ocasi\u00f3n de la Santa Pascua, las Damas y Caballeros de la Delegaci\u00f3n Emilia Romagna &#8211; Piacenza se reunieron en la Biblioteca del convento de los frailes franciscanos de Santa Maria de Campagna para donar m\u00e1s de cien bolsos (con el s\u00edmbolo de la Orden) que llevaban dentro comida para [&hellip;]\" \/>\n<meta property=\"og:url\" content=\"https:\/\/constantinianorder.com\/emilia-romagna-attivita-recenti-a-piacenza-e-ferrara\/\" \/>\n<meta property=\"og:site_name\" content=\"Sacro Militare Ordine Costantiniano di San Giorgio\" \/>\n<meta property=\"article:publisher\" content=\"https:\/\/www.facebook.com\/constantinianorder\" \/>\n<meta property=\"article:published_time\" content=\"2023-04-03T17:16:06+00:00\" \/>\n<meta property=\"article:modified_time\" content=\"2025-10-21T10:45:05+00:00\" \/>\n<meta property=\"og:image\" content=\"https:\/\/constantinianorder.com\/wp-content\/uploads\/2023\/04\/IMG-8985-scaled-1.webp\" \/>\n\t<meta property=\"og:image:width\" content=\"1920\" \/>\n\t<meta property=\"og:image:height\" content=\"1440\" \/>\n\t<meta property=\"og:image:type\" content=\"image\/webp\" \/>\n<meta name=\"author\" content=\"admin\" \/>\n<meta name=\"twitter:card\" content=\"summary_large_image\" \/>\n<meta name=\"twitter:label1\" content=\"Escrito por\" \/>\n\t<meta name=\"twitter:data1\" content=\"admin\" \/>\n\t<meta name=\"twitter:label2\" content=\"Tiempo de lectura\" \/>\n\t<meta name=\"twitter:data2\" content=\"2 minutos\" \/>\n<script type=\"application\/ld+json\" class=\"yoast-schema-graph\">{\"@context\":\"https:\/\/schema.org\",\"@graph\":[{\"@type\":\"Article\",\"@id\":\"https:\/\/constantinianorder.com\/emilia-romagna-attivita-recenti-a-piacenza-e-ferrara\/#article\",\"isPartOf\":{\"@id\":\"https:\/\/constantinianorder.com\/emilia-romagna-attivita-recenti-a-piacenza-e-ferrara\/\"},\"author\":{\"name\":\"admin\",\"@id\":\"https:\/\/constantinianorder.com\/#\/schema\/person\/493f3b1475d575dcddda4ec923772c66\"},\"headline\":\"EMILIA ROMAGNA: ACTIVIDADES RECIENTES EN FERRARA Y PIACENZA\",\"datePublished\":\"2023-04-03T17:16:06+00:00\",\"dateModified\":\"2025-10-21T10:45:05+00:00\",\"mainEntityOfPage\":{\"@id\":\"https:\/\/constantinianorder.com\/emilia-romagna-attivita-recenti-a-piacenza-e-ferrara\/\"},\"wordCount\":434,\"publisher\":{\"@id\":\"https:\/\/constantinianorder.com\/#organization\"},\"image\":{\"@id\":\"https:\/\/constantinianorder.com\/emilia-romagna-attivita-recenti-a-piacenza-e-ferrara\/#primaryimage\"},\"thumbnailUrl\":\"https:\/\/constantinianorder.com\/wp-content\/uploads\/2023\/04\/IMG-8985-1024x768.jpg\",\"articleSection\":[\"Delegaci\u00f3n de l\u2019Emilia Romagna\"],\"inLanguage\":\"es\"},{\"@type\":\"WebPage\",\"@id\":\"https:\/\/constantinianorder.com\/emilia-romagna-attivita-recenti-a-piacenza-e-ferrara\/\",\"url\":\"https:\/\/constantinianorder.com\/emilia-romagna-attivita-recenti-a-piacenza-e-ferrara\/\",\"name\":\"EMILIA ROMAGNA: ACTIVIDADES RECIENTES EN FERRARA Y PIACENZA - Sacro Militare Ordine Costantiniano di San Giorgio\",\"isPartOf\":{\"@id\":\"https:\/\/constantinianorder.com\/#website\"},\"primaryImageOfPage\":{\"@id\":\"https:\/\/constantinianorder.com\/emilia-romagna-attivita-recenti-a-piacenza-e-ferrara\/#primaryimage\"},\"image\":{\"@id\":\"https:\/\/constantinianorder.com\/emilia-romagna-attivita-recenti-a-piacenza-e-ferrara\/#primaryimage\"},\"thumbnailUrl\":\"https:\/\/constantinianorder.com\/wp-content\/uploads\/2023\/04\/IMG-8985-1024x768.jpg\",\"datePublished\":\"2023-04-03T17:16:06+00:00\",\"dateModified\":\"2025-10-21T10:45:05+00:00\",\"breadcrumb\":{\"@id\":\"https:\/\/constantinianorder.com\/emilia-romagna-attivita-recenti-a-piacenza-e-ferrara\/#breadcrumb\"},\"inLanguage\":\"es\",\"potentialAction\":[{\"@type\":\"ReadAction\",\"target\":[\"https:\/\/constantinianorder.com\/emilia-romagna-attivita-recenti-a-piacenza-e-ferrara\/\"]}]},{\"@type\":\"ImageObject\",\"inLanguage\":\"es\",\"@id\":\"https:\/\/constantinianorder.com\/emilia-romagna-attivita-recenti-a-piacenza-e-ferrara\/#primaryimage\",\"url\":\"https:\/\/constantinianorder.com\/wp-content\/uploads\/2023\/04\/IMG-8985-1024x768.jpg\",\"contentUrl\":\"https:\/\/constantinianorder.com\/wp-content\/uploads\/2023\/04\/IMG-8985-1024x768.jpg\"},{\"@type\":\"BreadcrumbList\",\"@id\":\"https:\/\/constantinianorder.com\/emilia-romagna-attivita-recenti-a-piacenza-e-ferrara\/#breadcrumb\",\"itemListElement\":[{\"@type\":\"ListItem\",\"position\":1,\"name\":\"Home\",\"item\":\"https:\/\/constantinianorder.com\/en\/\"},{\"@type\":\"ListItem\",\"position\":2,\"name\":\"EMILIA ROMAGNA: ACTIVIDADES RECIENTES EN FERRARA Y PIACENZA\"}]},{\"@type\":\"WebSite\",\"@id\":\"https:\/\/constantinianorder.com\/#website\",\"url\":\"https:\/\/constantinianorder.com\/\",\"name\":\"Sacro Militare Ordine Costantiniano di San Giorgio\",\"description\":\"Ordine Ufficiale\",\"publisher\":{\"@id\":\"https:\/\/constantinianorder.com\/#organization\"},\"potentialAction\":[{\"@type\":\"SearchAction\",\"target\":{\"@type\":\"EntryPoint\",\"urlTemplate\":\"https:\/\/constantinianorder.com\/?s={search_term_string}\"},\"query-input\":{\"@type\":\"PropertyValueSpecification\",\"valueRequired\":true,\"valueName\":\"search_term_string\"}}],\"inLanguage\":\"es\"},{\"@type\":\"Organization\",\"@id\":\"https:\/\/constantinianorder.com\/#organization\",\"name\":\"Sacro Militare Ordine Costantiniano di San Giorgio\",\"url\":\"https:\/\/constantinianorder.com\/\",\"logo\":{\"@type\":\"ImageObject\",\"inLanguage\":\"es\",\"@id\":\"https:\/\/constantinianorder.com\/#\/schema\/logo\/image\/\",\"url\":\"https:\/\/constantinianorder.com\/wp-content\/uploads\/2025\/10\/cropped-logo-costantiniano.png\",\"contentUrl\":\"https:\/\/constantinianorder.com\/wp-content\/uploads\/2025\/10\/cropped-logo-costantiniano.png\",\"width\":512,\"height\":512,\"caption\":\"Sacro Militare Ordine Costantiniano di San Giorgio\"},\"image\":{\"@id\":\"https:\/\/constantinianorder.com\/#\/schema\/logo\/image\/\"},\"sameAs\":[\"https:\/\/www.facebook.com\/constantinianorder\",\"https:\/\/www.instagram.com\/constantinianorder\/\",\"https:\/\/www.youtube.com\/@granmagisterodelsacromilit9375\"]},{\"@type\":\"Person\",\"@id\":\"https:\/\/constantinianorder.com\/#\/schema\/person\/493f3b1475d575dcddda4ec923772c66\",\"name\":\"admin\",\"sameAs\":[\"https:\/\/constantinianorder.com\"],\"url\":\"https:\/\/constantinianorder.com\/es\/author\/domain_jlukbpo7\/\"}]}<\/script>\n<!-- \/ Yoast SEO plugin. -->","yoast_head_json":{"title":"EMILIA ROMAGNA: ACTIVIDADES RECIENTES EN FERRARA Y PIACENZA - Sacro Militare Ordine Costantiniano di San Giorgio","robots":{"index":"index","follow":"follow","max-snippet":"max-snippet:-1","max-image-preview":"max-image-preview:large","max-video-preview":"max-video-preview:-1"},"canonical":"https:\/\/constantinianorder.com\/emilia-romagna-attivita-recenti-a-piacenza-e-ferrara\/","og_locale":"es_ES","og_type":"article","og_title":"EMILIA ROMAGNA: ACTIVIDADES RECIENTES EN FERRARA Y PIACENZA - Sacro Militare Ordine Costantiniano di San Giorgio","og_description":"Piacenza, 1 de abril &#8211; En ocasi\u00f3n de la Santa Pascua, las Damas y Caballeros de la Delegaci\u00f3n Emilia Romagna &#8211; Piacenza se reunieron en la Biblioteca del convento de los frailes franciscanos de Santa Maria de Campagna para donar m\u00e1s de cien bolsos (con el s\u00edmbolo de la Orden) que llevaban dentro comida para [&hellip;]","og_url":"https:\/\/constantinianorder.com\/emilia-romagna-attivita-recenti-a-piacenza-e-ferrara\/","og_site_name":"Sacro Militare Ordine Costantiniano di San Giorgio","article_publisher":"https:\/\/www.facebook.com\/constantinianorder","article_published_time":"2023-04-03T17:16:06+00:00","article_modified_time":"2025-10-21T10:45:05+00:00","og_image":[{"width":1920,"height":1440,"url":"https:\/\/constantinianorder.com\/wp-content\/uploads\/2023\/04\/IMG-8985-scaled-1.webp","type":"image\/webp"}],"author":"admin","twitter_card":"summary_large_image","twitter_misc":{"Escrito por":"admin","Tiempo de lectura":"2 minutos"},"schema":{"@context":"https:\/\/schema.org","@graph":[{"@type":"Article","@id":"https:\/\/constantinianorder.com\/emilia-romagna-attivita-recenti-a-piacenza-e-ferrara\/#article","isPartOf":{"@id":"https:\/\/constantinianorder.com\/emilia-romagna-attivita-recenti-a-piacenza-e-ferrara\/"},"author":{"name":"admin","@id":"https:\/\/constantinianorder.com\/#\/schema\/person\/493f3b1475d575dcddda4ec923772c66"},"headline":"EMILIA ROMAGNA: ACTIVIDADES RECIENTES EN FERRARA Y PIACENZA","datePublished":"2023-04-03T17:16:06+00:00","dateModified":"2025-10-21T10:45:05+00:00","mainEntityOfPage":{"@id":"https:\/\/constantinianorder.com\/emilia-romagna-attivita-recenti-a-piacenza-e-ferrara\/"},"wordCount":434,"publisher":{"@id":"https:\/\/constantinianorder.com\/#organization"},"image":{"@id":"https:\/\/constantinianorder.com\/emilia-romagna-attivita-recenti-a-piacenza-e-ferrara\/#primaryimage"},"thumbnailUrl":"https:\/\/constantinianorder.com\/wp-content\/uploads\/2023\/04\/IMG-8985-1024x768.jpg","articleSection":["Delegaci\u00f3n de l\u2019Emilia Romagna"],"inLanguage":"es"},{"@type":"WebPage","@id":"https:\/\/constantinianorder.com\/emilia-romagna-attivita-recenti-a-piacenza-e-ferrara\/","url":"https:\/\/constantinianorder.com\/emilia-romagna-attivita-recenti-a-piacenza-e-ferrara\/","name":"EMILIA ROMAGNA: ACTIVIDADES RECIENTES EN FERRARA Y PIACENZA - Sacro Militare Ordine Costantiniano di San Giorgio","isPartOf":{"@id":"https:\/\/constantinianorder.com\/#website"},"primaryImageOfPage":{"@id":"https:\/\/constantinianorder.com\/emilia-romagna-attivita-recenti-a-piacenza-e-ferrara\/#primaryimage"},"image":{"@id":"https:\/\/constantinianorder.com\/emilia-romagna-attivita-recenti-a-piacenza-e-ferrara\/#primaryimage"},"thumbnailUrl":"https:\/\/constantinianorder.com\/wp-content\/uploads\/2023\/04\/IMG-8985-1024x768.jpg","datePublished":"2023-04-03T17:16:06+00:00","dateModified":"2025-10-21T10:45:05+00:00","breadcrumb":{"@id":"https:\/\/constantinianorder.com\/emilia-romagna-attivita-recenti-a-piacenza-e-ferrara\/#breadcrumb"},"inLanguage":"es","potentialAction":[{"@type":"ReadAction","target":["https:\/\/constantinianorder.com\/emilia-romagna-attivita-recenti-a-piacenza-e-ferrara\/"]}]},{"@type":"ImageObject","inLanguage":"es","@id":"https:\/\/constantinianorder.com\/emilia-romagna-attivita-recenti-a-piacenza-e-ferrara\/#primaryimage","url":"https:\/\/constantinianorder.com\/wp-content\/uploads\/2023\/04\/IMG-8985-1024x768.jpg","contentUrl":"https:\/\/constantinianorder.com\/wp-content\/uploads\/2023\/04\/IMG-8985-1024x768.jpg"},{"@type":"BreadcrumbList","@id":"https:\/\/constantinianorder.com\/emilia-romagna-attivita-recenti-a-piacenza-e-ferrara\/#breadcrumb","itemListElement":[{"@type":"ListItem","position":1,"name":"Home","item":"https:\/\/constantinianorder.com\/en\/"},{"@type":"ListItem","position":2,"name":"EMILIA ROMAGNA: ACTIVIDADES RECIENTES EN FERRARA Y PIACENZA"}]},{"@type":"WebSite","@id":"https:\/\/constantinianorder.com\/#website","url":"https:\/\/constantinianorder.com\/","name":"Sacro Militare Ordine Costantiniano di San Giorgio","description":"Ordine Ufficiale","publisher":{"@id":"https:\/\/constantinianorder.com\/#organization"},"potentialAction":[{"@type":"SearchAction","target":{"@type":"EntryPoint","urlTemplate":"https:\/\/constantinianorder.com\/?s={search_term_string}"},"query-input":{"@type":"PropertyValueSpecification","valueRequired":true,"valueName":"search_term_string"}}],"inLanguage":"es"},{"@type":"Organization","@id":"https:\/\/constantinianorder.com\/#organization","name":"Sacro Militare Ordine Costantiniano di San Giorgio","url":"https:\/\/constantinianorder.com\/","logo":{"@type":"ImageObject","inLanguage":"es","@id":"https:\/\/constantinianorder.com\/#\/schema\/logo\/image\/","url":"https:\/\/constantinianorder.com\/wp-content\/uploads\/2025\/10\/cropped-logo-costantiniano.png","contentUrl":"https:\/\/constantinianorder.com\/wp-content\/uploads\/2025\/10\/cropped-logo-costantiniano.png","width":512,"height":512,"caption":"Sacro Militare Ordine Costantiniano di San Giorgio"},"image":{"@id":"https:\/\/constantinianorder.com\/#\/schema\/logo\/image\/"},"sameAs":["https:\/\/www.facebook.com\/constantinianorder","https:\/\/www.instagram.com\/constantinianorder\/","https:\/\/www.youtube.com\/@granmagisterodelsacromilit9375"]},{"@type":"Person","@id":"https:\/\/constantinianorder.com\/#\/schema\/person\/493f3b1475d575dcddda4ec923772c66","name":"admin","sameAs":["https:\/\/constantinianorder.com"],"url":"https:\/\/constantinianorder.com\/es\/author\/domain_jlukbpo7\/"}]}},"_links":{"self":[{"href":"https:\/\/constantinianorder.com\/es\/wp-json\/wp\/v2\/posts\/71632","targetHints":{"allow":["GET"]}}],"collection":[{"href":"https:\/\/constantinianorder.com\/es\/wp-json\/wp\/v2\/posts"}],"about":[{"href":"https:\/\/constantinianorder.com\/es\/wp-json\/wp\/v2\/types\/post"}],"author":[{"embeddable":true,"href":"https:\/\/constantinianorder.com\/es\/wp-json\/wp\/v2\/users\/1"}],"replies":[{"embeddable":true,"href":"https:\/\/constantinianorder.com\/es\/wp-json\/wp\/v2\/comments?post=71632"}],"version-history":[{"count":1,"href":"https:\/\/constantinianorder.com\/es\/wp-json\/wp\/v2\/posts\/71632\/revisions"}],"predecessor-version":[{"id":83827,"href":"https:\/\/constantinianorder.com\/es\/wp-json\/wp\/v2\/posts\/71632\/revisions\/83827"}],"wp:attachment":[{"href":"https:\/\/constantinianorder.com\/es\/wp-json\/wp\/v2\/media?parent=71632"}],"wp:term":[{"taxonomy":"category","embeddable":true,"href":"https:\/\/constantinianorder.com\/es\/wp-json\/wp\/v2\/categories?post=71632"},{"taxonomy":"post_tag","embeddable":true,"href":"https:\/\/constantinianorder.com\/es\/wp-json\/wp\/v2\/tags?post=71632"}],"curies":[{"name":"wp","href":"https:\/\/api.w.org\/{rel}","templated":true}]}}