{"id":71377,"date":"2022-12-09T12:01:39","date_gmt":"2022-12-09T12:01:39","guid":{"rendered":"https:\/\/constantinianorder.net\/austria-cerimonia-di-investitura-a-vienna\/"},"modified":"2025-10-21T15:22:52","modified_gmt":"2025-10-21T15:22:52","slug":"austria-ceremonia-de-investidura-en-viena","status":"publish","type":"post","link":"https:\/\/constantinianorder.com\/es\/austria-ceremonia-de-investidura-en-viena\/","title":{"rendered":"AUSTRIA: CEREMONIA DE INVESTIDURA EN VIENA"},"content":{"rendered":"\n<ul class=\"wp-block-gallery columns-3 is-cropped wp-block-gallery-1 is-layout-flex wp-block-gallery-is-layout-flex\"><li class=\"blocks-gallery-item\"><figure><img decoding=\"async\" src=\"https:\/\/constantinianorder.com\/wp-content\/uploads\/2022\/12\/Bild-19-Liturgie-1024x768.jpg\" alt=\"\" data-id=\"69439\" data-link=\"https:\/\/export.constantinianorder.net\/?attachment_id=69439\" class=\"wp-image-69439\"\/><\/figure><\/li><li class=\"blocks-gallery-item\"><figure><img decoding=\"async\" src=\"https:\/\/constantinianorder.com\/wp-content\/uploads\/2022\/12\/Bild-20-768x1024.jpg\" alt=\"\" data-id=\"69443\" data-link=\"https:\/\/export.constantinianorder.net\/?attachment_id=69443\" class=\"wp-image-69443\"\/><\/figure><\/li><li class=\"blocks-gallery-item\"><figure><img decoding=\"async\" src=\"https:\/\/constantinianorder.com\/wp-content\/uploads\/2022\/12\/Bild-21-gesamt-1024x768.jpg\" alt=\"\" data-id=\"69447\" data-link=\"https:\/\/export.constantinianorder.net\/?attachment_id=69447\" class=\"wp-image-69447\"\/><\/figure><\/li><li class=\"blocks-gallery-item\"><figure><img decoding=\"async\" src=\"https:\/\/constantinianorder.com\/wp-content\/uploads\/2022\/12\/Bild-30-Club-1024x768.jpg\" alt=\"\" data-id=\"69451\" data-link=\"https:\/\/export.constantinianorder.net\/?attachment_id=69451\" class=\"wp-image-69451\"\/><\/figure><\/li><li class=\"blocks-gallery-item\"><figure><img decoding=\"async\" src=\"https:\/\/constantinianorder.com\/wp-content\/uploads\/2022\/12\/Bild-3-768x1024.jpg\" alt=\"\" data-id=\"69455\" data-link=\"https:\/\/export.constantinianorder.net\/?attachment_id=69455\" class=\"wp-image-69455\"\/><\/figure><\/li><li class=\"blocks-gallery-item\"><figure><img decoding=\"async\" src=\"https:\/\/constantinianorder.com\/wp-content\/uploads\/2022\/12\/Bild-4-768x1024.jpg\" alt=\"\" data-id=\"69459\" data-link=\"https:\/\/export.constantinianorder.net\/?attachment_id=69459\" class=\"wp-image-69459\"\/><\/figure><\/li><li class=\"blocks-gallery-item\"><figure><img decoding=\"async\" src=\"https:\/\/constantinianorder.com\/wp-content\/uploads\/2022\/12\/Bild-7-768x1024.jpg\" alt=\"\" data-id=\"69463\" data-link=\"https:\/\/export.constantinianorder.net\/?attachment_id=69463\" class=\"wp-image-69463\"\/><\/figure><\/li><li class=\"blocks-gallery-item\"><figure><img decoding=\"async\" src=\"https:\/\/constantinianorder.com\/wp-content\/uploads\/2022\/12\/Bild-8-768x1024.jpg\" alt=\"\" data-id=\"69467\" data-link=\"https:\/\/export.constantinianorder.net\/?attachment_id=69467\" class=\"wp-image-69467\"\/><\/figure><\/li><li class=\"blocks-gallery-item\"><figure><img decoding=\"async\" src=\"https:\/\/constantinianorder.com\/wp-content\/uploads\/2022\/12\/Bild-10-768x1024.jpg\" alt=\"\" data-id=\"69471\" data-link=\"https:\/\/export.constantinianorder.net\/?attachment_id=69471\" class=\"wp-image-69471\"\/><\/figure><\/li><li class=\"blocks-gallery-item\"><figure><img decoding=\"async\" src=\"https:\/\/constantinianorder.com\/wp-content\/uploads\/2022\/12\/Bild-18-1024x768.jpg\" alt=\"\" data-id=\"69475\" data-link=\"https:\/\/export.constantinianorder.net\/?attachment_id=69475\" class=\"wp-image-69475\"\/><\/figure><\/li><\/ul>\n\n\n\n<p>El viernes 2 de diciembre en Viena, en la magn\u00edfica bas\u00edlica \u00abZu den Neun Ch\u00f6ren der Engel, Am Hof\u00bb, se celebr\u00f3 la ceremonia de investidura de ilustres Dams y Caballeros.<\/p>\n\n\n\n<p>La celebraci\u00f3n solemne fue presidida por S.E. Mons. Alois Schwarz, Obispo de St. P\u00f6lten, ayudado por Richard Hansl y el di\u00e1cono Lukas Albert. El Obispo bendijo las insignias constantinianas en nombre del Gran Prior, mientras que el Delegado Vicario, el Abogado Alexander Rudolf Babinek junto con S.A.R. el Pr\u00edncipe Viktor Thurn und Taxi y el Comm. Wolfgang Breitenthaler-Breitenthal, entreg\u00f3 los diplomas a las nuevas Damas y Caballeros.<\/p>\n\n\n\n<p>Entre las numerosas Damas y Caballeros que recibieron la investidura estaba S.A.R. la Archiduquesa Maria Camilla d\u2019Asburgo-Lorena. Adem\u00e1s, en esta ocasi\u00f3n se entregaron promociones y la Real Orden de Francisco I. El Obispo presidi\u00f3 la ceremonia de las Investiduras y celebr\u00f3 la Eucarist\u00eda, tal y como estipulaba el ritual oficial de la Orden Constantiniana.<\/p>\n\n\n\n<p>En la ceremonia participaron tambi\u00e9n Autoridades Eclesi\u00e1sticas, Civiles y Militares y se agradecieron la representancia de honor K.\u00d6.St.V. K\u00fcrnberg Wien y la Asociaci\u00f3n de estudiantes cat\u00f3licos.  <\/p>\n\n\n\n<p>A finales de la ceremonia se dio una recepci\u00f3n y se celebr\u00f3 una cena de gala en el C\u00edrculo Wiener Renn-Verein. <\/p>\n","protected":false},"excerpt":{"rendered":"<p>El viernes 2 de diciembre en Viena, en la magn\u00edfica bas\u00edlica \u00abZu den Neun Ch\u00f6ren der Engel, Am Hof\u00bb, se celebr\u00f3 la ceremonia de investidura de ilustres Dams y Caballeros. La celebraci\u00f3n solemne fue presidida por S.E. Mons. Alois Schwarz, Obispo de St. P\u00f6lten, ayudado por Richard Hansl y el di\u00e1cono Lukas Albert. El Obispo [&hellip;]<\/p>\n","protected":false},"author":1,"featured_media":0,"comment_status":"closed","ping_status":"closed","sticky":false,"template":"","format":"standard","meta":{"footnotes":""},"categories":[194],"tags":[],"class_list":["post-71377","post","type-post","status-publish","format-standard","hentry","category-delegacion-de-austria"],"yoast_head":"<!-- This site is optimized with the Yoast SEO plugin v26.5 - https:\/\/yoast.com\/wordpress\/plugins\/seo\/ -->\n<title>AUSTRIA: CEREMONIA DE INVESTIDURA EN VIENA - Sacro Militare Ordine Costantiniano di San Giorgio<\/title>\n<meta name=\"robots\" content=\"index, follow, max-snippet:-1, max-image-preview:large, max-video-preview:-1\" \/>\n<link rel=\"canonical\" href=\"https:\/\/constantinianorder.com\/austria-cerimonia-di-investitura-a-vienna\/\" \/>\n<meta property=\"og:locale\" content=\"es_ES\" \/>\n<meta property=\"og:type\" content=\"article\" \/>\n<meta property=\"og:title\" content=\"AUSTRIA: CEREMONIA DE INVESTIDURA EN VIENA - Sacro Militare Ordine Costantiniano di San Giorgio\" \/>\n<meta property=\"og:description\" content=\"El viernes 2 de diciembre en Viena, en la magn\u00edfica bas\u00edlica \u00abZu den Neun Ch\u00f6ren der Engel, Am Hof\u00bb, se celebr\u00f3 la ceremonia de investidura de ilustres Dams y Caballeros. La celebraci\u00f3n solemne fue presidida por S.E. Mons. Alois Schwarz, Obispo de St. P\u00f6lten, ayudado por Richard Hansl y el di\u00e1cono Lukas Albert. El Obispo [&hellip;]\" \/>\n<meta property=\"og:url\" content=\"https:\/\/constantinianorder.com\/austria-cerimonia-di-investitura-a-vienna\/\" \/>\n<meta property=\"og:site_name\" content=\"Sacro Militare Ordine Costantiniano di San Giorgio\" \/>\n<meta property=\"article:publisher\" content=\"https:\/\/www.facebook.com\/constantinianorder\" \/>\n<meta property=\"article:published_time\" content=\"2022-12-09T12:01:39+00:00\" \/>\n<meta property=\"article:modified_time\" content=\"2025-10-21T15:22:52+00:00\" \/>\n<meta property=\"og:image\" content=\"https:\/\/constantinianorder.com\/wp-content\/uploads\/2022\/12\/Bild-19-Liturgie.webp\" \/>\n\t<meta property=\"og:image:width\" content=\"1024\" \/>\n\t<meta property=\"og:image:height\" content=\"768\" \/>\n\t<meta property=\"og:image:type\" content=\"image\/webp\" \/>\n<meta name=\"author\" content=\"admin\" \/>\n<meta name=\"twitter:card\" content=\"summary_large_image\" \/>\n<meta name=\"twitter:label1\" content=\"Escrito por\" \/>\n\t<meta name=\"twitter:data1\" content=\"admin\" \/>\n\t<meta name=\"twitter:label2\" content=\"Tiempo de lectura\" \/>\n\t<meta name=\"twitter:data2\" content=\"1 minuto\" \/>\n<script type=\"application\/ld+json\" class=\"yoast-schema-graph\">{\"@context\":\"https:\/\/schema.org\",\"@graph\":[{\"@type\":\"Article\",\"@id\":\"https:\/\/constantinianorder.com\/austria-cerimonia-di-investitura-a-vienna\/#article\",\"isPartOf\":{\"@id\":\"https:\/\/constantinianorder.com\/austria-cerimonia-di-investitura-a-vienna\/\"},\"author\":{\"name\":\"admin\",\"@id\":\"https:\/\/constantinianorder.com\/#\/schema\/person\/493f3b1475d575dcddda4ec923772c66\"},\"headline\":\"AUSTRIA: CEREMONIA DE INVESTIDURA EN VIENA\",\"datePublished\":\"2022-12-09T12:01:39+00:00\",\"dateModified\":\"2025-10-21T15:22:52+00:00\",\"mainEntityOfPage\":{\"@id\":\"https:\/\/constantinianorder.com\/austria-cerimonia-di-investitura-a-vienna\/\"},\"wordCount\":228,\"publisher\":{\"@id\":\"https:\/\/constantinianorder.com\/#organization\"},\"image\":{\"@id\":\"https:\/\/constantinianorder.com\/austria-cerimonia-di-investitura-a-vienna\/#primaryimage\"},\"thumbnailUrl\":\"https:\/\/constantinianorder.com\/wp-content\/uploads\/2022\/12\/Bild-19-Liturgie-1024x768.jpg\",\"articleSection\":[\"Delegaci\u00f3n de Austria\"],\"inLanguage\":\"es\"},{\"@type\":\"WebPage\",\"@id\":\"https:\/\/constantinianorder.com\/austria-cerimonia-di-investitura-a-vienna\/\",\"url\":\"https:\/\/constantinianorder.com\/austria-cerimonia-di-investitura-a-vienna\/\",\"name\":\"AUSTRIA: CEREMONIA DE INVESTIDURA EN VIENA - Sacro Militare Ordine Costantiniano di San Giorgio\",\"isPartOf\":{\"@id\":\"https:\/\/constantinianorder.com\/#website\"},\"primaryImageOfPage\":{\"@id\":\"https:\/\/constantinianorder.com\/austria-cerimonia-di-investitura-a-vienna\/#primaryimage\"},\"image\":{\"@id\":\"https:\/\/constantinianorder.com\/austria-cerimonia-di-investitura-a-vienna\/#primaryimage\"},\"thumbnailUrl\":\"https:\/\/constantinianorder.com\/wp-content\/uploads\/2022\/12\/Bild-19-Liturgie-1024x768.jpg\",\"datePublished\":\"2022-12-09T12:01:39+00:00\",\"dateModified\":\"2025-10-21T15:22:52+00:00\",\"breadcrumb\":{\"@id\":\"https:\/\/constantinianorder.com\/austria-cerimonia-di-investitura-a-vienna\/#breadcrumb\"},\"inLanguage\":\"es\",\"potentialAction\":[{\"@type\":\"ReadAction\",\"target\":[\"https:\/\/constantinianorder.com\/austria-cerimonia-di-investitura-a-vienna\/\"]}]},{\"@type\":\"ImageObject\",\"inLanguage\":\"es\",\"@id\":\"https:\/\/constantinianorder.com\/austria-cerimonia-di-investitura-a-vienna\/#primaryimage\",\"url\":\"https:\/\/constantinianorder.com\/wp-content\/uploads\/2022\/12\/Bild-19-Liturgie-1024x768.jpg\",\"contentUrl\":\"https:\/\/constantinianorder.com\/wp-content\/uploads\/2022\/12\/Bild-19-Liturgie-1024x768.jpg\"},{\"@type\":\"BreadcrumbList\",\"@id\":\"https:\/\/constantinianorder.com\/austria-cerimonia-di-investitura-a-vienna\/#breadcrumb\",\"itemListElement\":[{\"@type\":\"ListItem\",\"position\":1,\"name\":\"Home\",\"item\":\"https:\/\/constantinianorder.com\/en\/\"},{\"@type\":\"ListItem\",\"position\":2,\"name\":\"AUSTRIA: CEREMONIA DE INVESTIDURA EN VIENA\"}]},{\"@type\":\"WebSite\",\"@id\":\"https:\/\/constantinianorder.com\/#website\",\"url\":\"https:\/\/constantinianorder.com\/\",\"name\":\"Sacro Militare Ordine Costantiniano di San Giorgio\",\"description\":\"Ordine Ufficiale\",\"publisher\":{\"@id\":\"https:\/\/constantinianorder.com\/#organization\"},\"potentialAction\":[{\"@type\":\"SearchAction\",\"target\":{\"@type\":\"EntryPoint\",\"urlTemplate\":\"https:\/\/constantinianorder.com\/?s={search_term_string}\"},\"query-input\":{\"@type\":\"PropertyValueSpecification\",\"valueRequired\":true,\"valueName\":\"search_term_string\"}}],\"inLanguage\":\"es\"},{\"@type\":\"Organization\",\"@id\":\"https:\/\/constantinianorder.com\/#organization\",\"name\":\"Sacro Militare Ordine Costantiniano di San Giorgio\",\"url\":\"https:\/\/constantinianorder.com\/\",\"logo\":{\"@type\":\"ImageObject\",\"inLanguage\":\"es\",\"@id\":\"https:\/\/constantinianorder.com\/#\/schema\/logo\/image\/\",\"url\":\"https:\/\/constantinianorder.com\/wp-content\/uploads\/2025\/10\/cropped-logo-costantiniano.png\",\"contentUrl\":\"https:\/\/constantinianorder.com\/wp-content\/uploads\/2025\/10\/cropped-logo-costantiniano.png\",\"width\":512,\"height\":512,\"caption\":\"Sacro Militare Ordine Costantiniano di San Giorgio\"},\"image\":{\"@id\":\"https:\/\/constantinianorder.com\/#\/schema\/logo\/image\/\"},\"sameAs\":[\"https:\/\/www.facebook.com\/constantinianorder\",\"https:\/\/www.instagram.com\/constantinianorder\/\",\"https:\/\/www.youtube.com\/@granmagisterodelsacromilit9375\"]},{\"@type\":\"Person\",\"@id\":\"https:\/\/constantinianorder.com\/#\/schema\/person\/493f3b1475d575dcddda4ec923772c66\",\"name\":\"admin\",\"sameAs\":[\"https:\/\/constantinianorder.com\"],\"url\":\"https:\/\/constantinianorder.com\/es\/author\/domain_jlukbpo7\/\"}]}<\/script>\n<!-- \/ Yoast SEO plugin. -->","yoast_head_json":{"title":"AUSTRIA: CEREMONIA DE INVESTIDURA EN VIENA - Sacro Militare Ordine Costantiniano di San Giorgio","robots":{"index":"index","follow":"follow","max-snippet":"max-snippet:-1","max-image-preview":"max-image-preview:large","max-video-preview":"max-video-preview:-1"},"canonical":"https:\/\/constantinianorder.com\/austria-cerimonia-di-investitura-a-vienna\/","og_locale":"es_ES","og_type":"article","og_title":"AUSTRIA: CEREMONIA DE INVESTIDURA EN VIENA - Sacro Militare Ordine Costantiniano di San Giorgio","og_description":"El viernes 2 de diciembre en Viena, en la magn\u00edfica bas\u00edlica \u00abZu den Neun Ch\u00f6ren der Engel, Am Hof\u00bb, se celebr\u00f3 la ceremonia de investidura de ilustres Dams y Caballeros. La celebraci\u00f3n solemne fue presidida por S.E. Mons. Alois Schwarz, Obispo de St. P\u00f6lten, ayudado por Richard Hansl y el di\u00e1cono Lukas Albert. El Obispo [&hellip;]","og_url":"https:\/\/constantinianorder.com\/austria-cerimonia-di-investitura-a-vienna\/","og_site_name":"Sacro Militare Ordine Costantiniano di San Giorgio","article_publisher":"https:\/\/www.facebook.com\/constantinianorder","article_published_time":"2022-12-09T12:01:39+00:00","article_modified_time":"2025-10-21T15:22:52+00:00","og_image":[{"width":1024,"height":768,"url":"https:\/\/constantinianorder.com\/wp-content\/uploads\/2022\/12\/Bild-19-Liturgie.webp","type":"image\/webp"}],"author":"admin","twitter_card":"summary_large_image","twitter_misc":{"Escrito por":"admin","Tiempo de lectura":"1 minuto"},"schema":{"@context":"https:\/\/schema.org","@graph":[{"@type":"Article","@id":"https:\/\/constantinianorder.com\/austria-cerimonia-di-investitura-a-vienna\/#article","isPartOf":{"@id":"https:\/\/constantinianorder.com\/austria-cerimonia-di-investitura-a-vienna\/"},"author":{"name":"admin","@id":"https:\/\/constantinianorder.com\/#\/schema\/person\/493f3b1475d575dcddda4ec923772c66"},"headline":"AUSTRIA: CEREMONIA DE INVESTIDURA EN VIENA","datePublished":"2022-12-09T12:01:39+00:00","dateModified":"2025-10-21T15:22:52+00:00","mainEntityOfPage":{"@id":"https:\/\/constantinianorder.com\/austria-cerimonia-di-investitura-a-vienna\/"},"wordCount":228,"publisher":{"@id":"https:\/\/constantinianorder.com\/#organization"},"image":{"@id":"https:\/\/constantinianorder.com\/austria-cerimonia-di-investitura-a-vienna\/#primaryimage"},"thumbnailUrl":"https:\/\/constantinianorder.com\/wp-content\/uploads\/2022\/12\/Bild-19-Liturgie-1024x768.jpg","articleSection":["Delegaci\u00f3n de Austria"],"inLanguage":"es"},{"@type":"WebPage","@id":"https:\/\/constantinianorder.com\/austria-cerimonia-di-investitura-a-vienna\/","url":"https:\/\/constantinianorder.com\/austria-cerimonia-di-investitura-a-vienna\/","name":"AUSTRIA: CEREMONIA DE INVESTIDURA EN VIENA - Sacro Militare Ordine Costantiniano di San Giorgio","isPartOf":{"@id":"https:\/\/constantinianorder.com\/#website"},"primaryImageOfPage":{"@id":"https:\/\/constantinianorder.com\/austria-cerimonia-di-investitura-a-vienna\/#primaryimage"},"image":{"@id":"https:\/\/constantinianorder.com\/austria-cerimonia-di-investitura-a-vienna\/#primaryimage"},"thumbnailUrl":"https:\/\/constantinianorder.com\/wp-content\/uploads\/2022\/12\/Bild-19-Liturgie-1024x768.jpg","datePublished":"2022-12-09T12:01:39+00:00","dateModified":"2025-10-21T15:22:52+00:00","breadcrumb":{"@id":"https:\/\/constantinianorder.com\/austria-cerimonia-di-investitura-a-vienna\/#breadcrumb"},"inLanguage":"es","potentialAction":[{"@type":"ReadAction","target":["https:\/\/constantinianorder.com\/austria-cerimonia-di-investitura-a-vienna\/"]}]},{"@type":"ImageObject","inLanguage":"es","@id":"https:\/\/constantinianorder.com\/austria-cerimonia-di-investitura-a-vienna\/#primaryimage","url":"https:\/\/constantinianorder.com\/wp-content\/uploads\/2022\/12\/Bild-19-Liturgie-1024x768.jpg","contentUrl":"https:\/\/constantinianorder.com\/wp-content\/uploads\/2022\/12\/Bild-19-Liturgie-1024x768.jpg"},{"@type":"BreadcrumbList","@id":"https:\/\/constantinianorder.com\/austria-cerimonia-di-investitura-a-vienna\/#breadcrumb","itemListElement":[{"@type":"ListItem","position":1,"name":"Home","item":"https:\/\/constantinianorder.com\/en\/"},{"@type":"ListItem","position":2,"name":"AUSTRIA: CEREMONIA DE INVESTIDURA EN VIENA"}]},{"@type":"WebSite","@id":"https:\/\/constantinianorder.com\/#website","url":"https:\/\/constantinianorder.com\/","name":"Sacro Militare Ordine Costantiniano di San Giorgio","description":"Ordine Ufficiale","publisher":{"@id":"https:\/\/constantinianorder.com\/#organization"},"potentialAction":[{"@type":"SearchAction","target":{"@type":"EntryPoint","urlTemplate":"https:\/\/constantinianorder.com\/?s={search_term_string}"},"query-input":{"@type":"PropertyValueSpecification","valueRequired":true,"valueName":"search_term_string"}}],"inLanguage":"es"},{"@type":"Organization","@id":"https:\/\/constantinianorder.com\/#organization","name":"Sacro Militare Ordine Costantiniano di San Giorgio","url":"https:\/\/constantinianorder.com\/","logo":{"@type":"ImageObject","inLanguage":"es","@id":"https:\/\/constantinianorder.com\/#\/schema\/logo\/image\/","url":"https:\/\/constantinianorder.com\/wp-content\/uploads\/2025\/10\/cropped-logo-costantiniano.png","contentUrl":"https:\/\/constantinianorder.com\/wp-content\/uploads\/2025\/10\/cropped-logo-costantiniano.png","width":512,"height":512,"caption":"Sacro Militare Ordine Costantiniano di San Giorgio"},"image":{"@id":"https:\/\/constantinianorder.com\/#\/schema\/logo\/image\/"},"sameAs":["https:\/\/www.facebook.com\/constantinianorder","https:\/\/www.instagram.com\/constantinianorder\/","https:\/\/www.youtube.com\/@granmagisterodelsacromilit9375"]},{"@type":"Person","@id":"https:\/\/constantinianorder.com\/#\/schema\/person\/493f3b1475d575dcddda4ec923772c66","name":"admin","sameAs":["https:\/\/constantinianorder.com"],"url":"https:\/\/constantinianorder.com\/es\/author\/domain_jlukbpo7\/"}]}},"_links":{"self":[{"href":"https:\/\/constantinianorder.com\/es\/wp-json\/wp\/v2\/posts\/71377","targetHints":{"allow":["GET"]}}],"collection":[{"href":"https:\/\/constantinianorder.com\/es\/wp-json\/wp\/v2\/posts"}],"about":[{"href":"https:\/\/constantinianorder.com\/es\/wp-json\/wp\/v2\/types\/post"}],"author":[{"embeddable":true,"href":"https:\/\/constantinianorder.com\/es\/wp-json\/wp\/v2\/users\/1"}],"replies":[{"embeddable":true,"href":"https:\/\/constantinianorder.com\/es\/wp-json\/wp\/v2\/comments?post=71377"}],"version-history":[{"count":1,"href":"https:\/\/constantinianorder.com\/es\/wp-json\/wp\/v2\/posts\/71377\/revisions"}],"predecessor-version":[{"id":85782,"href":"https:\/\/constantinianorder.com\/es\/wp-json\/wp\/v2\/posts\/71377\/revisions\/85782"}],"wp:attachment":[{"href":"https:\/\/constantinianorder.com\/es\/wp-json\/wp\/v2\/media?parent=71377"}],"wp:term":[{"taxonomy":"category","embeddable":true,"href":"https:\/\/constantinianorder.com\/es\/wp-json\/wp\/v2\/categories?post=71377"},{"taxonomy":"post_tag","embeddable":true,"href":"https:\/\/constantinianorder.com\/es\/wp-json\/wp\/v2\/tags?post=71377"}],"curies":[{"name":"wp","href":"https:\/\/api.w.org\/{rel}","templated":true}]}}