{"id":66453,"date":"2021-12-04T09:40:58","date_gmt":"2021-12-04T09:40:58","guid":{"rendered":"https:\/\/constantinianorder.net\/le-attivita-di-novembre-della-delegazione-lombarda\/"},"modified":"2025-10-21T17:17:00","modified_gmt":"2025-10-21T17:17:00","slug":"le-attivita-di-novembre-della-delegazione-lombarda","status":"publish","type":"post","link":"https:\/\/constantinianorder.com\/es\/le-attivita-di-novembre-della-delegazione-lombarda\/","title":{"rendered":"LOMBARDIA: ACTIVIDADES EN NOVIEMBRE"},"content":{"rendered":"\n<figure class=\"wp-block-image\"><img fetchpriority=\"high\" decoding=\"async\" width=\"632\" height=\"623\" src=\"https:\/\/constantinianorder.com\/wp-content\/uploads\/2021\/11\/IMG-20211107-WA0004.jpg\" alt=\"\" class=\"wp-image-61320\" srcset=\"https:\/\/constantinianorder.com\/wp-content\/uploads\/2021\/11\/IMG-20211107-WA0004.jpg 632w, https:\/\/constantinianorder.com\/wp-content\/uploads\/2021\/11\/IMG-20211107-WA0004-300x296.jpg 300w\" sizes=\"(max-width: 632px) 100vw, 632px\" \/><\/figure>\n\n\n\n<p>El 7 de noviembre, se celebr\u00f3 solemnemente la fiesta del\nSanto Obispo Borromeo, al que la antigua fundaci\u00f3n est\u00e1 hist\u00f3ricamente\nvinculada e inspirada, en la iglesia de San Carlo de Brescia, en la\n\u00abFondazione Casa di Dio ONLUS\u00bb. La celebraci\u00f3n, presidida por\nMonse\u00f1or Pierantonio Bodini, Comendador de Gracia Eclesi\u00e1stico y asistente\nespiritual de la fundaci\u00f3n, cont\u00f3 con la presencia de un grupo de Caballeros de\nla Delegaci\u00f3n Lombard\u00eda. La Orden es tambi\u00e9n la guardiana del santuario\n\u00abSanta Maria del lino\u00bb, que pertenece al patrimonio religioso e\nhist\u00f3rico-art\u00edstico de la fundaci\u00f3n. Al final de la liturgia, el obispo Bodini\nrealiz\u00f3 una solemne bendici\u00f3n con una preciosa y distinguida reliquia de San\nCarlos.<\/p>\n\n\n\n<figure class=\"wp-block-image\"><img decoding=\"async\" width=\"768\" height=\"1024\" src=\"https:\/\/constantinianorder.com\/wp-content\/uploads\/2021\/11\/IMG-20211112-WA0030-768x1024.jpg\" alt=\"\" class=\"wp-image-61463\" srcset=\"https:\/\/constantinianorder.com\/wp-content\/uploads\/2021\/11\/IMG-20211112-WA0030-768x1024.jpg 768w, https:\/\/constantinianorder.com\/wp-content\/uploads\/2021\/11\/IMG-20211112-WA0030-225x300.jpg 225w, https:\/\/constantinianorder.com\/wp-content\/uploads\/2021\/11\/IMG-20211112-WA0030-1152x1536.jpg 1152w, https:\/\/constantinianorder.com\/wp-content\/uploads\/2021\/11\/IMG-20211112-WA0030.jpg 1200w\" sizes=\"(max-width: 768px) 100vw, 768px\" \/><\/figure>\n\n\n\n<p>Brescia, 12 de noviembre de 2021 &#8211; El Caballero Oficial Maurizio\nMirandola, junto con un voluntario, despu\u00e9s de haber hablado con el Director\nAdjunto de C\u00e1ritas diocesana, Marco Danesi, ha entregado cerca de una tonelada\nde pellets a la C\u00e1ritas \u00abOttavo Giorno\u00bb. Este material servir\u00e1 para\nayudar a las familias necesitadas de la zona de monta\u00f1a gracias a la C\u00e1ritas\nparroquial local.<\/p>\n\n\n\n<figure class=\"wp-block-image\"><img decoding=\"async\" src=\"https:\/\/constantinianorder.com\/wp-content\/uploads\/2021\/11\/IMG-20211113-WA0021-1024x768.jpg\" alt=\"\" class=\"wp-image-61467\"\/><\/figure>\n\n\n\n<p>Brescia, 13 de noviembre de 2021 &#8211; El Caballero Oficial Maurizio Mirandola, el Comandante Damiano Zamboni, los Caballeros Samuele Belleri, Giuseppe Scolaro y Romano Savi, los Voluntarios Riccardo Monacci y Francesca Ghidini han organizado, junto con la Asociaci\u00f3n \u00abGruppo Cinofili Leonessa\u00bb, una recogida de alimentos en los cuatro supermercados Conad de Brescia. Las donaciones recibidas se entregar\u00e1n a personas o familias necesitadas, tambi\u00e9n gracias a la C\u00e1ritas diocesana de Brescia.<\/p>\n\n\n\n<figure class=\"wp-block-image\"><img decoding=\"async\" width=\"928\" height=\"384\" src=\"https:\/\/constantinianorder.com\/wp-content\/uploads\/2021\/11\/FullSizeRender-14-11-21-07-20.jpg\" alt=\"\" class=\"wp-image-61471\" srcset=\"https:\/\/constantinianorder.com\/wp-content\/uploads\/2021\/11\/FullSizeRender-14-11-21-07-20.jpg 928w, https:\/\/constantinianorder.com\/wp-content\/uploads\/2021\/11\/FullSizeRender-14-11-21-07-20-300x124.jpg 300w, https:\/\/constantinianorder.com\/wp-content\/uploads\/2021\/11\/FullSizeRender-14-11-21-07-20-768x318.jpg 768w\" sizes=\"(max-width: 928px) 100vw, 928px\" \/><\/figure>\n\n\n\n<p>Mil\u00e1n, 5 de noviembre de 2021 &#8211; En el Palacio Cusani, en presencia del Comandante del Ej\u00e9rcito, el General Alfonso Mir\u00f3, y del Representante para Mil\u00e1n, Sr. Gabriele Albertini, el Delegado para Lombard\u00eda, Dr. Giuseppe Rizzani, entreg\u00f3 la medalla de oro de m\u00e9rito al General del Ej\u00e9rcito, Francesco Paolo Figliuolo, por su alto compromiso y los extraordinarios resultados obtenidos en la lucha contra la pandemia. La insignia fue entregada por el Gran Tesorero de la Orden, S.E. Don Giancarlo dei Principi  Rocco  di Torrepadula. El Delegado tambi\u00e9n record\u00f3 brevemente las numerosas actividades llevadas a cabo por el Gran Maestro y las delegaciones durante este periodo de emergencia.<\/p>\n\n\n\n<figure class=\"wp-block-image\"><img loading=\"lazy\" decoding=\"async\" width=\"1024\" height=\"768\" src=\"https:\/\/constantinianorder.com\/wp-content\/uploads\/2021\/11\/1F2D1DE8-CB74-4732-BC11-48A218C46327-14-11-21-07-50-1024x768.jpg\" alt=\"\" class=\"wp-image-61475\" srcset=\"https:\/\/constantinianorder.com\/wp-content\/uploads\/2021\/11\/1F2D1DE8-CB74-4732-BC11-48A218C46327-14-11-21-07-50-1024x768.jpg 1024w, https:\/\/constantinianorder.com\/wp-content\/uploads\/2021\/11\/1F2D1DE8-CB74-4732-BC11-48A218C46327-14-11-21-07-50-300x225.jpg 300w, https:\/\/constantinianorder.com\/wp-content\/uploads\/2021\/11\/1F2D1DE8-CB74-4732-BC11-48A218C46327-14-11-21-07-50-768x576.jpg 768w, https:\/\/constantinianorder.com\/wp-content\/uploads\/2021\/11\/1F2D1DE8-CB74-4732-BC11-48A218C46327-14-11-21-07-50.jpg 1170w\" sizes=\"(max-width: 1024px) 100vw, 1024px\" \/><\/figure>\n\n\n\n<p>S\u00e1bado, 6 de noviembre de 2021- La Delegaci\u00f3n de Pav\u00eda organiz\u00f3 una jornada en Vigevano dirigida por el Representante Padre Maurizio Ceriani con una misa en San Francisco, celebrada por el Obispo Paolo Bonato, seguida de una visita privada al museo de la catedral y un almuerzo ben\u00e9fico.<\/p>\n\n\n\n<p>El domingo 7 de noviembre, la Curia de Tortona invit\u00f3 al\nDelegado Noble Giuseppe Rizzani a dar la bienvenida al nuevo obispo Guido\nMarini, que se reuni\u00f3 con \u00e9l para saludarlo despu\u00e9s de la misa.<\/p>\n\n\n\n<figure class=\"wp-block-image\"><img loading=\"lazy\" decoding=\"async\" width=\"1024\" height=\"719\" src=\"https:\/\/constantinianorder.com\/wp-content\/uploads\/2021\/11\/20211128_182155-1024x719.jpg\" alt=\"\" class=\"wp-image-61767\" srcset=\"https:\/\/constantinianorder.com\/wp-content\/uploads\/2021\/11\/20211128_182155-1024x719.jpg 1024w, https:\/\/constantinianorder.com\/wp-content\/uploads\/2021\/11\/20211128_182155-300x211.jpg 300w, https:\/\/constantinianorder.com\/wp-content\/uploads\/2021\/11\/20211128_182155-768x539.jpg 768w, https:\/\/constantinianorder.com\/wp-content\/uploads\/2021\/11\/20211128_182155.jpg 1321w\" sizes=\"(max-width: 1024px) 100vw, 1024px\" \/><\/figure>\n\n\n\n<p>Brescia, s\u00e1bado 27 de noviembre de 2021 &#8211; El Caballero Oficial Maurizio Mirandola, Representante para Mantova, cre\u00f3 personalmente un bel\u00e9n art\u00edstico de estilo napolitano, que don\u00f3 al Santuario de la ciudad, Santa Mar\u00eda del Lino, custodido por los Caballeros Constantinianos. El bel\u00e9n fue bendecido para el inicio del Adviento por el obispo Pierantonio Bodini, Comendador de Gracia Eclesi\u00e1stica, durante la misa semanal del s\u00e1bado.<\/p>\n\n\n\n<figure class=\"wp-block-image\"><img loading=\"lazy\" decoding=\"async\" width=\"1024\" height=\"768\" src=\"https:\/\/constantinianorder.com\/wp-content\/uploads\/2021\/12\/PHOTO-2021-11-30-10-03-51-1024x768.jpg\" alt=\"\" class=\"wp-image-61797\" srcset=\"https:\/\/constantinianorder.com\/wp-content\/uploads\/2021\/12\/PHOTO-2021-11-30-10-03-51-1024x768.jpg 1024w, https:\/\/constantinianorder.com\/wp-content\/uploads\/2021\/12\/PHOTO-2021-11-30-10-03-51-300x225.jpg 300w, https:\/\/constantinianorder.com\/wp-content\/uploads\/2021\/12\/PHOTO-2021-11-30-10-03-51-768x576.jpg 768w, https:\/\/constantinianorder.com\/wp-content\/uploads\/2021\/12\/PHOTO-2021-11-30-10-03-51-1536x1152.jpg 1536w, https:\/\/constantinianorder.com\/wp-content\/uploads\/2021\/12\/PHOTO-2021-11-30-10-03-51.jpg 1600w\" sizes=\"(max-width: 1024px) 100vw, 1024px\" \/><\/figure>\n\n\n\n<p>El Representante de la ciudad de Lecco, el Caballero Luigi\nRogliano, supervisado por el Delegado para Lombard\u00eda Sr. Giuseppe Rizzani, don\u00f3\n30.000 mascarillas FPP2 a los municipios de Martinengo y Chignolo P\u00f2 para hacer\nfrente a la actual crisis sanitaria. El Delegado y el Representante recordaron\nel amor y la atenci\u00f3n que la Orden ofrece a las comunidades necesitadas, recibiendo\nlos mejores deseos y el agradecimiento del alcalde Mario Seghezzi por\nMartinengo y del alcalde Giacomo Baccalini, que demostraron un gran esp\u00edritu de\nsolidaridad.<\/p>\n\n\n\n<figure class=\"wp-block-image\"><img loading=\"lazy\" decoding=\"async\" width=\"1024\" height=\"749\" src=\"https:\/\/constantinianorder.com\/wp-content\/uploads\/2021\/12\/IMG-20211201-WA0016-1024x749.jpg\" alt=\"\" class=\"wp-image-61816\" srcset=\"https:\/\/constantinianorder.com\/wp-content\/uploads\/2021\/12\/IMG-20211201-WA0016-1024x749.jpg 1024w, https:\/\/constantinianorder.com\/wp-content\/uploads\/2021\/12\/IMG-20211201-WA0016-300x220.jpg 300w, https:\/\/constantinianorder.com\/wp-content\/uploads\/2021\/12\/IMG-20211201-WA0016-768x562.jpg 768w, https:\/\/constantinianorder.com\/wp-content\/uploads\/2021\/12\/IMG-20211201-WA0016.jpg 1502w\" sizes=\"(max-width: 1024px) 100vw, 1024px\" \/><\/figure>\n\n\n\n<p>Brescia, 30 de noviembre de 2021. El Caballero Giuseppe\nScolaro adquiri\u00f3 varias ropas y zapatos, que fueron entregados a la asociaci\u00f3n\nGruppo Cinofili Leonessa de Brescia. El material ser\u00e1 gestionado por los\nvoluntarios de la asociaci\u00f3n y se pondr\u00e1 a disposici\u00f3n de las personas\nnecesitadas y con dificultades. <\/p>\n\n\n\n<figure class=\"wp-block-image\"><img loading=\"lazy\" decoding=\"async\" width=\"1024\" height=\"635\" src=\"https:\/\/constantinianorder.com\/wp-content\/uploads\/2021\/12\/IMG-20211203-WA0024-1024x635.jpg\" alt=\"\" class=\"wp-image-61835\" srcset=\"https:\/\/constantinianorder.com\/wp-content\/uploads\/2021\/12\/IMG-20211203-WA0024-1024x635.jpg 1024w, https:\/\/constantinianorder.com\/wp-content\/uploads\/2021\/12\/IMG-20211203-WA0024-300x186.jpg 300w, https:\/\/constantinianorder.com\/wp-content\/uploads\/2021\/12\/IMG-20211203-WA0024-768x476.jpg 768w, https:\/\/constantinianorder.com\/wp-content\/uploads\/2021\/12\/IMG-20211203-WA0024-1536x953.jpg 1536w, https:\/\/constantinianorder.com\/wp-content\/uploads\/2021\/12\/IMG-20211203-WA0024.jpg 1809w\" sizes=\"(max-width: 1024px) 100vw, 1024px\" \/><\/figure>\n\n\n\n<p>3 de diciembre de 2021, Bagnolo Mella (BS) &#8211; La ceremonia prenavide\u00f1a de la Delegaci\u00f3n Lombard\u00eda, con la participaci\u00f3n de numerosas Damas y Caballeros, se celebr\u00f3 en Bagnolo Mella en el santuario de Santa Maria della Stella. La Santa Misa fue presidida por el Vicario Episcopal Padre Alfredo Savoldi, asistido por el Prior de la Delegaci\u00f3n Monse\u00f1or Arnaldo Morandi y otros Caballeros de Gracia Eclesi\u00e1sticos. El Delegado para Lombard\u00eda Dr. Giuseppe Rizzani, Comandante de Justicia, entreg\u00f3 diplomas y decoraciones de m\u00e9rito al final de la celebraci\u00f3n. La velada continu\u00f3 con un agradable \u00e1gape fraternal. <\/p>\n","protected":false},"excerpt":{"rendered":"<p>El 7 de noviembre, se celebr\u00f3 solemnemente la fiesta del Santo Obispo Borromeo, al que la antigua fundaci\u00f3n est\u00e1 hist\u00f3ricamente vinculada e inspirada, en la iglesia de San Carlo de Brescia, en la \u00abFondazione Casa di Dio ONLUS\u00bb. La celebraci\u00f3n, presidida por Monse\u00f1or Pierantonio Bodini, Comendador de Gracia Eclesi\u00e1stico y asistente espiritual de la fundaci\u00f3n, [&hellip;]<\/p>\n","protected":false},"author":1,"featured_media":0,"comment_status":"closed","ping_status":"closed","sticky":false,"template":"","format":"standard","meta":{"footnotes":""},"categories":[218],"tags":[],"class_list":["post-66453","post","type-post","status-publish","format-standard","hentry","category-delegacion-de-lombardia"],"yoast_head":"<!-- This site is optimized with the Yoast SEO plugin v26.5 - https:\/\/yoast.com\/wordpress\/plugins\/seo\/ -->\n<title>LOMBARDIA: ACTIVIDADES EN NOVIEMBRE - Sacro Militare Ordine Costantiniano di San Giorgio<\/title>\n<meta name=\"robots\" content=\"index, follow, max-snippet:-1, max-image-preview:large, max-video-preview:-1\" \/>\n<link rel=\"canonical\" href=\"https:\/\/constantinianorder.com\/le-attivita-di-novembre-della-delegazione-lombarda\/\" \/>\n<meta property=\"og:locale\" content=\"es_ES\" \/>\n<meta property=\"og:type\" content=\"article\" \/>\n<meta property=\"og:title\" content=\"LOMBARDIA: ACTIVIDADES EN NOVIEMBRE - Sacro Militare Ordine Costantiniano di San Giorgio\" \/>\n<meta property=\"og:description\" content=\"El 7 de noviembre, se celebr\u00f3 solemnemente la fiesta del Santo Obispo Borromeo, al que la antigua fundaci\u00f3n est\u00e1 hist\u00f3ricamente vinculada e inspirada, en la iglesia de San Carlo de Brescia, en la \u00abFondazione Casa di Dio ONLUS\u00bb. La celebraci\u00f3n, presidida por Monse\u00f1or Pierantonio Bodini, Comendador de Gracia Eclesi\u00e1stico y asistente espiritual de la fundaci\u00f3n, [&hellip;]\" \/>\n<meta property=\"og:url\" content=\"https:\/\/constantinianorder.com\/le-attivita-di-novembre-della-delegazione-lombarda\/\" \/>\n<meta property=\"og:site_name\" content=\"Sacro Militare Ordine Costantiniano di San Giorgio\" \/>\n<meta property=\"article:publisher\" content=\"https:\/\/www.facebook.com\/constantinianorder\" \/>\n<meta property=\"article:published_time\" content=\"2021-12-04T09:40:58+00:00\" \/>\n<meta property=\"article:modified_time\" content=\"2025-10-21T17:17:00+00:00\" \/>\n<meta property=\"og:image\" content=\"https:\/\/constantinianorder.com\/wp-content\/uploads\/2021\/11\/IMG-20211107-WA0004.jpg\" \/>\n\t<meta property=\"og:image:width\" content=\"632\" \/>\n\t<meta property=\"og:image:height\" content=\"623\" \/>\n\t<meta property=\"og:image:type\" content=\"image\/jpeg\" \/>\n<meta name=\"author\" content=\"admin\" \/>\n<meta name=\"twitter:card\" content=\"summary_large_image\" \/>\n<meta name=\"twitter:label1\" content=\"Escrito por\" \/>\n\t<meta name=\"twitter:data1\" content=\"admin\" \/>\n\t<meta name=\"twitter:label2\" content=\"Tiempo de lectura\" \/>\n\t<meta name=\"twitter:data2\" content=\"4 minutos\" \/>\n<script type=\"application\/ld+json\" class=\"yoast-schema-graph\">{\"@context\":\"https:\/\/schema.org\",\"@graph\":[{\"@type\":\"Article\",\"@id\":\"https:\/\/constantinianorder.com\/le-attivita-di-novembre-della-delegazione-lombarda\/#article\",\"isPartOf\":{\"@id\":\"https:\/\/constantinianorder.com\/le-attivita-di-novembre-della-delegazione-lombarda\/\"},\"author\":{\"name\":\"admin\",\"@id\":\"https:\/\/constantinianorder.com\/#\/schema\/person\/493f3b1475d575dcddda4ec923772c66\"},\"headline\":\"LOMBARDIA: ACTIVIDADES EN NOVIEMBRE\",\"datePublished\":\"2021-12-04T09:40:58+00:00\",\"dateModified\":\"2025-10-21T17:17:00+00:00\",\"mainEntityOfPage\":{\"@id\":\"https:\/\/constantinianorder.com\/le-attivita-di-novembre-della-delegazione-lombarda\/\"},\"wordCount\":769,\"publisher\":{\"@id\":\"https:\/\/constantinianorder.com\/#organization\"},\"image\":{\"@id\":\"https:\/\/constantinianorder.com\/le-attivita-di-novembre-della-delegazione-lombarda\/#primaryimage\"},\"thumbnailUrl\":\"https:\/\/constantinianorder.com\/wp-content\/uploads\/2021\/11\/IMG-20211107-WA0004.jpg\",\"articleSection\":[\"Delegaci\u00f3n de Lombardia\"],\"inLanguage\":\"es\"},{\"@type\":\"WebPage\",\"@id\":\"https:\/\/constantinianorder.com\/le-attivita-di-novembre-della-delegazione-lombarda\/\",\"url\":\"https:\/\/constantinianorder.com\/le-attivita-di-novembre-della-delegazione-lombarda\/\",\"name\":\"LOMBARDIA: ACTIVIDADES EN NOVIEMBRE - Sacro Militare Ordine Costantiniano di San Giorgio\",\"isPartOf\":{\"@id\":\"https:\/\/constantinianorder.com\/#website\"},\"primaryImageOfPage\":{\"@id\":\"https:\/\/constantinianorder.com\/le-attivita-di-novembre-della-delegazione-lombarda\/#primaryimage\"},\"image\":{\"@id\":\"https:\/\/constantinianorder.com\/le-attivita-di-novembre-della-delegazione-lombarda\/#primaryimage\"},\"thumbnailUrl\":\"https:\/\/constantinianorder.com\/wp-content\/uploads\/2021\/11\/IMG-20211107-WA0004.jpg\",\"datePublished\":\"2021-12-04T09:40:58+00:00\",\"dateModified\":\"2025-10-21T17:17:00+00:00\",\"breadcrumb\":{\"@id\":\"https:\/\/constantinianorder.com\/le-attivita-di-novembre-della-delegazione-lombarda\/#breadcrumb\"},\"inLanguage\":\"es\",\"potentialAction\":[{\"@type\":\"ReadAction\",\"target\":[\"https:\/\/constantinianorder.com\/le-attivita-di-novembre-della-delegazione-lombarda\/\"]}]},{\"@type\":\"ImageObject\",\"inLanguage\":\"es\",\"@id\":\"https:\/\/constantinianorder.com\/le-attivita-di-novembre-della-delegazione-lombarda\/#primaryimage\",\"url\":\"https:\/\/constantinianorder.com\/wp-content\/uploads\/2021\/11\/IMG-20211107-WA0004.jpg\",\"contentUrl\":\"https:\/\/constantinianorder.com\/wp-content\/uploads\/2021\/11\/IMG-20211107-WA0004.jpg\"},{\"@type\":\"BreadcrumbList\",\"@id\":\"https:\/\/constantinianorder.com\/le-attivita-di-novembre-della-delegazione-lombarda\/#breadcrumb\",\"itemListElement\":[{\"@type\":\"ListItem\",\"position\":1,\"name\":\"Home\",\"item\":\"https:\/\/constantinianorder.com\/en\/\"},{\"@type\":\"ListItem\",\"position\":2,\"name\":\"LOMBARDIA: ACTIVIDADES EN NOVIEMBRE\"}]},{\"@type\":\"WebSite\",\"@id\":\"https:\/\/constantinianorder.com\/#website\",\"url\":\"https:\/\/constantinianorder.com\/\",\"name\":\"Sacro Militare Ordine Costantiniano di San Giorgio\",\"description\":\"Ordine Ufficiale\",\"publisher\":{\"@id\":\"https:\/\/constantinianorder.com\/#organization\"},\"potentialAction\":[{\"@type\":\"SearchAction\",\"target\":{\"@type\":\"EntryPoint\",\"urlTemplate\":\"https:\/\/constantinianorder.com\/?s={search_term_string}\"},\"query-input\":{\"@type\":\"PropertyValueSpecification\",\"valueRequired\":true,\"valueName\":\"search_term_string\"}}],\"inLanguage\":\"es\"},{\"@type\":\"Organization\",\"@id\":\"https:\/\/constantinianorder.com\/#organization\",\"name\":\"Sacro Militare Ordine Costantiniano di San Giorgio\",\"url\":\"https:\/\/constantinianorder.com\/\",\"logo\":{\"@type\":\"ImageObject\",\"inLanguage\":\"es\",\"@id\":\"https:\/\/constantinianorder.com\/#\/schema\/logo\/image\/\",\"url\":\"https:\/\/constantinianorder.com\/wp-content\/uploads\/2025\/10\/cropped-logo-costantiniano.png\",\"contentUrl\":\"https:\/\/constantinianorder.com\/wp-content\/uploads\/2025\/10\/cropped-logo-costantiniano.png\",\"width\":512,\"height\":512,\"caption\":\"Sacro Militare Ordine Costantiniano di San Giorgio\"},\"image\":{\"@id\":\"https:\/\/constantinianorder.com\/#\/schema\/logo\/image\/\"},\"sameAs\":[\"https:\/\/www.facebook.com\/constantinianorder\",\"https:\/\/www.instagram.com\/constantinianorder\/\",\"https:\/\/www.youtube.com\/@granmagisterodelsacromilit9375\"]},{\"@type\":\"Person\",\"@id\":\"https:\/\/constantinianorder.com\/#\/schema\/person\/493f3b1475d575dcddda4ec923772c66\",\"name\":\"admin\",\"sameAs\":[\"https:\/\/constantinianorder.com\"],\"url\":\"https:\/\/constantinianorder.com\/es\/author\/domain_jlukbpo7\/\"}]}<\/script>\n<!-- \/ Yoast SEO plugin. -->","yoast_head_json":{"title":"LOMBARDIA: ACTIVIDADES EN NOVIEMBRE - Sacro Militare Ordine Costantiniano di San Giorgio","robots":{"index":"index","follow":"follow","max-snippet":"max-snippet:-1","max-image-preview":"max-image-preview:large","max-video-preview":"max-video-preview:-1"},"canonical":"https:\/\/constantinianorder.com\/le-attivita-di-novembre-della-delegazione-lombarda\/","og_locale":"es_ES","og_type":"article","og_title":"LOMBARDIA: ACTIVIDADES EN NOVIEMBRE - Sacro Militare Ordine Costantiniano di San Giorgio","og_description":"El 7 de noviembre, se celebr\u00f3 solemnemente la fiesta del Santo Obispo Borromeo, al que la antigua fundaci\u00f3n est\u00e1 hist\u00f3ricamente vinculada e inspirada, en la iglesia de San Carlo de Brescia, en la \u00abFondazione Casa di Dio ONLUS\u00bb. La celebraci\u00f3n, presidida por Monse\u00f1or Pierantonio Bodini, Comendador de Gracia Eclesi\u00e1stico y asistente espiritual de la fundaci\u00f3n, [&hellip;]","og_url":"https:\/\/constantinianorder.com\/le-attivita-di-novembre-della-delegazione-lombarda\/","og_site_name":"Sacro Militare Ordine Costantiniano di San Giorgio","article_publisher":"https:\/\/www.facebook.com\/constantinianorder","article_published_time":"2021-12-04T09:40:58+00:00","article_modified_time":"2025-10-21T17:17:00+00:00","og_image":[{"width":632,"height":623,"url":"https:\/\/constantinianorder.com\/wp-content\/uploads\/2021\/11\/IMG-20211107-WA0004.jpg","type":"image\/jpeg"}],"author":"admin","twitter_card":"summary_large_image","twitter_misc":{"Escrito por":"admin","Tiempo de lectura":"4 minutos"},"schema":{"@context":"https:\/\/schema.org","@graph":[{"@type":"Article","@id":"https:\/\/constantinianorder.com\/le-attivita-di-novembre-della-delegazione-lombarda\/#article","isPartOf":{"@id":"https:\/\/constantinianorder.com\/le-attivita-di-novembre-della-delegazione-lombarda\/"},"author":{"name":"admin","@id":"https:\/\/constantinianorder.com\/#\/schema\/person\/493f3b1475d575dcddda4ec923772c66"},"headline":"LOMBARDIA: ACTIVIDADES EN NOVIEMBRE","datePublished":"2021-12-04T09:40:58+00:00","dateModified":"2025-10-21T17:17:00+00:00","mainEntityOfPage":{"@id":"https:\/\/constantinianorder.com\/le-attivita-di-novembre-della-delegazione-lombarda\/"},"wordCount":769,"publisher":{"@id":"https:\/\/constantinianorder.com\/#organization"},"image":{"@id":"https:\/\/constantinianorder.com\/le-attivita-di-novembre-della-delegazione-lombarda\/#primaryimage"},"thumbnailUrl":"https:\/\/constantinianorder.com\/wp-content\/uploads\/2021\/11\/IMG-20211107-WA0004.jpg","articleSection":["Delegaci\u00f3n de Lombardia"],"inLanguage":"es"},{"@type":"WebPage","@id":"https:\/\/constantinianorder.com\/le-attivita-di-novembre-della-delegazione-lombarda\/","url":"https:\/\/constantinianorder.com\/le-attivita-di-novembre-della-delegazione-lombarda\/","name":"LOMBARDIA: ACTIVIDADES EN NOVIEMBRE - Sacro Militare Ordine Costantiniano di San Giorgio","isPartOf":{"@id":"https:\/\/constantinianorder.com\/#website"},"primaryImageOfPage":{"@id":"https:\/\/constantinianorder.com\/le-attivita-di-novembre-della-delegazione-lombarda\/#primaryimage"},"image":{"@id":"https:\/\/constantinianorder.com\/le-attivita-di-novembre-della-delegazione-lombarda\/#primaryimage"},"thumbnailUrl":"https:\/\/constantinianorder.com\/wp-content\/uploads\/2021\/11\/IMG-20211107-WA0004.jpg","datePublished":"2021-12-04T09:40:58+00:00","dateModified":"2025-10-21T17:17:00+00:00","breadcrumb":{"@id":"https:\/\/constantinianorder.com\/le-attivita-di-novembre-della-delegazione-lombarda\/#breadcrumb"},"inLanguage":"es","potentialAction":[{"@type":"ReadAction","target":["https:\/\/constantinianorder.com\/le-attivita-di-novembre-della-delegazione-lombarda\/"]}]},{"@type":"ImageObject","inLanguage":"es","@id":"https:\/\/constantinianorder.com\/le-attivita-di-novembre-della-delegazione-lombarda\/#primaryimage","url":"https:\/\/constantinianorder.com\/wp-content\/uploads\/2021\/11\/IMG-20211107-WA0004.jpg","contentUrl":"https:\/\/constantinianorder.com\/wp-content\/uploads\/2021\/11\/IMG-20211107-WA0004.jpg"},{"@type":"BreadcrumbList","@id":"https:\/\/constantinianorder.com\/le-attivita-di-novembre-della-delegazione-lombarda\/#breadcrumb","itemListElement":[{"@type":"ListItem","position":1,"name":"Home","item":"https:\/\/constantinianorder.com\/en\/"},{"@type":"ListItem","position":2,"name":"LOMBARDIA: ACTIVIDADES EN NOVIEMBRE"}]},{"@type":"WebSite","@id":"https:\/\/constantinianorder.com\/#website","url":"https:\/\/constantinianorder.com\/","name":"Sacro Militare Ordine Costantiniano di San Giorgio","description":"Ordine Ufficiale","publisher":{"@id":"https:\/\/constantinianorder.com\/#organization"},"potentialAction":[{"@type":"SearchAction","target":{"@type":"EntryPoint","urlTemplate":"https:\/\/constantinianorder.com\/?s={search_term_string}"},"query-input":{"@type":"PropertyValueSpecification","valueRequired":true,"valueName":"search_term_string"}}],"inLanguage":"es"},{"@type":"Organization","@id":"https:\/\/constantinianorder.com\/#organization","name":"Sacro Militare Ordine Costantiniano di San Giorgio","url":"https:\/\/constantinianorder.com\/","logo":{"@type":"ImageObject","inLanguage":"es","@id":"https:\/\/constantinianorder.com\/#\/schema\/logo\/image\/","url":"https:\/\/constantinianorder.com\/wp-content\/uploads\/2025\/10\/cropped-logo-costantiniano.png","contentUrl":"https:\/\/constantinianorder.com\/wp-content\/uploads\/2025\/10\/cropped-logo-costantiniano.png","width":512,"height":512,"caption":"Sacro Militare Ordine Costantiniano di San Giorgio"},"image":{"@id":"https:\/\/constantinianorder.com\/#\/schema\/logo\/image\/"},"sameAs":["https:\/\/www.facebook.com\/constantinianorder","https:\/\/www.instagram.com\/constantinianorder\/","https:\/\/www.youtube.com\/@granmagisterodelsacromilit9375"]},{"@type":"Person","@id":"https:\/\/constantinianorder.com\/#\/schema\/person\/493f3b1475d575dcddda4ec923772c66","name":"admin","sameAs":["https:\/\/constantinianorder.com"],"url":"https:\/\/constantinianorder.com\/es\/author\/domain_jlukbpo7\/"}]}},"_links":{"self":[{"href":"https:\/\/constantinianorder.com\/es\/wp-json\/wp\/v2\/posts\/66453","targetHints":{"allow":["GET"]}}],"collection":[{"href":"https:\/\/constantinianorder.com\/es\/wp-json\/wp\/v2\/posts"}],"about":[{"href":"https:\/\/constantinianorder.com\/es\/wp-json\/wp\/v2\/types\/post"}],"author":[{"embeddable":true,"href":"https:\/\/constantinianorder.com\/es\/wp-json\/wp\/v2\/users\/1"}],"replies":[{"embeddable":true,"href":"https:\/\/constantinianorder.com\/es\/wp-json\/wp\/v2\/comments?post=66453"}],"version-history":[{"count":1,"href":"https:\/\/constantinianorder.com\/es\/wp-json\/wp\/v2\/posts\/66453\/revisions"}],"predecessor-version":[{"id":88566,"href":"https:\/\/constantinianorder.com\/es\/wp-json\/wp\/v2\/posts\/66453\/revisions\/88566"}],"wp:attachment":[{"href":"https:\/\/constantinianorder.com\/es\/wp-json\/wp\/v2\/media?parent=66453"}],"wp:term":[{"taxonomy":"category","embeddable":true,"href":"https:\/\/constantinianorder.com\/es\/wp-json\/wp\/v2\/categories?post=66453"},{"taxonomy":"post_tag","embeddable":true,"href":"https:\/\/constantinianorder.com\/es\/wp-json\/wp\/v2\/tags?post=66453"}],"curies":[{"name":"wp","href":"https:\/\/api.w.org\/{rel}","templated":true}]}}