{"id":65880,"date":"2022-04-28T15:42:13","date_gmt":"2022-04-28T15:42:13","guid":{"rendered":"https:\/\/constantinianorder.net\/belgio-incontro-con-s-e-il-cardinale-de-kesel\/"},"modified":"2025-10-21T16:24:58","modified_gmt":"2025-10-21T16:24:58","slug":"encuentro-con-s-e-el-cardinal-de-kesel","status":"publish","type":"post","link":"https:\/\/constantinianorder.com\/es\/encuentro-con-s-e-el-cardinal-de-kesel\/","title":{"rendered":"ENCUENTRO CON S.E. EL CARDINAL DE KESEL"},"content":{"rendered":"\n<figure class=\"wp-block-image\"><img decoding=\"async\" src=\"https:\/\/constantinianorder.com\/wp-content\/uploads\/2022\/04\/image4-1024x768.jpeg\" alt=\"\" class=\"wp-image-65873\"\/><\/figure>\n\n\n\n<p>Su Eminencia Reverend\u00edsima el Cardenal Jozef De Kesel, Arzobispo de Malinas-Bruselas, Primado de B\u00e9lgica, Presidente de la Conferencia Episcopal de B\u00e9lgica, Cardenal-Presb\u00edtero de San Juan-San Pablo, recibi\u00f3 en audiencia a Su Alteza Seren\u00edsima el Pr\u00edncipe Carlos-Luis d&#8217;Arenberg, Caballero Gran Cruz de Justicia, Delegado de nuestra Orden en el Reino de B\u00e9lgica y C\u00f3nsul General Gunnar Riebs, Caballero Gran Cruz de M\u00e9rito, Vice Delegado con motivo del nombramiento del Cardenal como Bailio Caballero de Gran Cruz de Justicia por Su Alteza Real el Pr\u00edncipe Carlo de Borb\u00f3n de las Dos Sicilias, Duque de Castro, Gran Maestro de nuestra Orden.<\/p>\n","protected":false},"excerpt":{"rendered":"<p>Su Eminencia Reverend\u00edsima el Cardenal Jozef De Kesel, Arzobispo de Malinas-Bruselas, Primado de B\u00e9lgica, Presidente de la Conferencia Episcopal de B\u00e9lgica, Cardenal-Presb\u00edtero de San Juan-San Pablo, recibi\u00f3 en audiencia a Su Alteza Seren\u00edsima el Pr\u00edncipe Carlos-Luis d&#8217;Arenberg, Caballero Gran Cruz de Justicia, Delegado de nuestra Orden en el Reino de B\u00e9lgica y C\u00f3nsul General Gunnar [&hellip;]<\/p>\n","protected":false},"author":1,"featured_media":0,"comment_status":"closed","ping_status":"closed","sticky":false,"template":"","format":"standard","meta":{"footnotes":""},"categories":[195],"tags":[],"class_list":["post-65880","post","type-post","status-publish","format-standard","hentry","category-delegacion-de-belgica"],"yoast_head":"<!-- This site is optimized with the Yoast SEO plugin v26.5 - https:\/\/yoast.com\/wordpress\/plugins\/seo\/ -->\n<title>ENCUENTRO CON S.E. EL CARDINAL DE KESEL - Sacro Militare Ordine Costantiniano di San Giorgio<\/title>\n<meta name=\"robots\" content=\"index, follow, max-snippet:-1, max-image-preview:large, max-video-preview:-1\" \/>\n<link rel=\"canonical\" href=\"https:\/\/constantinianorder.com\/belgio-incontro-con-s-e-il-cardinale-de-kesel\/\" \/>\n<meta property=\"og:locale\" content=\"es_ES\" \/>\n<meta property=\"og:type\" content=\"article\" \/>\n<meta property=\"og:title\" content=\"ENCUENTRO CON S.E. EL CARDINAL DE KESEL - Sacro Militare Ordine Costantiniano di San Giorgio\" \/>\n<meta property=\"og:description\" content=\"Su Eminencia Reverend\u00edsima el Cardenal Jozef De Kesel, Arzobispo de Malinas-Bruselas, Primado de B\u00e9lgica, Presidente de la Conferencia Episcopal de B\u00e9lgica, Cardenal-Presb\u00edtero de San Juan-San Pablo, recibi\u00f3 en audiencia a Su Alteza Seren\u00edsima el Pr\u00edncipe Carlos-Luis d&#8217;Arenberg, Caballero Gran Cruz de Justicia, Delegado de nuestra Orden en el Reino de B\u00e9lgica y C\u00f3nsul General Gunnar [&hellip;]\" \/>\n<meta property=\"og:url\" content=\"https:\/\/constantinianorder.com\/belgio-incontro-con-s-e-il-cardinale-de-kesel\/\" \/>\n<meta property=\"og:site_name\" content=\"Sacro Militare Ordine Costantiniano di San Giorgio\" \/>\n<meta property=\"article:publisher\" content=\"https:\/\/www.facebook.com\/constantinianorder\" \/>\n<meta property=\"article:published_time\" content=\"2022-04-28T15:42:13+00:00\" \/>\n<meta property=\"article:modified_time\" content=\"2025-10-21T16:24:58+00:00\" \/>\n<meta property=\"og:image\" content=\"https:\/\/constantinianorder.com\/wp-content\/uploads\/2022\/04\/image4-scaled-1.webp\" \/>\n\t<meta property=\"og:image:width\" content=\"1920\" \/>\n\t<meta property=\"og:image:height\" content=\"1440\" \/>\n\t<meta property=\"og:image:type\" content=\"image\/webp\" \/>\n<meta name=\"author\" content=\"admin\" \/>\n<meta name=\"twitter:card\" content=\"summary_large_image\" \/>\n<meta name=\"twitter:label1\" content=\"Escrito por\" \/>\n\t<meta name=\"twitter:data1\" content=\"admin\" \/>\n\t<meta name=\"twitter:label2\" content=\"Tiempo de lectura\" \/>\n\t<meta name=\"twitter:data2\" content=\"1 minuto\" \/>\n<script type=\"application\/ld+json\" class=\"yoast-schema-graph\">{\"@context\":\"https:\/\/schema.org\",\"@graph\":[{\"@type\":\"Article\",\"@id\":\"https:\/\/constantinianorder.com\/belgio-incontro-con-s-e-il-cardinale-de-kesel\/#article\",\"isPartOf\":{\"@id\":\"https:\/\/constantinianorder.com\/belgio-incontro-con-s-e-il-cardinale-de-kesel\/\"},\"author\":{\"name\":\"admin\",\"@id\":\"https:\/\/constantinianorder.com\/#\/schema\/person\/493f3b1475d575dcddda4ec923772c66\"},\"headline\":\"ENCUENTRO CON S.E. EL CARDINAL DE KESEL\",\"datePublished\":\"2022-04-28T15:42:13+00:00\",\"dateModified\":\"2025-10-21T16:24:58+00:00\",\"mainEntityOfPage\":{\"@id\":\"https:\/\/constantinianorder.com\/belgio-incontro-con-s-e-il-cardinale-de-kesel\/\"},\"wordCount\":118,\"publisher\":{\"@id\":\"https:\/\/constantinianorder.com\/#organization\"},\"image\":{\"@id\":\"https:\/\/constantinianorder.com\/belgio-incontro-con-s-e-il-cardinale-de-kesel\/#primaryimage\"},\"thumbnailUrl\":\"https:\/\/constantinianorder.com\/wp-content\/uploads\/2022\/04\/image4-1024x768.jpeg\",\"articleSection\":[\"Delegaci\u00f3n de B\u00e9lgica\"],\"inLanguage\":\"es\"},{\"@type\":\"WebPage\",\"@id\":\"https:\/\/constantinianorder.com\/belgio-incontro-con-s-e-il-cardinale-de-kesel\/\",\"url\":\"https:\/\/constantinianorder.com\/belgio-incontro-con-s-e-il-cardinale-de-kesel\/\",\"name\":\"ENCUENTRO CON S.E. EL CARDINAL DE KESEL - Sacro Militare Ordine Costantiniano di San Giorgio\",\"isPartOf\":{\"@id\":\"https:\/\/constantinianorder.com\/#website\"},\"primaryImageOfPage\":{\"@id\":\"https:\/\/constantinianorder.com\/belgio-incontro-con-s-e-il-cardinale-de-kesel\/#primaryimage\"},\"image\":{\"@id\":\"https:\/\/constantinianorder.com\/belgio-incontro-con-s-e-il-cardinale-de-kesel\/#primaryimage\"},\"thumbnailUrl\":\"https:\/\/constantinianorder.com\/wp-content\/uploads\/2022\/04\/image4-1024x768.jpeg\",\"datePublished\":\"2022-04-28T15:42:13+00:00\",\"dateModified\":\"2025-10-21T16:24:58+00:00\",\"breadcrumb\":{\"@id\":\"https:\/\/constantinianorder.com\/belgio-incontro-con-s-e-il-cardinale-de-kesel\/#breadcrumb\"},\"inLanguage\":\"es\",\"potentialAction\":[{\"@type\":\"ReadAction\",\"target\":[\"https:\/\/constantinianorder.com\/belgio-incontro-con-s-e-il-cardinale-de-kesel\/\"]}]},{\"@type\":\"ImageObject\",\"inLanguage\":\"es\",\"@id\":\"https:\/\/constantinianorder.com\/belgio-incontro-con-s-e-il-cardinale-de-kesel\/#primaryimage\",\"url\":\"https:\/\/constantinianorder.com\/wp-content\/uploads\/2022\/04\/image4-1024x768.jpeg\",\"contentUrl\":\"https:\/\/constantinianorder.com\/wp-content\/uploads\/2022\/04\/image4-1024x768.jpeg\"},{\"@type\":\"BreadcrumbList\",\"@id\":\"https:\/\/constantinianorder.com\/belgio-incontro-con-s-e-il-cardinale-de-kesel\/#breadcrumb\",\"itemListElement\":[{\"@type\":\"ListItem\",\"position\":1,\"name\":\"Home\",\"item\":\"https:\/\/constantinianorder.com\/en\/\"},{\"@type\":\"ListItem\",\"position\":2,\"name\":\"ENCUENTRO CON S.E. EL CARDINAL DE KESEL\"}]},{\"@type\":\"WebSite\",\"@id\":\"https:\/\/constantinianorder.com\/#website\",\"url\":\"https:\/\/constantinianorder.com\/\",\"name\":\"Sacro Militare Ordine Costantiniano di San Giorgio\",\"description\":\"Ordine Ufficiale\",\"publisher\":{\"@id\":\"https:\/\/constantinianorder.com\/#organization\"},\"potentialAction\":[{\"@type\":\"SearchAction\",\"target\":{\"@type\":\"EntryPoint\",\"urlTemplate\":\"https:\/\/constantinianorder.com\/?s={search_term_string}\"},\"query-input\":{\"@type\":\"PropertyValueSpecification\",\"valueRequired\":true,\"valueName\":\"search_term_string\"}}],\"inLanguage\":\"es\"},{\"@type\":\"Organization\",\"@id\":\"https:\/\/constantinianorder.com\/#organization\",\"name\":\"Sacro Militare Ordine Costantiniano di San Giorgio\",\"url\":\"https:\/\/constantinianorder.com\/\",\"logo\":{\"@type\":\"ImageObject\",\"inLanguage\":\"es\",\"@id\":\"https:\/\/constantinianorder.com\/#\/schema\/logo\/image\/\",\"url\":\"https:\/\/constantinianorder.com\/wp-content\/uploads\/2025\/10\/cropped-logo-costantiniano.png\",\"contentUrl\":\"https:\/\/constantinianorder.com\/wp-content\/uploads\/2025\/10\/cropped-logo-costantiniano.png\",\"width\":512,\"height\":512,\"caption\":\"Sacro Militare Ordine Costantiniano di San Giorgio\"},\"image\":{\"@id\":\"https:\/\/constantinianorder.com\/#\/schema\/logo\/image\/\"},\"sameAs\":[\"https:\/\/www.facebook.com\/constantinianorder\",\"https:\/\/www.instagram.com\/constantinianorder\/\",\"https:\/\/www.youtube.com\/@granmagisterodelsacromilit9375\"]},{\"@type\":\"Person\",\"@id\":\"https:\/\/constantinianorder.com\/#\/schema\/person\/493f3b1475d575dcddda4ec923772c66\",\"name\":\"admin\",\"sameAs\":[\"https:\/\/constantinianorder.com\"],\"url\":\"https:\/\/constantinianorder.com\/es\/author\/domain_jlukbpo7\/\"}]}<\/script>\n<!-- \/ Yoast SEO plugin. -->","yoast_head_json":{"title":"ENCUENTRO CON S.E. EL CARDINAL DE KESEL - Sacro Militare Ordine Costantiniano di San Giorgio","robots":{"index":"index","follow":"follow","max-snippet":"max-snippet:-1","max-image-preview":"max-image-preview:large","max-video-preview":"max-video-preview:-1"},"canonical":"https:\/\/constantinianorder.com\/belgio-incontro-con-s-e-il-cardinale-de-kesel\/","og_locale":"es_ES","og_type":"article","og_title":"ENCUENTRO CON S.E. EL CARDINAL DE KESEL - Sacro Militare Ordine Costantiniano di San Giorgio","og_description":"Su Eminencia Reverend\u00edsima el Cardenal Jozef De Kesel, Arzobispo de Malinas-Bruselas, Primado de B\u00e9lgica, Presidente de la Conferencia Episcopal de B\u00e9lgica, Cardenal-Presb\u00edtero de San Juan-San Pablo, recibi\u00f3 en audiencia a Su Alteza Seren\u00edsima el Pr\u00edncipe Carlos-Luis d&#8217;Arenberg, Caballero Gran Cruz de Justicia, Delegado de nuestra Orden en el Reino de B\u00e9lgica y C\u00f3nsul General Gunnar [&hellip;]","og_url":"https:\/\/constantinianorder.com\/belgio-incontro-con-s-e-il-cardinale-de-kesel\/","og_site_name":"Sacro Militare Ordine Costantiniano di San Giorgio","article_publisher":"https:\/\/www.facebook.com\/constantinianorder","article_published_time":"2022-04-28T15:42:13+00:00","article_modified_time":"2025-10-21T16:24:58+00:00","og_image":[{"width":1920,"height":1440,"url":"https:\/\/constantinianorder.com\/wp-content\/uploads\/2022\/04\/image4-scaled-1.webp","type":"image\/webp"}],"author":"admin","twitter_card":"summary_large_image","twitter_misc":{"Escrito por":"admin","Tiempo de lectura":"1 minuto"},"schema":{"@context":"https:\/\/schema.org","@graph":[{"@type":"Article","@id":"https:\/\/constantinianorder.com\/belgio-incontro-con-s-e-il-cardinale-de-kesel\/#article","isPartOf":{"@id":"https:\/\/constantinianorder.com\/belgio-incontro-con-s-e-il-cardinale-de-kesel\/"},"author":{"name":"admin","@id":"https:\/\/constantinianorder.com\/#\/schema\/person\/493f3b1475d575dcddda4ec923772c66"},"headline":"ENCUENTRO CON S.E. EL CARDINAL DE KESEL","datePublished":"2022-04-28T15:42:13+00:00","dateModified":"2025-10-21T16:24:58+00:00","mainEntityOfPage":{"@id":"https:\/\/constantinianorder.com\/belgio-incontro-con-s-e-il-cardinale-de-kesel\/"},"wordCount":118,"publisher":{"@id":"https:\/\/constantinianorder.com\/#organization"},"image":{"@id":"https:\/\/constantinianorder.com\/belgio-incontro-con-s-e-il-cardinale-de-kesel\/#primaryimage"},"thumbnailUrl":"https:\/\/constantinianorder.com\/wp-content\/uploads\/2022\/04\/image4-1024x768.jpeg","articleSection":["Delegaci\u00f3n de B\u00e9lgica"],"inLanguage":"es"},{"@type":"WebPage","@id":"https:\/\/constantinianorder.com\/belgio-incontro-con-s-e-il-cardinale-de-kesel\/","url":"https:\/\/constantinianorder.com\/belgio-incontro-con-s-e-il-cardinale-de-kesel\/","name":"ENCUENTRO CON S.E. EL CARDINAL DE KESEL - Sacro Militare Ordine Costantiniano di San Giorgio","isPartOf":{"@id":"https:\/\/constantinianorder.com\/#website"},"primaryImageOfPage":{"@id":"https:\/\/constantinianorder.com\/belgio-incontro-con-s-e-il-cardinale-de-kesel\/#primaryimage"},"image":{"@id":"https:\/\/constantinianorder.com\/belgio-incontro-con-s-e-il-cardinale-de-kesel\/#primaryimage"},"thumbnailUrl":"https:\/\/constantinianorder.com\/wp-content\/uploads\/2022\/04\/image4-1024x768.jpeg","datePublished":"2022-04-28T15:42:13+00:00","dateModified":"2025-10-21T16:24:58+00:00","breadcrumb":{"@id":"https:\/\/constantinianorder.com\/belgio-incontro-con-s-e-il-cardinale-de-kesel\/#breadcrumb"},"inLanguage":"es","potentialAction":[{"@type":"ReadAction","target":["https:\/\/constantinianorder.com\/belgio-incontro-con-s-e-il-cardinale-de-kesel\/"]}]},{"@type":"ImageObject","inLanguage":"es","@id":"https:\/\/constantinianorder.com\/belgio-incontro-con-s-e-il-cardinale-de-kesel\/#primaryimage","url":"https:\/\/constantinianorder.com\/wp-content\/uploads\/2022\/04\/image4-1024x768.jpeg","contentUrl":"https:\/\/constantinianorder.com\/wp-content\/uploads\/2022\/04\/image4-1024x768.jpeg"},{"@type":"BreadcrumbList","@id":"https:\/\/constantinianorder.com\/belgio-incontro-con-s-e-il-cardinale-de-kesel\/#breadcrumb","itemListElement":[{"@type":"ListItem","position":1,"name":"Home","item":"https:\/\/constantinianorder.com\/en\/"},{"@type":"ListItem","position":2,"name":"ENCUENTRO CON S.E. EL CARDINAL DE KESEL"}]},{"@type":"WebSite","@id":"https:\/\/constantinianorder.com\/#website","url":"https:\/\/constantinianorder.com\/","name":"Sacro Militare Ordine Costantiniano di San Giorgio","description":"Ordine Ufficiale","publisher":{"@id":"https:\/\/constantinianorder.com\/#organization"},"potentialAction":[{"@type":"SearchAction","target":{"@type":"EntryPoint","urlTemplate":"https:\/\/constantinianorder.com\/?s={search_term_string}"},"query-input":{"@type":"PropertyValueSpecification","valueRequired":true,"valueName":"search_term_string"}}],"inLanguage":"es"},{"@type":"Organization","@id":"https:\/\/constantinianorder.com\/#organization","name":"Sacro Militare Ordine Costantiniano di San Giorgio","url":"https:\/\/constantinianorder.com\/","logo":{"@type":"ImageObject","inLanguage":"es","@id":"https:\/\/constantinianorder.com\/#\/schema\/logo\/image\/","url":"https:\/\/constantinianorder.com\/wp-content\/uploads\/2025\/10\/cropped-logo-costantiniano.png","contentUrl":"https:\/\/constantinianorder.com\/wp-content\/uploads\/2025\/10\/cropped-logo-costantiniano.png","width":512,"height":512,"caption":"Sacro Militare Ordine Costantiniano di San Giorgio"},"image":{"@id":"https:\/\/constantinianorder.com\/#\/schema\/logo\/image\/"},"sameAs":["https:\/\/www.facebook.com\/constantinianorder","https:\/\/www.instagram.com\/constantinianorder\/","https:\/\/www.youtube.com\/@granmagisterodelsacromilit9375"]},{"@type":"Person","@id":"https:\/\/constantinianorder.com\/#\/schema\/person\/493f3b1475d575dcddda4ec923772c66","name":"admin","sameAs":["https:\/\/constantinianorder.com"],"url":"https:\/\/constantinianorder.com\/es\/author\/domain_jlukbpo7\/"}]}},"_links":{"self":[{"href":"https:\/\/constantinianorder.com\/es\/wp-json\/wp\/v2\/posts\/65880","targetHints":{"allow":["GET"]}}],"collection":[{"href":"https:\/\/constantinianorder.com\/es\/wp-json\/wp\/v2\/posts"}],"about":[{"href":"https:\/\/constantinianorder.com\/es\/wp-json\/wp\/v2\/types\/post"}],"author":[{"embeddable":true,"href":"https:\/\/constantinianorder.com\/es\/wp-json\/wp\/v2\/users\/1"}],"replies":[{"embeddable":true,"href":"https:\/\/constantinianorder.com\/es\/wp-json\/wp\/v2\/comments?post=65880"}],"version-history":[{"count":1,"href":"https:\/\/constantinianorder.com\/es\/wp-json\/wp\/v2\/posts\/65880\/revisions"}],"predecessor-version":[{"id":86960,"href":"https:\/\/constantinianorder.com\/es\/wp-json\/wp\/v2\/posts\/65880\/revisions\/86960"}],"wp:attachment":[{"href":"https:\/\/constantinianorder.com\/es\/wp-json\/wp\/v2\/media?parent=65880"}],"wp:term":[{"taxonomy":"category","embeddable":true,"href":"https:\/\/constantinianorder.com\/es\/wp-json\/wp\/v2\/categories?post=65880"},{"taxonomy":"post_tag","embeddable":true,"href":"https:\/\/constantinianorder.com\/es\/wp-json\/wp\/v2\/tags?post=65880"}],"curies":[{"name":"wp","href":"https:\/\/api.w.org\/{rel}","templated":true}]}}