{"id":65390,"date":"2022-05-02T10:41:44","date_gmt":"2022-05-02T10:41:44","guid":{"rendered":"https:\/\/constantinianorder.net\/piemonte-e-valle-daosta-attivita-del-mese-di-aprile\/"},"modified":"2025-10-21T16:24:55","modified_gmt":"2025-10-21T16:24:55","slug":"piamonte-y-valle-de-aosta-actividades-de-abril","status":"publish","type":"post","link":"https:\/\/constantinianorder.com\/es\/piamonte-y-valle-de-aosta-actividades-de-abril\/","title":{"rendered":"PIAMONTE Y VALLE DE AOSTA: ACTIVIDADES DE ABRIL"},"content":{"rendered":"\n<p> La \u00abFiesta de la Primavera\u00bb organizada por la Delegaci\u00f3n de Piamonte y Valle de Aosta tuvo lugar en el club del Wist de Tur\u00edn.<br>  Durante la velada el Vice Delegado Nicol\u00f2 Papurello ilustr\u00f3 las actividades que realiza nuestra Orden al p\u00fablico de empresarios y profesionales que asistieron. El Festival de Primavera se llevar\u00e1 a cabo anualmente.<\/p>\n\n\n\n<figure class=\"wp-block-image\"><img decoding=\"async\" src=\"https:\/\/constantinianorder.com\/wp-content\/uploads\/2022\/04\/IMG-20220413-WA0024-3-1024x576.jpg\" alt=\"\" class=\"wp-image-65586\"\/><\/figure>\n\n\n\n<p>Contin\u00faan las actividades caritativas a favor de las estructuras religiosas de la Di\u00f3cesis de Tortona (AL.  La representante de la ciudad de Alessandria, la Sra. Simona Delfino y el Vice Prior, Padre Augusto Piccoli han realizado una donaci\u00f3n de alimentos a favor de los hu\u00e9spedes desfavorecidos de la estructura \u00abMater Dei\u00bb en Tortona (AL). La comida, gentilmente ofrecida por los Caballeros y Damas de la delegaci\u00f3n y por la asociaci\u00f3n StandBy Me de Acqui Terme, ser\u00e1 entregada a los refugiados ucranianos alojados durante m\u00e1s de un mes en la estructura. En las pr\u00f3ximas semanas, en presencia del Vice Delegado de Piamonte y Valle d&#8217;Aosta Nicol\u00f2 Papurello, se har\u00e1n m\u00e1s donaciones de art\u00edculos de primera necesidad a favor de los refugiados ucranianos presentes en el territorio.<\/p>\n\n\n\n<figure class=\"wp-block-image\"><img decoding=\"async\" src=\"https:\/\/constantinianorder.com\/wp-content\/uploads\/2022\/04\/IMG-20220422-WA0029-1-1024x768.jpg\" alt=\"\" class=\"wp-image-65899\"\/><\/figure>\n\n\n\n<p>El 22 de abril, la representaci\u00f3n de Alessandria se reuni\u00f3 para celebrar la fiesta de San Jorge M\u00e1rtir, patr\u00f3n de la Orden.<br>  Durante la ceremonia, celebrada por el Vice Prior Augusto Piccoli en la Catedral de la ciudad, se recordaron algunos caballeros recientemente fallecidos, entre ellos el Conde Gustavo Figarolo di Gropello, ex Delegado de Piamonte y Valle d&#8217;Aosta y el Sr. Pasquale Muto.<br>  La representante, la Sra. Simona Delfino, tras leer la oraci\u00f3n del Caballero Constantiniano, agradeci\u00f3 a los numerosos presentes e ilustr\u00f3 las numerosas iniciativas llevadas a cabo por la representaci\u00f3n y por la delegaci\u00f3n de Piamonte y Valle de Aosta en este \u00faltimo per\u00edodo.<br>  A continuaci\u00f3n se celebr\u00f3 una cena en presencia de numerosas Damas y Caballeros.<\/p>\n","protected":false},"excerpt":{"rendered":"<p>La \u00abFiesta de la Primavera\u00bb organizada por la Delegaci\u00f3n de Piamonte y Valle de Aosta tuvo lugar en el club del Wist de Tur\u00edn. Durante la velada el Vice Delegado Nicol\u00f2 Papurello ilustr\u00f3 las actividades que realiza nuestra Orden al p\u00fablico de empresarios y profesionales que asistieron. El Festival de Primavera se llevar\u00e1 a cabo [&hellip;]<\/p>\n","protected":false},"author":1,"featured_media":0,"comment_status":"closed","ping_status":"closed","sticky":false,"template":"","format":"standard","meta":{"footnotes":""},"categories":[222],"tags":[],"class_list":["post-65390","post","type-post","status-publish","format-standard","hentry","category-delegacion-de-piamonte-y-valle-de-aosta"],"yoast_head":"<!-- This site is optimized with the Yoast SEO plugin v26.5 - https:\/\/yoast.com\/wordpress\/plugins\/seo\/ -->\n<title>PIAMONTE Y VALLE DE AOSTA: ACTIVIDADES DE ABRIL - Sacro Militare Ordine Costantiniano di San Giorgio<\/title>\n<meta name=\"robots\" content=\"index, follow, max-snippet:-1, max-image-preview:large, max-video-preview:-1\" \/>\n<link rel=\"canonical\" href=\"https:\/\/constantinianorder.com\/piemonte-e-valle-daosta-attivita-del-mese-di-aprile\/\" \/>\n<meta property=\"og:locale\" content=\"es_ES\" \/>\n<meta property=\"og:type\" content=\"article\" \/>\n<meta property=\"og:title\" content=\"PIAMONTE Y VALLE DE AOSTA: ACTIVIDADES DE ABRIL - Sacro Militare Ordine Costantiniano di San Giorgio\" \/>\n<meta property=\"og:description\" content=\"La \u00abFiesta de la Primavera\u00bb organizada por la Delegaci\u00f3n de Piamonte y Valle de Aosta tuvo lugar en el club del Wist de Tur\u00edn. Durante la velada el Vice Delegado Nicol\u00f2 Papurello ilustr\u00f3 las actividades que realiza nuestra Orden al p\u00fablico de empresarios y profesionales que asistieron. El Festival de Primavera se llevar\u00e1 a cabo [&hellip;]\" \/>\n<meta property=\"og:url\" content=\"https:\/\/constantinianorder.com\/piemonte-e-valle-daosta-attivita-del-mese-di-aprile\/\" \/>\n<meta property=\"og:site_name\" content=\"Sacro Militare Ordine Costantiniano di San Giorgio\" \/>\n<meta property=\"article:publisher\" content=\"https:\/\/www.facebook.com\/constantinianorder\" \/>\n<meta property=\"article:published_time\" content=\"2022-05-02T10:41:44+00:00\" \/>\n<meta property=\"article:modified_time\" content=\"2025-10-21T16:24:55+00:00\" \/>\n<meta name=\"author\" content=\"admin\" \/>\n<meta name=\"twitter:card\" content=\"summary_large_image\" \/>\n<meta name=\"twitter:label1\" content=\"Escrito por\" \/>\n\t<meta name=\"twitter:data1\" content=\"admin\" \/>\n\t<meta name=\"twitter:label2\" content=\"Tiempo de lectura\" \/>\n\t<meta name=\"twitter:data2\" content=\"2 minutos\" \/>\n<script type=\"application\/ld+json\" class=\"yoast-schema-graph\">{\"@context\":\"https:\/\/schema.org\",\"@graph\":[{\"@type\":\"Article\",\"@id\":\"https:\/\/constantinianorder.com\/piemonte-e-valle-daosta-attivita-del-mese-di-aprile\/#article\",\"isPartOf\":{\"@id\":\"https:\/\/constantinianorder.com\/piemonte-e-valle-daosta-attivita-del-mese-di-aprile\/\"},\"author\":{\"name\":\"admin\",\"@id\":\"https:\/\/constantinianorder.com\/#\/schema\/person\/493f3b1475d575dcddda4ec923772c66\"},\"headline\":\"PIAMONTE Y VALLE DE AOSTA: ACTIVIDADES DE ABRIL\",\"datePublished\":\"2022-05-02T10:41:44+00:00\",\"dateModified\":\"2025-10-21T16:24:55+00:00\",\"mainEntityOfPage\":{\"@id\":\"https:\/\/constantinianorder.com\/piemonte-e-valle-daosta-attivita-del-mese-di-aprile\/\"},\"wordCount\":332,\"publisher\":{\"@id\":\"https:\/\/constantinianorder.com\/#organization\"},\"image\":{\"@id\":\"https:\/\/constantinianorder.com\/piemonte-e-valle-daosta-attivita-del-mese-di-aprile\/#primaryimage\"},\"thumbnailUrl\":\"https:\/\/constantinianorder.com\/wp-content\/uploads\/2022\/04\/IMG-20220413-WA0024-3-1024x576.jpg\",\"articleSection\":[\"Delegaci\u00f3n de Piamonte y Valle de Aosta\"],\"inLanguage\":\"es\"},{\"@type\":\"WebPage\",\"@id\":\"https:\/\/constantinianorder.com\/piemonte-e-valle-daosta-attivita-del-mese-di-aprile\/\",\"url\":\"https:\/\/constantinianorder.com\/piemonte-e-valle-daosta-attivita-del-mese-di-aprile\/\",\"name\":\"PIAMONTE Y VALLE DE AOSTA: ACTIVIDADES DE ABRIL - Sacro Militare Ordine Costantiniano di San Giorgio\",\"isPartOf\":{\"@id\":\"https:\/\/constantinianorder.com\/#website\"},\"primaryImageOfPage\":{\"@id\":\"https:\/\/constantinianorder.com\/piemonte-e-valle-daosta-attivita-del-mese-di-aprile\/#primaryimage\"},\"image\":{\"@id\":\"https:\/\/constantinianorder.com\/piemonte-e-valle-daosta-attivita-del-mese-di-aprile\/#primaryimage\"},\"thumbnailUrl\":\"https:\/\/constantinianorder.com\/wp-content\/uploads\/2022\/04\/IMG-20220413-WA0024-3-1024x576.jpg\",\"datePublished\":\"2022-05-02T10:41:44+00:00\",\"dateModified\":\"2025-10-21T16:24:55+00:00\",\"breadcrumb\":{\"@id\":\"https:\/\/constantinianorder.com\/piemonte-e-valle-daosta-attivita-del-mese-di-aprile\/#breadcrumb\"},\"inLanguage\":\"es\",\"potentialAction\":[{\"@type\":\"ReadAction\",\"target\":[\"https:\/\/constantinianorder.com\/piemonte-e-valle-daosta-attivita-del-mese-di-aprile\/\"]}]},{\"@type\":\"ImageObject\",\"inLanguage\":\"es\",\"@id\":\"https:\/\/constantinianorder.com\/piemonte-e-valle-daosta-attivita-del-mese-di-aprile\/#primaryimage\",\"url\":\"https:\/\/constantinianorder.com\/wp-content\/uploads\/2022\/04\/IMG-20220413-WA0024-3-1024x576.jpg\",\"contentUrl\":\"https:\/\/constantinianorder.com\/wp-content\/uploads\/2022\/04\/IMG-20220413-WA0024-3-1024x576.jpg\"},{\"@type\":\"BreadcrumbList\",\"@id\":\"https:\/\/constantinianorder.com\/piemonte-e-valle-daosta-attivita-del-mese-di-aprile\/#breadcrumb\",\"itemListElement\":[{\"@type\":\"ListItem\",\"position\":1,\"name\":\"Home\",\"item\":\"https:\/\/constantinianorder.com\/en\/\"},{\"@type\":\"ListItem\",\"position\":2,\"name\":\"PIAMONTE Y VALLE DE AOSTA: ACTIVIDADES DE ABRIL\"}]},{\"@type\":\"WebSite\",\"@id\":\"https:\/\/constantinianorder.com\/#website\",\"url\":\"https:\/\/constantinianorder.com\/\",\"name\":\"Sacro Militare Ordine Costantiniano di San Giorgio\",\"description\":\"Ordine Ufficiale\",\"publisher\":{\"@id\":\"https:\/\/constantinianorder.com\/#organization\"},\"potentialAction\":[{\"@type\":\"SearchAction\",\"target\":{\"@type\":\"EntryPoint\",\"urlTemplate\":\"https:\/\/constantinianorder.com\/?s={search_term_string}\"},\"query-input\":{\"@type\":\"PropertyValueSpecification\",\"valueRequired\":true,\"valueName\":\"search_term_string\"}}],\"inLanguage\":\"es\"},{\"@type\":\"Organization\",\"@id\":\"https:\/\/constantinianorder.com\/#organization\",\"name\":\"Sacro Militare Ordine Costantiniano di San Giorgio\",\"url\":\"https:\/\/constantinianorder.com\/\",\"logo\":{\"@type\":\"ImageObject\",\"inLanguage\":\"es\",\"@id\":\"https:\/\/constantinianorder.com\/#\/schema\/logo\/image\/\",\"url\":\"https:\/\/constantinianorder.com\/wp-content\/uploads\/2025\/10\/cropped-logo-costantiniano.png\",\"contentUrl\":\"https:\/\/constantinianorder.com\/wp-content\/uploads\/2025\/10\/cropped-logo-costantiniano.png\",\"width\":512,\"height\":512,\"caption\":\"Sacro Militare Ordine Costantiniano di San Giorgio\"},\"image\":{\"@id\":\"https:\/\/constantinianorder.com\/#\/schema\/logo\/image\/\"},\"sameAs\":[\"https:\/\/www.facebook.com\/constantinianorder\",\"https:\/\/www.instagram.com\/constantinianorder\/\",\"https:\/\/www.youtube.com\/@granmagisterodelsacromilit9375\"]},{\"@type\":\"Person\",\"@id\":\"https:\/\/constantinianorder.com\/#\/schema\/person\/493f3b1475d575dcddda4ec923772c66\",\"name\":\"admin\",\"sameAs\":[\"https:\/\/constantinianorder.com\"],\"url\":\"https:\/\/constantinianorder.com\/es\/author\/domain_jlukbpo7\/\"}]}<\/script>\n<!-- \/ Yoast SEO plugin. -->","yoast_head_json":{"title":"PIAMONTE Y VALLE DE AOSTA: ACTIVIDADES DE ABRIL - Sacro Militare Ordine Costantiniano di San Giorgio","robots":{"index":"index","follow":"follow","max-snippet":"max-snippet:-1","max-image-preview":"max-image-preview:large","max-video-preview":"max-video-preview:-1"},"canonical":"https:\/\/constantinianorder.com\/piemonte-e-valle-daosta-attivita-del-mese-di-aprile\/","og_locale":"es_ES","og_type":"article","og_title":"PIAMONTE Y VALLE DE AOSTA: ACTIVIDADES DE ABRIL - Sacro Militare Ordine Costantiniano di San Giorgio","og_description":"La \u00abFiesta de la Primavera\u00bb organizada por la Delegaci\u00f3n de Piamonte y Valle de Aosta tuvo lugar en el club del Wist de Tur\u00edn. Durante la velada el Vice Delegado Nicol\u00f2 Papurello ilustr\u00f3 las actividades que realiza nuestra Orden al p\u00fablico de empresarios y profesionales que asistieron. El Festival de Primavera se llevar\u00e1 a cabo [&hellip;]","og_url":"https:\/\/constantinianorder.com\/piemonte-e-valle-daosta-attivita-del-mese-di-aprile\/","og_site_name":"Sacro Militare Ordine Costantiniano di San Giorgio","article_publisher":"https:\/\/www.facebook.com\/constantinianorder","article_published_time":"2022-05-02T10:41:44+00:00","article_modified_time":"2025-10-21T16:24:55+00:00","author":"admin","twitter_card":"summary_large_image","twitter_misc":{"Escrito por":"admin","Tiempo de lectura":"2 minutos"},"schema":{"@context":"https:\/\/schema.org","@graph":[{"@type":"Article","@id":"https:\/\/constantinianorder.com\/piemonte-e-valle-daosta-attivita-del-mese-di-aprile\/#article","isPartOf":{"@id":"https:\/\/constantinianorder.com\/piemonte-e-valle-daosta-attivita-del-mese-di-aprile\/"},"author":{"name":"admin","@id":"https:\/\/constantinianorder.com\/#\/schema\/person\/493f3b1475d575dcddda4ec923772c66"},"headline":"PIAMONTE Y VALLE DE AOSTA: ACTIVIDADES DE ABRIL","datePublished":"2022-05-02T10:41:44+00:00","dateModified":"2025-10-21T16:24:55+00:00","mainEntityOfPage":{"@id":"https:\/\/constantinianorder.com\/piemonte-e-valle-daosta-attivita-del-mese-di-aprile\/"},"wordCount":332,"publisher":{"@id":"https:\/\/constantinianorder.com\/#organization"},"image":{"@id":"https:\/\/constantinianorder.com\/piemonte-e-valle-daosta-attivita-del-mese-di-aprile\/#primaryimage"},"thumbnailUrl":"https:\/\/constantinianorder.com\/wp-content\/uploads\/2022\/04\/IMG-20220413-WA0024-3-1024x576.jpg","articleSection":["Delegaci\u00f3n de Piamonte y Valle de Aosta"],"inLanguage":"es"},{"@type":"WebPage","@id":"https:\/\/constantinianorder.com\/piemonte-e-valle-daosta-attivita-del-mese-di-aprile\/","url":"https:\/\/constantinianorder.com\/piemonte-e-valle-daosta-attivita-del-mese-di-aprile\/","name":"PIAMONTE Y VALLE DE AOSTA: ACTIVIDADES DE ABRIL - Sacro Militare Ordine Costantiniano di San Giorgio","isPartOf":{"@id":"https:\/\/constantinianorder.com\/#website"},"primaryImageOfPage":{"@id":"https:\/\/constantinianorder.com\/piemonte-e-valle-daosta-attivita-del-mese-di-aprile\/#primaryimage"},"image":{"@id":"https:\/\/constantinianorder.com\/piemonte-e-valle-daosta-attivita-del-mese-di-aprile\/#primaryimage"},"thumbnailUrl":"https:\/\/constantinianorder.com\/wp-content\/uploads\/2022\/04\/IMG-20220413-WA0024-3-1024x576.jpg","datePublished":"2022-05-02T10:41:44+00:00","dateModified":"2025-10-21T16:24:55+00:00","breadcrumb":{"@id":"https:\/\/constantinianorder.com\/piemonte-e-valle-daosta-attivita-del-mese-di-aprile\/#breadcrumb"},"inLanguage":"es","potentialAction":[{"@type":"ReadAction","target":["https:\/\/constantinianorder.com\/piemonte-e-valle-daosta-attivita-del-mese-di-aprile\/"]}]},{"@type":"ImageObject","inLanguage":"es","@id":"https:\/\/constantinianorder.com\/piemonte-e-valle-daosta-attivita-del-mese-di-aprile\/#primaryimage","url":"https:\/\/constantinianorder.com\/wp-content\/uploads\/2022\/04\/IMG-20220413-WA0024-3-1024x576.jpg","contentUrl":"https:\/\/constantinianorder.com\/wp-content\/uploads\/2022\/04\/IMG-20220413-WA0024-3-1024x576.jpg"},{"@type":"BreadcrumbList","@id":"https:\/\/constantinianorder.com\/piemonte-e-valle-daosta-attivita-del-mese-di-aprile\/#breadcrumb","itemListElement":[{"@type":"ListItem","position":1,"name":"Home","item":"https:\/\/constantinianorder.com\/en\/"},{"@type":"ListItem","position":2,"name":"PIAMONTE Y VALLE DE AOSTA: ACTIVIDADES DE ABRIL"}]},{"@type":"WebSite","@id":"https:\/\/constantinianorder.com\/#website","url":"https:\/\/constantinianorder.com\/","name":"Sacro Militare Ordine Costantiniano di San Giorgio","description":"Ordine Ufficiale","publisher":{"@id":"https:\/\/constantinianorder.com\/#organization"},"potentialAction":[{"@type":"SearchAction","target":{"@type":"EntryPoint","urlTemplate":"https:\/\/constantinianorder.com\/?s={search_term_string}"},"query-input":{"@type":"PropertyValueSpecification","valueRequired":true,"valueName":"search_term_string"}}],"inLanguage":"es"},{"@type":"Organization","@id":"https:\/\/constantinianorder.com\/#organization","name":"Sacro Militare Ordine Costantiniano di San Giorgio","url":"https:\/\/constantinianorder.com\/","logo":{"@type":"ImageObject","inLanguage":"es","@id":"https:\/\/constantinianorder.com\/#\/schema\/logo\/image\/","url":"https:\/\/constantinianorder.com\/wp-content\/uploads\/2025\/10\/cropped-logo-costantiniano.png","contentUrl":"https:\/\/constantinianorder.com\/wp-content\/uploads\/2025\/10\/cropped-logo-costantiniano.png","width":512,"height":512,"caption":"Sacro Militare Ordine Costantiniano di San Giorgio"},"image":{"@id":"https:\/\/constantinianorder.com\/#\/schema\/logo\/image\/"},"sameAs":["https:\/\/www.facebook.com\/constantinianorder","https:\/\/www.instagram.com\/constantinianorder\/","https:\/\/www.youtube.com\/@granmagisterodelsacromilit9375"]},{"@type":"Person","@id":"https:\/\/constantinianorder.com\/#\/schema\/person\/493f3b1475d575dcddda4ec923772c66","name":"admin","sameAs":["https:\/\/constantinianorder.com"],"url":"https:\/\/constantinianorder.com\/es\/author\/domain_jlukbpo7\/"}]}},"_links":{"self":[{"href":"https:\/\/constantinianorder.com\/es\/wp-json\/wp\/v2\/posts\/65390","targetHints":{"allow":["GET"]}}],"collection":[{"href":"https:\/\/constantinianorder.com\/es\/wp-json\/wp\/v2\/posts"}],"about":[{"href":"https:\/\/constantinianorder.com\/es\/wp-json\/wp\/v2\/types\/post"}],"author":[{"embeddable":true,"href":"https:\/\/constantinianorder.com\/es\/wp-json\/wp\/v2\/users\/1"}],"replies":[{"embeddable":true,"href":"https:\/\/constantinianorder.com\/es\/wp-json\/wp\/v2\/comments?post=65390"}],"version-history":[{"count":1,"href":"https:\/\/constantinianorder.com\/es\/wp-json\/wp\/v2\/posts\/65390\/revisions"}],"predecessor-version":[{"id":86954,"href":"https:\/\/constantinianorder.com\/es\/wp-json\/wp\/v2\/posts\/65390\/revisions\/86954"}],"wp:attachment":[{"href":"https:\/\/constantinianorder.com\/es\/wp-json\/wp\/v2\/media?parent=65390"}],"wp:term":[{"taxonomy":"category","embeddable":true,"href":"https:\/\/constantinianorder.com\/es\/wp-json\/wp\/v2\/categories?post=65390"},{"taxonomy":"post_tag","embeddable":true,"href":"https:\/\/constantinianorder.com\/es\/wp-json\/wp\/v2\/tags?post=65390"}],"curies":[{"name":"wp","href":"https:\/\/api.w.org\/{rel}","templated":true}]}}