{"id":65302,"date":"2022-04-13T11:19:36","date_gmt":"2022-04-13T11:19:36","guid":{"rendered":"https:\/\/constantinianorder.net\/ingresso-nellordine-del-generale-francesco-paolo-figliuolo\/"},"modified":"2025-10-21T16:23:46","modified_gmt":"2025-10-21T16:23:46","slug":"encuentro-con-el-general-francesco-paolo-figliuolo","status":"publish","type":"post","link":"https:\/\/constantinianorder.com\/es\/encuentro-con-el-general-francesco-paolo-figliuolo\/","title":{"rendered":"ENCUENTRO CON EL GENERAL FRANCESCO PAOLO FIGLIUOLO"},"content":{"rendered":"\n<p><strong>Roma, 7 de abril de 2022<\/strong> &#8211; Su Alteza Real el Pr\u00edncipe Carlo de Borb\u00f3n de las Dos Sicilias, Duque de Castro, Jefe de la Casa Real y Gran Maestro de las \u00d3rdenes din\u00e1sticas de la Casa Real se reuni\u00f3 con el General del Cuerpo de Ej\u00e9rcito Francesco Paolo Figliuolo en el Palacio Caprara.<br>  Durante el encuentro a se recordaron las diversas dificultades que tuvo que enfrentar el General y su equipo por la emergencia covid durante el \u00faltimo a\u00f1o. Al encuentro asistieron Don Francesco Ruspoli, Gran Canciller, S.E. Don Giancarlo dei Principi Rocco di Torrepadula, Gran Tesorero, Dr. Giampaolo Grazian, Secretario General de la Orden, el Marqu\u00e9s Giuseppe Ferrajoli, Delegado de Roma y Lacio y S.A. el Pr\u00edncipe Don Lelio Niccol\u00f2 Orsini d&#8217;Aragona, ex Delegado de Roma y Lacio.<br>  Al final S.A.R. el Gran Maestro confiri\u00f3 al General Figliuolo el diploma de Caballero de Gran Cruz de M\u00e9rito de la Orden Constantiniana.<\/p>\n\n\n\n<figure class=\"wp-block-image\"><img decoding=\"async\" src=\"https:\/\/constantinianorder.com\/wp-content\/uploads\/2022\/04\/20220407_figliuolo_RCB_018-1-1024x681.jpg\" alt=\"\" class=\"wp-image-65295\"\/><figcaption><em>Da destra: il Nobile Marchese Giuseppe Ferrajoli, S.E. Don Gian Carlo Rocco dei Principi di Torrepadula, S.A.R. il Capo della Real Casa, il Gen. C.A. Francesco Paolo Figliuolo, S.E. il Principe Don Francesco Ruspoli, S.A. il Principe Don Lelio Niccol\u00f2 Orsini d&#8217;Aragona e il Dott. Giampaolo Grazian<\/em><\/figcaption><\/figure>\n","protected":false},"excerpt":{"rendered":"<p>Roma, 7 de abril de 2022 &#8211; Su Alteza Real el Pr\u00edncipe Carlo de Borb\u00f3n de las Dos Sicilias, Duque de Castro, Jefe de la Casa Real y Gran Maestro de las \u00d3rdenes din\u00e1sticas de la Casa Real se reuni\u00f3 con el General del Cuerpo de Ej\u00e9rcito Francesco Paolo Figliuolo en el Palacio Caprara. Durante [&hellip;]<\/p>\n","protected":false},"author":1,"featured_media":0,"comment_status":"closed","ping_status":"closed","sticky":false,"template":"","format":"standard","meta":{"footnotes":""},"categories":[81],"tags":[],"class_list":["post-65302","post","type-post","status-publish","format-standard","hentry","category-comunicados-del-gran-magisterio"],"yoast_head":"<!-- This site is optimized with the Yoast SEO plugin v26.5 - https:\/\/yoast.com\/wordpress\/plugins\/seo\/ -->\n<title>ENCUENTRO CON EL GENERAL FRANCESCO PAOLO FIGLIUOLO - Sacro Militare Ordine Costantiniano di San Giorgio<\/title>\n<meta name=\"robots\" content=\"index, follow, max-snippet:-1, max-image-preview:large, max-video-preview:-1\" \/>\n<link rel=\"canonical\" href=\"https:\/\/constantinianorder.com\/ingresso-nellordine-del-generale-francesco-paolo-figliuolo\/\" \/>\n<meta property=\"og:locale\" content=\"es_ES\" \/>\n<meta property=\"og:type\" content=\"article\" \/>\n<meta property=\"og:title\" content=\"ENCUENTRO CON EL GENERAL FRANCESCO PAOLO FIGLIUOLO - Sacro Militare Ordine Costantiniano di San Giorgio\" \/>\n<meta property=\"og:description\" content=\"Roma, 7 de abril de 2022 &#8211; Su Alteza Real el Pr\u00edncipe Carlo de Borb\u00f3n de las Dos Sicilias, Duque de Castro, Jefe de la Casa Real y Gran Maestro de las \u00d3rdenes din\u00e1sticas de la Casa Real se reuni\u00f3 con el General del Cuerpo de Ej\u00e9rcito Francesco Paolo Figliuolo en el Palacio Caprara. Durante [&hellip;]\" \/>\n<meta property=\"og:url\" content=\"https:\/\/constantinianorder.com\/ingresso-nellordine-del-generale-francesco-paolo-figliuolo\/\" \/>\n<meta property=\"og:site_name\" content=\"Sacro Militare Ordine Costantiniano di San Giorgio\" \/>\n<meta property=\"article:publisher\" content=\"https:\/\/www.facebook.com\/constantinianorder\" \/>\n<meta property=\"article:published_time\" content=\"2022-04-13T11:19:36+00:00\" \/>\n<meta property=\"article:modified_time\" content=\"2025-10-21T16:23:46+00:00\" \/>\n<meta property=\"og:image\" content=\"https:\/\/constantinianorder.com\/wp-content\/uploads\/2022\/04\/20220407_figliuolo_RCB_018-1-scaled-1.webp\" \/>\n\t<meta property=\"og:image:width\" content=\"1920\" \/>\n\t<meta property=\"og:image:height\" content=\"1277\" \/>\n\t<meta property=\"og:image:type\" content=\"image\/webp\" \/>\n<meta name=\"author\" content=\"admin\" \/>\n<meta name=\"twitter:card\" content=\"summary_large_image\" \/>\n<meta name=\"twitter:label1\" content=\"Escrito por\" \/>\n\t<meta name=\"twitter:data1\" content=\"admin\" \/>\n\t<meta name=\"twitter:label2\" content=\"Tiempo de lectura\" \/>\n\t<meta name=\"twitter:data2\" content=\"1 minuto\" \/>\n<script type=\"application\/ld+json\" class=\"yoast-schema-graph\">{\"@context\":\"https:\/\/schema.org\",\"@graph\":[{\"@type\":\"Article\",\"@id\":\"https:\/\/constantinianorder.com\/ingresso-nellordine-del-generale-francesco-paolo-figliuolo\/#article\",\"isPartOf\":{\"@id\":\"https:\/\/constantinianorder.com\/ingresso-nellordine-del-generale-francesco-paolo-figliuolo\/\"},\"author\":{\"name\":\"admin\",\"@id\":\"https:\/\/constantinianorder.com\/#\/schema\/person\/493f3b1475d575dcddda4ec923772c66\"},\"headline\":\"ENCUENTRO CON EL GENERAL FRANCESCO PAOLO FIGLIUOLO\",\"datePublished\":\"2022-04-13T11:19:36+00:00\",\"dateModified\":\"2025-10-21T16:23:46+00:00\",\"mainEntityOfPage\":{\"@id\":\"https:\/\/constantinianorder.com\/ingresso-nellordine-del-generale-francesco-paolo-figliuolo\/\"},\"wordCount\":225,\"publisher\":{\"@id\":\"https:\/\/constantinianorder.com\/#organization\"},\"image\":{\"@id\":\"https:\/\/constantinianorder.com\/ingresso-nellordine-del-generale-francesco-paolo-figliuolo\/#primaryimage\"},\"thumbnailUrl\":\"https:\/\/constantinianorder.com\/wp-content\/uploads\/2022\/04\/20220407_figliuolo_RCB_018-1-1024x681.jpg\",\"articleSection\":[\"Comunicados del Gran Magisterio\"],\"inLanguage\":\"es\"},{\"@type\":\"WebPage\",\"@id\":\"https:\/\/constantinianorder.com\/ingresso-nellordine-del-generale-francesco-paolo-figliuolo\/\",\"url\":\"https:\/\/constantinianorder.com\/ingresso-nellordine-del-generale-francesco-paolo-figliuolo\/\",\"name\":\"ENCUENTRO CON EL GENERAL FRANCESCO PAOLO FIGLIUOLO - Sacro Militare Ordine Costantiniano di San Giorgio\",\"isPartOf\":{\"@id\":\"https:\/\/constantinianorder.com\/#website\"},\"primaryImageOfPage\":{\"@id\":\"https:\/\/constantinianorder.com\/ingresso-nellordine-del-generale-francesco-paolo-figliuolo\/#primaryimage\"},\"image\":{\"@id\":\"https:\/\/constantinianorder.com\/ingresso-nellordine-del-generale-francesco-paolo-figliuolo\/#primaryimage\"},\"thumbnailUrl\":\"https:\/\/constantinianorder.com\/wp-content\/uploads\/2022\/04\/20220407_figliuolo_RCB_018-1-1024x681.jpg\",\"datePublished\":\"2022-04-13T11:19:36+00:00\",\"dateModified\":\"2025-10-21T16:23:46+00:00\",\"breadcrumb\":{\"@id\":\"https:\/\/constantinianorder.com\/ingresso-nellordine-del-generale-francesco-paolo-figliuolo\/#breadcrumb\"},\"inLanguage\":\"es\",\"potentialAction\":[{\"@type\":\"ReadAction\",\"target\":[\"https:\/\/constantinianorder.com\/ingresso-nellordine-del-generale-francesco-paolo-figliuolo\/\"]}]},{\"@type\":\"ImageObject\",\"inLanguage\":\"es\",\"@id\":\"https:\/\/constantinianorder.com\/ingresso-nellordine-del-generale-francesco-paolo-figliuolo\/#primaryimage\",\"url\":\"https:\/\/constantinianorder.com\/wp-content\/uploads\/2022\/04\/20220407_figliuolo_RCB_018-1-1024x681.jpg\",\"contentUrl\":\"https:\/\/constantinianorder.com\/wp-content\/uploads\/2022\/04\/20220407_figliuolo_RCB_018-1-1024x681.jpg\"},{\"@type\":\"BreadcrumbList\",\"@id\":\"https:\/\/constantinianorder.com\/ingresso-nellordine-del-generale-francesco-paolo-figliuolo\/#breadcrumb\",\"itemListElement\":[{\"@type\":\"ListItem\",\"position\":1,\"name\":\"Home\",\"item\":\"https:\/\/constantinianorder.com\/en\/\"},{\"@type\":\"ListItem\",\"position\":2,\"name\":\"ENCUENTRO CON EL GENERAL FRANCESCO PAOLO FIGLIUOLO\"}]},{\"@type\":\"WebSite\",\"@id\":\"https:\/\/constantinianorder.com\/#website\",\"url\":\"https:\/\/constantinianorder.com\/\",\"name\":\"Sacro Militare Ordine Costantiniano di San Giorgio\",\"description\":\"Ordine Ufficiale\",\"publisher\":{\"@id\":\"https:\/\/constantinianorder.com\/#organization\"},\"potentialAction\":[{\"@type\":\"SearchAction\",\"target\":{\"@type\":\"EntryPoint\",\"urlTemplate\":\"https:\/\/constantinianorder.com\/?s={search_term_string}\"},\"query-input\":{\"@type\":\"PropertyValueSpecification\",\"valueRequired\":true,\"valueName\":\"search_term_string\"}}],\"inLanguage\":\"es\"},{\"@type\":\"Organization\",\"@id\":\"https:\/\/constantinianorder.com\/#organization\",\"name\":\"Sacro Militare Ordine Costantiniano di San Giorgio\",\"url\":\"https:\/\/constantinianorder.com\/\",\"logo\":{\"@type\":\"ImageObject\",\"inLanguage\":\"es\",\"@id\":\"https:\/\/constantinianorder.com\/#\/schema\/logo\/image\/\",\"url\":\"https:\/\/constantinianorder.com\/wp-content\/uploads\/2025\/10\/cropped-logo-costantiniano.png\",\"contentUrl\":\"https:\/\/constantinianorder.com\/wp-content\/uploads\/2025\/10\/cropped-logo-costantiniano.png\",\"width\":512,\"height\":512,\"caption\":\"Sacro Militare Ordine Costantiniano di San Giorgio\"},\"image\":{\"@id\":\"https:\/\/constantinianorder.com\/#\/schema\/logo\/image\/\"},\"sameAs\":[\"https:\/\/www.facebook.com\/constantinianorder\",\"https:\/\/www.instagram.com\/constantinianorder\/\",\"https:\/\/www.youtube.com\/@granmagisterodelsacromilit9375\"]},{\"@type\":\"Person\",\"@id\":\"https:\/\/constantinianorder.com\/#\/schema\/person\/493f3b1475d575dcddda4ec923772c66\",\"name\":\"admin\",\"sameAs\":[\"https:\/\/constantinianorder.com\"],\"url\":\"https:\/\/constantinianorder.com\/es\/author\/domain_jlukbpo7\/\"}]}<\/script>\n<!-- \/ Yoast SEO plugin. -->","yoast_head_json":{"title":"ENCUENTRO CON EL GENERAL FRANCESCO PAOLO FIGLIUOLO - Sacro Militare Ordine Costantiniano di San Giorgio","robots":{"index":"index","follow":"follow","max-snippet":"max-snippet:-1","max-image-preview":"max-image-preview:large","max-video-preview":"max-video-preview:-1"},"canonical":"https:\/\/constantinianorder.com\/ingresso-nellordine-del-generale-francesco-paolo-figliuolo\/","og_locale":"es_ES","og_type":"article","og_title":"ENCUENTRO CON EL GENERAL FRANCESCO PAOLO FIGLIUOLO - Sacro Militare Ordine Costantiniano di San Giorgio","og_description":"Roma, 7 de abril de 2022 &#8211; Su Alteza Real el Pr\u00edncipe Carlo de Borb\u00f3n de las Dos Sicilias, Duque de Castro, Jefe de la Casa Real y Gran Maestro de las \u00d3rdenes din\u00e1sticas de la Casa Real se reuni\u00f3 con el General del Cuerpo de Ej\u00e9rcito Francesco Paolo Figliuolo en el Palacio Caprara. Durante [&hellip;]","og_url":"https:\/\/constantinianorder.com\/ingresso-nellordine-del-generale-francesco-paolo-figliuolo\/","og_site_name":"Sacro Militare Ordine Costantiniano di San Giorgio","article_publisher":"https:\/\/www.facebook.com\/constantinianorder","article_published_time":"2022-04-13T11:19:36+00:00","article_modified_time":"2025-10-21T16:23:46+00:00","og_image":[{"width":1920,"height":1277,"url":"https:\/\/constantinianorder.com\/wp-content\/uploads\/2022\/04\/20220407_figliuolo_RCB_018-1-scaled-1.webp","type":"image\/webp"}],"author":"admin","twitter_card":"summary_large_image","twitter_misc":{"Escrito por":"admin","Tiempo de lectura":"1 minuto"},"schema":{"@context":"https:\/\/schema.org","@graph":[{"@type":"Article","@id":"https:\/\/constantinianorder.com\/ingresso-nellordine-del-generale-francesco-paolo-figliuolo\/#article","isPartOf":{"@id":"https:\/\/constantinianorder.com\/ingresso-nellordine-del-generale-francesco-paolo-figliuolo\/"},"author":{"name":"admin","@id":"https:\/\/constantinianorder.com\/#\/schema\/person\/493f3b1475d575dcddda4ec923772c66"},"headline":"ENCUENTRO CON EL GENERAL FRANCESCO PAOLO FIGLIUOLO","datePublished":"2022-04-13T11:19:36+00:00","dateModified":"2025-10-21T16:23:46+00:00","mainEntityOfPage":{"@id":"https:\/\/constantinianorder.com\/ingresso-nellordine-del-generale-francesco-paolo-figliuolo\/"},"wordCount":225,"publisher":{"@id":"https:\/\/constantinianorder.com\/#organization"},"image":{"@id":"https:\/\/constantinianorder.com\/ingresso-nellordine-del-generale-francesco-paolo-figliuolo\/#primaryimage"},"thumbnailUrl":"https:\/\/constantinianorder.com\/wp-content\/uploads\/2022\/04\/20220407_figliuolo_RCB_018-1-1024x681.jpg","articleSection":["Comunicados del Gran Magisterio"],"inLanguage":"es"},{"@type":"WebPage","@id":"https:\/\/constantinianorder.com\/ingresso-nellordine-del-generale-francesco-paolo-figliuolo\/","url":"https:\/\/constantinianorder.com\/ingresso-nellordine-del-generale-francesco-paolo-figliuolo\/","name":"ENCUENTRO CON EL GENERAL FRANCESCO PAOLO FIGLIUOLO - Sacro Militare Ordine Costantiniano di San Giorgio","isPartOf":{"@id":"https:\/\/constantinianorder.com\/#website"},"primaryImageOfPage":{"@id":"https:\/\/constantinianorder.com\/ingresso-nellordine-del-generale-francesco-paolo-figliuolo\/#primaryimage"},"image":{"@id":"https:\/\/constantinianorder.com\/ingresso-nellordine-del-generale-francesco-paolo-figliuolo\/#primaryimage"},"thumbnailUrl":"https:\/\/constantinianorder.com\/wp-content\/uploads\/2022\/04\/20220407_figliuolo_RCB_018-1-1024x681.jpg","datePublished":"2022-04-13T11:19:36+00:00","dateModified":"2025-10-21T16:23:46+00:00","breadcrumb":{"@id":"https:\/\/constantinianorder.com\/ingresso-nellordine-del-generale-francesco-paolo-figliuolo\/#breadcrumb"},"inLanguage":"es","potentialAction":[{"@type":"ReadAction","target":["https:\/\/constantinianorder.com\/ingresso-nellordine-del-generale-francesco-paolo-figliuolo\/"]}]},{"@type":"ImageObject","inLanguage":"es","@id":"https:\/\/constantinianorder.com\/ingresso-nellordine-del-generale-francesco-paolo-figliuolo\/#primaryimage","url":"https:\/\/constantinianorder.com\/wp-content\/uploads\/2022\/04\/20220407_figliuolo_RCB_018-1-1024x681.jpg","contentUrl":"https:\/\/constantinianorder.com\/wp-content\/uploads\/2022\/04\/20220407_figliuolo_RCB_018-1-1024x681.jpg"},{"@type":"BreadcrumbList","@id":"https:\/\/constantinianorder.com\/ingresso-nellordine-del-generale-francesco-paolo-figliuolo\/#breadcrumb","itemListElement":[{"@type":"ListItem","position":1,"name":"Home","item":"https:\/\/constantinianorder.com\/en\/"},{"@type":"ListItem","position":2,"name":"ENCUENTRO CON EL GENERAL FRANCESCO PAOLO FIGLIUOLO"}]},{"@type":"WebSite","@id":"https:\/\/constantinianorder.com\/#website","url":"https:\/\/constantinianorder.com\/","name":"Sacro Militare Ordine Costantiniano di San Giorgio","description":"Ordine Ufficiale","publisher":{"@id":"https:\/\/constantinianorder.com\/#organization"},"potentialAction":[{"@type":"SearchAction","target":{"@type":"EntryPoint","urlTemplate":"https:\/\/constantinianorder.com\/?s={search_term_string}"},"query-input":{"@type":"PropertyValueSpecification","valueRequired":true,"valueName":"search_term_string"}}],"inLanguage":"es"},{"@type":"Organization","@id":"https:\/\/constantinianorder.com\/#organization","name":"Sacro Militare Ordine Costantiniano di San Giorgio","url":"https:\/\/constantinianorder.com\/","logo":{"@type":"ImageObject","inLanguage":"es","@id":"https:\/\/constantinianorder.com\/#\/schema\/logo\/image\/","url":"https:\/\/constantinianorder.com\/wp-content\/uploads\/2025\/10\/cropped-logo-costantiniano.png","contentUrl":"https:\/\/constantinianorder.com\/wp-content\/uploads\/2025\/10\/cropped-logo-costantiniano.png","width":512,"height":512,"caption":"Sacro Militare Ordine Costantiniano di San Giorgio"},"image":{"@id":"https:\/\/constantinianorder.com\/#\/schema\/logo\/image\/"},"sameAs":["https:\/\/www.facebook.com\/constantinianorder","https:\/\/www.instagram.com\/constantinianorder\/","https:\/\/www.youtube.com\/@granmagisterodelsacromilit9375"]},{"@type":"Person","@id":"https:\/\/constantinianorder.com\/#\/schema\/person\/493f3b1475d575dcddda4ec923772c66","name":"admin","sameAs":["https:\/\/constantinianorder.com"],"url":"https:\/\/constantinianorder.com\/es\/author\/domain_jlukbpo7\/"}]}},"_links":{"self":[{"href":"https:\/\/constantinianorder.com\/es\/wp-json\/wp\/v2\/posts\/65302","targetHints":{"allow":["GET"]}}],"collection":[{"href":"https:\/\/constantinianorder.com\/es\/wp-json\/wp\/v2\/posts"}],"about":[{"href":"https:\/\/constantinianorder.com\/es\/wp-json\/wp\/v2\/types\/post"}],"author":[{"embeddable":true,"href":"https:\/\/constantinianorder.com\/es\/wp-json\/wp\/v2\/users\/1"}],"replies":[{"embeddable":true,"href":"https:\/\/constantinianorder.com\/es\/wp-json\/wp\/v2\/comments?post=65302"}],"version-history":[{"count":1,"href":"https:\/\/constantinianorder.com\/es\/wp-json\/wp\/v2\/posts\/65302\/revisions"}],"predecessor-version":[{"id":86674,"href":"https:\/\/constantinianorder.com\/es\/wp-json\/wp\/v2\/posts\/65302\/revisions\/86674"}],"wp:attachment":[{"href":"https:\/\/constantinianorder.com\/es\/wp-json\/wp\/v2\/media?parent=65302"}],"wp:term":[{"taxonomy":"category","embeddable":true,"href":"https:\/\/constantinianorder.com\/es\/wp-json\/wp\/v2\/categories?post=65302"},{"taxonomy":"post_tag","embeddable":true,"href":"https:\/\/constantinianorder.com\/es\/wp-json\/wp\/v2\/tags?post=65302"}],"curies":[{"name":"wp","href":"https:\/\/api.w.org\/{rel}","templated":true}]}}