{"id":64184,"date":"2022-02-23T14:49:33","date_gmt":"2022-02-23T14:49:33","guid":{"rendered":"https:\/\/constantinianorder.net\/messaggio-di-cordoglio-per-la-scomparsa-del-nob-on-alberto-lembo\/"},"modified":"2025-10-21T16:52:43","modified_gmt":"2025-10-21T16:52:43","slug":"mensaje-para-la-desaparicion-del-nob-on-alberto-lembo","status":"publish","type":"post","link":"https:\/\/constantinianorder.com\/es\/mensaje-para-la-desaparicion-del-nob-on-alberto-lembo\/","title":{"rendered":"MENSAJE PARA LA DESAPARICI\u00d3N DEL NOB.ON. ALBERTO LEMBO"},"content":{"rendered":"\n<div class=\"wp-block-image\"><figure class=\"aligncenter\"><img fetchpriority=\"high\" decoding=\"async\" width=\"500\" height=\"1024\" src=\"https:\/\/constantinianorder.com\/wp-content\/uploads\/2022\/02\/DSC_9149bis-500x1024.jpg\" alt=\"\" class=\"wp-image-64186\" srcset=\"https:\/\/constantinianorder.com\/wp-content\/uploads\/2022\/02\/DSC_9149bis-500x1024.jpg 500w, https:\/\/constantinianorder.com\/wp-content\/uploads\/2022\/02\/DSC_9149bis-147x300.jpg 147w, https:\/\/constantinianorder.com\/wp-content\/uploads\/2022\/02\/DSC_9149bis.jpg 718w\" sizes=\"(max-width: 500px) 100vw, 500px\" \/><\/figure><\/div>\n\n\n\n<p><strong>Roma, 23 de febrero de 2022<\/strong> &#8211; S.A.R. el Pr\u00edncipe Carlo de Borb\u00f3n de las Dos Sicilias, Duque de Castro, Jefe de la Casa Real y Gran Maestro, expresa su m\u00e1s sentido p\u00e9same por el fallecimiento del Honorable Noble Alberto Lembo, Caballero de Gran Cruz de Gracia.<br> El Honorable Lembo colabor\u00f3 \u200b\u200bdurante mucho tiempo con la Orden Constantiniana, a partir de su admisi\u00f3n como caballero en 1984. Ocup\u00f3 el cargo de Representante de la ciudad de Verona hasta 2015 y luego se uni\u00f3 al Consejo de Grandes Cargas de la Orden como Gran Inquisidor de 2016 a 2018.<br> Licenciado en Ciencias Pol\u00edticas, periodista independiente, ha colaborado durante mucho tiempo con diversas revistas, ostentando una producci\u00f3n de cientos de art\u00edculos con trasfondo hist\u00f3rico y tantas intervenciones como disertante en congresos de importancia nacional.<br> Electo a la C\u00e1mara de Diputados para las legislaturas XII y XIII, se desempe\u00f1\u00f3 durante largo tiempo con honores, participando en la Comisi\u00f3n Consultiva de las \u00f3rdenes de caballer\u00eda no nacionales instalada en el Ministerio de Relaciones Exteriores y presidiendo, desde 2004, el Estudio y Comisi\u00f3n de Actualizaci\u00f3n por honores y m\u00e9ritos de la Rep\u00fablica de la Presidencia del Consejo.<br> Hoy por la ma\u00f1ana Su Eminencia el Cardenal Martino, Protodi\u00e1cono de la Santa Romana Iglesia y Gran Prior de la Orden, rez\u00f3 para su alma.<\/p>\n","protected":false},"excerpt":{"rendered":"<p>Roma, 23 de febrero de 2022 &#8211; S.A.R. el Pr\u00edncipe Carlo de Borb\u00f3n de las Dos Sicilias, Duque de Castro, Jefe de la Casa Real y Gran Maestro, expresa su m\u00e1s sentido p\u00e9same por el fallecimiento del Honorable Noble Alberto Lembo, Caballero de Gran Cruz de Gracia. El Honorable Lembo colabor\u00f3 \u200b\u200bdurante mucho tiempo con [&hellip;]<\/p>\n","protected":false},"author":1,"featured_media":0,"comment_status":"closed","ping_status":"closed","sticky":false,"template":"","format":"standard","meta":{"footnotes":""},"categories":[81],"tags":[],"class_list":["post-64184","post","type-post","status-publish","format-standard","hentry","category-comunicados-del-gran-magisterio"],"yoast_head":"<!-- This site is optimized with the Yoast SEO plugin v26.5 - https:\/\/yoast.com\/wordpress\/plugins\/seo\/ -->\n<title>MENSAJE PARA LA DESAPARICI\u00d3N DEL NOB.ON. ALBERTO LEMBO - Sacro Militare Ordine Costantiniano di San Giorgio<\/title>\n<meta name=\"robots\" content=\"index, follow, max-snippet:-1, max-image-preview:large, max-video-preview:-1\" \/>\n<link rel=\"canonical\" href=\"https:\/\/constantinianorder.com\/messaggio-di-cordoglio-per-la-scomparsa-del-nob-on-alberto-lembo\/\" \/>\n<meta property=\"og:locale\" content=\"es_ES\" \/>\n<meta property=\"og:type\" content=\"article\" \/>\n<meta property=\"og:title\" content=\"MENSAJE PARA LA DESAPARICI\u00d3N DEL NOB.ON. ALBERTO LEMBO - Sacro Militare Ordine Costantiniano di San Giorgio\" \/>\n<meta property=\"og:description\" content=\"Roma, 23 de febrero de 2022 &#8211; S.A.R. el Pr\u00edncipe Carlo de Borb\u00f3n de las Dos Sicilias, Duque de Castro, Jefe de la Casa Real y Gran Maestro, expresa su m\u00e1s sentido p\u00e9same por el fallecimiento del Honorable Noble Alberto Lembo, Caballero de Gran Cruz de Gracia. El Honorable Lembo colabor\u00f3 \u200b\u200bdurante mucho tiempo con [&hellip;]\" \/>\n<meta property=\"og:url\" content=\"https:\/\/constantinianorder.com\/messaggio-di-cordoglio-per-la-scomparsa-del-nob-on-alberto-lembo\/\" \/>\n<meta property=\"og:site_name\" content=\"Sacro Militare Ordine Costantiniano di San Giorgio\" \/>\n<meta property=\"article:publisher\" content=\"https:\/\/www.facebook.com\/constantinianorder\" \/>\n<meta property=\"article:published_time\" content=\"2022-02-23T14:49:33+00:00\" \/>\n<meta property=\"article:modified_time\" content=\"2025-10-21T16:52:43+00:00\" \/>\n<meta property=\"og:image\" content=\"https:\/\/constantinianorder.com\/wp-content\/uploads\/2022\/02\/DSC_9149bis.jpg\" \/>\n\t<meta property=\"og:image:width\" content=\"718\" \/>\n\t<meta property=\"og:image:height\" content=\"1469\" \/>\n\t<meta property=\"og:image:type\" content=\"image\/jpeg\" \/>\n<meta name=\"author\" content=\"admin\" \/>\n<meta name=\"twitter:card\" content=\"summary_large_image\" \/>\n<meta name=\"twitter:label1\" content=\"Escrito por\" \/>\n\t<meta name=\"twitter:data1\" content=\"admin\" \/>\n\t<meta name=\"twitter:label2\" content=\"Tiempo de lectura\" \/>\n\t<meta name=\"twitter:data2\" content=\"1 minuto\" \/>\n<script type=\"application\/ld+json\" class=\"yoast-schema-graph\">{\"@context\":\"https:\/\/schema.org\",\"@graph\":[{\"@type\":\"Article\",\"@id\":\"https:\/\/constantinianorder.com\/messaggio-di-cordoglio-per-la-scomparsa-del-nob-on-alberto-lembo\/#article\",\"isPartOf\":{\"@id\":\"https:\/\/constantinianorder.com\/messaggio-di-cordoglio-per-la-scomparsa-del-nob-on-alberto-lembo\/\"},\"author\":{\"name\":\"admin\",\"@id\":\"https:\/\/constantinianorder.com\/#\/schema\/person\/493f3b1475d575dcddda4ec923772c66\"},\"headline\":\"MENSAJE PARA LA DESAPARICI\u00d3N DEL NOB.ON. ALBERTO LEMBO\",\"datePublished\":\"2022-02-23T14:49:33+00:00\",\"dateModified\":\"2025-10-21T16:52:43+00:00\",\"mainEntityOfPage\":{\"@id\":\"https:\/\/constantinianorder.com\/messaggio-di-cordoglio-per-la-scomparsa-del-nob-on-alberto-lembo\/\"},\"wordCount\":240,\"publisher\":{\"@id\":\"https:\/\/constantinianorder.com\/#organization\"},\"image\":{\"@id\":\"https:\/\/constantinianorder.com\/messaggio-di-cordoglio-per-la-scomparsa-del-nob-on-alberto-lembo\/#primaryimage\"},\"thumbnailUrl\":\"https:\/\/constantinianorder.com\/wp-content\/uploads\/2022\/02\/DSC_9149bis-500x1024.jpg\",\"articleSection\":[\"Comunicados del Gran Magisterio\"],\"inLanguage\":\"es\"},{\"@type\":\"WebPage\",\"@id\":\"https:\/\/constantinianorder.com\/messaggio-di-cordoglio-per-la-scomparsa-del-nob-on-alberto-lembo\/\",\"url\":\"https:\/\/constantinianorder.com\/messaggio-di-cordoglio-per-la-scomparsa-del-nob-on-alberto-lembo\/\",\"name\":\"MENSAJE PARA LA DESAPARICI\u00d3N DEL NOB.ON. ALBERTO LEMBO - Sacro Militare Ordine Costantiniano di San Giorgio\",\"isPartOf\":{\"@id\":\"https:\/\/constantinianorder.com\/#website\"},\"primaryImageOfPage\":{\"@id\":\"https:\/\/constantinianorder.com\/messaggio-di-cordoglio-per-la-scomparsa-del-nob-on-alberto-lembo\/#primaryimage\"},\"image\":{\"@id\":\"https:\/\/constantinianorder.com\/messaggio-di-cordoglio-per-la-scomparsa-del-nob-on-alberto-lembo\/#primaryimage\"},\"thumbnailUrl\":\"https:\/\/constantinianorder.com\/wp-content\/uploads\/2022\/02\/DSC_9149bis-500x1024.jpg\",\"datePublished\":\"2022-02-23T14:49:33+00:00\",\"dateModified\":\"2025-10-21T16:52:43+00:00\",\"breadcrumb\":{\"@id\":\"https:\/\/constantinianorder.com\/messaggio-di-cordoglio-per-la-scomparsa-del-nob-on-alberto-lembo\/#breadcrumb\"},\"inLanguage\":\"es\",\"potentialAction\":[{\"@type\":\"ReadAction\",\"target\":[\"https:\/\/constantinianorder.com\/messaggio-di-cordoglio-per-la-scomparsa-del-nob-on-alberto-lembo\/\"]}]},{\"@type\":\"ImageObject\",\"inLanguage\":\"es\",\"@id\":\"https:\/\/constantinianorder.com\/messaggio-di-cordoglio-per-la-scomparsa-del-nob-on-alberto-lembo\/#primaryimage\",\"url\":\"https:\/\/constantinianorder.com\/wp-content\/uploads\/2022\/02\/DSC_9149bis-500x1024.jpg\",\"contentUrl\":\"https:\/\/constantinianorder.com\/wp-content\/uploads\/2022\/02\/DSC_9149bis-500x1024.jpg\"},{\"@type\":\"BreadcrumbList\",\"@id\":\"https:\/\/constantinianorder.com\/messaggio-di-cordoglio-per-la-scomparsa-del-nob-on-alberto-lembo\/#breadcrumb\",\"itemListElement\":[{\"@type\":\"ListItem\",\"position\":1,\"name\":\"Home\",\"item\":\"https:\/\/constantinianorder.com\/en\/\"},{\"@type\":\"ListItem\",\"position\":2,\"name\":\"MENSAJE PARA LA DESAPARICI\u00d3N DEL NOB.ON. ALBERTO LEMBO\"}]},{\"@type\":\"WebSite\",\"@id\":\"https:\/\/constantinianorder.com\/#website\",\"url\":\"https:\/\/constantinianorder.com\/\",\"name\":\"Sacro Militare Ordine Costantiniano di San Giorgio\",\"description\":\"Ordine Ufficiale\",\"publisher\":{\"@id\":\"https:\/\/constantinianorder.com\/#organization\"},\"potentialAction\":[{\"@type\":\"SearchAction\",\"target\":{\"@type\":\"EntryPoint\",\"urlTemplate\":\"https:\/\/constantinianorder.com\/?s={search_term_string}\"},\"query-input\":{\"@type\":\"PropertyValueSpecification\",\"valueRequired\":true,\"valueName\":\"search_term_string\"}}],\"inLanguage\":\"es\"},{\"@type\":\"Organization\",\"@id\":\"https:\/\/constantinianorder.com\/#organization\",\"name\":\"Sacro Militare Ordine Costantiniano di San Giorgio\",\"url\":\"https:\/\/constantinianorder.com\/\",\"logo\":{\"@type\":\"ImageObject\",\"inLanguage\":\"es\",\"@id\":\"https:\/\/constantinianorder.com\/#\/schema\/logo\/image\/\",\"url\":\"https:\/\/constantinianorder.com\/wp-content\/uploads\/2025\/10\/cropped-logo-costantiniano.png\",\"contentUrl\":\"https:\/\/constantinianorder.com\/wp-content\/uploads\/2025\/10\/cropped-logo-costantiniano.png\",\"width\":512,\"height\":512,\"caption\":\"Sacro Militare Ordine Costantiniano di San Giorgio\"},\"image\":{\"@id\":\"https:\/\/constantinianorder.com\/#\/schema\/logo\/image\/\"},\"sameAs\":[\"https:\/\/www.facebook.com\/constantinianorder\",\"https:\/\/www.instagram.com\/constantinianorder\/\",\"https:\/\/www.youtube.com\/@granmagisterodelsacromilit9375\"]},{\"@type\":\"Person\",\"@id\":\"https:\/\/constantinianorder.com\/#\/schema\/person\/493f3b1475d575dcddda4ec923772c66\",\"name\":\"admin\",\"sameAs\":[\"https:\/\/constantinianorder.com\"],\"url\":\"https:\/\/constantinianorder.com\/es\/author\/domain_jlukbpo7\/\"}]}<\/script>\n<!-- \/ Yoast SEO plugin. -->","yoast_head_json":{"title":"MENSAJE PARA LA DESAPARICI\u00d3N DEL NOB.ON. ALBERTO LEMBO - Sacro Militare Ordine Costantiniano di San Giorgio","robots":{"index":"index","follow":"follow","max-snippet":"max-snippet:-1","max-image-preview":"max-image-preview:large","max-video-preview":"max-video-preview:-1"},"canonical":"https:\/\/constantinianorder.com\/messaggio-di-cordoglio-per-la-scomparsa-del-nob-on-alberto-lembo\/","og_locale":"es_ES","og_type":"article","og_title":"MENSAJE PARA LA DESAPARICI\u00d3N DEL NOB.ON. ALBERTO LEMBO - Sacro Militare Ordine Costantiniano di San Giorgio","og_description":"Roma, 23 de febrero de 2022 &#8211; S.A.R. el Pr\u00edncipe Carlo de Borb\u00f3n de las Dos Sicilias, Duque de Castro, Jefe de la Casa Real y Gran Maestro, expresa su m\u00e1s sentido p\u00e9same por el fallecimiento del Honorable Noble Alberto Lembo, Caballero de Gran Cruz de Gracia. El Honorable Lembo colabor\u00f3 \u200b\u200bdurante mucho tiempo con [&hellip;]","og_url":"https:\/\/constantinianorder.com\/messaggio-di-cordoglio-per-la-scomparsa-del-nob-on-alberto-lembo\/","og_site_name":"Sacro Militare Ordine Costantiniano di San Giorgio","article_publisher":"https:\/\/www.facebook.com\/constantinianorder","article_published_time":"2022-02-23T14:49:33+00:00","article_modified_time":"2025-10-21T16:52:43+00:00","og_image":[{"width":718,"height":1469,"url":"https:\/\/constantinianorder.com\/wp-content\/uploads\/2022\/02\/DSC_9149bis.jpg","type":"image\/jpeg"}],"author":"admin","twitter_card":"summary_large_image","twitter_misc":{"Escrito por":"admin","Tiempo de lectura":"1 minuto"},"schema":{"@context":"https:\/\/schema.org","@graph":[{"@type":"Article","@id":"https:\/\/constantinianorder.com\/messaggio-di-cordoglio-per-la-scomparsa-del-nob-on-alberto-lembo\/#article","isPartOf":{"@id":"https:\/\/constantinianorder.com\/messaggio-di-cordoglio-per-la-scomparsa-del-nob-on-alberto-lembo\/"},"author":{"name":"admin","@id":"https:\/\/constantinianorder.com\/#\/schema\/person\/493f3b1475d575dcddda4ec923772c66"},"headline":"MENSAJE PARA LA DESAPARICI\u00d3N DEL NOB.ON. ALBERTO LEMBO","datePublished":"2022-02-23T14:49:33+00:00","dateModified":"2025-10-21T16:52:43+00:00","mainEntityOfPage":{"@id":"https:\/\/constantinianorder.com\/messaggio-di-cordoglio-per-la-scomparsa-del-nob-on-alberto-lembo\/"},"wordCount":240,"publisher":{"@id":"https:\/\/constantinianorder.com\/#organization"},"image":{"@id":"https:\/\/constantinianorder.com\/messaggio-di-cordoglio-per-la-scomparsa-del-nob-on-alberto-lembo\/#primaryimage"},"thumbnailUrl":"https:\/\/constantinianorder.com\/wp-content\/uploads\/2022\/02\/DSC_9149bis-500x1024.jpg","articleSection":["Comunicados del Gran Magisterio"],"inLanguage":"es"},{"@type":"WebPage","@id":"https:\/\/constantinianorder.com\/messaggio-di-cordoglio-per-la-scomparsa-del-nob-on-alberto-lembo\/","url":"https:\/\/constantinianorder.com\/messaggio-di-cordoglio-per-la-scomparsa-del-nob-on-alberto-lembo\/","name":"MENSAJE PARA LA DESAPARICI\u00d3N DEL NOB.ON. ALBERTO LEMBO - Sacro Militare Ordine Costantiniano di San Giorgio","isPartOf":{"@id":"https:\/\/constantinianorder.com\/#website"},"primaryImageOfPage":{"@id":"https:\/\/constantinianorder.com\/messaggio-di-cordoglio-per-la-scomparsa-del-nob-on-alberto-lembo\/#primaryimage"},"image":{"@id":"https:\/\/constantinianorder.com\/messaggio-di-cordoglio-per-la-scomparsa-del-nob-on-alberto-lembo\/#primaryimage"},"thumbnailUrl":"https:\/\/constantinianorder.com\/wp-content\/uploads\/2022\/02\/DSC_9149bis-500x1024.jpg","datePublished":"2022-02-23T14:49:33+00:00","dateModified":"2025-10-21T16:52:43+00:00","breadcrumb":{"@id":"https:\/\/constantinianorder.com\/messaggio-di-cordoglio-per-la-scomparsa-del-nob-on-alberto-lembo\/#breadcrumb"},"inLanguage":"es","potentialAction":[{"@type":"ReadAction","target":["https:\/\/constantinianorder.com\/messaggio-di-cordoglio-per-la-scomparsa-del-nob-on-alberto-lembo\/"]}]},{"@type":"ImageObject","inLanguage":"es","@id":"https:\/\/constantinianorder.com\/messaggio-di-cordoglio-per-la-scomparsa-del-nob-on-alberto-lembo\/#primaryimage","url":"https:\/\/constantinianorder.com\/wp-content\/uploads\/2022\/02\/DSC_9149bis-500x1024.jpg","contentUrl":"https:\/\/constantinianorder.com\/wp-content\/uploads\/2022\/02\/DSC_9149bis-500x1024.jpg"},{"@type":"BreadcrumbList","@id":"https:\/\/constantinianorder.com\/messaggio-di-cordoglio-per-la-scomparsa-del-nob-on-alberto-lembo\/#breadcrumb","itemListElement":[{"@type":"ListItem","position":1,"name":"Home","item":"https:\/\/constantinianorder.com\/en\/"},{"@type":"ListItem","position":2,"name":"MENSAJE PARA LA DESAPARICI\u00d3N DEL NOB.ON. ALBERTO LEMBO"}]},{"@type":"WebSite","@id":"https:\/\/constantinianorder.com\/#website","url":"https:\/\/constantinianorder.com\/","name":"Sacro Militare Ordine Costantiniano di San Giorgio","description":"Ordine Ufficiale","publisher":{"@id":"https:\/\/constantinianorder.com\/#organization"},"potentialAction":[{"@type":"SearchAction","target":{"@type":"EntryPoint","urlTemplate":"https:\/\/constantinianorder.com\/?s={search_term_string}"},"query-input":{"@type":"PropertyValueSpecification","valueRequired":true,"valueName":"search_term_string"}}],"inLanguage":"es"},{"@type":"Organization","@id":"https:\/\/constantinianorder.com\/#organization","name":"Sacro Militare Ordine Costantiniano di San Giorgio","url":"https:\/\/constantinianorder.com\/","logo":{"@type":"ImageObject","inLanguage":"es","@id":"https:\/\/constantinianorder.com\/#\/schema\/logo\/image\/","url":"https:\/\/constantinianorder.com\/wp-content\/uploads\/2025\/10\/cropped-logo-costantiniano.png","contentUrl":"https:\/\/constantinianorder.com\/wp-content\/uploads\/2025\/10\/cropped-logo-costantiniano.png","width":512,"height":512,"caption":"Sacro Militare Ordine Costantiniano di San Giorgio"},"image":{"@id":"https:\/\/constantinianorder.com\/#\/schema\/logo\/image\/"},"sameAs":["https:\/\/www.facebook.com\/constantinianorder","https:\/\/www.instagram.com\/constantinianorder\/","https:\/\/www.youtube.com\/@granmagisterodelsacromilit9375"]},{"@type":"Person","@id":"https:\/\/constantinianorder.com\/#\/schema\/person\/493f3b1475d575dcddda4ec923772c66","name":"admin","sameAs":["https:\/\/constantinianorder.com"],"url":"https:\/\/constantinianorder.com\/es\/author\/domain_jlukbpo7\/"}]}},"_links":{"self":[{"href":"https:\/\/constantinianorder.com\/es\/wp-json\/wp\/v2\/posts\/64184","targetHints":{"allow":["GET"]}}],"collection":[{"href":"https:\/\/constantinianorder.com\/es\/wp-json\/wp\/v2\/posts"}],"about":[{"href":"https:\/\/constantinianorder.com\/es\/wp-json\/wp\/v2\/types\/post"}],"author":[{"embeddable":true,"href":"https:\/\/constantinianorder.com\/es\/wp-json\/wp\/v2\/users\/1"}],"replies":[{"embeddable":true,"href":"https:\/\/constantinianorder.com\/es\/wp-json\/wp\/v2\/comments?post=64184"}],"version-history":[{"count":1,"href":"https:\/\/constantinianorder.com\/es\/wp-json\/wp\/v2\/posts\/64184\/revisions"}],"predecessor-version":[{"id":87633,"href":"https:\/\/constantinianorder.com\/es\/wp-json\/wp\/v2\/posts\/64184\/revisions\/87633"}],"wp:attachment":[{"href":"https:\/\/constantinianorder.com\/es\/wp-json\/wp\/v2\/media?parent=64184"}],"wp:term":[{"taxonomy":"category","embeddable":true,"href":"https:\/\/constantinianorder.com\/es\/wp-json\/wp\/v2\/categories?post=64184"},{"taxonomy":"post_tag","embeddable":true,"href":"https:\/\/constantinianorder.com\/es\/wp-json\/wp\/v2\/tags?post=64184"}],"curies":[{"name":"wp","href":"https:\/\/api.w.org\/{rel}","templated":true}]}}