{"id":63402,"date":"2022-03-01T10:32:16","date_gmt":"2022-03-01T10:32:16","guid":{"rendered":"https:\/\/constantinianorder.net\/piemonte-e-valle-daosta-ultime-attivita-delegatizie\/"},"modified":"2025-10-21T16:52:14","modified_gmt":"2025-10-21T16:52:14","slug":"piamonte-actividades-de-enero-y-febrero","status":"publish","type":"post","link":"https:\/\/constantinianorder.com\/es\/piamonte-actividades-de-enero-y-febrero\/","title":{"rendered":"PIAMONTE: ACTIVIDADES DE ENERO Y FEBRERO"},"content":{"rendered":"\n<figure class=\"wp-block-image\"><img decoding=\"async\" src=\"https:\/\/constantinianorder.com\/wp-content\/uploads\/2022\/02\/IMG-20220129-WA0013-768x1024.jpg\" alt=\"\" class=\"wp-image-63395\"\/><\/figure>\n\n\n\n<p>El s\u00e1bado 29 de enero la representaci\u00f3n de Alessandria, dirigida por la Sra Simona Delfino, organiz\u00f3 una misa para S.M. Mar\u00eda Cristina, Reina de las Dos Sicilias en la iglesia parroquial de Sezzadio (AL).<br> La celebraci\u00f3n estuvo presidida por el Vice Prior, Padre Augusto Piccoli.<\/p>\n\n\n\n<figure class=\"wp-block-image\"><img decoding=\"async\" src=\"https:\/\/constantinianorder.com\/wp-content\/uploads\/2022\/02\/IMG-20220119-WA0013-1-768x1024.jpg\" alt=\"\" class=\"wp-image-63475\"\/><\/figure>\n\n\n\n<p>El 19 de enero, la representaci\u00f3n de Alessandria, encabezada por la Sra. Simona Delfino y acompa\u00f1ada por el Vice Prior  Don Augusto Piccoli, hizo una donaci\u00f3n de dulces italianos artesanales para los m\u00e1s necesitados en la Parroquia de S. Perpetuo de Solero (AL).<br> La donaci\u00f3n fue posible gracias a la asociaci\u00f3n StandBy Me y la tienda \u00abLedda\u00bb de Acqui Terme que ofreci\u00f3 esos dulces.<br>  El p\u00e1rroco Don Mario Bianchi felicit\u00f3 a la Orden ya sus miembros por las numerosas actividades realizadas en los \u00faltimos a\u00f1os en la ciudad de Alessandria.<\/p>\n\n\n\n<figure class=\"wp-block-image\"><img decoding=\"async\" src=\"https:\/\/constantinianorder.com\/wp-content\/uploads\/2022\/03\/IMG-20220222-WA0014-1-903x1024.jpg\" alt=\"\" class=\"wp-image-64229\"\/><\/figure>\n\n\n\n<p>El martes 22 de febrero, por invitaci\u00f3n del Obispo de Tortona Monse\u00f1or Guido Marini, la representaci\u00f3n de Alessandria, encabezada por la Sra. Simona Delfino, acudi\u00f3 a la celebraci\u00f3n de la solemne Misa en la iglesia de \u00abSanta Maria Canale\u00bb de Tortona.<br>  A la celebraci\u00f3n asistieron el Noble De Lama, los caballeros Lazzaro y Sansone y el Doctor Corte, as\u00ed como unos representantes de otras \u00f3rdenes de caballer\u00eda que operan en la Di\u00f3cesis de Tortona.<\/p>\n","protected":false},"excerpt":{"rendered":"<p>El s\u00e1bado 29 de enero la representaci\u00f3n de Alessandria, dirigida por la Sra Simona Delfino, organiz\u00f3 una misa para S.M. Mar\u00eda Cristina, Reina de las Dos Sicilias en la iglesia parroquial de Sezzadio (AL). La celebraci\u00f3n estuvo presidida por el Vice Prior, Padre Augusto Piccoli. El 19 de enero, la representaci\u00f3n de Alessandria, encabezada por [&hellip;]<\/p>\n","protected":false},"author":1,"featured_media":0,"comment_status":"closed","ping_status":"closed","sticky":false,"template":"","format":"standard","meta":{"footnotes":""},"categories":[222],"tags":[],"class_list":["post-63402","post","type-post","status-publish","format-standard","hentry","category-delegacion-de-piamonte-y-valle-de-aosta"],"yoast_head":"<!-- This site is optimized with the Yoast SEO plugin v26.5 - https:\/\/yoast.com\/wordpress\/plugins\/seo\/ -->\n<title>PIAMONTE: ACTIVIDADES DE ENERO Y FEBRERO - Sacro Militare Ordine Costantiniano di San Giorgio<\/title>\n<meta name=\"robots\" content=\"index, follow, max-snippet:-1, max-image-preview:large, max-video-preview:-1\" \/>\n<link rel=\"canonical\" href=\"https:\/\/constantinianorder.com\/piemonte-e-valle-daosta-ultime-attivita-delegatizie\/\" \/>\n<meta property=\"og:locale\" content=\"es_ES\" \/>\n<meta property=\"og:type\" content=\"article\" \/>\n<meta property=\"og:title\" content=\"PIAMONTE: ACTIVIDADES DE ENERO Y FEBRERO - Sacro Militare Ordine Costantiniano di San Giorgio\" \/>\n<meta property=\"og:description\" content=\"El s\u00e1bado 29 de enero la representaci\u00f3n de Alessandria, dirigida por la Sra Simona Delfino, organiz\u00f3 una misa para S.M. Mar\u00eda Cristina, Reina de las Dos Sicilias en la iglesia parroquial de Sezzadio (AL). La celebraci\u00f3n estuvo presidida por el Vice Prior, Padre Augusto Piccoli. El 19 de enero, la representaci\u00f3n de Alessandria, encabezada por [&hellip;]\" \/>\n<meta property=\"og:url\" content=\"https:\/\/constantinianorder.com\/piemonte-e-valle-daosta-ultime-attivita-delegatizie\/\" \/>\n<meta property=\"og:site_name\" content=\"Sacro Militare Ordine Costantiniano di San Giorgio\" \/>\n<meta property=\"article:publisher\" content=\"https:\/\/www.facebook.com\/constantinianorder\" \/>\n<meta property=\"article:published_time\" content=\"2022-03-01T10:32:16+00:00\" \/>\n<meta property=\"article:modified_time\" content=\"2025-10-21T16:52:14+00:00\" \/>\n<meta property=\"og:image\" content=\"https:\/\/constantinianorder.com\/wp-content\/uploads\/2022\/02\/IMG-20220129-WA0013.webp\" \/>\n\t<meta property=\"og:image:width\" content=\"768\" \/>\n\t<meta property=\"og:image:height\" content=\"1024\" \/>\n\t<meta property=\"og:image:type\" content=\"image\/webp\" \/>\n<meta name=\"author\" content=\"admin\" \/>\n<meta name=\"twitter:card\" content=\"summary_large_image\" \/>\n<meta name=\"twitter:label1\" content=\"Escrito por\" \/>\n\t<meta name=\"twitter:data1\" content=\"admin\" \/>\n\t<meta name=\"twitter:label2\" content=\"Tiempo de lectura\" \/>\n\t<meta name=\"twitter:data2\" content=\"1 minuto\" \/>\n<script type=\"application\/ld+json\" class=\"yoast-schema-graph\">{\"@context\":\"https:\/\/schema.org\",\"@graph\":[{\"@type\":\"Article\",\"@id\":\"https:\/\/constantinianorder.com\/piemonte-e-valle-daosta-ultime-attivita-delegatizie\/#article\",\"isPartOf\":{\"@id\":\"https:\/\/constantinianorder.com\/piemonte-e-valle-daosta-ultime-attivita-delegatizie\/\"},\"author\":{\"name\":\"admin\",\"@id\":\"https:\/\/constantinianorder.com\/#\/schema\/person\/493f3b1475d575dcddda4ec923772c66\"},\"headline\":\"PIAMONTE: ACTIVIDADES DE ENERO Y FEBRERO\",\"datePublished\":\"2022-03-01T10:32:16+00:00\",\"dateModified\":\"2025-10-21T16:52:14+00:00\",\"mainEntityOfPage\":{\"@id\":\"https:\/\/constantinianorder.com\/piemonte-e-valle-daosta-ultime-attivita-delegatizie\/\"},\"wordCount\":232,\"publisher\":{\"@id\":\"https:\/\/constantinianorder.com\/#organization\"},\"image\":{\"@id\":\"https:\/\/constantinianorder.com\/piemonte-e-valle-daosta-ultime-attivita-delegatizie\/#primaryimage\"},\"thumbnailUrl\":\"https:\/\/constantinianorder.com\/wp-content\/uploads\/2022\/02\/IMG-20220129-WA0013-768x1024.jpg\",\"articleSection\":[\"Delegaci\u00f3n de Piamonte y Valle de Aosta\"],\"inLanguage\":\"es\"},{\"@type\":\"WebPage\",\"@id\":\"https:\/\/constantinianorder.com\/piemonte-e-valle-daosta-ultime-attivita-delegatizie\/\",\"url\":\"https:\/\/constantinianorder.com\/piemonte-e-valle-daosta-ultime-attivita-delegatizie\/\",\"name\":\"PIAMONTE: ACTIVIDADES DE ENERO Y FEBRERO - Sacro Militare Ordine Costantiniano di San Giorgio\",\"isPartOf\":{\"@id\":\"https:\/\/constantinianorder.com\/#website\"},\"primaryImageOfPage\":{\"@id\":\"https:\/\/constantinianorder.com\/piemonte-e-valle-daosta-ultime-attivita-delegatizie\/#primaryimage\"},\"image\":{\"@id\":\"https:\/\/constantinianorder.com\/piemonte-e-valle-daosta-ultime-attivita-delegatizie\/#primaryimage\"},\"thumbnailUrl\":\"https:\/\/constantinianorder.com\/wp-content\/uploads\/2022\/02\/IMG-20220129-WA0013-768x1024.jpg\",\"datePublished\":\"2022-03-01T10:32:16+00:00\",\"dateModified\":\"2025-10-21T16:52:14+00:00\",\"breadcrumb\":{\"@id\":\"https:\/\/constantinianorder.com\/piemonte-e-valle-daosta-ultime-attivita-delegatizie\/#breadcrumb\"},\"inLanguage\":\"es\",\"potentialAction\":[{\"@type\":\"ReadAction\",\"target\":[\"https:\/\/constantinianorder.com\/piemonte-e-valle-daosta-ultime-attivita-delegatizie\/\"]}]},{\"@type\":\"ImageObject\",\"inLanguage\":\"es\",\"@id\":\"https:\/\/constantinianorder.com\/piemonte-e-valle-daosta-ultime-attivita-delegatizie\/#primaryimage\",\"url\":\"https:\/\/constantinianorder.com\/wp-content\/uploads\/2022\/02\/IMG-20220129-WA0013-768x1024.jpg\",\"contentUrl\":\"https:\/\/constantinianorder.com\/wp-content\/uploads\/2022\/02\/IMG-20220129-WA0013-768x1024.jpg\"},{\"@type\":\"BreadcrumbList\",\"@id\":\"https:\/\/constantinianorder.com\/piemonte-e-valle-daosta-ultime-attivita-delegatizie\/#breadcrumb\",\"itemListElement\":[{\"@type\":\"ListItem\",\"position\":1,\"name\":\"Home\",\"item\":\"https:\/\/constantinianorder.com\/en\/\"},{\"@type\":\"ListItem\",\"position\":2,\"name\":\"PIAMONTE: ACTIVIDADES DE ENERO Y FEBRERO\"}]},{\"@type\":\"WebSite\",\"@id\":\"https:\/\/constantinianorder.com\/#website\",\"url\":\"https:\/\/constantinianorder.com\/\",\"name\":\"Sacro Militare Ordine Costantiniano di San Giorgio\",\"description\":\"Ordine Ufficiale\",\"publisher\":{\"@id\":\"https:\/\/constantinianorder.com\/#organization\"},\"potentialAction\":[{\"@type\":\"SearchAction\",\"target\":{\"@type\":\"EntryPoint\",\"urlTemplate\":\"https:\/\/constantinianorder.com\/?s={search_term_string}\"},\"query-input\":{\"@type\":\"PropertyValueSpecification\",\"valueRequired\":true,\"valueName\":\"search_term_string\"}}],\"inLanguage\":\"es\"},{\"@type\":\"Organization\",\"@id\":\"https:\/\/constantinianorder.com\/#organization\",\"name\":\"Sacro Militare Ordine Costantiniano di San Giorgio\",\"url\":\"https:\/\/constantinianorder.com\/\",\"logo\":{\"@type\":\"ImageObject\",\"inLanguage\":\"es\",\"@id\":\"https:\/\/constantinianorder.com\/#\/schema\/logo\/image\/\",\"url\":\"https:\/\/constantinianorder.com\/wp-content\/uploads\/2025\/10\/cropped-logo-costantiniano.png\",\"contentUrl\":\"https:\/\/constantinianorder.com\/wp-content\/uploads\/2025\/10\/cropped-logo-costantiniano.png\",\"width\":512,\"height\":512,\"caption\":\"Sacro Militare Ordine Costantiniano di San Giorgio\"},\"image\":{\"@id\":\"https:\/\/constantinianorder.com\/#\/schema\/logo\/image\/\"},\"sameAs\":[\"https:\/\/www.facebook.com\/constantinianorder\",\"https:\/\/www.instagram.com\/constantinianorder\/\",\"https:\/\/www.youtube.com\/@granmagisterodelsacromilit9375\"]},{\"@type\":\"Person\",\"@id\":\"https:\/\/constantinianorder.com\/#\/schema\/person\/493f3b1475d575dcddda4ec923772c66\",\"name\":\"admin\",\"sameAs\":[\"https:\/\/constantinianorder.com\"],\"url\":\"https:\/\/constantinianorder.com\/es\/author\/domain_jlukbpo7\/\"}]}<\/script>\n<!-- \/ Yoast SEO plugin. -->","yoast_head_json":{"title":"PIAMONTE: ACTIVIDADES DE ENERO Y FEBRERO - Sacro Militare Ordine Costantiniano di San Giorgio","robots":{"index":"index","follow":"follow","max-snippet":"max-snippet:-1","max-image-preview":"max-image-preview:large","max-video-preview":"max-video-preview:-1"},"canonical":"https:\/\/constantinianorder.com\/piemonte-e-valle-daosta-ultime-attivita-delegatizie\/","og_locale":"es_ES","og_type":"article","og_title":"PIAMONTE: ACTIVIDADES DE ENERO Y FEBRERO - Sacro Militare Ordine Costantiniano di San Giorgio","og_description":"El s\u00e1bado 29 de enero la representaci\u00f3n de Alessandria, dirigida por la Sra Simona Delfino, organiz\u00f3 una misa para S.M. Mar\u00eda Cristina, Reina de las Dos Sicilias en la iglesia parroquial de Sezzadio (AL). La celebraci\u00f3n estuvo presidida por el Vice Prior, Padre Augusto Piccoli. El 19 de enero, la representaci\u00f3n de Alessandria, encabezada por [&hellip;]","og_url":"https:\/\/constantinianorder.com\/piemonte-e-valle-daosta-ultime-attivita-delegatizie\/","og_site_name":"Sacro Militare Ordine Costantiniano di San Giorgio","article_publisher":"https:\/\/www.facebook.com\/constantinianorder","article_published_time":"2022-03-01T10:32:16+00:00","article_modified_time":"2025-10-21T16:52:14+00:00","og_image":[{"width":768,"height":1024,"url":"https:\/\/constantinianorder.com\/wp-content\/uploads\/2022\/02\/IMG-20220129-WA0013.webp","type":"image\/webp"}],"author":"admin","twitter_card":"summary_large_image","twitter_misc":{"Escrito por":"admin","Tiempo de lectura":"1 minuto"},"schema":{"@context":"https:\/\/schema.org","@graph":[{"@type":"Article","@id":"https:\/\/constantinianorder.com\/piemonte-e-valle-daosta-ultime-attivita-delegatizie\/#article","isPartOf":{"@id":"https:\/\/constantinianorder.com\/piemonte-e-valle-daosta-ultime-attivita-delegatizie\/"},"author":{"name":"admin","@id":"https:\/\/constantinianorder.com\/#\/schema\/person\/493f3b1475d575dcddda4ec923772c66"},"headline":"PIAMONTE: ACTIVIDADES DE ENERO Y FEBRERO","datePublished":"2022-03-01T10:32:16+00:00","dateModified":"2025-10-21T16:52:14+00:00","mainEntityOfPage":{"@id":"https:\/\/constantinianorder.com\/piemonte-e-valle-daosta-ultime-attivita-delegatizie\/"},"wordCount":232,"publisher":{"@id":"https:\/\/constantinianorder.com\/#organization"},"image":{"@id":"https:\/\/constantinianorder.com\/piemonte-e-valle-daosta-ultime-attivita-delegatizie\/#primaryimage"},"thumbnailUrl":"https:\/\/constantinianorder.com\/wp-content\/uploads\/2022\/02\/IMG-20220129-WA0013-768x1024.jpg","articleSection":["Delegaci\u00f3n de Piamonte y Valle de Aosta"],"inLanguage":"es"},{"@type":"WebPage","@id":"https:\/\/constantinianorder.com\/piemonte-e-valle-daosta-ultime-attivita-delegatizie\/","url":"https:\/\/constantinianorder.com\/piemonte-e-valle-daosta-ultime-attivita-delegatizie\/","name":"PIAMONTE: ACTIVIDADES DE ENERO Y FEBRERO - Sacro Militare Ordine Costantiniano di San Giorgio","isPartOf":{"@id":"https:\/\/constantinianorder.com\/#website"},"primaryImageOfPage":{"@id":"https:\/\/constantinianorder.com\/piemonte-e-valle-daosta-ultime-attivita-delegatizie\/#primaryimage"},"image":{"@id":"https:\/\/constantinianorder.com\/piemonte-e-valle-daosta-ultime-attivita-delegatizie\/#primaryimage"},"thumbnailUrl":"https:\/\/constantinianorder.com\/wp-content\/uploads\/2022\/02\/IMG-20220129-WA0013-768x1024.jpg","datePublished":"2022-03-01T10:32:16+00:00","dateModified":"2025-10-21T16:52:14+00:00","breadcrumb":{"@id":"https:\/\/constantinianorder.com\/piemonte-e-valle-daosta-ultime-attivita-delegatizie\/#breadcrumb"},"inLanguage":"es","potentialAction":[{"@type":"ReadAction","target":["https:\/\/constantinianorder.com\/piemonte-e-valle-daosta-ultime-attivita-delegatizie\/"]}]},{"@type":"ImageObject","inLanguage":"es","@id":"https:\/\/constantinianorder.com\/piemonte-e-valle-daosta-ultime-attivita-delegatizie\/#primaryimage","url":"https:\/\/constantinianorder.com\/wp-content\/uploads\/2022\/02\/IMG-20220129-WA0013-768x1024.jpg","contentUrl":"https:\/\/constantinianorder.com\/wp-content\/uploads\/2022\/02\/IMG-20220129-WA0013-768x1024.jpg"},{"@type":"BreadcrumbList","@id":"https:\/\/constantinianorder.com\/piemonte-e-valle-daosta-ultime-attivita-delegatizie\/#breadcrumb","itemListElement":[{"@type":"ListItem","position":1,"name":"Home","item":"https:\/\/constantinianorder.com\/en\/"},{"@type":"ListItem","position":2,"name":"PIAMONTE: ACTIVIDADES DE ENERO Y FEBRERO"}]},{"@type":"WebSite","@id":"https:\/\/constantinianorder.com\/#website","url":"https:\/\/constantinianorder.com\/","name":"Sacro Militare Ordine Costantiniano di San Giorgio","description":"Ordine Ufficiale","publisher":{"@id":"https:\/\/constantinianorder.com\/#organization"},"potentialAction":[{"@type":"SearchAction","target":{"@type":"EntryPoint","urlTemplate":"https:\/\/constantinianorder.com\/?s={search_term_string}"},"query-input":{"@type":"PropertyValueSpecification","valueRequired":true,"valueName":"search_term_string"}}],"inLanguage":"es"},{"@type":"Organization","@id":"https:\/\/constantinianorder.com\/#organization","name":"Sacro Militare Ordine Costantiniano di San Giorgio","url":"https:\/\/constantinianorder.com\/","logo":{"@type":"ImageObject","inLanguage":"es","@id":"https:\/\/constantinianorder.com\/#\/schema\/logo\/image\/","url":"https:\/\/constantinianorder.com\/wp-content\/uploads\/2025\/10\/cropped-logo-costantiniano.png","contentUrl":"https:\/\/constantinianorder.com\/wp-content\/uploads\/2025\/10\/cropped-logo-costantiniano.png","width":512,"height":512,"caption":"Sacro Militare Ordine Costantiniano di San Giorgio"},"image":{"@id":"https:\/\/constantinianorder.com\/#\/schema\/logo\/image\/"},"sameAs":["https:\/\/www.facebook.com\/constantinianorder","https:\/\/www.instagram.com\/constantinianorder\/","https:\/\/www.youtube.com\/@granmagisterodelsacromilit9375"]},{"@type":"Person","@id":"https:\/\/constantinianorder.com\/#\/schema\/person\/493f3b1475d575dcddda4ec923772c66","name":"admin","sameAs":["https:\/\/constantinianorder.com"],"url":"https:\/\/constantinianorder.com\/es\/author\/domain_jlukbpo7\/"}]}},"_links":{"self":[{"href":"https:\/\/constantinianorder.com\/es\/wp-json\/wp\/v2\/posts\/63402","targetHints":{"allow":["GET"]}}],"collection":[{"href":"https:\/\/constantinianorder.com\/es\/wp-json\/wp\/v2\/posts"}],"about":[{"href":"https:\/\/constantinianorder.com\/es\/wp-json\/wp\/v2\/types\/post"}],"author":[{"embeddable":true,"href":"https:\/\/constantinianorder.com\/es\/wp-json\/wp\/v2\/users\/1"}],"replies":[{"embeddable":true,"href":"https:\/\/constantinianorder.com\/es\/wp-json\/wp\/v2\/comments?post=63402"}],"version-history":[{"count":1,"href":"https:\/\/constantinianorder.com\/es\/wp-json\/wp\/v2\/posts\/63402\/revisions"}],"predecessor-version":[{"id":87526,"href":"https:\/\/constantinianorder.com\/es\/wp-json\/wp\/v2\/posts\/63402\/revisions\/87526"}],"wp:attachment":[{"href":"https:\/\/constantinianorder.com\/es\/wp-json\/wp\/v2\/media?parent=63402"}],"wp:term":[{"taxonomy":"category","embeddable":true,"href":"https:\/\/constantinianorder.com\/es\/wp-json\/wp\/v2\/categories?post=63402"},{"taxonomy":"post_tag","embeddable":true,"href":"https:\/\/constantinianorder.com\/es\/wp-json\/wp\/v2\/tags?post=63402"}],"curies":[{"name":"wp","href":"https:\/\/api.w.org\/{rel}","templated":true}]}}