{"id":62929,"date":"2021-12-03T15:44:11","date_gmt":"2021-12-03T15:44:11","guid":{"rendered":"https:\/\/constantinianorder.net\/donazione-allelemosineria-vaticana-e-alle-caritas-nazionali\/"},"modified":"2025-10-21T17:17:03","modified_gmt":"2025-10-21T17:17:03","slug":"donacion-para-la-elemosineria-del-vaticano-y-unas-caritas-nacionales","status":"publish","type":"post","link":"https:\/\/constantinianorder.com\/es\/donacion-para-la-elemosineria-del-vaticano-y-unas-caritas-nacionales\/","title":{"rendered":"DONACI\u00d3N PARA LA ELEMOSINER\u00cdA DEL VATICANO Y UNAS CARITAS NACIONALES"},"content":{"rendered":"\n<figure class=\"wp-block-image\"><img decoding=\"async\" src=\"https:\/\/constantinianorder.com\/wp-content\/uploads\/2021\/12\/WhatsApp-Image-2021-12-03-at-15.36.34-3-1024x768.jpeg\" alt=\"\" class=\"wp-image-61824\"\/><\/figure>\n\n\n\n<figure class=\"wp-block-image\"><img decoding=\"async\" src=\"https:\/\/constantinianorder.com\/wp-content\/uploads\/2021\/12\/WhatsApp-Image-2021-12-03-at-15.36.34-768x1024.jpeg\" alt=\"\" class=\"wp-image-61828\"\/><\/figure>\n\n\n\n<p>El 23 de noviembre a las 11:00 horas, la Sagrada Orden Militar Constantiniana de San Jorge hizo una donaci\u00f3n para la limosna vaticana en presencia de Su Eminencia el Cardenal Konrad Krajewski.<br> Para esta ocasi\u00f3n, la Orden Constantiniana involucr\u00f3 a algunas de sus delegaciones nacionales, entre ellas Campania, Lombard\u00eda, Toscana y Triveneto, quienes participaron activamente en el evento a trav\u00e9s del abastecimiento de art\u00edculos de primera necesidad y otros productos de diversa \u00edndole.<br> En concreto, los materiales que se han donado son:<\/p>\n\n\n\n<p>Ropa para hombres y mujeres<br> Zapatos<br> Ayudas m\u00e9dicas para diab\u00e9ticos (agujas de insulina, medidores y tiras reactivas)<br> 700 plantillas FPP2<br> 100 mascarillas de tela<br> 1.000 kg de pasta<br> 7 sillas de ruedas para discapacitados<\/p>\n\n\n\n<p><br> Presentes en el evento, adem\u00e1s del Secretario General, Dr. Giampaolo Grazian, tambi\u00e9n la Delegada de Campania Marquesa Federica de Gregorio Cattaneo, acompa\u00f1ada por el Dr. Paolo Gorga y el Dr. Andrea Petrone, el Delegado de Lombard\u00eda, Nob. Dr. Giuseppe Rizzani, el Delegado de Toscana, Conde Ranieri Adorni Braccesi, acompa\u00f1ado por el Coordinador de la delegaci\u00f3n, Dr. Luciano Giannelli y el Vice Delegado del Triveneto, Dr. Lucio Pasqualetto, as\u00ed como Padre Luigi Cannizzo, en representaci\u00f3n de la Oficina del Gran Prior.<\/p>\n\n\n\n<p>Adem\u00e1s, seg\u00fan lo acordado con Su Eminencia el Cardenal Krajewski, la Orden Constantiniana est\u00e1 donando actualmente unas 200 camas y 150 somieres con zapateros, todos en excelente estado, a varias Caritas Diocesanas nacionales. En particular, las caritas de Cerreto Sannita, Foligno, Frosinone y Tricarico est\u00e1n recibiendo estos productos durante estas semanas.<\/p>\n","protected":false},"excerpt":{"rendered":"<p>El 23 de noviembre a las 11:00 horas, la Sagrada Orden Militar Constantiniana de San Jorge hizo una donaci\u00f3n para la limosna vaticana en presencia de Su Eminencia el Cardenal Konrad Krajewski. Para esta ocasi\u00f3n, la Orden Constantiniana involucr\u00f3 a algunas de sus delegaciones nacionales, entre ellas Campania, Lombard\u00eda, Toscana y Triveneto, quienes participaron activamente [&hellip;]<\/p>\n","protected":false},"author":1,"featured_media":0,"comment_status":"closed","ping_status":"closed","sticky":false,"template":"","format":"standard","meta":{"footnotes":""},"categories":[81,221,216,218,226],"tags":[],"class_list":["post-62929","post","type-post","status-publish","format-standard","hentry","category-comunicados-del-gran-magisterio","category-delegacion-de-campania","category-delegacion-de-la-toscana","category-delegacion-de-lombardia","category-delegacion-del-triveneto"],"yoast_head":"<!-- This site is optimized with the Yoast SEO plugin v26.5 - https:\/\/yoast.com\/wordpress\/plugins\/seo\/ -->\n<title>DONACI\u00d3N PARA LA ELEMOSINER\u00cdA DEL VATICANO Y UNAS CARITAS NACIONALES - Sacro Militare Ordine Costantiniano di San Giorgio<\/title>\n<meta name=\"robots\" content=\"index, follow, max-snippet:-1, max-image-preview:large, max-video-preview:-1\" \/>\n<link rel=\"canonical\" href=\"https:\/\/constantinianorder.com\/es\/donacion-para-la-elemosineria-del-vaticano-y-unas-caritas-nacionales\/\" \/>\n<meta property=\"og:locale\" content=\"es_ES\" \/>\n<meta property=\"og:type\" content=\"article\" \/>\n<meta property=\"og:title\" content=\"DONACI\u00d3N PARA LA ELEMOSINER\u00cdA DEL VATICANO Y UNAS CARITAS NACIONALES - Sacro Militare Ordine Costantiniano di San Giorgio\" \/>\n<meta property=\"og:description\" content=\"El 23 de noviembre a las 11:00 horas, la Sagrada Orden Militar Constantiniana de San Jorge hizo una donaci\u00f3n para la limosna vaticana en presencia de Su Eminencia el Cardenal Konrad Krajewski. Para esta ocasi\u00f3n, la Orden Constantiniana involucr\u00f3 a algunas de sus delegaciones nacionales, entre ellas Campania, Lombard\u00eda, Toscana y Triveneto, quienes participaron activamente [&hellip;]\" \/>\n<meta property=\"og:url\" content=\"https:\/\/constantinianorder.com\/es\/donacion-para-la-elemosineria-del-vaticano-y-unas-caritas-nacionales\/\" \/>\n<meta property=\"og:site_name\" content=\"Sacro Militare Ordine Costantiniano di San Giorgio\" \/>\n<meta property=\"article:publisher\" content=\"https:\/\/www.facebook.com\/constantinianorder\" \/>\n<meta property=\"article:published_time\" content=\"2021-12-03T15:44:11+00:00\" \/>\n<meta property=\"article:modified_time\" content=\"2025-10-21T17:17:03+00:00\" \/>\n<meta property=\"og:image\" content=\"https:\/\/constantinianorder.com\/wp-content\/uploads\/2021\/12\/WhatsApp-Image-2021-12-03-at-15.36.34-3.jpeg\" \/>\n\t<meta property=\"og:image:width\" content=\"1024\" \/>\n\t<meta property=\"og:image:height\" content=\"768\" \/>\n\t<meta property=\"og:image:type\" content=\"image\/jpeg\" \/>\n<meta name=\"author\" content=\"admin\" \/>\n<meta name=\"twitter:card\" content=\"summary_large_image\" \/>\n<meta name=\"twitter:label1\" content=\"Escrito por\" \/>\n\t<meta name=\"twitter:data1\" content=\"admin\" \/>\n\t<meta name=\"twitter:label2\" content=\"Tiempo de lectura\" \/>\n\t<meta name=\"twitter:data2\" content=\"1 minuto\" \/>\n<script type=\"application\/ld+json\" class=\"yoast-schema-graph\">{\"@context\":\"https:\/\/schema.org\",\"@graph\":[{\"@type\":\"Article\",\"@id\":\"https:\/\/constantinianorder.com\/es\/donacion-para-la-elemosineria-del-vaticano-y-unas-caritas-nacionales\/#article\",\"isPartOf\":{\"@id\":\"https:\/\/constantinianorder.com\/es\/donacion-para-la-elemosineria-del-vaticano-y-unas-caritas-nacionales\/\"},\"author\":{\"name\":\"admin\",\"@id\":\"https:\/\/constantinianorder.com\/#\/schema\/person\/493f3b1475d575dcddda4ec923772c66\"},\"headline\":\"DONACI\u00d3N PARA LA ELEMOSINER\u00cdA DEL VATICANO Y UNAS CARITAS NACIONALES\",\"datePublished\":\"2021-12-03T15:44:11+00:00\",\"dateModified\":\"2025-10-21T17:17:03+00:00\",\"mainEntityOfPage\":{\"@id\":\"https:\/\/constantinianorder.com\/es\/donacion-para-la-elemosineria-del-vaticano-y-unas-caritas-nacionales\/\"},\"wordCount\":268,\"publisher\":{\"@id\":\"https:\/\/constantinianorder.com\/#organization\"},\"image\":{\"@id\":\"https:\/\/constantinianorder.com\/es\/donacion-para-la-elemosineria-del-vaticano-y-unas-caritas-nacionales\/#primaryimage\"},\"thumbnailUrl\":\"https:\/\/constantinianorder.com\/wp-content\/uploads\/2021\/12\/WhatsApp-Image-2021-12-03-at-15.36.34-3-1024x768.jpeg\",\"articleSection\":[\"Comunicados del Gran Magisterio\",\"Delegaci\u00f3n de Campania\",\"Delegaci\u00f3n de la Toscana\",\"Delegaci\u00f3n de Lombardia\",\"Delegaci\u00f3n del Triveneto\"],\"inLanguage\":\"es\"},{\"@type\":\"WebPage\",\"@id\":\"https:\/\/constantinianorder.com\/es\/donacion-para-la-elemosineria-del-vaticano-y-unas-caritas-nacionales\/\",\"url\":\"https:\/\/constantinianorder.com\/es\/donacion-para-la-elemosineria-del-vaticano-y-unas-caritas-nacionales\/\",\"name\":\"DONACI\u00d3N PARA LA ELEMOSINER\u00cdA DEL VATICANO Y UNAS CARITAS NACIONALES - Sacro Militare Ordine Costantiniano di San Giorgio\",\"isPartOf\":{\"@id\":\"https:\/\/constantinianorder.com\/#website\"},\"primaryImageOfPage\":{\"@id\":\"https:\/\/constantinianorder.com\/es\/donacion-para-la-elemosineria-del-vaticano-y-unas-caritas-nacionales\/#primaryimage\"},\"image\":{\"@id\":\"https:\/\/constantinianorder.com\/es\/donacion-para-la-elemosineria-del-vaticano-y-unas-caritas-nacionales\/#primaryimage\"},\"thumbnailUrl\":\"https:\/\/constantinianorder.com\/wp-content\/uploads\/2021\/12\/WhatsApp-Image-2021-12-03-at-15.36.34-3-1024x768.jpeg\",\"datePublished\":\"2021-12-03T15:44:11+00:00\",\"dateModified\":\"2025-10-21T17:17:03+00:00\",\"breadcrumb\":{\"@id\":\"https:\/\/constantinianorder.com\/es\/donacion-para-la-elemosineria-del-vaticano-y-unas-caritas-nacionales\/#breadcrumb\"},\"inLanguage\":\"es\",\"potentialAction\":[{\"@type\":\"ReadAction\",\"target\":[\"https:\/\/constantinianorder.com\/es\/donacion-para-la-elemosineria-del-vaticano-y-unas-caritas-nacionales\/\"]}]},{\"@type\":\"ImageObject\",\"inLanguage\":\"es\",\"@id\":\"https:\/\/constantinianorder.com\/es\/donacion-para-la-elemosineria-del-vaticano-y-unas-caritas-nacionales\/#primaryimage\",\"url\":\"https:\/\/constantinianorder.com\/wp-content\/uploads\/2021\/12\/WhatsApp-Image-2021-12-03-at-15.36.34-3-1024x768.jpeg\",\"contentUrl\":\"https:\/\/constantinianorder.com\/wp-content\/uploads\/2021\/12\/WhatsApp-Image-2021-12-03-at-15.36.34-3-1024x768.jpeg\"},{\"@type\":\"BreadcrumbList\",\"@id\":\"https:\/\/constantinianorder.com\/es\/donacion-para-la-elemosineria-del-vaticano-y-unas-caritas-nacionales\/#breadcrumb\",\"itemListElement\":[{\"@type\":\"ListItem\",\"position\":1,\"name\":\"Home\",\"item\":\"https:\/\/constantinianorder.com\/en\/\"},{\"@type\":\"ListItem\",\"position\":2,\"name\":\"DONACI\u00d3N PARA LA ELEMOSINER\u00cdA DEL VATICANO Y UNAS CARITAS NACIONALES\"}]},{\"@type\":\"WebSite\",\"@id\":\"https:\/\/constantinianorder.com\/#website\",\"url\":\"https:\/\/constantinianorder.com\/\",\"name\":\"Sacro Militare Ordine Costantiniano di San Giorgio\",\"description\":\"Ordine Ufficiale\",\"publisher\":{\"@id\":\"https:\/\/constantinianorder.com\/#organization\"},\"potentialAction\":[{\"@type\":\"SearchAction\",\"target\":{\"@type\":\"EntryPoint\",\"urlTemplate\":\"https:\/\/constantinianorder.com\/?s={search_term_string}\"},\"query-input\":{\"@type\":\"PropertyValueSpecification\",\"valueRequired\":true,\"valueName\":\"search_term_string\"}}],\"inLanguage\":\"es\"},{\"@type\":\"Organization\",\"@id\":\"https:\/\/constantinianorder.com\/#organization\",\"name\":\"Sacro Militare Ordine Costantiniano di San Giorgio\",\"url\":\"https:\/\/constantinianorder.com\/\",\"logo\":{\"@type\":\"ImageObject\",\"inLanguage\":\"es\",\"@id\":\"https:\/\/constantinianorder.com\/#\/schema\/logo\/image\/\",\"url\":\"https:\/\/constantinianorder.com\/wp-content\/uploads\/2025\/10\/cropped-logo-costantiniano.png\",\"contentUrl\":\"https:\/\/constantinianorder.com\/wp-content\/uploads\/2025\/10\/cropped-logo-costantiniano.png\",\"width\":512,\"height\":512,\"caption\":\"Sacro Militare Ordine Costantiniano di San Giorgio\"},\"image\":{\"@id\":\"https:\/\/constantinianorder.com\/#\/schema\/logo\/image\/\"},\"sameAs\":[\"https:\/\/www.facebook.com\/constantinianorder\",\"https:\/\/www.instagram.com\/constantinianorder\/\",\"https:\/\/www.youtube.com\/@granmagisterodelsacromilit9375\"]},{\"@type\":\"Person\",\"@id\":\"https:\/\/constantinianorder.com\/#\/schema\/person\/493f3b1475d575dcddda4ec923772c66\",\"name\":\"admin\",\"sameAs\":[\"https:\/\/constantinianorder.com\"],\"url\":\"https:\/\/constantinianorder.com\/es\/author\/domain_jlukbpo7\/\"}]}<\/script>\n<!-- \/ Yoast SEO plugin. -->","yoast_head_json":{"title":"DONACI\u00d3N PARA LA ELEMOSINER\u00cdA DEL VATICANO Y UNAS CARITAS NACIONALES - Sacro Militare Ordine Costantiniano di San Giorgio","robots":{"index":"index","follow":"follow","max-snippet":"max-snippet:-1","max-image-preview":"max-image-preview:large","max-video-preview":"max-video-preview:-1"},"canonical":"https:\/\/constantinianorder.com\/es\/donacion-para-la-elemosineria-del-vaticano-y-unas-caritas-nacionales\/","og_locale":"es_ES","og_type":"article","og_title":"DONACI\u00d3N PARA LA ELEMOSINER\u00cdA DEL VATICANO Y UNAS CARITAS NACIONALES - Sacro Militare Ordine Costantiniano di San Giorgio","og_description":"El 23 de noviembre a las 11:00 horas, la Sagrada Orden Militar Constantiniana de San Jorge hizo una donaci\u00f3n para la limosna vaticana en presencia de Su Eminencia el Cardenal Konrad Krajewski. Para esta ocasi\u00f3n, la Orden Constantiniana involucr\u00f3 a algunas de sus delegaciones nacionales, entre ellas Campania, Lombard\u00eda, Toscana y Triveneto, quienes participaron activamente [&hellip;]","og_url":"https:\/\/constantinianorder.com\/es\/donacion-para-la-elemosineria-del-vaticano-y-unas-caritas-nacionales\/","og_site_name":"Sacro Militare Ordine Costantiniano di San Giorgio","article_publisher":"https:\/\/www.facebook.com\/constantinianorder","article_published_time":"2021-12-03T15:44:11+00:00","article_modified_time":"2025-10-21T17:17:03+00:00","og_image":[{"width":1024,"height":768,"url":"https:\/\/constantinianorder.com\/wp-content\/uploads\/2021\/12\/WhatsApp-Image-2021-12-03-at-15.36.34-3.jpeg","type":"image\/jpeg"}],"author":"admin","twitter_card":"summary_large_image","twitter_misc":{"Escrito por":"admin","Tiempo de lectura":"1 minuto"},"schema":{"@context":"https:\/\/schema.org","@graph":[{"@type":"Article","@id":"https:\/\/constantinianorder.com\/es\/donacion-para-la-elemosineria-del-vaticano-y-unas-caritas-nacionales\/#article","isPartOf":{"@id":"https:\/\/constantinianorder.com\/es\/donacion-para-la-elemosineria-del-vaticano-y-unas-caritas-nacionales\/"},"author":{"name":"admin","@id":"https:\/\/constantinianorder.com\/#\/schema\/person\/493f3b1475d575dcddda4ec923772c66"},"headline":"DONACI\u00d3N PARA LA ELEMOSINER\u00cdA DEL VATICANO Y UNAS CARITAS NACIONALES","datePublished":"2021-12-03T15:44:11+00:00","dateModified":"2025-10-21T17:17:03+00:00","mainEntityOfPage":{"@id":"https:\/\/constantinianorder.com\/es\/donacion-para-la-elemosineria-del-vaticano-y-unas-caritas-nacionales\/"},"wordCount":268,"publisher":{"@id":"https:\/\/constantinianorder.com\/#organization"},"image":{"@id":"https:\/\/constantinianorder.com\/es\/donacion-para-la-elemosineria-del-vaticano-y-unas-caritas-nacionales\/#primaryimage"},"thumbnailUrl":"https:\/\/constantinianorder.com\/wp-content\/uploads\/2021\/12\/WhatsApp-Image-2021-12-03-at-15.36.34-3-1024x768.jpeg","articleSection":["Comunicados del Gran Magisterio","Delegaci\u00f3n de Campania","Delegaci\u00f3n de la Toscana","Delegaci\u00f3n de Lombardia","Delegaci\u00f3n del Triveneto"],"inLanguage":"es"},{"@type":"WebPage","@id":"https:\/\/constantinianorder.com\/es\/donacion-para-la-elemosineria-del-vaticano-y-unas-caritas-nacionales\/","url":"https:\/\/constantinianorder.com\/es\/donacion-para-la-elemosineria-del-vaticano-y-unas-caritas-nacionales\/","name":"DONACI\u00d3N PARA LA ELEMOSINER\u00cdA DEL VATICANO Y UNAS CARITAS NACIONALES - Sacro Militare Ordine Costantiniano di San Giorgio","isPartOf":{"@id":"https:\/\/constantinianorder.com\/#website"},"primaryImageOfPage":{"@id":"https:\/\/constantinianorder.com\/es\/donacion-para-la-elemosineria-del-vaticano-y-unas-caritas-nacionales\/#primaryimage"},"image":{"@id":"https:\/\/constantinianorder.com\/es\/donacion-para-la-elemosineria-del-vaticano-y-unas-caritas-nacionales\/#primaryimage"},"thumbnailUrl":"https:\/\/constantinianorder.com\/wp-content\/uploads\/2021\/12\/WhatsApp-Image-2021-12-03-at-15.36.34-3-1024x768.jpeg","datePublished":"2021-12-03T15:44:11+00:00","dateModified":"2025-10-21T17:17:03+00:00","breadcrumb":{"@id":"https:\/\/constantinianorder.com\/es\/donacion-para-la-elemosineria-del-vaticano-y-unas-caritas-nacionales\/#breadcrumb"},"inLanguage":"es","potentialAction":[{"@type":"ReadAction","target":["https:\/\/constantinianorder.com\/es\/donacion-para-la-elemosineria-del-vaticano-y-unas-caritas-nacionales\/"]}]},{"@type":"ImageObject","inLanguage":"es","@id":"https:\/\/constantinianorder.com\/es\/donacion-para-la-elemosineria-del-vaticano-y-unas-caritas-nacionales\/#primaryimage","url":"https:\/\/constantinianorder.com\/wp-content\/uploads\/2021\/12\/WhatsApp-Image-2021-12-03-at-15.36.34-3-1024x768.jpeg","contentUrl":"https:\/\/constantinianorder.com\/wp-content\/uploads\/2021\/12\/WhatsApp-Image-2021-12-03-at-15.36.34-3-1024x768.jpeg"},{"@type":"BreadcrumbList","@id":"https:\/\/constantinianorder.com\/es\/donacion-para-la-elemosineria-del-vaticano-y-unas-caritas-nacionales\/#breadcrumb","itemListElement":[{"@type":"ListItem","position":1,"name":"Home","item":"https:\/\/constantinianorder.com\/en\/"},{"@type":"ListItem","position":2,"name":"DONACI\u00d3N PARA LA ELEMOSINER\u00cdA DEL VATICANO Y UNAS CARITAS NACIONALES"}]},{"@type":"WebSite","@id":"https:\/\/constantinianorder.com\/#website","url":"https:\/\/constantinianorder.com\/","name":"Sacro Militare Ordine Costantiniano di San Giorgio","description":"Ordine Ufficiale","publisher":{"@id":"https:\/\/constantinianorder.com\/#organization"},"potentialAction":[{"@type":"SearchAction","target":{"@type":"EntryPoint","urlTemplate":"https:\/\/constantinianorder.com\/?s={search_term_string}"},"query-input":{"@type":"PropertyValueSpecification","valueRequired":true,"valueName":"search_term_string"}}],"inLanguage":"es"},{"@type":"Organization","@id":"https:\/\/constantinianorder.com\/#organization","name":"Sacro Militare Ordine Costantiniano di San Giorgio","url":"https:\/\/constantinianorder.com\/","logo":{"@type":"ImageObject","inLanguage":"es","@id":"https:\/\/constantinianorder.com\/#\/schema\/logo\/image\/","url":"https:\/\/constantinianorder.com\/wp-content\/uploads\/2025\/10\/cropped-logo-costantiniano.png","contentUrl":"https:\/\/constantinianorder.com\/wp-content\/uploads\/2025\/10\/cropped-logo-costantiniano.png","width":512,"height":512,"caption":"Sacro Militare Ordine Costantiniano di San Giorgio"},"image":{"@id":"https:\/\/constantinianorder.com\/#\/schema\/logo\/image\/"},"sameAs":["https:\/\/www.facebook.com\/constantinianorder","https:\/\/www.instagram.com\/constantinianorder\/","https:\/\/www.youtube.com\/@granmagisterodelsacromilit9375"]},{"@type":"Person","@id":"https:\/\/constantinianorder.com\/#\/schema\/person\/493f3b1475d575dcddda4ec923772c66","name":"admin","sameAs":["https:\/\/constantinianorder.com"],"url":"https:\/\/constantinianorder.com\/es\/author\/domain_jlukbpo7\/"}]}},"_links":{"self":[{"href":"https:\/\/constantinianorder.com\/es\/wp-json\/wp\/v2\/posts\/62929","targetHints":{"allow":["GET"]}}],"collection":[{"href":"https:\/\/constantinianorder.com\/es\/wp-json\/wp\/v2\/posts"}],"about":[{"href":"https:\/\/constantinianorder.com\/es\/wp-json\/wp\/v2\/types\/post"}],"author":[{"embeddable":true,"href":"https:\/\/constantinianorder.com\/es\/wp-json\/wp\/v2\/users\/1"}],"replies":[{"embeddable":true,"href":"https:\/\/constantinianorder.com\/es\/wp-json\/wp\/v2\/comments?post=62929"}],"version-history":[{"count":1,"href":"https:\/\/constantinianorder.com\/es\/wp-json\/wp\/v2\/posts\/62929\/revisions"}],"predecessor-version":[{"id":88583,"href":"https:\/\/constantinianorder.com\/es\/wp-json\/wp\/v2\/posts\/62929\/revisions\/88583"}],"wp:attachment":[{"href":"https:\/\/constantinianorder.com\/es\/wp-json\/wp\/v2\/media?parent=62929"}],"wp:term":[{"taxonomy":"category","embeddable":true,"href":"https:\/\/constantinianorder.com\/es\/wp-json\/wp\/v2\/categories?post=62929"},{"taxonomy":"post_tag","embeddable":true,"href":"https:\/\/constantinianorder.com\/es\/wp-json\/wp\/v2\/tags?post=62929"}],"curies":[{"name":"wp","href":"https:\/\/api.w.org\/{rel}","templated":true}]}}