{"id":54511,"date":"2020-07-28T12:39:22","date_gmt":"2020-07-28T12:39:22","guid":{"rendered":"https:\/\/constantinianorder.net\/piemonte-e-valle-daosta-cerimonia-dinvestitura-ad-alessandria\/"},"modified":"2025-10-23T12:44:15","modified_gmt":"2025-10-23T12:44:15","slug":"piamonte-y-valle-de-aosta-ceremonia-de-investidura-en-alexandria","status":"publish","type":"post","link":"https:\/\/constantinianorder.com\/es\/piamonte-y-valle-de-aosta-ceremonia-de-investidura-en-alexandria\/","title":{"rendered":"PIAMONTE Y VALLE DE AOSTA: CEREMONIA DE INVESTIDURA EN ALEXANDRIA"},"content":{"rendered":"\n<figure class=\"wp-block-image\"><img decoding=\"async\" src=\"https:\/\/constantinianorder.com\/wp-content\/uploads\/2020\/07\/ALESSANDRIA-1024x697.jpg\" alt=\"\" class=\"wp-image-54504\"\/><\/figure>\n\n\n\n<figure class=\"wp-block-image\"><img decoding=\"async\" src=\"https:\/\/constantinianorder.com\/wp-content\/uploads\/2020\/07\/WhatsApp-Image-2020-07-30-at-11.41.40-1-3-669x1024.jpeg\" alt=\"\" class=\"wp-image-54680\"\/><\/figure>\n\n\n\n<figure class=\"wp-block-image\"><img decoding=\"async\" src=\"https:\/\/constantinianorder.com\/wp-content\/uploads\/2020\/07\/WhatsApp-Image-2020-07-30-at-11.41.40-5-768x1024.jpeg\" alt=\"\" class=\"wp-image-54684\"\/><\/figure>\n\n\n\n<figure class=\"wp-block-image\"><img decoding=\"async\" src=\"https:\/\/constantinianorder.com\/wp-content\/uploads\/2020\/07\/WhatsApp-Image-2020-07-30-at-17.57.35-2-669x1024.jpeg\" alt=\"\" class=\"wp-image-54688\"\/><\/figure>\n\n\n\n<p>La ceremonia de investidura de la delegaci\u00f3n tuvo lugar el s\u00e1bado 25 de julio en la Iglesia <em>Madonna del Carmine<\/em> en Alessandria. La celebraci\u00f3n fue presidida por el Prior de Lombard\u00eda, Padre Arnaldo Morandi. 4 caballeros, 2 caballeros eclesi\u00e1sticos, 10 promotores y 5 condecorados recibieron la investidura. Tambi\u00e9n estuvieron presentes autoridades eclesi\u00e1sticas y civiles, incluido el senador Massimo Berutti. Entre los eclesi\u00e1sticos, el capell\u00e1n de la representaci\u00f3n de Alejandr\u00eda y Asti, Padre Augusto Piccoli, fue nombrado Vice Prior de la delegaci\u00f3n. La representaci\u00f3n de Pav\u00eda tambi\u00e9n estuvo presente. La Sra. Simona Delfino quiso agradecer al Padre Mario Cesario, p\u00e1rroco de la iglesia, quien acept\u00f3 dar la bienvenida a la delegaci\u00f3n. Tambi\u00e9n hubo una donaci\u00f3n de ropa para la Caritas de la ciudad.<\/p>\n","protected":false},"excerpt":{"rendered":"<p>La ceremonia de investidura de la delegaci\u00f3n tuvo lugar el s\u00e1bado 25 de julio en la Iglesia Madonna del Carmine en Alessandria. La celebraci\u00f3n fue presidida por el Prior de Lombard\u00eda, Padre Arnaldo Morandi. 4 caballeros, 2 caballeros eclesi\u00e1sticos, 10 promotores y 5 condecorados recibieron la investidura. Tambi\u00e9n estuvieron presentes autoridades eclesi\u00e1sticas y civiles, incluido [&hellip;]<\/p>\n","protected":false},"author":1,"featured_media":0,"comment_status":"closed","ping_status":"closed","sticky":false,"template":"","format":"standard","meta":{"footnotes":""},"categories":[222],"tags":[],"class_list":["post-54511","post","type-post","status-publish","format-standard","hentry","category-delegacion-de-piamonte-y-valle-de-aosta"],"yoast_head":"<!-- This site is optimized with the Yoast SEO plugin v26.5 - https:\/\/yoast.com\/wordpress\/plugins\/seo\/ -->\n<title>PIAMONTE Y VALLE DE AOSTA: CEREMONIA DE INVESTIDURA EN ALEXANDRIA - Sacro Militare Ordine Costantiniano di San Giorgio<\/title>\n<meta name=\"robots\" content=\"index, follow, max-snippet:-1, max-image-preview:large, max-video-preview:-1\" \/>\n<link rel=\"canonical\" href=\"https:\/\/constantinianorder.com\/piemonte-e-valle-daosta-cerimonia-dinvestitura-ad-alessandria\/\" \/>\n<meta property=\"og:locale\" content=\"es_ES\" \/>\n<meta property=\"og:type\" content=\"article\" \/>\n<meta property=\"og:title\" content=\"PIAMONTE Y VALLE DE AOSTA: CEREMONIA DE INVESTIDURA EN ALEXANDRIA - Sacro Militare Ordine Costantiniano di San Giorgio\" \/>\n<meta property=\"og:description\" content=\"La ceremonia de investidura de la delegaci\u00f3n tuvo lugar el s\u00e1bado 25 de julio en la Iglesia Madonna del Carmine en Alessandria. La celebraci\u00f3n fue presidida por el Prior de Lombard\u00eda, Padre Arnaldo Morandi. 4 caballeros, 2 caballeros eclesi\u00e1sticos, 10 promotores y 5 condecorados recibieron la investidura. Tambi\u00e9n estuvieron presentes autoridades eclesi\u00e1sticas y civiles, incluido [&hellip;]\" \/>\n<meta property=\"og:url\" content=\"https:\/\/constantinianorder.com\/piemonte-e-valle-daosta-cerimonia-dinvestitura-ad-alessandria\/\" \/>\n<meta property=\"og:site_name\" content=\"Sacro Militare Ordine Costantiniano di San Giorgio\" \/>\n<meta property=\"article:publisher\" content=\"https:\/\/www.facebook.com\/constantinianorder\" \/>\n<meta property=\"article:published_time\" content=\"2020-07-28T12:39:22+00:00\" \/>\n<meta property=\"article:modified_time\" content=\"2025-10-23T12:44:15+00:00\" \/>\n<meta property=\"og:image\" content=\"https:\/\/constantinianorder.com\/wp-content\/uploads\/2020\/07\/ALESSANDRIA-1-scaled-1.jpg\" \/>\n\t<meta property=\"og:image:width\" content=\"2560\" \/>\n\t<meta property=\"og:image:height\" content=\"1743\" \/>\n\t<meta property=\"og:image:type\" content=\"image\/jpeg\" \/>\n<meta name=\"author\" content=\"admin\" \/>\n<meta name=\"twitter:card\" content=\"summary_large_image\" \/>\n<meta name=\"twitter:label1\" content=\"Escrito por\" \/>\n\t<meta name=\"twitter:data1\" content=\"admin\" \/>\n\t<meta name=\"twitter:label2\" content=\"Tiempo de lectura\" \/>\n\t<meta name=\"twitter:data2\" content=\"1 minuto\" \/>\n<script type=\"application\/ld+json\" class=\"yoast-schema-graph\">{\"@context\":\"https:\/\/schema.org\",\"@graph\":[{\"@type\":\"Article\",\"@id\":\"https:\/\/constantinianorder.com\/piemonte-e-valle-daosta-cerimonia-dinvestitura-ad-alessandria\/#article\",\"isPartOf\":{\"@id\":\"https:\/\/constantinianorder.com\/piemonte-e-valle-daosta-cerimonia-dinvestitura-ad-alessandria\/\"},\"author\":{\"name\":\"admin\",\"@id\":\"https:\/\/constantinianorder.com\/#\/schema\/person\/493f3b1475d575dcddda4ec923772c66\"},\"headline\":\"PIAMONTE Y VALLE DE AOSTA: CEREMONIA DE INVESTIDURA EN ALEXANDRIA\",\"datePublished\":\"2020-07-28T12:39:22+00:00\",\"dateModified\":\"2025-10-23T12:44:15+00:00\",\"mainEntityOfPage\":{\"@id\":\"https:\/\/constantinianorder.com\/piemonte-e-valle-daosta-cerimonia-dinvestitura-ad-alessandria\/\"},\"wordCount\":146,\"publisher\":{\"@id\":\"https:\/\/constantinianorder.com\/#organization\"},\"image\":{\"@id\":\"https:\/\/constantinianorder.com\/piemonte-e-valle-daosta-cerimonia-dinvestitura-ad-alessandria\/#primaryimage\"},\"thumbnailUrl\":\"https:\/\/constantinianorder.com\/wp-content\/uploads\/2020\/07\/ALESSANDRIA-1024x697.jpg\",\"articleSection\":[\"Delegaci\u00f3n de Piamonte y Valle de Aosta\"],\"inLanguage\":\"es\"},{\"@type\":\"WebPage\",\"@id\":\"https:\/\/constantinianorder.com\/piemonte-e-valle-daosta-cerimonia-dinvestitura-ad-alessandria\/\",\"url\":\"https:\/\/constantinianorder.com\/piemonte-e-valle-daosta-cerimonia-dinvestitura-ad-alessandria\/\",\"name\":\"PIAMONTE Y VALLE DE AOSTA: CEREMONIA DE INVESTIDURA EN ALEXANDRIA - Sacro Militare Ordine Costantiniano di San Giorgio\",\"isPartOf\":{\"@id\":\"https:\/\/constantinianorder.com\/#website\"},\"primaryImageOfPage\":{\"@id\":\"https:\/\/constantinianorder.com\/piemonte-e-valle-daosta-cerimonia-dinvestitura-ad-alessandria\/#primaryimage\"},\"image\":{\"@id\":\"https:\/\/constantinianorder.com\/piemonte-e-valle-daosta-cerimonia-dinvestitura-ad-alessandria\/#primaryimage\"},\"thumbnailUrl\":\"https:\/\/constantinianorder.com\/wp-content\/uploads\/2020\/07\/ALESSANDRIA-1024x697.jpg\",\"datePublished\":\"2020-07-28T12:39:22+00:00\",\"dateModified\":\"2025-10-23T12:44:15+00:00\",\"breadcrumb\":{\"@id\":\"https:\/\/constantinianorder.com\/piemonte-e-valle-daosta-cerimonia-dinvestitura-ad-alessandria\/#breadcrumb\"},\"inLanguage\":\"es\",\"potentialAction\":[{\"@type\":\"ReadAction\",\"target\":[\"https:\/\/constantinianorder.com\/piemonte-e-valle-daosta-cerimonia-dinvestitura-ad-alessandria\/\"]}]},{\"@type\":\"ImageObject\",\"inLanguage\":\"es\",\"@id\":\"https:\/\/constantinianorder.com\/piemonte-e-valle-daosta-cerimonia-dinvestitura-ad-alessandria\/#primaryimage\",\"url\":\"https:\/\/constantinianorder.com\/wp-content\/uploads\/2020\/07\/ALESSANDRIA-1024x697.jpg\",\"contentUrl\":\"https:\/\/constantinianorder.com\/wp-content\/uploads\/2020\/07\/ALESSANDRIA-1024x697.jpg\"},{\"@type\":\"BreadcrumbList\",\"@id\":\"https:\/\/constantinianorder.com\/piemonte-e-valle-daosta-cerimonia-dinvestitura-ad-alessandria\/#breadcrumb\",\"itemListElement\":[{\"@type\":\"ListItem\",\"position\":1,\"name\":\"Home\",\"item\":\"https:\/\/constantinianorder.com\/en\/\"},{\"@type\":\"ListItem\",\"position\":2,\"name\":\"PIAMONTE Y VALLE DE AOSTA: CEREMONIA DE INVESTIDURA EN ALEXANDRIA\"}]},{\"@type\":\"WebSite\",\"@id\":\"https:\/\/constantinianorder.com\/#website\",\"url\":\"https:\/\/constantinianorder.com\/\",\"name\":\"Sacro Militare Ordine Costantiniano di San Giorgio\",\"description\":\"Ordine Ufficiale\",\"publisher\":{\"@id\":\"https:\/\/constantinianorder.com\/#organization\"},\"potentialAction\":[{\"@type\":\"SearchAction\",\"target\":{\"@type\":\"EntryPoint\",\"urlTemplate\":\"https:\/\/constantinianorder.com\/?s={search_term_string}\"},\"query-input\":{\"@type\":\"PropertyValueSpecification\",\"valueRequired\":true,\"valueName\":\"search_term_string\"}}],\"inLanguage\":\"es\"},{\"@type\":\"Organization\",\"@id\":\"https:\/\/constantinianorder.com\/#organization\",\"name\":\"Sacro Militare Ordine Costantiniano di San Giorgio\",\"url\":\"https:\/\/constantinianorder.com\/\",\"logo\":{\"@type\":\"ImageObject\",\"inLanguage\":\"es\",\"@id\":\"https:\/\/constantinianorder.com\/#\/schema\/logo\/image\/\",\"url\":\"https:\/\/constantinianorder.com\/wp-content\/uploads\/2025\/10\/cropped-logo-costantiniano.png\",\"contentUrl\":\"https:\/\/constantinianorder.com\/wp-content\/uploads\/2025\/10\/cropped-logo-costantiniano.png\",\"width\":512,\"height\":512,\"caption\":\"Sacro Militare Ordine Costantiniano di San Giorgio\"},\"image\":{\"@id\":\"https:\/\/constantinianorder.com\/#\/schema\/logo\/image\/\"},\"sameAs\":[\"https:\/\/www.facebook.com\/constantinianorder\",\"https:\/\/www.instagram.com\/constantinianorder\/\",\"https:\/\/www.youtube.com\/@granmagisterodelsacromilit9375\"]},{\"@type\":\"Person\",\"@id\":\"https:\/\/constantinianorder.com\/#\/schema\/person\/493f3b1475d575dcddda4ec923772c66\",\"name\":\"admin\",\"sameAs\":[\"https:\/\/constantinianorder.com\"],\"url\":\"https:\/\/constantinianorder.com\/es\/author\/domain_jlukbpo7\/\"}]}<\/script>\n<!-- \/ Yoast SEO plugin. -->","yoast_head_json":{"title":"PIAMONTE Y VALLE DE AOSTA: CEREMONIA DE INVESTIDURA EN ALEXANDRIA - Sacro Militare Ordine Costantiniano di San Giorgio","robots":{"index":"index","follow":"follow","max-snippet":"max-snippet:-1","max-image-preview":"max-image-preview:large","max-video-preview":"max-video-preview:-1"},"canonical":"https:\/\/constantinianorder.com\/piemonte-e-valle-daosta-cerimonia-dinvestitura-ad-alessandria\/","og_locale":"es_ES","og_type":"article","og_title":"PIAMONTE Y VALLE DE AOSTA: CEREMONIA DE INVESTIDURA EN ALEXANDRIA - Sacro Militare Ordine Costantiniano di San Giorgio","og_description":"La ceremonia de investidura de la delegaci\u00f3n tuvo lugar el s\u00e1bado 25 de julio en la Iglesia Madonna del Carmine en Alessandria. La celebraci\u00f3n fue presidida por el Prior de Lombard\u00eda, Padre Arnaldo Morandi. 4 caballeros, 2 caballeros eclesi\u00e1sticos, 10 promotores y 5 condecorados recibieron la investidura. Tambi\u00e9n estuvieron presentes autoridades eclesi\u00e1sticas y civiles, incluido [&hellip;]","og_url":"https:\/\/constantinianorder.com\/piemonte-e-valle-daosta-cerimonia-dinvestitura-ad-alessandria\/","og_site_name":"Sacro Militare Ordine Costantiniano di San Giorgio","article_publisher":"https:\/\/www.facebook.com\/constantinianorder","article_published_time":"2020-07-28T12:39:22+00:00","article_modified_time":"2025-10-23T12:44:15+00:00","og_image":[{"width":2560,"height":1743,"url":"https:\/\/constantinianorder.com\/wp-content\/uploads\/2020\/07\/ALESSANDRIA-1-scaled-1.jpg","type":"image\/jpeg"}],"author":"admin","twitter_card":"summary_large_image","twitter_misc":{"Escrito por":"admin","Tiempo de lectura":"1 minuto"},"schema":{"@context":"https:\/\/schema.org","@graph":[{"@type":"Article","@id":"https:\/\/constantinianorder.com\/piemonte-e-valle-daosta-cerimonia-dinvestitura-ad-alessandria\/#article","isPartOf":{"@id":"https:\/\/constantinianorder.com\/piemonte-e-valle-daosta-cerimonia-dinvestitura-ad-alessandria\/"},"author":{"name":"admin","@id":"https:\/\/constantinianorder.com\/#\/schema\/person\/493f3b1475d575dcddda4ec923772c66"},"headline":"PIAMONTE Y VALLE DE AOSTA: CEREMONIA DE INVESTIDURA EN ALEXANDRIA","datePublished":"2020-07-28T12:39:22+00:00","dateModified":"2025-10-23T12:44:15+00:00","mainEntityOfPage":{"@id":"https:\/\/constantinianorder.com\/piemonte-e-valle-daosta-cerimonia-dinvestitura-ad-alessandria\/"},"wordCount":146,"publisher":{"@id":"https:\/\/constantinianorder.com\/#organization"},"image":{"@id":"https:\/\/constantinianorder.com\/piemonte-e-valle-daosta-cerimonia-dinvestitura-ad-alessandria\/#primaryimage"},"thumbnailUrl":"https:\/\/constantinianorder.com\/wp-content\/uploads\/2020\/07\/ALESSANDRIA-1024x697.jpg","articleSection":["Delegaci\u00f3n de Piamonte y Valle de Aosta"],"inLanguage":"es"},{"@type":"WebPage","@id":"https:\/\/constantinianorder.com\/piemonte-e-valle-daosta-cerimonia-dinvestitura-ad-alessandria\/","url":"https:\/\/constantinianorder.com\/piemonte-e-valle-daosta-cerimonia-dinvestitura-ad-alessandria\/","name":"PIAMONTE Y VALLE DE AOSTA: CEREMONIA DE INVESTIDURA EN ALEXANDRIA - Sacro Militare Ordine Costantiniano di San Giorgio","isPartOf":{"@id":"https:\/\/constantinianorder.com\/#website"},"primaryImageOfPage":{"@id":"https:\/\/constantinianorder.com\/piemonte-e-valle-daosta-cerimonia-dinvestitura-ad-alessandria\/#primaryimage"},"image":{"@id":"https:\/\/constantinianorder.com\/piemonte-e-valle-daosta-cerimonia-dinvestitura-ad-alessandria\/#primaryimage"},"thumbnailUrl":"https:\/\/constantinianorder.com\/wp-content\/uploads\/2020\/07\/ALESSANDRIA-1024x697.jpg","datePublished":"2020-07-28T12:39:22+00:00","dateModified":"2025-10-23T12:44:15+00:00","breadcrumb":{"@id":"https:\/\/constantinianorder.com\/piemonte-e-valle-daosta-cerimonia-dinvestitura-ad-alessandria\/#breadcrumb"},"inLanguage":"es","potentialAction":[{"@type":"ReadAction","target":["https:\/\/constantinianorder.com\/piemonte-e-valle-daosta-cerimonia-dinvestitura-ad-alessandria\/"]}]},{"@type":"ImageObject","inLanguage":"es","@id":"https:\/\/constantinianorder.com\/piemonte-e-valle-daosta-cerimonia-dinvestitura-ad-alessandria\/#primaryimage","url":"https:\/\/constantinianorder.com\/wp-content\/uploads\/2020\/07\/ALESSANDRIA-1024x697.jpg","contentUrl":"https:\/\/constantinianorder.com\/wp-content\/uploads\/2020\/07\/ALESSANDRIA-1024x697.jpg"},{"@type":"BreadcrumbList","@id":"https:\/\/constantinianorder.com\/piemonte-e-valle-daosta-cerimonia-dinvestitura-ad-alessandria\/#breadcrumb","itemListElement":[{"@type":"ListItem","position":1,"name":"Home","item":"https:\/\/constantinianorder.com\/en\/"},{"@type":"ListItem","position":2,"name":"PIAMONTE Y VALLE DE AOSTA: CEREMONIA DE INVESTIDURA EN ALEXANDRIA"}]},{"@type":"WebSite","@id":"https:\/\/constantinianorder.com\/#website","url":"https:\/\/constantinianorder.com\/","name":"Sacro Militare Ordine Costantiniano di San Giorgio","description":"Ordine Ufficiale","publisher":{"@id":"https:\/\/constantinianorder.com\/#organization"},"potentialAction":[{"@type":"SearchAction","target":{"@type":"EntryPoint","urlTemplate":"https:\/\/constantinianorder.com\/?s={search_term_string}"},"query-input":{"@type":"PropertyValueSpecification","valueRequired":true,"valueName":"search_term_string"}}],"inLanguage":"es"},{"@type":"Organization","@id":"https:\/\/constantinianorder.com\/#organization","name":"Sacro Militare Ordine Costantiniano di San Giorgio","url":"https:\/\/constantinianorder.com\/","logo":{"@type":"ImageObject","inLanguage":"es","@id":"https:\/\/constantinianorder.com\/#\/schema\/logo\/image\/","url":"https:\/\/constantinianorder.com\/wp-content\/uploads\/2025\/10\/cropped-logo-costantiniano.png","contentUrl":"https:\/\/constantinianorder.com\/wp-content\/uploads\/2025\/10\/cropped-logo-costantiniano.png","width":512,"height":512,"caption":"Sacro Militare Ordine Costantiniano di San Giorgio"},"image":{"@id":"https:\/\/constantinianorder.com\/#\/schema\/logo\/image\/"},"sameAs":["https:\/\/www.facebook.com\/constantinianorder","https:\/\/www.instagram.com\/constantinianorder\/","https:\/\/www.youtube.com\/@granmagisterodelsacromilit9375"]},{"@type":"Person","@id":"https:\/\/constantinianorder.com\/#\/schema\/person\/493f3b1475d575dcddda4ec923772c66","name":"admin","sameAs":["https:\/\/constantinianorder.com"],"url":"https:\/\/constantinianorder.com\/es\/author\/domain_jlukbpo7\/"}]}},"_links":{"self":[{"href":"https:\/\/constantinianorder.com\/es\/wp-json\/wp\/v2\/posts\/54511","targetHints":{"allow":["GET"]}}],"collection":[{"href":"https:\/\/constantinianorder.com\/es\/wp-json\/wp\/v2\/posts"}],"about":[{"href":"https:\/\/constantinianorder.com\/es\/wp-json\/wp\/v2\/types\/post"}],"author":[{"embeddable":true,"href":"https:\/\/constantinianorder.com\/es\/wp-json\/wp\/v2\/users\/1"}],"replies":[{"embeddable":true,"href":"https:\/\/constantinianorder.com\/es\/wp-json\/wp\/v2\/comments?post=54511"}],"version-history":[{"count":1,"href":"https:\/\/constantinianorder.com\/es\/wp-json\/wp\/v2\/posts\/54511\/revisions"}],"predecessor-version":[{"id":93688,"href":"https:\/\/constantinianorder.com\/es\/wp-json\/wp\/v2\/posts\/54511\/revisions\/93688"}],"wp:attachment":[{"href":"https:\/\/constantinianorder.com\/es\/wp-json\/wp\/v2\/media?parent=54511"}],"wp:term":[{"taxonomy":"category","embeddable":true,"href":"https:\/\/constantinianorder.com\/es\/wp-json\/wp\/v2\/categories?post=54511"},{"taxonomy":"post_tag","embeddable":true,"href":"https:\/\/constantinianorder.com\/es\/wp-json\/wp\/v2\/tags?post=54511"}],"curies":[{"name":"wp","href":"https:\/\/api.w.org\/{rel}","templated":true}]}}